{"id":1173,"date":"2024-08-15T12:41:59","date_gmt":"2024-08-15T10:41:59","guid":{"rendered":"https:\/\/editionsbussiere.com\/blog\/reine-elevee-au-ciel-priez-pour-nous-catholic-world-report-avec-une-supplication-matinale\/"},"modified":"2024-08-15T12:41:59","modified_gmt":"2024-08-15T10:41:59","slug":"reine-elevee-au-ciel-priez-pour-nous-catholic-world-report-avec-une-supplication-matinale","status":"publish","type":"post","link":"https:\/\/editionsbussiere.com\/blog\/reine-elevee-au-ciel-priez-pour-nous-catholic-world-report-avec-une-supplication-matinale\/","title":{"rendered":"\u00ab Reine \u00e9lev\u00e9e au ciel, priez pour nous. \u00bb \u2013 Catholic World Report\n avec une supplication matinale."},"content":{"rendered":"<div><img width=\"580\" height=\"324\" src=\"https:\/\/editionsbussiere.com\/blog\/wp-content\/uploads\/2024\/08\/Reine-elevee-au-ciel-priez-pour-nous-E28093.jpg\" class=\"attachment-large size-large wp-post-image\" alt=\"\u00ab Reine \u00e9lev\u00e9e au ciel, priez pour nous. \u00bb \u2013\" style=\"float:left; margin:0 15px 15px 0;\" decoding=\"async\" srcset=\"https:\/\/editionsbussiere.com\/blog\/wp-content\/uploads\/2024\/08\/Reine-elevee-au-ciel-priez-pour-nous-E28093.jpg 680w, https:\/\/www.n42.fr\/wp-content\/uploads\/2024\/08\/Reine-elevee-au-ciel-priez-pour-nous-\u2013-300x168.jpg 300w\" sizes=\"(max-width: 580px) 100vw, 580px\"><\/p>\n<p>\n<\/p>\n<div>\n<figure class=\"entry-thumbnail\">\n<img decoding=\"async\" src=\"https:\/\/editionsbussiere.com\/blog\/wp-content\/uploads\/2024\/08\/immaculateconception_lh-678x380-1.jpg\" alt=\"\" title=\"immaculateconception_lh\"><figcaption class=\"wp-caption-text\">D\u00e9tail de \u00ab L\u2019Immacul\u00e9e Conception \u00bb (1767-69) de Giovanni Battista Tiepolo, au Mus\u00e9e du Prado, Espagne. (Wikipedia)<\/figcaption><\/figure>\n<p>\u00ab Par l\u2019autorit\u00e9 de Notre Seigneur J\u00e9sus-Christ, des bienheureux ap\u00f4tres Pierre et Paul, et par notre propre autorit\u00e9, nous pronon\u00e7ons, d\u00e9clarons et d\u00e9finissons comme un dogme divinement r\u00e9v\u00e9l\u00e9 : que l\u2019Immacul\u00e9e M\u00e8re de Dieu, la toujours Vierge Marie, ayant achev\u00e9 le cours de sa vie terrestre, a \u00e9t\u00e9 \u00e9lev\u00e9e corps et \u00e2me dans la gloire c\u00e9leste. \u00bb<\/p>\n<p>C\u2019est par ces mots retentissants que, il y a pr\u00e8s de 74 ans, le pape Pie XII d\u00e9finissait infailliblement comme une question de foi l\u2019\u00e9v\u00e9nement que nous c\u00e9l\u00e9brons chaque 15 ao\u00fbt comme la f\u00eate de l\u2019Assomption de Marie.<\/p>\n<p>Le Cat\u00e9chisme de l\u2019\u00c9glise catholique la salue comme \u00ab une participation singuli\u00e8re \u00e0 la R\u00e9surrection de son Fils et une anticipation de la r\u00e9surrection des autres chr\u00e9tiens \u00bb (CEC 966).<\/p>\n<p>L\u2019action du pape Pie XII, le 1er novembre 1950, fut l\u2019un des \u00e9v\u00e9nements majeurs de l\u2019ann\u00e9e jubilaire qui avait commenc\u00e9 le No\u00ebl pr\u00e9c\u00e9dent et devait bient\u00f4t se terminer \u00e0 No\u00ebl 1950. Survenant seulement cinq ans apr\u00e8s la fin de la Seconde Guerre mondiale, le Jubil\u00e9 marquait la sortie du Saint-Si\u00e8ge des ann\u00e9es sombres de la guerre.<\/p>\n<p>Dans le document accompagnant la d\u00e9finition formelle de l\u2019Assomption \u2013 une constitution apostolique appel\u00e9e <i>Dieu munificentissime<\/i> (Dieu le plus g\u00e9n\u00e9reux) \u2014 Pie XII rappelle qu\u2019avant d\u2019agir, il a consult\u00e9 tous les \u00e9v\u00eaques du monde et que presque tous ont soutenu l\u2019id\u00e9e d\u2019une d\u00e9finition doctrinale. Le document lui-m\u00eame consacre plusieurs pages aux P\u00e8res et aux Docteurs de l\u2019\u00c9glise, aux papes pr\u00e9c\u00e9dents et aux th\u00e9ologiens \u00e9minents qui, au cours des si\u00e8cles, ont d\u00e9clar\u00e9 leur propre foi en l\u2019Assomption.<\/p>\n<p>Notons au passage qu\u2019en affirmant que l\u2019Assomption a eu lieu apr\u00e8s que Marie \u00ab ait achev\u00e9 le cours de sa vie terrestre \u00bb, la formule du dogme \u00e9vite soigneusement d\u2019exprimer un jugement sur une question controvers\u00e9e : Marie est-elle morte ? Bien que l\u2019on pense g\u00e9n\u00e9ralement qu\u2019elle l\u2019a fait, certains croient \u2013 \u200b\u200bet sont libres de croire \u2013 qu\u2019au lieu de mourir, elle est d\u00e9c\u00e9d\u00e9e en faisant l\u2019exp\u00e9rience de quelque chose comme s\u2019endormir (le mot \u00ab dormition \u00bb est utilis\u00e9 pour exprimer cela).<\/p>\n<p>L\u2019argument est que la mort est une punition pour le p\u00e9ch\u00e9 originel, et le dogme de l\u2019Immacul\u00e9e Conception de Marie, sa lib\u00e9ration du p\u00e9ch\u00e9 originel, d\u00e9fini comme dogme par le pape Pie IX en 1854, m\u00e8ne \u00e0 la conclusion qu\u2019elle n\u2019aurait pas subi la punition pour le p\u00e9ch\u00e9 originel, \u00e0 savoir la mort. Mais vous \u00eates libre de croire soit qu\u2019elle n\u2019est pas morte, soit qu\u2019elle l\u2019a fait.<\/p>\n<p>Dans son document, le pape Pie XII fait \u00e9galement une remarque qui est encore plus d\u2019actualit\u00e9 aujourd\u2019hui qu\u2019\u00e0 l\u2019\u00e9poque. Citant Marie comme exemple de \u00ab la valeur d\u2019une vie humaine enti\u00e8rement consacr\u00e9e \u00e0 l\u2019accomplissement de la volont\u00e9 du P\u00e8re c\u00e9leste et au bien des autres \u00bb, il ajoute ceci :<\/p>\n<blockquote>\n<p>Ainsi, tandis que les enseignements illusoires du mat\u00e9rialisme et la corruption des m\u0153urs qui en d\u00e9coule menacent d\u2019\u00e9teindre la lumi\u00e8re de la vertu et de ruiner la vie des hommes, de cette magnifique mani\u00e8re, tous peuvent voir clairement \u00e0 quel noble but nos corps et nos \u00e2mes sont destin\u00e9s.<\/p>\n<\/blockquote>\n<p>Et maintenant ? Nous vivons dans une culture la\u00efque profond\u00e9ment corrompue par les p\u00e9ch\u00e9s de la chair et activement engag\u00e9e dans la promotion de ses valeurs mal\u00e9fiques aupr\u00e8s des enfants et des jeunes.<\/p>\n<p>Les r\u00e9sultats sont visibles dans des domaines tels que la d\u00e9gradation du mariage et de la vie de famille et la propagation de l\u2019inf\u00e9condit\u00e9 d\u00e9lib\u00e9r\u00e9e. Selon les Centers for Disease Control, une \u00e9tude de 2021 a r\u00e9v\u00e9l\u00e9 que 20,7 % des lyc\u00e9ens am\u00e9ricains \u00e9taient sexuellement actifs \u00e0 cette \u00e9poque. Sans rapport (peut-\u00eatre), les naissances hors mariage sont pass\u00e9es de 399 000 en 1970 \u00e0 1 464 000 en 2021.<\/p>\n<p>Les litanies de la Sainte Vierge demandent \u00e0 Marie : \u00ab Reine \u00e9lev\u00e9e au ciel, priez pour nous. \u00bb Amen.<\/p>\n<div class=\"post-donation-box\">\n<hr>\n<p>Si vous appr\u00e9ciez les informations et les points de vue fournis par Catholic World Report, pensez \u00e0 faire un don pour soutenir nos efforts. Votre contribution nous aidera \u00e0 continuer \u00e0 mettre CWR \u00e0 la disposition de tous les lecteurs du monde entier, gratuitement, sans abonnement. Merci pour votre g\u00e9n\u00e9rosit\u00e9 !<\/p>\n<p>Cliquez ici pour plus d\u2019informations sur les dons au CWR. Cliquez ici pour vous inscrire \u00e0 notre newsletter.<\/p>\n<hr style=\"margin-bottom: 25px;\">\n      <\/div>\n<\/div>\n<p><script>\n!function(f,b,e,v,n,t,s)\nif(f.fbq)return;n=f.fbq=function()n.callMethod?\nn.callMethod.apply(n,arguments):n.queue.push(arguments);\nif(!f._fbq)f._fbq=n;n.push=n;n.loaded=!0;n.version='2.0';\nn.queue=[];t=b.createElement(e);t.async=!0;\nt.src=v;s=b.getElementsByTagName(e)[0];\ns.parentNode.insertBefore(t,s)(window, document,'script',\n'\nfbq('init', '860643031454650');\nfbq('track', 'PageView');\n<\/script><script>\n\t\t\t\t(function(d, s, id)\n\t\t\t\t\tvar js, fjs = d.getElementsByTagName(s)[0];\n\t\t\t\t\tif (d.getElementById(id)) return;\n\t\t\t\t\tjs = d.createElement(s); js.id = id;\n\t\t\t\t\tjs.src = \"\/\/connect.facebook.net\/en_US\/sdk.js#xfbml=1&version=v2.6\";\n\t\t\t\t\tfjs.parentNode.insertBefore(js, fjs);\n\t\t\t\t(document, 'script', 'facebook-jssdk'));\n\t\t\t<\/script><\/p>\n<h2> \u00c9lever nos propres et les pri\u00e8res pour nos amis au Seigneur matinale.<\/h2>\n<p>Cette finale \u00e9tape de la pri\u00e8re du matin consiste \u00e0 prier pour nos proches amis, nos famille, nos compagnons et notre propre communaut\u00e9. Nous pouvons prier pour leur propre, leur sant\u00e9, leur protection, et leur abondance. Nous pouvons \u00e9galement prier pour nos ennemis et pour ceux qui nous ont l\u00e9s\u00e9s, et demander \u00e0 Dieu de nous aider \u00e0 leur propre pardonner et \u00e0 leur montrer la compassion.<\/p>\n<h3> Implorer pour la vigueur et la s\u00fbret\u00e9 de nos proches.<\/h3>\n<p>Seigneur, nous te confions nos amis, notre familles ainsi que nos connaissances. Veille, cher Dieu, au-dessus de eux, avec sauvegarde -les de tout risque et de toute affliction. Donne, Dieu mis\u00e9ricordieux, une bien-\u00eatre du corps ainsi que de l\u2019esprit \u00e0 eux, ainsi que la paix dans leur c\u0153ur. Puissante soit la volont\u00e9 pour que ta b\u00e9n\u00e9diction puissante les veille et les personnes dirige chacun au long de cette journ\u00e9e, pour qu\u2019il puissent jouissent dans une protection ainsi que la qui\u00e9tude.<\/p>\n<p>Nous tous \u00e0 toi prions aussi pour nos enfants, Seigneur tout-puissant, pour qu\u2019ils grandissent dans leur foi et dans l\u2019amour de ton saint nom. Offre, cher Dieu, la sagesse et la vigueur n\u00e9cessaires en vue de surmonter les d\u00e9fis de la vie, ainsi que dirige leurs pas sur le chemin de la v\u00e9rit\u00e9 ainsi que de la justice.<\/p>\n<p>Enfin, nous autres te prions \u00e0 nos amis ainsi que nos voisins, Seigneur, qu\u2019ils connaissent la joie de ton amour ainsi que la paix de ton pardon. Accorde-leur, \u00d4 Dieu, de c\u0153urs bienveillants en vue de partager avec ceux qui sont dans le besoin, et bras accueillantes en vue de accueillir ceux qui sont seuls et aussi abandonn\u00e9s.<\/p>\n<h3> Prier pour les n\u00f4tres ennemis ainsi que ceux que nous autres ont offens\u00e9s. <\/h3>\n<p>Seigneur, J\u00e9sus, nous te prions pour notre ennemis ainsi que pour ceux qui sont nous ont offens\u00e9s. Accorde-leur, \u00f4 J\u00e9sus, ta mis\u00e9ricorde et ton pardon, et ouvre leur c\u0153ur \u00e0 la lumi\u00e8re des ta v\u00e9rit\u00e9. Aide-nous, \u00d4 Seigneur, \u00e0 leur montrer de la compassion et \u00e0 leur pardonner comme tu nous as pardonn\u00e9. Que ta paix r\u00e8gne dans notre c\u0153urs ainsi que que votre amour guide notre actions, pour que nous puissions vivre en harmonie avec tous ceux qui sont nous entourent.<\/p>\n<h3> Comprendre l\u2019 pri\u00e8re : <\/h3>\n<p>Finalement, la pri\u00e8re nous souviens notre mission tel que enfant de l\u2019\u00c9ternel : se trouver des observateurs de sa lumi\u00e8re et de ses amour dans l\u2019 \u00e8re touch\u00e9e aux obscurit\u00e9s. \u00c0 travers notre mots et notre actes, nous diffusons la bonne nouvelle de la paix et de la r\u00e9conciliation, amenant l\u2019attente et la r\u00e9paration \u00e0 un contexte bris\u00e9.<\/p>\n<p>Dans la foi chr\u00e9tienne, le aube porte l\u2019 signification distincte, illustrant le renouveau et la renaissance int\u00e9rieure. C\u2019est au d\u00e9but de chaque jour que le c\u0153ur se dirige vers le Seigneur dans la pri\u00e8re, s\u2019effor\u00e7ant \u00e0 se trouver \u00e9clair\u00e9e par la clart\u00e9 surnaturelle. L\u2019habitude des pri\u00e8res matinales s\u2019av\u00e8re profond\u00e9ment enracin\u00e9e dans la tradition chr\u00e9tienne, fournissant un instant particulier pour \u00e9tablir une connexion avec Dieu et se pr\u00e9parer mentalement aux d\u00e9fis de la journ\u00e9e \u00e0 venir.<\/p>\n<p>En l\u2019int\u00e9rieur au sein de ces pri\u00e8re matinales s\u2019 trouve r\u00e9guli\u00e8rement une d\u00e9votion distincte \u00e0 l\u2019\u00e9gard de Marie, la m\u00e8re de J\u00e9sus et ic\u00f4ne sainte v\u00e9n\u00e9r\u00e9e par un grand nombre fid\u00e8les. En qualit\u00e9 m\u00e8re interm\u00e9diaire entre les hommes et Dieu, Marie reste sollicit\u00e9e pour m\u00e9dier pour nous, nous conduisant sur le chemin de la saintet\u00e9 ainsi que ainsi que la gr\u00e2ce divine. Sa apparition maternelle fournit apaisement et protection, cercant nos pri\u00e8re matinales d\u2019une d\u00e9licatesse c\u00e9leste.<\/p>\n<p>En travers l\u2019 oraisons du matin, on est convives pour nous rallier vers Marie dans une initiative pour b\u00e9atification personnelle. En m\u00e9ditant au sujet de la vie et ses vertus, on cherchons pour imiter son humilit\u00e9, sa puret\u00e9 et son ob\u00e9issance \u00e0 l\u2019 volont\u00e9 de Dieu. Par le biais de sa saintet\u00e9 mod\u00e8le, Marie se transforme en en nous un mod\u00e8le de vie chr\u00e9tienne, nous rem\u00e9morant l\u2019importance du pri\u00e8re et de la contemplation dans notre cheminement spirituel.<\/p>\n<p>Joignons nos c\u0153urs dans la pri\u00e8re du matin, dans notre esp\u00e9rance, en Marie, la m\u00e8re de notre Seigneur J\u00e9sus-Christ. Dans notre monde tourment\u00e9 par les conflits et la discorde, recourons \u00e0 la pri\u00e8re pour trouver pour trouver la s\u00e9r\u00e9nit\u00e9 et la r\u00e9conciliation. Il est possible exprimer une pri\u00e8re pour Marie <a target=\"_blank\" rel=\"nofollow\" href=\"https:\/\/editionsbussiere.com\/blog\/goto\/https:\/\/www.avemariasound.org\/\" >par internet.<\/a> Que nos supplications s\u2019\u00e9l\u00e8vent vers le ciel, comme un hommage agr\u00e9able \u00e0 Dieu, pour qu\u2019il puisse nous guider nos pas vers la voie de la justice et de la v\u00e9rit\u00e9. Saint Paul nous dans ses \u00e9p\u00eetres \u00e0 prier sans cesse, en toutes circonstances, pour que notre communion \u00e0 Dieu reste constante et ardente. La pri\u00e8re, quand elle est sinc\u00e8rement offerte, a la capacit\u00e9 de transformer nos c\u0153urs et d\u2019influer le destin de l\u2019histoire.<\/p>\n<p>La oraison du matin est ainsi un moment favoris\u00e9 pour nous consacrer \u00e0 Dieu avec l\u2019intercession de Marie, en lui pr\u00e9sentant nos adorations, nos reconnaissances et nos intentions les plus profondes. \u00c0 travers la qui\u00e9tude de l\u2019aurore, on est invit\u00e9s \u00e0 tourner vers cette maman sainte, laquelle nous guide avec affection sur du chemin de la foi et du sentiment amoureux divin. En unissant nos voix pour celle du Marie, nous \u00e9levons notre pri\u00e8res matinales \u00e0 le tr\u00f4ne de la gr\u00e2ce, assur\u00e9s que nos supplications seront entendues et accueillies par du c\u0153ur mis\u00e9ricordieux de Dieu.<\/p>\n<h2> Pri\u00e8re envers le matin avec dieu et la Vierge Marie<\/h2>\n<p>Seigneur tout-puissant et mis\u00e9ricordieux, en ce nouveau jour qui commence sous la clart\u00e9 de ta lumi\u00e8re c\u00e9leste, je viens \u00e0 toi avec foi et modestie. Que cette jour qui commence soit consacr\u00e9e \u00e0 ta saintet\u00e9, que chaque battement de mon c\u0153ur |chaque regard de mes yeux|chacune de mes paroles|chacun de mes gestes} te soit offert en sacrifice. Que chaque respiration qui anime mon \u00eatre soit un souffle de pri\u00e8re |un souffle vers toi|un souffle de vie en toi}. Suppliez, priez, que nos c\u0153urs implorent, que nos \u00e2mes se confient, priez.<\/p>\n<p>Tel Marie, la m\u00e8re bienheureuse qui a port\u00e9 en son sein l\u2019enfant J\u00e9sus, conduis-moi dans ce parcours de foi et de d\u00e9votion. Que je puisse, par le biais de les pages de l\u2019\u00c9vangile, trouver la clart\u00e9 pour \u00e9clairer mes pas et fortifier ma foi. Comme Pierre, octroie-moi la force et l\u2019audace de surmonter les \u00e9preuves de ce monde avec une confiance absolue en ta providence.<\/p>\n<p>Dans ce temps de Car\u00eame, o\u00f9 les chr\u00e9tiens et les fid\u00e8les se pr\u00e9parent \u00e0 honorer la r\u00e9surrection de J\u00e9sus-Christ, donne-moi, Seigneur, la gr\u00e2ce du r\u00e9veil spirituel. Que mon esprit soit purifi\u00e9 de toute impuret\u00e9, afin qu\u2019il devienne un lieu sacr\u00e9 o\u00f9 tu r\u00e9sides. Que mes pri\u00e8res, \u00e0 l\u2019image de Fran\u00e7ois d\u2019Assise, sonne tel un hymne de louange \u00e0 travers les si\u00e8cles.<br \/>\nSeigneur, que chaque jour soit impr\u00e9gn\u00e9 de ta gr\u00e2ce, que chaque instant soit une occasion de te rencontrer et de te servir dans mes fr\u00e8res et s\u0153urs. Que mon existence soit un t\u00e9moignage vivant de ta mis\u00e9ricorde sans limite envers l\u2019humanit\u00e9. Puissent les supplications de Hozana monter vers toi comme un doux parfum, enveloppant toute ma journ\u00e9e dans une atmosph\u00e8re de s\u00e9r\u00e9nit\u00e9. Priez, \u00c9glise, Fran\u00e7ois, Hozana.<\/p>\n<p>Puissent mon c\u0153ur, Seigneur, devienne une r\u00e9plique du tien, rempli d\u2019amour, de compassion et de mis\u00e9ricorde envers autrui. Que chacune de mes pens\u00e9es et de mes actions soit dirig\u00e9e par ton Esprit saint, afin que je puisse contribuer \u00e0 l\u2019av\u00e8nement de ton r\u00e8gne de justice sur ce monde.<\/p>\n<p>Puissent cette journ\u00e9e devienne une nouvelle \u00e9tape dans mon cheminement spirituel, un moment de grandir dans la foi. Seigneur, poss\u00e8de mon c\u0153ur, transforme-le en ton sanctuaire, o\u00f9 ta pr\u00e9sence se manifeste \u00e0 chaque instant. Que chaque battement de mon c\u0153ur devienne un chant \u00e0 ta louange, Seigneur, pour toujours. Amen.<\/p>\n<p>Pendant le r\u00e9veil spirituel religieux de tout \u00e2me chr\u00e9tienne, la pri\u00e8re a un r\u00f4le. C\u2019est le lien sacr\u00e9 intime entre le fid\u00e8le de l\u2019\u00c9ternel et sa m\u00e8re c\u00e9leste, la Sainte M\u00e8re, laquelle interc\u00e8de en faveur de nous aupr\u00e8s de son c\u00e9leste Fils. En utilisant la supplication, les croyants p\u00e9n\u00e9trons dans la lumi\u00e8re de l\u2019\u00c9vangile, guid\u00e9s avec le Saint-Esprit, afin de trouver la v\u00e9rit\u00e9 et la faveur que J\u00e9sus nous dispense.<\/p>\n<h2>M\u00e9ditation en ce qui concerne la divine Parole du Seigneur : <\/h2>\n<p>Nous pouvons contempler en ce qui concerne un passage de la Bible dont nous \u00e9voque de l\u2019amour de Dieu. \u00c0 titre illustratif :<\/p>\n<h3>1 Corinthiens 13, 1-8 : <\/h3>\n<p>\u00ab\u00a0Et quand je distribuerais tous mes biens pour la nourriture des pauvres, quand je livrerais m\u00eame mon corps pour \u00eatre br\u00fbl\u00e9, si je n\u2019ai pas l\u2019amour, cela ne me sert \u00e0 rien..\u00a0\u00bb<\/p>\n<p>Bibliographie :<\/p>\n<p>Voyage sentimental\/53.,<a target=\"_blank\" rel=\"nofollow\" href=\"https:\/\/editionsbussiere.com\/blog\/goto\/https:\/\/fr.wikisource.org\/wiki\/Voyage_sentimental\/53\"  target=\"_blank\" rel=\"noopener noreferrer nofollow\">L\u2019article ICI.<\/a><span><\/span><\/p>\n<p>Marie (Auguste Brizeux)\/Marie, IX.,<a target=\"_blank\" rel=\"nofollow\" href=\"https:\/\/editionsbussiere.com\/blog\/goto\/https:\/\/fr.wikisource.org\/wiki\/Marie_(Auguste_Brizeux)\/Marie,_IX\"  target=\"_blank\" rel=\"noopener noreferrer nofollow\">A lire ici.<\/a><span><\/span>. Suite sur le prochain article.<\/p>\n<p>Les Contes de Canterbury\/Conte de la seconde nonne.,<a target=\"_blank\" rel=\"nofollow\" href=\"https:\/\/editionsbussiere.com\/blog\/goto\/https:\/\/fr.wikisource.org\/wiki\/Les_Contes_de_Canterbury\/Conte_de_la_seconde_nonne\"  target=\"_blank\" rel=\"noopener noreferrer nofollow\">Le post d\u2019actualit\u00e9.<\/a><span><\/span><\/p>\n<p>Le Folklore wallon (Monseur)\/09.,<a target=\"_blank\" rel=\"nofollow\" href=\"https:\/\/editionsbussiere.com\/blog\/goto\/https:\/\/fr.wikisource.org\/wiki\/Le_Folklore_wallon_(Monseur)\/09\"  target=\"_blank\" rel=\"noopener noreferrer nofollow\">L\u2019article de presse.<\/a><span><\/span><\/p>\n<p>L\u2019Antoniade\/Le Nid d\u2019aigle.,<a target=\"_blank\" rel=\"nofollow\" href=\"https:\/\/editionsbussiere.com\/blog\/goto\/https:\/\/fr.wikisource.org\/wiki\/L%E2%80%99Antoniade\/Le_Nid_d%E2%80%99aigle\"  target=\"_blank\" rel=\"noopener noreferrer nofollow\">L\u2019article de presse.<\/a><span><\/span><\/p>\n<p>Dictionnaire de th\u00e9ologie catholique\/PRI\u00c8RE .VII. Que peut-on demander et pour qui ?.,<a target=\"_blank\" rel=\"nofollow\" href=\"https:\/\/editionsbussiere.com\/blog\/goto\/https:\/\/fr.wikisource.org\/wiki\/Dictionnaire_de_th%C3%A9ologie_catholique\/PRI%C3%88RE_.VII._Que_peut-on_demander_et_pour_qui_%3F\"  target=\"_blank\" rel=\"noopener noreferrer nofollow\">A lire ici.<\/a><span><\/span>. Suite sur le prochain article.<\/p>\n<\/div>\n<p><img decoding=\"async\" class=\"wpe_imgrss\" src=\"https:\/\/editionsbussiere.com\/blog\/wp-content\/uploads\/2024\/08\/Reine-elevee-au-ciel-priez-pour-nous-E28093.jpg\">Cet article a \u00e9t\u00e9 reconstitu\u00e9 du mieux possible. Dans l\u2019hypoth\u00e8se o\u00f9 vous souhaitez apporter quelques modifications concernant le th\u00e8me \u00ab\u00a0Editions \u00e9sot\u00e9rique fond\u00e9e en 1927\u00a0\u00bb, il est possible de discuter avec notre r\u00e9daction. Vous pouvez tirer profit de cet article traitant le sujet \u00ab\u00a0Editions \u00e9sot\u00e9rique fond\u00e9e en 1927\u00a0\u00bb. Il est concoct\u00e9 par l\u2019\u00e9quipe editionsbussiere.com. Le site editionsbussiere.com est fait pour cr\u00e9er divers posts autour du th\u00e8me Editions \u00e9sot\u00e9rique fond\u00e9e en 1927 d\u00e9velopp\u00e9es sur internet. Consultez notre site internet editionsbussiere.com et nos r\u00e9seaux sociaux pour \u00eatre au courant des futures annonces.<\/p>\n","protected":false},"excerpt":{"rendered":"<p>D\u00e9tail de \u00ab L\u2019Immacul\u00e9e Conception \u00bb (1767-69) de Giovanni Battista Tiepolo, au Mus\u00e9e du Prado, Espagne. (Wikipedia) \u00ab Par l\u2019autorit\u00e9 de Notre Seigneur J\u00e9sus-Christ, des bienheureux ap\u00f4tres Pierre et Paul, et par notre propre autorit\u00e9, nous pronon\u00e7ons, d\u00e9clarons et d\u00e9finissons comme un dogme divinement r\u00e9v\u00e9l\u00e9 : que l\u2019Immacul\u00e9e M\u00e8re de Dieu, la toujours Vierge Marie, [&hellip;]<\/p>\n","protected":false},"author":3,"featured_media":1174,"comment_status":"closed","ping_status":"closed","sticky":false,"template":"","format":"standard","meta":{"footnotes":""},"categories":[3],"tags":[],"class_list":["post-1173","post","type-post","status-publish","format-standard","has-post-thumbnail","hentry","category-editions-esoterique-fondee-en-1927-depeches","entry","fw-tab-6 fw-tabr-4","has-featured-image"],"yoast_head":"<!-- This site is optimized with the Yoast SEO plugin v27.5 - https:\/\/yoast.com\/product\/yoast-seo-wordpress\/ -->\n<title>\u00ab Reine \u00e9lev\u00e9e au ciel, priez pour nous. \u00bb \u2013 Catholic World Report avec une supplication matinale. - EDITIONSBUSSIERE<\/title>\n<meta name=\"robots\" content=\"index, follow, max-snippet:-1, max-image-preview:large, max-video-preview:-1\" \/>\n<link rel=\"canonical\" href=\"https:\/\/editionsbussiere.com\/blog\/reine-elevee-au-ciel-priez-pour-nous-catholic-world-report-avec-une-supplication-matinale\/\" \/>\n<meta property=\"og:locale\" content=\"fr_FR\" \/>\n<meta property=\"og:type\" content=\"article\" \/>\n<meta property=\"og:title\" content=\"\u00ab Reine \u00e9lev\u00e9e au ciel, priez pour nous. \u00bb \u2013 Catholic World Report avec une supplication matinale. - EDITIONSBUSSIERE\" \/>\n<meta property=\"og:description\" content=\"D\u00e9tail de \u00ab L\u2019Immacul\u00e9e Conception \u00bb (1767-69) de Giovanni Battista Tiepolo, au Mus\u00e9e du Prado, Espagne. (Wikipedia) \u00ab Par l\u2019autorit\u00e9 de Notre Seigneur J\u00e9sus-Christ, des bienheureux ap\u00f4tres Pierre et Paul, et par notre propre autorit\u00e9, nous pronon\u00e7ons, d\u00e9clarons et d\u00e9finissons comme un dogme divinement r\u00e9v\u00e9l\u00e9 : que l\u2019Immacul\u00e9e M\u00e8re de Dieu, la toujours Vierge Marie, [&hellip;]\" \/>\n<meta property=\"og:url\" content=\"https:\/\/editionsbussiere.com\/blog\/reine-elevee-au-ciel-priez-pour-nous-catholic-world-report-avec-une-supplication-matinale\/\" \/>\n<meta property=\"og:site_name\" content=\"EDITIONSBUSSIERE\" \/>\n<meta property=\"article:published_time\" content=\"2024-08-15T10:41:59+00:00\" \/>\n<meta property=\"og:image\" content=\"https:\/\/editionsbussiere.com\/blog\/wp-content\/uploads\/2024\/08\/Reine-elevee-au-ciel-priez-pour-nous-E28093.jpg\" \/>\n<meta name=\"author\" content=\"Marie BATICLE\" \/>\n<meta name=\"twitter:card\" content=\"summary_large_image\" \/>\n<meta name=\"twitter:label1\" content=\"\u00c9crit par\" \/>\n\t<meta name=\"twitter:data1\" content=\"Marie BATICLE\" \/>\n\t<meta name=\"twitter:label2\" content=\"Dur\u00e9e de lecture estim\u00e9e\" \/>\n\t<meta name=\"twitter:data2\" content=\"13 minutes\" \/>\n<script type=\"application\/ld+json\" class=\"yoast-schema-graph\">{\"@context\":\"https:\\\/\\\/schema.org\",\"@graph\":[{\"@type\":\"Article\",\"@id\":\"https:\\\/\\\/editionsbussiere.com\\\/blog\\\/reine-elevee-au-ciel-priez-pour-nous-catholic-world-report-avec-une-supplication-matinale\\\/#article\",\"isPartOf\":{\"@id\":\"https:\\\/\\\/editionsbussiere.com\\\/blog\\\/reine-elevee-au-ciel-priez-pour-nous-catholic-world-report-avec-une-supplication-matinale\\\/\"},\"author\":{\"name\":\"Marie BATICLE\",\"@id\":\"https:\\\/\\\/editionsbussiere.com\\\/blog\\\/#\\\/schema\\\/person\\\/ec90e102792148c97e46ab871010dd8f\"},\"headline\":\"\u00ab Reine \u00e9lev\u00e9e au ciel, priez pour nous. \u00bb \u2013 Catholic World Report avec une supplication matinale.\",\"datePublished\":\"2024-08-15T10:41:59+00:00\",\"mainEntityOfPage\":{\"@id\":\"https:\\\/\\\/editionsbussiere.com\\\/blog\\\/reine-elevee-au-ciel-priez-pour-nous-catholic-world-report-avec-une-supplication-matinale\\\/\"},\"wordCount\":2578,\"publisher\":{\"@id\":\"https:\\\/\\\/editionsbussiere.com\\\/blog\\\/#organization\"},\"image\":{\"@id\":\"https:\\\/\\\/editionsbussiere.com\\\/blog\\\/reine-elevee-au-ciel-priez-pour-nous-catholic-world-report-avec-une-supplication-matinale\\\/#primaryimage\"},\"thumbnailUrl\":\"https:\\\/\\\/editionsbussiere.com\\\/blog\\\/wp-content\\\/uploads\\\/2024\\\/08\\\/Reine-elevee-au-ciel-priez-pour-nous-E28093.jpg\",\"articleSection\":[\"Editions \u00c9sot\u00e9rique Fond\u00e9e En 1927; D\u00e9p\u00e8ches:\"],\"inLanguage\":\"fr-FR\"},{\"@type\":\"WebPage\",\"@id\":\"https:\\\/\\\/editionsbussiere.com\\\/blog\\\/reine-elevee-au-ciel-priez-pour-nous-catholic-world-report-avec-une-supplication-matinale\\\/\",\"url\":\"https:\\\/\\\/editionsbussiere.com\\\/blog\\\/reine-elevee-au-ciel-priez-pour-nous-catholic-world-report-avec-une-supplication-matinale\\\/\",\"name\":\"\u00ab Reine \u00e9lev\u00e9e au ciel, priez pour nous. \u00bb \u2013 Catholic World Report avec une supplication matinale. - EDITIONSBUSSIERE\",\"isPartOf\":{\"@id\":\"https:\\\/\\\/editionsbussiere.com\\\/blog\\\/#website\"},\"primaryImageOfPage\":{\"@id\":\"https:\\\/\\\/editionsbussiere.com\\\/blog\\\/reine-elevee-au-ciel-priez-pour-nous-catholic-world-report-avec-une-supplication-matinale\\\/#primaryimage\"},\"image\":{\"@id\":\"https:\\\/\\\/editionsbussiere.com\\\/blog\\\/reine-elevee-au-ciel-priez-pour-nous-catholic-world-report-avec-une-supplication-matinale\\\/#primaryimage\"},\"thumbnailUrl\":\"https:\\\/\\\/editionsbussiere.com\\\/blog\\\/wp-content\\\/uploads\\\/2024\\\/08\\\/Reine-elevee-au-ciel-priez-pour-nous-E28093.jpg\",\"datePublished\":\"2024-08-15T10:41:59+00:00\",\"breadcrumb\":{\"@id\":\"https:\\\/\\\/editionsbussiere.com\\\/blog\\\/reine-elevee-au-ciel-priez-pour-nous-catholic-world-report-avec-une-supplication-matinale\\\/#breadcrumb\"},\"inLanguage\":\"fr-FR\",\"potentialAction\":[{\"@type\":\"ReadAction\",\"target\":[\"https:\\\/\\\/editionsbussiere.com\\\/blog\\\/reine-elevee-au-ciel-priez-pour-nous-catholic-world-report-avec-une-supplication-matinale\\\/\"]}]},{\"@type\":\"ImageObject\",\"inLanguage\":\"fr-FR\",\"@id\":\"https:\\\/\\\/editionsbussiere.com\\\/blog\\\/reine-elevee-au-ciel-priez-pour-nous-catholic-world-report-avec-une-supplication-matinale\\\/#primaryimage\",\"url\":\"https:\\\/\\\/editionsbussiere.com\\\/blog\\\/wp-content\\\/uploads\\\/2024\\\/08\\\/Reine-elevee-au-ciel-priez-pour-nous-E28093.jpg\",\"contentUrl\":\"https:\\\/\\\/editionsbussiere.com\\\/blog\\\/wp-content\\\/uploads\\\/2024\\\/08\\\/Reine-elevee-au-ciel-priez-pour-nous-E28093.jpg\",\"width\":680,\"height\":380,\"caption\":\"Reine elevee au ciel priez pour nous E28093\"},{\"@type\":\"BreadcrumbList\",\"@id\":\"https:\\\/\\\/editionsbussiere.com\\\/blog\\\/reine-elevee-au-ciel-priez-pour-nous-catholic-world-report-avec-une-supplication-matinale\\\/#breadcrumb\",\"itemListElement\":[{\"@type\":\"ListItem\",\"position\":1,\"name\":\"Accueil\",\"item\":\"https:\\\/\\\/editionsbussiere.com\\\/blog\\\/\"},{\"@type\":\"ListItem\",\"position\":2,\"name\":\"\u00ab Reine \u00e9lev\u00e9e au ciel, priez pour nous. \u00bb \u2013 Catholic World Report avec une supplication matinale.\"}]},{\"@type\":\"WebSite\",\"@id\":\"https:\\\/\\\/editionsbussiere.com\\\/blog\\\/#website\",\"url\":\"https:\\\/\\\/editionsbussiere.com\\\/blog\\\/\",\"name\":\"EDITIONSBUSSIERE\",\"description\":\"Editions \u00e9sot\u00e9rique fond\u00e9e en 1927; site historique, A SAVOIR ET RETENIR.\",\"publisher\":{\"@id\":\"https:\\\/\\\/editionsbussiere.com\\\/blog\\\/#organization\"},\"potentialAction\":[{\"@type\":\"SearchAction\",\"target\":{\"@type\":\"EntryPoint\",\"urlTemplate\":\"https:\\\/\\\/editionsbussiere.com\\\/blog\\\/?s={search_term_string}\"},\"query-input\":{\"@type\":\"PropertyValueSpecification\",\"valueRequired\":true,\"valueName\":\"search_term_string\"}}],\"inLanguage\":\"fr-FR\"},{\"@type\":\"Organization\",\"@id\":\"https:\\\/\\\/editionsbussiere.com\\\/blog\\\/#organization\",\"name\":\"editionsbussiere\",\"url\":\"https:\\\/\\\/editionsbussiere.com\\\/blog\\\/\",\"logo\":{\"@type\":\"ImageObject\",\"inLanguage\":\"fr-FR\",\"@id\":\"https:\\\/\\\/editionsbussiere.com\\\/blog\\\/#\\\/schema\\\/logo\\\/image\\\/\",\"url\":\"https:\\\/\\\/editionsbussiere.com\\\/blog\\\/wp-content\\\/uploads\\\/2023\\\/09\\\/cropped-buss.gif\",\"contentUrl\":\"https:\\\/\\\/editionsbussiere.com\\\/blog\\\/wp-content\\\/uploads\\\/2023\\\/09\\\/cropped-buss.gif\",\"width\":298,\"height\":120,\"caption\":\"editionsbussiere\"},\"image\":{\"@id\":\"https:\\\/\\\/editionsbussiere.com\\\/blog\\\/#\\\/schema\\\/logo\\\/image\\\/\"}},{\"@type\":\"Person\",\"@id\":\"https:\\\/\\\/editionsbussiere.com\\\/blog\\\/#\\\/schema\\\/person\\\/ec90e102792148c97e46ab871010dd8f\",\"name\":\"Marie BATICLE\",\"image\":{\"@type\":\"ImageObject\",\"inLanguage\":\"fr-FR\",\"@id\":\"https:\\\/\\\/secure.gravatar.com\\\/avatar\\\/c923e52403b1b8137e2d929127211d21967e6aecaa053bd43b09da29f212e76e?s=96&d=mm&r=g\",\"url\":\"https:\\\/\\\/secure.gravatar.com\\\/avatar\\\/c923e52403b1b8137e2d929127211d21967e6aecaa053bd43b09da29f212e76e?s=96&d=mm&r=g\",\"contentUrl\":\"https:\\\/\\\/secure.gravatar.com\\\/avatar\\\/c923e52403b1b8137e2d929127211d21967e6aecaa053bd43b09da29f212e76e?s=96&d=mm&r=g\",\"caption\":\"Marie BATICLE\"},\"url\":\"https:\\\/\\\/editionsbussiere.com\\\/blog\\\/author\\\/eremarie\\\/\"}]}<\/script>\n<!-- \/ Yoast SEO plugin. -->","yoast_head_json":{"title":"\u00ab Reine \u00e9lev\u00e9e au ciel, priez pour nous. \u00bb \u2013 Catholic World Report avec une supplication matinale. - EDITIONSBUSSIERE","robots":{"index":"index","follow":"follow","max-snippet":"max-snippet:-1","max-image-preview":"max-image-preview:large","max-video-preview":"max-video-preview:-1"},"canonical":"https:\/\/editionsbussiere.com\/blog\/reine-elevee-au-ciel-priez-pour-nous-catholic-world-report-avec-une-supplication-matinale\/","og_locale":"fr_FR","og_type":"article","og_title":"\u00ab Reine \u00e9lev\u00e9e au ciel, priez pour nous. \u00bb \u2013 Catholic World Report avec une supplication matinale. - EDITIONSBUSSIERE","og_description":"D\u00e9tail de \u00ab L\u2019Immacul\u00e9e Conception \u00bb (1767-69) de Giovanni Battista Tiepolo, au Mus\u00e9e du Prado, Espagne. (Wikipedia) \u00ab Par l\u2019autorit\u00e9 de Notre Seigneur J\u00e9sus-Christ, des bienheureux ap\u00f4tres Pierre et Paul, et par notre propre autorit\u00e9, nous pronon\u00e7ons, d\u00e9clarons et d\u00e9finissons comme un dogme divinement r\u00e9v\u00e9l\u00e9 : que l\u2019Immacul\u00e9e M\u00e8re de Dieu, la toujours Vierge Marie, [&hellip;]","og_url":"https:\/\/editionsbussiere.com\/blog\/reine-elevee-au-ciel-priez-pour-nous-catholic-world-report-avec-une-supplication-matinale\/","og_site_name":"EDITIONSBUSSIERE","article_published_time":"2024-08-15T10:41:59+00:00","og_image":[{"url":"https:\/\/editionsbussiere.com\/blog\/wp-content\/uploads\/2024\/08\/Reine-elevee-au-ciel-priez-pour-nous-E28093.jpg","type":"","width":"","height":""}],"author":"Marie BATICLE","twitter_card":"summary_large_image","twitter_misc":{"\u00c9crit par":"Marie BATICLE","Dur\u00e9e de lecture estim\u00e9e":"13 minutes"},"schema":{"@context":"https:\/\/schema.org","@graph":[{"@type":"Article","@id":"https:\/\/editionsbussiere.com\/blog\/reine-elevee-au-ciel-priez-pour-nous-catholic-world-report-avec-une-supplication-matinale\/#article","isPartOf":{"@id":"https:\/\/editionsbussiere.com\/blog\/reine-elevee-au-ciel-priez-pour-nous-catholic-world-report-avec-une-supplication-matinale\/"},"author":{"name":"Marie BATICLE","@id":"https:\/\/editionsbussiere.com\/blog\/#\/schema\/person\/ec90e102792148c97e46ab871010dd8f"},"headline":"\u00ab Reine \u00e9lev\u00e9e au ciel, priez pour nous. \u00bb \u2013 Catholic World Report avec une supplication matinale.","datePublished":"2024-08-15T10:41:59+00:00","mainEntityOfPage":{"@id":"https:\/\/editionsbussiere.com\/blog\/reine-elevee-au-ciel-priez-pour-nous-catholic-world-report-avec-une-supplication-matinale\/"},"wordCount":2578,"publisher":{"@id":"https:\/\/editionsbussiere.com\/blog\/#organization"},"image":{"@id":"https:\/\/editionsbussiere.com\/blog\/reine-elevee-au-ciel-priez-pour-nous-catholic-world-report-avec-une-supplication-matinale\/#primaryimage"},"thumbnailUrl":"https:\/\/editionsbussiere.com\/blog\/wp-content\/uploads\/2024\/08\/Reine-elevee-au-ciel-priez-pour-nous-E28093.jpg","articleSection":["Editions \u00c9sot\u00e9rique Fond\u00e9e En 1927; D\u00e9p\u00e8ches:"],"inLanguage":"fr-FR"},{"@type":"WebPage","@id":"https:\/\/editionsbussiere.com\/blog\/reine-elevee-au-ciel-priez-pour-nous-catholic-world-report-avec-une-supplication-matinale\/","url":"https:\/\/editionsbussiere.com\/blog\/reine-elevee-au-ciel-priez-pour-nous-catholic-world-report-avec-une-supplication-matinale\/","name":"\u00ab Reine \u00e9lev\u00e9e au ciel, priez pour nous. \u00bb \u2013 Catholic World Report avec une supplication matinale. - EDITIONSBUSSIERE","isPartOf":{"@id":"https:\/\/editionsbussiere.com\/blog\/#website"},"primaryImageOfPage":{"@id":"https:\/\/editionsbussiere.com\/blog\/reine-elevee-au-ciel-priez-pour-nous-catholic-world-report-avec-une-supplication-matinale\/#primaryimage"},"image":{"@id":"https:\/\/editionsbussiere.com\/blog\/reine-elevee-au-ciel-priez-pour-nous-catholic-world-report-avec-une-supplication-matinale\/#primaryimage"},"thumbnailUrl":"https:\/\/editionsbussiere.com\/blog\/wp-content\/uploads\/2024\/08\/Reine-elevee-au-ciel-priez-pour-nous-E28093.jpg","datePublished":"2024-08-15T10:41:59+00:00","breadcrumb":{"@id":"https:\/\/editionsbussiere.com\/blog\/reine-elevee-au-ciel-priez-pour-nous-catholic-world-report-avec-une-supplication-matinale\/#breadcrumb"},"inLanguage":"fr-FR","potentialAction":[{"@type":"ReadAction","target":["https:\/\/editionsbussiere.com\/blog\/reine-elevee-au-ciel-priez-pour-nous-catholic-world-report-avec-une-supplication-matinale\/"]}]},{"@type":"ImageObject","inLanguage":"fr-FR","@id":"https:\/\/editionsbussiere.com\/blog\/reine-elevee-au-ciel-priez-pour-nous-catholic-world-report-avec-une-supplication-matinale\/#primaryimage","url":"https:\/\/editionsbussiere.com\/blog\/wp-content\/uploads\/2024\/08\/Reine-elevee-au-ciel-priez-pour-nous-E28093.jpg","contentUrl":"https:\/\/editionsbussiere.com\/blog\/wp-content\/uploads\/2024\/08\/Reine-elevee-au-ciel-priez-pour-nous-E28093.jpg","width":680,"height":380,"caption":"Reine elevee au ciel priez pour nous E28093"},{"@type":"BreadcrumbList","@id":"https:\/\/editionsbussiere.com\/blog\/reine-elevee-au-ciel-priez-pour-nous-catholic-world-report-avec-une-supplication-matinale\/#breadcrumb","itemListElement":[{"@type":"ListItem","position":1,"name":"Accueil","item":"https:\/\/editionsbussiere.com\/blog\/"},{"@type":"ListItem","position":2,"name":"\u00ab Reine \u00e9lev\u00e9e au ciel, priez pour nous. \u00bb \u2013 Catholic World Report avec une supplication matinale."}]},{"@type":"WebSite","@id":"https:\/\/editionsbussiere.com\/blog\/#website","url":"https:\/\/editionsbussiere.com\/blog\/","name":"EDITIONSBUSSIERE","description":"Editions \u00e9sot\u00e9rique fond\u00e9e en 1927; site historique, A SAVOIR ET RETENIR.","publisher":{"@id":"https:\/\/editionsbussiere.com\/blog\/#organization"},"potentialAction":[{"@type":"SearchAction","target":{"@type":"EntryPoint","urlTemplate":"https:\/\/editionsbussiere.com\/blog\/?s={search_term_string}"},"query-input":{"@type":"PropertyValueSpecification","valueRequired":true,"valueName":"search_term_string"}}],"inLanguage":"fr-FR"},{"@type":"Organization","@id":"https:\/\/editionsbussiere.com\/blog\/#organization","name":"editionsbussiere","url":"https:\/\/editionsbussiere.com\/blog\/","logo":{"@type":"ImageObject","inLanguage":"fr-FR","@id":"https:\/\/editionsbussiere.com\/blog\/#\/schema\/logo\/image\/","url":"https:\/\/editionsbussiere.com\/blog\/wp-content\/uploads\/2023\/09\/cropped-buss.gif","contentUrl":"https:\/\/editionsbussiere.com\/blog\/wp-content\/uploads\/2023\/09\/cropped-buss.gif","width":298,"height":120,"caption":"editionsbussiere"},"image":{"@id":"https:\/\/editionsbussiere.com\/blog\/#\/schema\/logo\/image\/"}},{"@type":"Person","@id":"https:\/\/editionsbussiere.com\/blog\/#\/schema\/person\/ec90e102792148c97e46ab871010dd8f","name":"Marie BATICLE","image":{"@type":"ImageObject","inLanguage":"fr-FR","@id":"https:\/\/secure.gravatar.com\/avatar\/c923e52403b1b8137e2d929127211d21967e6aecaa053bd43b09da29f212e76e?s=96&d=mm&r=g","url":"https:\/\/secure.gravatar.com\/avatar\/c923e52403b1b8137e2d929127211d21967e6aecaa053bd43b09da29f212e76e?s=96&d=mm&r=g","contentUrl":"https:\/\/secure.gravatar.com\/avatar\/c923e52403b1b8137e2d929127211d21967e6aecaa053bd43b09da29f212e76e?s=96&d=mm&r=g","caption":"Marie BATICLE"},"url":"https:\/\/editionsbussiere.com\/blog\/author\/eremarie\/"}]}},"_links":{"self":[{"href":"https:\/\/editionsbussiere.com\/blog\/wp-json\/wp\/v2\/posts\/1173","targetHints":{"allow":["GET"]}}],"collection":[{"href":"https:\/\/editionsbussiere.com\/blog\/wp-json\/wp\/v2\/posts"}],"about":[{"href":"https:\/\/editionsbussiere.com\/blog\/wp-json\/wp\/v2\/types\/post"}],"author":[{"embeddable":true,"href":"https:\/\/editionsbussiere.com\/blog\/wp-json\/wp\/v2\/users\/3"}],"replies":[{"embeddable":true,"href":"https:\/\/editionsbussiere.com\/blog\/wp-json\/wp\/v2\/comments?post=1173"}],"version-history":[{"count":0,"href":"https:\/\/editionsbussiere.com\/blog\/wp-json\/wp\/v2\/posts\/1173\/revisions"}],"wp:featuredmedia":[{"embeddable":true,"href":"https:\/\/editionsbussiere.com\/blog\/wp-json\/wp\/v2\/media\/1174"}],"wp:attachment":[{"href":"https:\/\/editionsbussiere.com\/blog\/wp-json\/wp\/v2\/media?parent=1173"}],"wp:term":[{"taxonomy":"category","embeddable":true,"href":"https:\/\/editionsbussiere.com\/blog\/wp-json\/wp\/v2\/categories?post=1173"},{"taxonomy":"post_tag","embeddable":true,"href":"https:\/\/editionsbussiere.com\/blog\/wp-json\/wp\/v2\/tags?post=1173"}],"curies":[{"name":"wp","href":"https:\/\/api.w.org\/{rel}","templated":true}]}}