{"id":1171,"date":"2024-08-15T07:31:37","date_gmt":"2024-08-15T05:31:37","guid":{"rendered":"https:\/\/editionsbussiere.com\/blog\/lhistoire-politique-de-la-raison-pour-laquelle-lassomption-de-marie-est-un-jour-ferie-en-france-et-croire-en-la-vierge-marie\/"},"modified":"2024-08-15T07:31:37","modified_gmt":"2024-08-15T05:31:37","slug":"lhistoire-politique-de-la-raison-pour-laquelle-lassomption-de-marie-est-un-jour-ferie-en-france-et-croire-en-la-vierge-marie","status":"publish","type":"post","link":"https:\/\/editionsbussiere.com\/blog\/lhistoire-politique-de-la-raison-pour-laquelle-lassomption-de-marie-est-un-jour-ferie-en-france-et-croire-en-la-vierge-marie\/","title":{"rendered":"L\u2019histoire politique de la raison pour laquelle l\u2019Assomption de Marie est un jour f\u00e9ri\u00e9 en France\n et croire en la Vierge Marie."},"content":{"rendered":"<div><img width=\"580\" height=\"387\" src=\"https:\/\/editionsbussiere.com\/blog\/wp-content\/uploads\/2024\/08\/Lhistoire-politique-de-la-raison-pour-laquelle-lAssomption-de-Marie-1024x683-1.jpg\" class=\"attachment-large size-large wp-post-image\" alt=\"L'histoire politique de la raison pour laquelle l'Assomption de Marie\" style=\"float:left; margin:0 15px 15px 0;\" decoding=\"async\" srcset=\"https:\/\/editionsbussiere.com\/blog\/wp-content\/uploads\/2024\/08\/Lhistoire-politique-de-la-raison-pour-laquelle-lAssomption-de-Marie-1024x683-1.jpg 1024w, https:\/\/www.n42.fr\/wp-content\/uploads\/2024\/08\/Lhistoire-politique-de-la-raison-pour-laquelle-lAssomption-de-Marie-300x200.jpg 300w, https:\/\/www.n42.fr\/wp-content\/uploads\/2024\/08\/Lhistoire-politique-de-la-raison-pour-laquelle-lAssomption-de-Marie-768x512.jpg 768w, https:\/\/www.n42.fr\/wp-content\/uploads\/2024\/08\/Lhistoire-politique-de-la-raison-pour-laquelle-lAssomption-de-Marie-1200x800.jpg 1200w, https:\/\/www.n42.fr\/wp-content\/uploads\/2024\/08\/Lhistoire-politique-de-la-raison-pour-laquelle-lAssomption-de-Marie.jpg 1440w\" sizes=\"(max-width: 580px) 100vw, 580px\"><\/p>\n<p>\n<\/p>\n<div id=\"\">\n<figure class=\"article__media\"> <picture class=\"article__media\"><source srcset=\" https:\/\/img.lemde.fr\/2024\/07\/19\/0\/0\/3000\/2712\/556\/0\/75\/0\/dfe55c4_1721381558184-cathedrale-notre-dame-de-paris-maitre-autel.jpg 556w, https:\/\/img.lemde.fr\/2024\/07\/19\/0\/0\/3000\/2712\/600\/0\/75\/0\/dfe55c4_1721381558184-cathedrale-notre-dame-de-paris-maitre-autel.jpg 600w, https:\/\/editionsbussiere.com\/blog\/wp-content\/uploads\/2024\/08\/dfe55c4_1721381558184-cathedrale-notre-dame-de-paris-maitre-autel.jpg 664w, https:\/\/img.lemde.fr\/2024\/07\/19\/0\/0\/3000\/2712\/700\/0\/75\/0\/dfe55c4_1721381558184-cathedrale-notre-dame-de-paris-maitre-autel.jpg 700w, https:\/\/img.lemde.fr\/2024\/07\/19\/0\/0\/3000\/2712\/800\/0\/75\/0\/dfe55c4_1721381558184-cathedrale-notre-dame-de-paris-maitre-autel.jpg 800w\" sizes=\"(min-width: 1024px) 556px, 100vw\" alt=\"Notre-Dame de Paris Cathedral, high altar. Sculpted group of the Descent from the Cross (Nicolas Coustou), bas-relief of the Entombment (Fran\u00e7ois Girardon), statues of Louis XIII (Guillaume Coustou) and Louis XIV (Antoine Coysevox ). Myrabella \/ Wikimedia Commons\" width=\"664\" height=\"443\"><img decoding=\"async\" src=\"https:\/\/editionsbussiere.com\/blog\/wp-content\/uploads\/2024\/08\/dfe55c4_1721381558184-cathedrale-notre-dame-de-paris-maitre-autel.jpg\" alt=\"Cath\u00e9drale Notre-Dame de Paris, ma\u00eetre-autel. Groupe sculpt\u00e9 de la Descente de Croix (Nicolas Coustou), bas-relief de la Mise au tombeau (Fran\u00e7ois Girardon), statues de Louis XIII (Guillaume Coustou) et Louis XIV (Antoine Coysevox). Myrabella \/ Wikimedia Commons\" sizes=\"(min-width: 1024px) 556px, 100vw\" width=\"664\" height=\"443\"> <\/source><\/picture> <noscript> <img decoding=\"async\" src=\"https:\/\/editionsbussiere.com\/blog\/wp-content\/uploads\/2024\/08\/dfe55c4_1721381558184-cathedrale-notre-dame-de-paris-maitre-autel.jpg\" alt=\"Cath\u00e9drale Notre-Dame de Paris, ma\u00eetre-autel. Groupe sculpt\u00e9 de la Descente de Croix (Nicolas Coustou), bas-relief de la Mise au tombeau (Fran\u00e7ois Girardon), statues de Louis XIII (Guillaume Coustou) et Louis XIV (Antoine Coysevox). Myrabella \/ Wikimedia Commons\"> <\/noscript><figcaption class=\"article__legend\" aria-hidden=\"true\">Cath\u00e9drale Notre-Dame de Paris, ma\u00eetre-autel. Groupe sculpt\u00e9 de la Descente de Croix (Nicolas Coustou), bas-relief de la Mise au tombeau (Fran\u00e7ois Girardon), statues de Louis XIII (Guillaume Coustou) et Louis XIV (Antoine Coysevox). Myrabella \/ Wikimedia Commons  <span class=\"article__credit\" aria-hidden=\"true\">DR<\/span>  <\/figcaption><\/figure>\n<p class=\"article__paragraph \">Depuis trois si\u00e8cles, une curieuse sc\u00e8ne de marbre se d\u00e9roule au centre de la cath\u00e9drale Notre-Dame de Paris. Au milieu du ma\u00eetre-autel se dresse une Vierge Marie regardant vers le ciel, entour\u00e9e de deux hommes agenouill\u00e9s dont beaucoup de visiteurs ignorent qu\u2019il s\u2019agit de deux des monarques les plus illustres de France : Louis XIV (r\u00e8gne de 1643 \u00e0 1715) et son p\u00e8re Louis XIII (1610-1643).<\/p>\n<p class=\"article__paragraph \">Cet ensemble spectaculaire, cr\u00e9\u00e9 dans les derni\u00e8res ann\u00e9es du r\u00e8gne de Louis XIV, repr\u00e9sente plus qu\u2019un simple cadeau d\u2019un fils \u00e0 son g\u00e9niteur. Il cristallise une volont\u00e9 qui lie la France \u00e0 cette figure majeure de la chr\u00e9tient\u00e9 : le v\u0153u de Louis XIII en 1638 de consacrer son royaume \u00e0 la Vierge Marie et d\u2019instituer le 15 ao\u00fbt comme jour de sa c\u00e9l\u00e9bration.<\/p>\n<p class=\"article__paragraph \">\u00ab Prenant la tr\u00e8s sainte et glorieuse Vierge comme protectrice sp\u00e9ciale de notre royaume, nous lui consacrons en particulier notre personne, notre \u00c9tat, notre couronne et nos sujets \u00bb, formalise l\u2019acte officiel promulgu\u00e9 le 10 f\u00e9vrier 1638. Le texte, juridiquement contraignant, instaure la c\u00e9l\u00e9bration annuelle de l\u2019Assomption, une tradition catholique c\u00e9l\u00e9brant l\u2019ascension corporelle de Marie au ciel. \u00c0 partir de ce moment, des pri\u00e8res et des d\u00e9fil\u00e9s auront lieu dans tout le royaume pour demander sa protection ce jour-l\u00e0.<\/p>\n<p class=\"article__paragraph \">Le fils d\u2019Henri IV et de Marie de M\u00e9dicis n\u2019avait plus que cinq ans \u00e0 vivre et ce v\u0153u \u00e9tait un signe de soulagement d\u2019avoir \u00e9chapp\u00e9 aux plus grands p\u00e9rils de sa vie : les complots ourdis par son fr\u00e8re Gaston d\u2019Orl\u00e9ans (1608-1660), la guerre de Trente Ans qui ravagea l\u2019Europe de 1618 \u00e0 1648 et l\u2019immense danger de ne pouvoir donner d\u2019h\u00e9ritier au tr\u00f4ne qui pesait depuis longtemps sur sa dynastie.<\/p>\n<p class=\"article__paragraph \">La grossesse de sa femme Anne d\u2019Autriche en 1638, apr\u00e8s 23 ans de mariage st\u00e9rile, est per\u00e7ue comme une gr\u00e2ce de la Vierge. L\u2019enfant, le futur Louis XIV, est baptis\u00e9 Louis-Dieudonn\u00e9, en \u00e9cho \u00e0 cette providence. \u00ab Cette naissance est per\u00e7ue comme un miracle, une r\u00e9ponse divine \u00e0 la cons\u00e9cration du royaume \u00bb, explique l\u2019historien de l\u2019art L\u00e9o Minois (<em>Les Cahiers de Framespa<\/em>2012). C\u2019est dans ce contexte que le v\u0153u de Louis XIII, encourag\u00e9 par son ministre d\u2019\u00c9tat Richelieu (1585-1642), consacre une longue trajectoire liant la Vierge au pouvoir fran\u00e7ais.<\/p>\n<p class=\"article__paragraph \">\u00ab\u00a0<em>Royaume des Gaules, royaume de Marie<\/em>\u00a0\u00bb : Le royaume de France est le royaume de Marie, selon une phrase attribu\u00e9e au pape Urbain II (1088-1099). Au 20<sup>\u00e8me<\/sup> si\u00e8cle, son lointain successeur Jean XXIII ajoutait : \u00ab Dans l\u2019ordre de la Providence, chaque nation a une mission, et parfois une devise suffit \u00e0 la qualifier. Quand nous disons : \u00ab<em>Royaume des Gaules, royaume de Marie<\/em>,\u2019 nous exprimons parfaitement le t\u00e9moignage d\u2019honneur et d\u2019amour des fils et des nombreux descendants de Clovis. \u00ab\u00a0<\/p>\n<p><strong>Il vous reste 74,3% de cet article \u00e0 lire. Le reste est r\u00e9serv\u00e9 aux abonn\u00e9s.<\/strong><\/p>\n<\/div>\n<h2>\n<\/h2>\n<p>L\u2019Importance de la D\u00e9votion Mariale<\/p>\n<p>La pri\u00e8re \u00e0 Marie repr\u00e9sente un \u00e9l\u00e9ment crucial de la foi chr\u00e9tienne, solidement enracin\u00e9e dans la doctrine catholiques depuis des si\u00e8cles. C\u2019est un roc sur lequel les fid\u00e8les s\u2019appuient pour trouver r\u00e9confort, guidance et intervention dans leur relation avec Dieu. \u00c0 travers les \u00e2ges, cette pratique de d\u00e9votion a gagn\u00e9 en force par les enseignements de la Bible, les traditions de l\u2019\u00c9glise, ainsi que les exemples des saints qui ont honor\u00e9 Marie en tant que bienveillante.<\/p>\n<h3>\n<\/h3>\n<p>La pratique du Chapelet<\/p>\n<p>Cette pri\u00e8re traditionnelle mariale tient une position centrale dans la vie spirituelle de nombreux croyants. En r\u00e9citant les myst\u00e8res joyeux, douloureux, lumineux et glorieux, les d\u00e9vots se plongent dans les \u00e9v\u00e9nements li\u00e9s \u00e0 J\u00e9sus et Marie, renfor\u00e7ant leur connexion spirituelle avec eux. Chaque Ave Maria r\u00e9cit\u00e9, ils manifestent leur confiance en l\u2019intercession de Marie ainsi que leur aspiration \u00e0 suivre les pas du Christ. Saint Louis-Marie Grignion de Montfort, dans son livre sur la vraie d\u00e9votion \u00e0 la Sainte Vierge, invite les fid\u00e8les \u00e0 m\u00e9diter r\u00e9guli\u00e8rement des diff\u00e9rents myst\u00e8res du rosaire pour approfondir leur lien avec la M\u00e8re de Dieu. Cette pratique ancienne, transmise de g\u00e9n\u00e9ration en g\u00e9n\u00e9ration, reste un phare spirituel pour ceux qui ont la foi, les guidant dans leur connexion \u00e0 la c\u00e9leste Dame.<\/p>\n<h3>\n<\/h3>\n<p>L\u2019appel \u00e0 la pri\u00e8re<\/p>\n<p>Unissons-nous dans la pri\u00e8re, fr\u00e8res et s\u0153urs, dans notre foi, en nous tournant vers Marie, la m\u00e8re de notre Seigneur J\u00e9sus-Christ. Au sein de notre monde troubl\u00e9 par la guerre et la division, recourons \u00e0 la pri\u00e8re comme un moyen pour retrouver la s\u00e9r\u00e9nit\u00e9 et l\u2019harmonie. Il est possible envoyer des v\u0153ux pour Marie <a target=\"_blank\" rel=\"nofollow\" href=\"https:\/\/editionsbussiere.com\/blog\/goto\/https:\/\/www.avemariasound.org\/\" >sur la page de pri\u00e8re pour marie.<\/a> Que nos pri\u00e8res s\u2019\u00e9l\u00e8vent vers le ciel, comme un hommage agr\u00e9able \u00e0 Dieu, pour qu\u2019il puisse \u00e9clairer nos chemins vers le chemin de la v\u00e9rit\u00e9 et de la justice. L\u2019ap\u00f4tre Paul nous exhorte dans ses \u00e9p\u00eetres \u00e0 maintenir une pri\u00e8re incessante, quelle que soit la situation, afin que notre communion \u00e0 Dieu soit solide et ardente. La pri\u00e8re, lorsqu\u2019elle est offerte sinc\u00e8rement, a la capacit\u00e9 de changer les c\u0153urs et de modifier le destin de l\u2019histoire.<\/p>\n<h2>\n<\/h2>\n<p>Les le\u00e7ons du Souverain Pontife<\/p>\n<p>Le Saint-P\u00e8re, dans ses \u00e9crits \u00e9clair\u00e9s, publi\u00e9s par Bayard, nous rappelle la valeur de la pri\u00e8re quotidienne. Par le biais de ses hom\u00e9lies et de ses audiences publiques, il nous encourage \u00e0 d\u00e9velopper une connexion personnelle avec le divin, en se fondant sur la contemplation des \u00c9critures et la r\u00e9citation du rosaire. Son exemple d\u2019humilit\u00e9 et de compassion nous encourage \u00e0 approfondir davantage nos pri\u00e8res et \u00e0 rechercher la pr\u00e9sence divine dans tous les aspects de notre quotidien. Saint Jean-Paul II, dans son encyclique sur la foi chr\u00e9tienne, nous souligne que la pri\u00e8re est le fondement de la vie spirituelle et c\u2019est par elle que nous nous unissons \u00e0 la volont\u00e9 divine. La pri\u00e8re quotidienne, transmise par les pontifes successifs, est une source d\u2019espoir en p\u00e9riode de temp\u00eate, une base solide auquel nous pouvons compter.<\/p>\n<h3>\n<\/h3>\n<p>Les \u00e9crits \u00e9crits par Leli\u00e8vre et Hubert<\/p>\n<p>Au sein de la pratique religieuse, l\u2019\u00e9glise recommande vivement la pri\u00e8re, et lors de les moments de pri\u00e8re, les fid\u00e8les effectuent le geste du signe de la croix et r\u00e9citent l\u2019Ave Maria. Des th\u00e9ologiens modernes, comme Leli\u00e8vre et Hubert, nous incitent aussi \u00e0 r\u00e9fl\u00e9chir sur la force de la pri\u00e8re, dans leurs ouvrages inspirants. Leurs publications, abondant en enseignements spirituels, nous orientent dans notre parcours de la foi et nous encouragent \u00e0 puiser dans les richesses de la tradition chr\u00e9tienne pour enrichir notre vie spirituelle. Par la m\u00e9ditation sur leurs \u00e9crits, nous d\u00e9couvrons de nouvelles mani\u00e8res de d\u00e9velopper notre connexion avec le divin et de progresser dans la saintet\u00e9. Saint Jean, dans l\u2019\u00c9vangile, nous rappelle que le fait de prier est une puissante voie pour rester en communion avec Dieu et de recevoir de ses gr\u00e2ces. Chaque page de leurs \u00e9crits r\u00e9sonne comme une invitation \u00e0 une pri\u00e8re ardente et \u00e0 une existence emplie de la pr\u00e9sence divine. Dans notre qu\u00eate de connexion spirituelle, chaque \u0153uvre lue devient un appel \u00e0 aspirer \u00e0 le sacr\u00e9, \u00e0 travers la r\u00e9flexion et la m\u00e9ditation.<\/p>\n<h3>\n<\/h3>\n<p>L\u2019acte de prier dans la chapelle<\/p>\n<p>Au sein de nos chapelles simples ou grandioses, orientons-nous vers Dieu en toute confiance et humilit\u00e9, car nous savons qu\u2019il \u00e9coute nos pri\u00e8res avec amour et sollicitude. Que chaque bougie allum\u00e9e, chaque chapelet r\u00e9cit\u00e9, soit une offrande \u00e0 notre divin Cr\u00e9ateur ainsi qu\u2019\u00e0 la Vierge Marie. Que nos moments de pri\u00e8re dans la chapelle soient des occasions de b\u00e9n\u00e9diction et de renouvellement de notre esprit, nous fortifiant pour affronter les challenges avec audace et foi in\u00e9branlable. Sainte Bernadette Soubirous, \u00e0 qui la Vierge Marie est apparue \u00e0 Lourdes, nous montre la valeur de la pri\u00e8re dans l\u2019existence des catholiques et l\u2019efficacit\u00e9 de l\u2019intercession de la Sainte Vierge. Tout fid\u00e8le qui franchit les portes d\u2019une chapelle, chaque page de la Bible lue dans ce lieu sacr\u00e9, est une rencontre avec le divin, une \u00e9tape dans le processus de transformation spirituelle. \u00c0 travers les pages des Saintes \u00c9critures, tout disciple est encourag\u00e9 \u00e0 m\u00e9diter la croix du Christ, \u00e0 m\u00e9diter sur son sacrifice, et \u00e0 trouver r\u00e9confort et espoir dans sa gr\u00e2ce r\u00e9demptrice.<\/p>\n<h2>\nL\u2019acte de prier comme rem\u00e8de pour l\u2019int\u00e9rieur<br \/>\n<\/h2>\n<p>Tel un m\u00e9decin pour nos \u00e2mes, l\u2019acte de prier nous gu\u00e9rit et nous renforce au cours des p\u00e9riodes de douleur et de d\u00e9sespoir. La pri\u00e8re nous rappelle que Dieu est toujours avec nous, m\u00eame dans les moments les plus sombres de notre existence. En nous penchant vers lui dans la pri\u00e8re, nous d\u00e9couvrons la force int\u00e9rieure n\u00e9cessaire pour surmonter les \u00e9preuves et pour affronter l\u2019avenir avec esp\u00e9rance et confiance. La pri\u00e8re est semblable \u00e0 une rivi\u00e8re vivifiante qui \u00e9tanche notre soif spirituelle et qui, sur notre chemin de foi, nous revigore.<br \/>\n\u00c0 chaque pri\u00e8re murmur\u00e9e, \u00e0 chaque intention confi\u00e9e, nous trouvons une paix divine, une gu\u00e9rison c\u00e9leste, qui transcende les limites de la condition humaine. Chaque passage des \u00c9critures nous invite \u00e0 dialoguer avec Dieu, \u00e0 lui confier nos fardeaux, et \u00e0 recevoir sa gr\u00e2ce transformante.<\/p>\n<h2>Un point de vue alternatif sur l\u2019acte de prier Marie<\/h2>\n<p>La pri\u00e8re \u00e0 Marie repr\u00e9sente une coutume \u00e9troitement enracin\u00e9e dans la tradition catholique chr\u00e9tienne, proposant un pr\u00e9cieux lien spirituel pour les fid\u00e8les du monde entier. Comme m\u00e8re spirituelle aimante et intercesseur, elle est invoqu\u00e9e avec ardeur lors des instants de n\u00e9cessit\u00e9 et de louange. Le rosaire, avec ses myst\u00e8res \u00e0 m\u00e9diter, accompagne les croyants dans leur voyage de foi, les aidant \u00e0 contempler J\u00e9sus, son fils, \u00e0 travers les yeux de la Vierge Marie. Cette d\u00e9votion \u00e0 Marie s\u2019exprime dans les lieux saints tel que le sanctuaire de Lourdes, o\u00f9 les p\u00e8lerins affluent pour rechercher r\u00e9confort et gu\u00e9rison, repr\u00e9sentant la profonde connexion entre la foi catholique et la v\u00e9n\u00e9ration de la Vierge Marie. Les \u00e9crits inspirants de th\u00e9ologiens tels que Leli\u00e8vre et Hubert fournissent une r\u00e9flexion pr\u00e9cieuse sur l\u2019importance de la pri\u00e8re \u00e0 Marie et son influence sur la vie spirituelle des fid\u00e8les. Gr\u00e2ce \u00e0 une lecture attentive de textes de d\u00e9votion et des \u00c9critures, les croyants \u00e9largissent leur compr\u00e9hension de la d\u00e9votion mariale et nourrissent un lien plus fort avec Marie, notre m\u00e8re dans la foi. Dans un monde o\u00f9 pr\u00e9dominent la guerre et les conflits, la pri\u00e8re \u00e0 Marie est un sanctuaire de paix et d\u2019espoir, appelant chaque personne, ind\u00e9pendamment de son rang dans la foi catholique, \u00e0 se tourner vers la Dame du Ciel avec confiance et d\u00e9votion. Unissons donc nos pri\u00e8res, avec un c\u0153ur humble et sinc\u00e8re, en honorant Marie comme notre m\u00e8re et notre intercesseur, en lui confiant nos v\u0153ux et nos aspirations les plus profondes. Dans cette qu\u00eate spirituelle, tout adepte est convi\u00e9 \u00e0 suivre la voie des pri\u00e8res et des d\u00e9sirs du c\u0153ur, sous la conduite du Pape et les ressources spirituelles inestimables offertes par des plateformes telles que Aleteia. Par cons\u00e9quent, avec un c\u0153ur humble et une foi sinc\u00e8re, adressons notre pri\u00e8re quotidienne \u00e0 Marie, lui demandant son intercession maternelle, ainsi que la gr\u00e2ce de pers\u00e9v\u00e9rer dans la pri\u00e8re ardente.<br \/>\nQue notre dialogue avec le sacr\u00e9 devienne notre sanctuaire et notre apaisement quelle que soit la situation. Que nous nous inclinions vers Marie, notre m\u00e8re c\u00e9leste, avec un c\u0153ur ouvert et une foi in\u00e9branlable, convaincus qu\u2019elle plaide en notre faveur devant son fils bien-aim\u00e9. Que la pri\u00e8re nous guide dans notre qu\u00eate de saintet\u00e9, nous rapprochant toujours plus de Dieu et de son amour sans limites.<\/p>\n<p>Livres sur le m\u00eame th\u00e8me:<\/p>\n<p>Pri\u00e8res et pens\u00e9es chr\u00e9tiennes.,<a target=\"_blank\" rel=\"nofollow\" href=\"https:\/\/editionsbussiere.com\/blog\/goto\/https:\/\/fr.wikisource.org\/wiki\/Pri%C3%A8res_et_pens%C3%A9es_chr%C3%A9tiennes\"  target=\"_blank\" rel=\"noopener noreferrer nofollow\">Article complet.<\/a><span><\/span><\/p>\n<p>Marie (Auguste Brizeux)\/Marie, IX.,<a target=\"_blank\" rel=\"nofollow\" href=\"https:\/\/editionsbussiere.com\/blog\/goto\/https:\/\/fr.wikisource.org\/wiki\/Marie_(Auguste_Brizeux)\/Marie,_IX\"  target=\"_blank\" rel=\"noopener noreferrer nofollow\">Ici.<\/a><span><\/span>. Suite sur le prochain article.<\/p>\n<p>Les Foules de Lourdes\/Chapitre X.,<a target=\"_blank\" rel=\"nofollow\" href=\"https:\/\/editionsbussiere.com\/blog\/goto\/https:\/\/fr.wikisource.org\/wiki\/Les_Foules_de_Lourdes\/Chapitre_X\"  target=\"_blank\" rel=\"noopener noreferrer nofollow\">Ici.<\/a><span><\/span>. Suite sur le prochain article.<\/p>\n<p>Le Livre des ballades\/Faictes semblant de jamais n\u2019y veoir goutte.,<a target=\"_blank\" rel=\"nofollow\" href=\"https:\/\/editionsbussiere.com\/blog\/goto\/https:\/\/fr.wikisource.org\/wiki\/Le_Livre_des_ballades\/Faictes_semblant_de_jamais_n%E2%80%99y_veoir_goutte\"  target=\"_blank\" rel=\"noopener noreferrer nofollow\">Le texte de l\u2019article.<\/a><span><\/span>. Suite sur le prochain article.<\/p>\n<p>L\u2019\u00c2me humaine.,<a target=\"_blank\" rel=\"nofollow\" href=\"https:\/\/editionsbussiere.com\/blog\/goto\/https:\/\/fr.wikisource.org\/wiki\/L%E2%80%99%C3%82me_humaine\"  target=\"_blank\" rel=\"noopener noreferrer nofollow\">Cliquer ICI.<\/a><span><\/span>. Suite sur le prochain article.<\/p>\n<p>Ballade des pendus.,<a target=\"_blank\" rel=\"nofollow\" href=\"https:\/\/editionsbussiere.com\/blog\/goto\/https:\/\/fr.wikisource.org\/wiki\/Ballade_des_pendus\"  target=\"_blank\" rel=\"noopener noreferrer nofollow\">Ici.<\/a><span><\/span>. Suite sur le prochain article.<\/p>\n<\/div>\n<p><img decoding=\"async\" class=\"wpe_imgrss\" src=\"https:\/\/editionsbussiere.com\/blog\/wp-content\/uploads\/2024\/08\/Lhistoire-politique-de-la-raison-pour-laquelle-lAssomption-de-Marie-1024x683-1.jpg\">Cet article a \u00e9t\u00e9 reconstitu\u00e9 du mieux possible. Dans l\u2019hypoth\u00e8se o\u00f9 vous souhaitez apporter quelques modifications concernant le th\u00e8me \u00ab\u00a0Editions \u00e9sot\u00e9rique fond\u00e9e en 1927\u00a0\u00bb, il est possible de discuter avec notre r\u00e9daction. Vous pouvez tirer profit de cet article traitant le sujet \u00ab\u00a0Editions \u00e9sot\u00e9rique fond\u00e9e en 1927\u00a0\u00bb. Il est concoct\u00e9 par l\u2019\u00e9quipe editionsbussiere.com. Le site editionsbussiere.com est fait pour cr\u00e9er divers posts autour du th\u00e8me Editions \u00e9sot\u00e9rique fond\u00e9e en 1927 d\u00e9velopp\u00e9es sur internet. Consultez notre site internet editionsbussiere.com et nos r\u00e9seaux sociaux pour \u00eatre au courant des futures annonces.<\/p>\n","protected":false},"excerpt":{"rendered":"<p>Cath\u00e9drale Notre-Dame de Paris, ma\u00eetre-autel. Groupe sculpt\u00e9 de la Descente de Croix (Nicolas Coustou), bas-relief de la Mise au tombeau (Fran\u00e7ois Girardon), statues de Louis XIII (Guillaume Coustou) et Louis XIV (Antoine Coysevox). Myrabella \/ Wikimedia Commons DR Depuis trois si\u00e8cles, une curieuse sc\u00e8ne de marbre se d\u00e9roule au centre de la cath\u00e9drale Notre-Dame de [&hellip;]<\/p>\n","protected":false},"author":3,"featured_media":1172,"comment_status":"closed","ping_status":"closed","sticky":false,"template":"","format":"standard","meta":{"footnotes":""},"categories":[3],"tags":[],"class_list":["post-1171","post","type-post","status-publish","format-standard","has-post-thumbnail","hentry","category-editions-esoterique-fondee-en-1927-depeches","entry","fw-tab-6 fw-tabr-4","has-featured-image"],"yoast_head":"<!-- This site is optimized with the Yoast SEO plugin v27.5 - https:\/\/yoast.com\/product\/yoast-seo-wordpress\/ -->\n<title>L\u2019histoire politique de la raison pour laquelle l\u2019Assomption de Marie est un jour f\u00e9ri\u00e9 en France et croire en la Vierge Marie. - EDITIONSBUSSIERE<\/title>\n<meta name=\"robots\" content=\"index, follow, max-snippet:-1, max-image-preview:large, max-video-preview:-1\" \/>\n<link rel=\"canonical\" href=\"https:\/\/editionsbussiere.com\/blog\/lhistoire-politique-de-la-raison-pour-laquelle-lassomption-de-marie-est-un-jour-ferie-en-france-et-croire-en-la-vierge-marie\/\" \/>\n<meta property=\"og:locale\" content=\"fr_FR\" \/>\n<meta property=\"og:type\" content=\"article\" \/>\n<meta property=\"og:title\" content=\"L\u2019histoire politique de la raison pour laquelle l\u2019Assomption de Marie est un jour f\u00e9ri\u00e9 en France et croire en la Vierge Marie. - EDITIONSBUSSIERE\" \/>\n<meta property=\"og:description\" content=\"Cath\u00e9drale Notre-Dame de Paris, ma\u00eetre-autel. Groupe sculpt\u00e9 de la Descente de Croix (Nicolas Coustou), bas-relief de la Mise au tombeau (Fran\u00e7ois Girardon), statues de Louis XIII (Guillaume Coustou) et Louis XIV (Antoine Coysevox). Myrabella \/ Wikimedia Commons DR Depuis trois si\u00e8cles, une curieuse sc\u00e8ne de marbre se d\u00e9roule au centre de la cath\u00e9drale Notre-Dame de [&hellip;]\" \/>\n<meta property=\"og:url\" content=\"https:\/\/editionsbussiere.com\/blog\/lhistoire-politique-de-la-raison-pour-laquelle-lassomption-de-marie-est-un-jour-ferie-en-france-et-croire-en-la-vierge-marie\/\" \/>\n<meta property=\"og:site_name\" content=\"EDITIONSBUSSIERE\" \/>\n<meta property=\"article:published_time\" content=\"2024-08-15T05:31:37+00:00\" \/>\n<meta property=\"og:image\" content=\"https:\/\/editionsbussiere.com\/blog\/wp-content\/uploads\/2024\/08\/Lhistoire-politique-de-la-raison-pour-laquelle-lAssomption-de-Marie-1024x683-1.jpg\" \/>\n<meta name=\"author\" content=\"Marie BATICLE\" \/>\n<meta name=\"twitter:card\" content=\"summary_large_image\" \/>\n<meta name=\"twitter:label1\" content=\"\u00c9crit par\" \/>\n\t<meta name=\"twitter:data1\" content=\"Marie BATICLE\" \/>\n\t<meta name=\"twitter:label2\" content=\"Dur\u00e9e de lecture estim\u00e9e\" \/>\n\t<meta name=\"twitter:data2\" content=\"11 minutes\" \/>\n<script type=\"application\/ld+json\" class=\"yoast-schema-graph\">{\"@context\":\"https:\\\/\\\/schema.org\",\"@graph\":[{\"@type\":\"Article\",\"@id\":\"https:\\\/\\\/editionsbussiere.com\\\/blog\\\/lhistoire-politique-de-la-raison-pour-laquelle-lassomption-de-marie-est-un-jour-ferie-en-france-et-croire-en-la-vierge-marie\\\/#article\",\"isPartOf\":{\"@id\":\"https:\\\/\\\/editionsbussiere.com\\\/blog\\\/lhistoire-politique-de-la-raison-pour-laquelle-lassomption-de-marie-est-un-jour-ferie-en-france-et-croire-en-la-vierge-marie\\\/\"},\"author\":{\"name\":\"Marie BATICLE\",\"@id\":\"https:\\\/\\\/editionsbussiere.com\\\/blog\\\/#\\\/schema\\\/person\\\/ec90e102792148c97e46ab871010dd8f\"},\"headline\":\"L\u2019histoire politique de la raison pour laquelle l\u2019Assomption de Marie est un jour f\u00e9ri\u00e9 en France et croire en la Vierge Marie.\",\"datePublished\":\"2024-08-15T05:31:37+00:00\",\"mainEntityOfPage\":{\"@id\":\"https:\\\/\\\/editionsbussiere.com\\\/blog\\\/lhistoire-politique-de-la-raison-pour-laquelle-lassomption-de-marie-est-un-jour-ferie-en-france-et-croire-en-la-vierge-marie\\\/\"},\"wordCount\":2323,\"publisher\":{\"@id\":\"https:\\\/\\\/editionsbussiere.com\\\/blog\\\/#organization\"},\"image\":{\"@id\":\"https:\\\/\\\/editionsbussiere.com\\\/blog\\\/lhistoire-politique-de-la-raison-pour-laquelle-lassomption-de-marie-est-un-jour-ferie-en-france-et-croire-en-la-vierge-marie\\\/#primaryimage\"},\"thumbnailUrl\":\"https:\\\/\\\/editionsbussiere.com\\\/blog\\\/wp-content\\\/uploads\\\/2024\\\/08\\\/Lhistoire-politique-de-la-raison-pour-laquelle-lAssomption-de-Marie-1024x683-1.jpg\",\"articleSection\":[\"Editions \u00c9sot\u00e9rique Fond\u00e9e En 1927; D\u00e9p\u00e8ches:\"],\"inLanguage\":\"fr-FR\"},{\"@type\":\"WebPage\",\"@id\":\"https:\\\/\\\/editionsbussiere.com\\\/blog\\\/lhistoire-politique-de-la-raison-pour-laquelle-lassomption-de-marie-est-un-jour-ferie-en-france-et-croire-en-la-vierge-marie\\\/\",\"url\":\"https:\\\/\\\/editionsbussiere.com\\\/blog\\\/lhistoire-politique-de-la-raison-pour-laquelle-lassomption-de-marie-est-un-jour-ferie-en-france-et-croire-en-la-vierge-marie\\\/\",\"name\":\"L\u2019histoire politique de la raison pour laquelle l\u2019Assomption de Marie est un jour f\u00e9ri\u00e9 en France et croire en la Vierge Marie. - EDITIONSBUSSIERE\",\"isPartOf\":{\"@id\":\"https:\\\/\\\/editionsbussiere.com\\\/blog\\\/#website\"},\"primaryImageOfPage\":{\"@id\":\"https:\\\/\\\/editionsbussiere.com\\\/blog\\\/lhistoire-politique-de-la-raison-pour-laquelle-lassomption-de-marie-est-un-jour-ferie-en-france-et-croire-en-la-vierge-marie\\\/#primaryimage\"},\"image\":{\"@id\":\"https:\\\/\\\/editionsbussiere.com\\\/blog\\\/lhistoire-politique-de-la-raison-pour-laquelle-lassomption-de-marie-est-un-jour-ferie-en-france-et-croire-en-la-vierge-marie\\\/#primaryimage\"},\"thumbnailUrl\":\"https:\\\/\\\/editionsbussiere.com\\\/blog\\\/wp-content\\\/uploads\\\/2024\\\/08\\\/Lhistoire-politique-de-la-raison-pour-laquelle-lAssomption-de-Marie-1024x683-1.jpg\",\"datePublished\":\"2024-08-15T05:31:37+00:00\",\"breadcrumb\":{\"@id\":\"https:\\\/\\\/editionsbussiere.com\\\/blog\\\/lhistoire-politique-de-la-raison-pour-laquelle-lassomption-de-marie-est-un-jour-ferie-en-france-et-croire-en-la-vierge-marie\\\/#breadcrumb\"},\"inLanguage\":\"fr-FR\",\"potentialAction\":[{\"@type\":\"ReadAction\",\"target\":[\"https:\\\/\\\/editionsbussiere.com\\\/blog\\\/lhistoire-politique-de-la-raison-pour-laquelle-lassomption-de-marie-est-un-jour-ferie-en-france-et-croire-en-la-vierge-marie\\\/\"]}]},{\"@type\":\"ImageObject\",\"inLanguage\":\"fr-FR\",\"@id\":\"https:\\\/\\\/editionsbussiere.com\\\/blog\\\/lhistoire-politique-de-la-raison-pour-laquelle-lassomption-de-marie-est-un-jour-ferie-en-france-et-croire-en-la-vierge-marie\\\/#primaryimage\",\"url\":\"https:\\\/\\\/editionsbussiere.com\\\/blog\\\/wp-content\\\/uploads\\\/2024\\\/08\\\/Lhistoire-politique-de-la-raison-pour-laquelle-lAssomption-de-Marie-1024x683-1.jpg\",\"contentUrl\":\"https:\\\/\\\/editionsbussiere.com\\\/blog\\\/wp-content\\\/uploads\\\/2024\\\/08\\\/Lhistoire-politique-de-la-raison-pour-laquelle-lAssomption-de-Marie-1024x683-1.jpg\",\"width\":1024,\"height\":683,\"caption\":\"Lhistoire politique de la raison pour laquelle lAssomption de Marie 1024x683 1\"},{\"@type\":\"BreadcrumbList\",\"@id\":\"https:\\\/\\\/editionsbussiere.com\\\/blog\\\/lhistoire-politique-de-la-raison-pour-laquelle-lassomption-de-marie-est-un-jour-ferie-en-france-et-croire-en-la-vierge-marie\\\/#breadcrumb\",\"itemListElement\":[{\"@type\":\"ListItem\",\"position\":1,\"name\":\"Accueil\",\"item\":\"https:\\\/\\\/editionsbussiere.com\\\/blog\\\/\"},{\"@type\":\"ListItem\",\"position\":2,\"name\":\"L\u2019histoire politique de la raison pour laquelle l\u2019Assomption de Marie est un jour f\u00e9ri\u00e9 en France et croire en la Vierge Marie.\"}]},{\"@type\":\"WebSite\",\"@id\":\"https:\\\/\\\/editionsbussiere.com\\\/blog\\\/#website\",\"url\":\"https:\\\/\\\/editionsbussiere.com\\\/blog\\\/\",\"name\":\"EDITIONSBUSSIERE\",\"description\":\"Editions \u00e9sot\u00e9rique fond\u00e9e en 1927; site historique, A SAVOIR ET RETENIR.\",\"publisher\":{\"@id\":\"https:\\\/\\\/editionsbussiere.com\\\/blog\\\/#organization\"},\"potentialAction\":[{\"@type\":\"SearchAction\",\"target\":{\"@type\":\"EntryPoint\",\"urlTemplate\":\"https:\\\/\\\/editionsbussiere.com\\\/blog\\\/?s={search_term_string}\"},\"query-input\":{\"@type\":\"PropertyValueSpecification\",\"valueRequired\":true,\"valueName\":\"search_term_string\"}}],\"inLanguage\":\"fr-FR\"},{\"@type\":\"Organization\",\"@id\":\"https:\\\/\\\/editionsbussiere.com\\\/blog\\\/#organization\",\"name\":\"editionsbussiere\",\"url\":\"https:\\\/\\\/editionsbussiere.com\\\/blog\\\/\",\"logo\":{\"@type\":\"ImageObject\",\"inLanguage\":\"fr-FR\",\"@id\":\"https:\\\/\\\/editionsbussiere.com\\\/blog\\\/#\\\/schema\\\/logo\\\/image\\\/\",\"url\":\"https:\\\/\\\/editionsbussiere.com\\\/blog\\\/wp-content\\\/uploads\\\/2023\\\/09\\\/cropped-buss.gif\",\"contentUrl\":\"https:\\\/\\\/editionsbussiere.com\\\/blog\\\/wp-content\\\/uploads\\\/2023\\\/09\\\/cropped-buss.gif\",\"width\":298,\"height\":120,\"caption\":\"editionsbussiere\"},\"image\":{\"@id\":\"https:\\\/\\\/editionsbussiere.com\\\/blog\\\/#\\\/schema\\\/logo\\\/image\\\/\"}},{\"@type\":\"Person\",\"@id\":\"https:\\\/\\\/editionsbussiere.com\\\/blog\\\/#\\\/schema\\\/person\\\/ec90e102792148c97e46ab871010dd8f\",\"name\":\"Marie BATICLE\",\"image\":{\"@type\":\"ImageObject\",\"inLanguage\":\"fr-FR\",\"@id\":\"https:\\\/\\\/secure.gravatar.com\\\/avatar\\\/c923e52403b1b8137e2d929127211d21967e6aecaa053bd43b09da29f212e76e?s=96&d=mm&r=g\",\"url\":\"https:\\\/\\\/secure.gravatar.com\\\/avatar\\\/c923e52403b1b8137e2d929127211d21967e6aecaa053bd43b09da29f212e76e?s=96&d=mm&r=g\",\"contentUrl\":\"https:\\\/\\\/secure.gravatar.com\\\/avatar\\\/c923e52403b1b8137e2d929127211d21967e6aecaa053bd43b09da29f212e76e?s=96&d=mm&r=g\",\"caption\":\"Marie BATICLE\"},\"url\":\"https:\\\/\\\/editionsbussiere.com\\\/blog\\\/author\\\/eremarie\\\/\"}]}<\/script>\n<!-- \/ Yoast SEO plugin. -->","yoast_head_json":{"title":"L\u2019histoire politique de la raison pour laquelle l\u2019Assomption de Marie est un jour f\u00e9ri\u00e9 en France et croire en la Vierge Marie. - EDITIONSBUSSIERE","robots":{"index":"index","follow":"follow","max-snippet":"max-snippet:-1","max-image-preview":"max-image-preview:large","max-video-preview":"max-video-preview:-1"},"canonical":"https:\/\/editionsbussiere.com\/blog\/lhistoire-politique-de-la-raison-pour-laquelle-lassomption-de-marie-est-un-jour-ferie-en-france-et-croire-en-la-vierge-marie\/","og_locale":"fr_FR","og_type":"article","og_title":"L\u2019histoire politique de la raison pour laquelle l\u2019Assomption de Marie est un jour f\u00e9ri\u00e9 en France et croire en la Vierge Marie. - EDITIONSBUSSIERE","og_description":"Cath\u00e9drale Notre-Dame de Paris, ma\u00eetre-autel. Groupe sculpt\u00e9 de la Descente de Croix (Nicolas Coustou), bas-relief de la Mise au tombeau (Fran\u00e7ois Girardon), statues de Louis XIII (Guillaume Coustou) et Louis XIV (Antoine Coysevox). Myrabella \/ Wikimedia Commons DR Depuis trois si\u00e8cles, une curieuse sc\u00e8ne de marbre se d\u00e9roule au centre de la cath\u00e9drale Notre-Dame de [&hellip;]","og_url":"https:\/\/editionsbussiere.com\/blog\/lhistoire-politique-de-la-raison-pour-laquelle-lassomption-de-marie-est-un-jour-ferie-en-france-et-croire-en-la-vierge-marie\/","og_site_name":"EDITIONSBUSSIERE","article_published_time":"2024-08-15T05:31:37+00:00","og_image":[{"url":"https:\/\/editionsbussiere.com\/blog\/wp-content\/uploads\/2024\/08\/Lhistoire-politique-de-la-raison-pour-laquelle-lAssomption-de-Marie-1024x683-1.jpg","type":"","width":"","height":""}],"author":"Marie BATICLE","twitter_card":"summary_large_image","twitter_misc":{"\u00c9crit par":"Marie BATICLE","Dur\u00e9e de lecture estim\u00e9e":"11 minutes"},"schema":{"@context":"https:\/\/schema.org","@graph":[{"@type":"Article","@id":"https:\/\/editionsbussiere.com\/blog\/lhistoire-politique-de-la-raison-pour-laquelle-lassomption-de-marie-est-un-jour-ferie-en-france-et-croire-en-la-vierge-marie\/#article","isPartOf":{"@id":"https:\/\/editionsbussiere.com\/blog\/lhistoire-politique-de-la-raison-pour-laquelle-lassomption-de-marie-est-un-jour-ferie-en-france-et-croire-en-la-vierge-marie\/"},"author":{"name":"Marie BATICLE","@id":"https:\/\/editionsbussiere.com\/blog\/#\/schema\/person\/ec90e102792148c97e46ab871010dd8f"},"headline":"L\u2019histoire politique de la raison pour laquelle l\u2019Assomption de Marie est un jour f\u00e9ri\u00e9 en France et croire en la Vierge Marie.","datePublished":"2024-08-15T05:31:37+00:00","mainEntityOfPage":{"@id":"https:\/\/editionsbussiere.com\/blog\/lhistoire-politique-de-la-raison-pour-laquelle-lassomption-de-marie-est-un-jour-ferie-en-france-et-croire-en-la-vierge-marie\/"},"wordCount":2323,"publisher":{"@id":"https:\/\/editionsbussiere.com\/blog\/#organization"},"image":{"@id":"https:\/\/editionsbussiere.com\/blog\/lhistoire-politique-de-la-raison-pour-laquelle-lassomption-de-marie-est-un-jour-ferie-en-france-et-croire-en-la-vierge-marie\/#primaryimage"},"thumbnailUrl":"https:\/\/editionsbussiere.com\/blog\/wp-content\/uploads\/2024\/08\/Lhistoire-politique-de-la-raison-pour-laquelle-lAssomption-de-Marie-1024x683-1.jpg","articleSection":["Editions \u00c9sot\u00e9rique Fond\u00e9e En 1927; D\u00e9p\u00e8ches:"],"inLanguage":"fr-FR"},{"@type":"WebPage","@id":"https:\/\/editionsbussiere.com\/blog\/lhistoire-politique-de-la-raison-pour-laquelle-lassomption-de-marie-est-un-jour-ferie-en-france-et-croire-en-la-vierge-marie\/","url":"https:\/\/editionsbussiere.com\/blog\/lhistoire-politique-de-la-raison-pour-laquelle-lassomption-de-marie-est-un-jour-ferie-en-france-et-croire-en-la-vierge-marie\/","name":"L\u2019histoire politique de la raison pour laquelle l\u2019Assomption de Marie est un jour f\u00e9ri\u00e9 en France et croire en la Vierge Marie. - EDITIONSBUSSIERE","isPartOf":{"@id":"https:\/\/editionsbussiere.com\/blog\/#website"},"primaryImageOfPage":{"@id":"https:\/\/editionsbussiere.com\/blog\/lhistoire-politique-de-la-raison-pour-laquelle-lassomption-de-marie-est-un-jour-ferie-en-france-et-croire-en-la-vierge-marie\/#primaryimage"},"image":{"@id":"https:\/\/editionsbussiere.com\/blog\/lhistoire-politique-de-la-raison-pour-laquelle-lassomption-de-marie-est-un-jour-ferie-en-france-et-croire-en-la-vierge-marie\/#primaryimage"},"thumbnailUrl":"https:\/\/editionsbussiere.com\/blog\/wp-content\/uploads\/2024\/08\/Lhistoire-politique-de-la-raison-pour-laquelle-lAssomption-de-Marie-1024x683-1.jpg","datePublished":"2024-08-15T05:31:37+00:00","breadcrumb":{"@id":"https:\/\/editionsbussiere.com\/blog\/lhistoire-politique-de-la-raison-pour-laquelle-lassomption-de-marie-est-un-jour-ferie-en-france-et-croire-en-la-vierge-marie\/#breadcrumb"},"inLanguage":"fr-FR","potentialAction":[{"@type":"ReadAction","target":["https:\/\/editionsbussiere.com\/blog\/lhistoire-politique-de-la-raison-pour-laquelle-lassomption-de-marie-est-un-jour-ferie-en-france-et-croire-en-la-vierge-marie\/"]}]},{"@type":"ImageObject","inLanguage":"fr-FR","@id":"https:\/\/editionsbussiere.com\/blog\/lhistoire-politique-de-la-raison-pour-laquelle-lassomption-de-marie-est-un-jour-ferie-en-france-et-croire-en-la-vierge-marie\/#primaryimage","url":"https:\/\/editionsbussiere.com\/blog\/wp-content\/uploads\/2024\/08\/Lhistoire-politique-de-la-raison-pour-laquelle-lAssomption-de-Marie-1024x683-1.jpg","contentUrl":"https:\/\/editionsbussiere.com\/blog\/wp-content\/uploads\/2024\/08\/Lhistoire-politique-de-la-raison-pour-laquelle-lAssomption-de-Marie-1024x683-1.jpg","width":1024,"height":683,"caption":"Lhistoire politique de la raison pour laquelle lAssomption de Marie 1024x683 1"},{"@type":"BreadcrumbList","@id":"https:\/\/editionsbussiere.com\/blog\/lhistoire-politique-de-la-raison-pour-laquelle-lassomption-de-marie-est-un-jour-ferie-en-france-et-croire-en-la-vierge-marie\/#breadcrumb","itemListElement":[{"@type":"ListItem","position":1,"name":"Accueil","item":"https:\/\/editionsbussiere.com\/blog\/"},{"@type":"ListItem","position":2,"name":"L\u2019histoire politique de la raison pour laquelle l\u2019Assomption de Marie est un jour f\u00e9ri\u00e9 en France et croire en la Vierge Marie."}]},{"@type":"WebSite","@id":"https:\/\/editionsbussiere.com\/blog\/#website","url":"https:\/\/editionsbussiere.com\/blog\/","name":"EDITIONSBUSSIERE","description":"Editions \u00e9sot\u00e9rique fond\u00e9e en 1927; site historique, A SAVOIR ET RETENIR.","publisher":{"@id":"https:\/\/editionsbussiere.com\/blog\/#organization"},"potentialAction":[{"@type":"SearchAction","target":{"@type":"EntryPoint","urlTemplate":"https:\/\/editionsbussiere.com\/blog\/?s={search_term_string}"},"query-input":{"@type":"PropertyValueSpecification","valueRequired":true,"valueName":"search_term_string"}}],"inLanguage":"fr-FR"},{"@type":"Organization","@id":"https:\/\/editionsbussiere.com\/blog\/#organization","name":"editionsbussiere","url":"https:\/\/editionsbussiere.com\/blog\/","logo":{"@type":"ImageObject","inLanguage":"fr-FR","@id":"https:\/\/editionsbussiere.com\/blog\/#\/schema\/logo\/image\/","url":"https:\/\/editionsbussiere.com\/blog\/wp-content\/uploads\/2023\/09\/cropped-buss.gif","contentUrl":"https:\/\/editionsbussiere.com\/blog\/wp-content\/uploads\/2023\/09\/cropped-buss.gif","width":298,"height":120,"caption":"editionsbussiere"},"image":{"@id":"https:\/\/editionsbussiere.com\/blog\/#\/schema\/logo\/image\/"}},{"@type":"Person","@id":"https:\/\/editionsbussiere.com\/blog\/#\/schema\/person\/ec90e102792148c97e46ab871010dd8f","name":"Marie BATICLE","image":{"@type":"ImageObject","inLanguage":"fr-FR","@id":"https:\/\/secure.gravatar.com\/avatar\/c923e52403b1b8137e2d929127211d21967e6aecaa053bd43b09da29f212e76e?s=96&d=mm&r=g","url":"https:\/\/secure.gravatar.com\/avatar\/c923e52403b1b8137e2d929127211d21967e6aecaa053bd43b09da29f212e76e?s=96&d=mm&r=g","contentUrl":"https:\/\/secure.gravatar.com\/avatar\/c923e52403b1b8137e2d929127211d21967e6aecaa053bd43b09da29f212e76e?s=96&d=mm&r=g","caption":"Marie BATICLE"},"url":"https:\/\/editionsbussiere.com\/blog\/author\/eremarie\/"}]}},"_links":{"self":[{"href":"https:\/\/editionsbussiere.com\/blog\/wp-json\/wp\/v2\/posts\/1171","targetHints":{"allow":["GET"]}}],"collection":[{"href":"https:\/\/editionsbussiere.com\/blog\/wp-json\/wp\/v2\/posts"}],"about":[{"href":"https:\/\/editionsbussiere.com\/blog\/wp-json\/wp\/v2\/types\/post"}],"author":[{"embeddable":true,"href":"https:\/\/editionsbussiere.com\/blog\/wp-json\/wp\/v2\/users\/3"}],"replies":[{"embeddable":true,"href":"https:\/\/editionsbussiere.com\/blog\/wp-json\/wp\/v2\/comments?post=1171"}],"version-history":[{"count":0,"href":"https:\/\/editionsbussiere.com\/blog\/wp-json\/wp\/v2\/posts\/1171\/revisions"}],"wp:featuredmedia":[{"embeddable":true,"href":"https:\/\/editionsbussiere.com\/blog\/wp-json\/wp\/v2\/media\/1172"}],"wp:attachment":[{"href":"https:\/\/editionsbussiere.com\/blog\/wp-json\/wp\/v2\/media?parent=1171"}],"wp:term":[{"taxonomy":"category","embeddable":true,"href":"https:\/\/editionsbussiere.com\/blog\/wp-json\/wp\/v2\/categories?post=1171"},{"taxonomy":"post_tag","embeddable":true,"href":"https:\/\/editionsbussiere.com\/blog\/wp-json\/wp\/v2\/tags?post=1171"}],"curies":[{"name":"wp","href":"https:\/\/api.w.org\/{rel}","templated":true}]}}