{"id":1169,"date":"2024-08-15T00:04:40","date_gmt":"2024-08-14T22:04:40","guid":{"rendered":"https:\/\/editionsbussiere.com\/blog\/deces-du-pere-redemptoriste-stephen-vanyo-a-lage-de-88-ans-invocation-pour-commencer-la-journee\/"},"modified":"2024-08-15T00:04:40","modified_gmt":"2024-08-14T22:04:40","slug":"deces-du-pere-redemptoriste-stephen-vanyo-a-lage-de-88-ans-invocation-pour-commencer-la-journee","status":"publish","type":"post","link":"https:\/\/editionsbussiere.com\/blog\/deces-du-pere-redemptoriste-stephen-vanyo-a-lage-de-88-ans-invocation-pour-commencer-la-journee\/","title":{"rendered":"D\u00e9c\u00e8s du p\u00e8re r\u00e9demptoriste Stephen Vanyo \u00e0 l\u2019\u00e2ge de 88 ans\n &amp; invocation pour commencer la journ\u00e9e."},"content":{"rendered":"<div><img width=\"580\" height=\"387\" src=\"https:\/\/editionsbussiere.com\/blog\/wp-content\/uploads\/2024\/08\/Deces-du-pere-redemptoriste-Stephen-Vanyo-a-lage-de-88.jpg\" class=\"attachment-large size-large wp-post-image\" alt=\"D\u00e9c\u00e8s du p\u00e8re r\u00e9demptoriste Stephen Vanyo \u00e0 l'\u00e2ge de 88\" style=\"float:left; margin:0 15px 15px 0;\" decoding=\"async\" srcset=\"https:\/\/editionsbussiere.com\/blog\/wp-content\/uploads\/2024\/08\/Deces-du-pere-redemptoriste-Stephen-Vanyo-a-lage-de-88.jpg 900w, https:\/\/www.n42.fr\/wp-content\/uploads\/2024\/08\/Deces-du-pere-redemptoriste-Stephen-Vanyo-a-lage-de-88-300x200.jpg 300w, https:\/\/www.n42.fr\/wp-content\/uploads\/2024\/08\/Deces-du-pere-redemptoriste-Stephen-Vanyo-a-lage-de-88-768x512.jpg 768w\" sizes=\"(max-width: 580px) 100vw, 580px\"><\/p>\n<p>\n<\/p>\n<div>\n<p>Une messe fun\u00e9raire pour le p\u00e8re r\u00e9demptoriste Stephen Vanyo a \u00e9t\u00e9 c\u00e9l\u00e9br\u00e9e le 6 juin au Br\u00e9sil, o\u00f9 le pr\u00eatre avait consacr\u00e9 des d\u00e9cennies de minist\u00e8re. Le p\u00e8re Vanyo est d\u00e9c\u00e9d\u00e9 le 5 juin \u00e0 l\u2019\u00e2ge de 88 ans.<\/p>\n<p>N\u00e9 \u00e0 Annapolis, le p\u00e8re Vanyo a fait sa premi\u00e8re profession religieuse comme r\u00e9demptoriste de la province de Baltimore en 1957. Il a \u00e9t\u00e9 ordonn\u00e9 pr\u00eatre le 17 juin 1962.<\/p>\n<p>Le p\u00e8re Vanyo a servi comme missionnaire au Br\u00e9sil tout au long de son sacerdoce, construisant des \u00e9glises et exer\u00e7ant un minist\u00e8re pastoral. \u00c0 partir de 2011, le p\u00e8re Vanyo est devenu aum\u00f4nier des S\u0153urs de la R\u00e9demption abondante. <\/p>\n<section class=\"ab-block-post-grid featuredpost aligncenter\">\n<h2 class=\"ab-post-grid-section-title\">Plus d\u2019avis de d\u00e9c\u00e8s<\/h2>\n<div class=\"ab-post-grid-items is-grid columns-3\">\n<article id=\"post-250003\" class=\"ab-post-grid-item post-250003 post type-post status-publish format-standard has-post-thumbnail category-local-news category-news category-obituaries entry\">\n<div class=\"ab-block-post-grid-image\"><img loading=\"lazy\" decoding=\"async\" width=\"710\" height=\"473\" src=\"https:\/\/editionsbussiere.com\/blog\/wp-content\/uploads\/2024\/08\/Josaire-Brady.jpg\" class=\"attachment-full size-full\" alt=\"\" srcset=\"https:\/\/editionsbussiere.com\/blog\/wp-content\/uploads\/2024\/08\/Josaire-Brady.jpg 710w, https:\/\/catholicreview.org\/wp-content\/uploads\/2024\/08\/Josaire-Brady-300x200.jpg 300w, https:\/\/catholicreview.org\/wp-content\/uploads\/2024\/08\/Josaire-Brady-600x400.jpg 600w\" sizes=\"auto, (max-width: 710px) 100vw, 710px\"><\/div>\n<div class=\"ab-block-post-grid-text\">\n<header class=\"ab-block-post-grid-header\">\n<h3 class=\"ab-block-post-grid-title\">S\u0153ur M. Josaire Brady, IHM, d\u00e9c\u00e8de \u00e0 93 ans<\/h3>\n<\/header>\n<\/div>\n<\/article>\n<article id=\"post-249674\" class=\"ab-post-grid-item post-249674 post type-post status-publish format-standard has-post-thumbnail category-local-news category-news category-obituaries entry\">\n<div class=\"ab-block-post-grid-image\"><img loading=\"lazy\" decoding=\"async\" width=\"900\" height=\"600\" src=\"https:\/\/editionsbussiere.com\/blog\/wp-content\/uploads\/2024\/08\/obit-sister-cabrini.jpg\" class=\"attachment-full size-full\" alt=\"\" srcset=\"https:\/\/editionsbussiere.com\/blog\/wp-content\/uploads\/2024\/08\/obit-sister-cabrini.jpg 900w, https:\/\/catholicreview.org\/wp-content\/uploads\/2024\/08\/obit-sister-cabrini-300x200.jpg 300w, https:\/\/catholicreview.org\/wp-content\/uploads\/2024\/08\/obit-sister-cabrini-768x512.jpg 768w, https:\/\/catholicreview.org\/wp-content\/uploads\/2024\/08\/obit-sister-cabrini-600x400.jpg 600w\" sizes=\"auto, (max-width: 900px) 100vw, 900px\"><\/div>\n<div class=\"ab-block-post-grid-text\">\n<header class=\"ab-block-post-grid-header\">\n<h3 class=\"ab-block-post-grid-title\">S\u0153ur Mary Cabrini Bonnett, ancienne r\u00e9ceptionniste de Bon Secours, d\u00e9c\u00e8de \u00e0 97 ans<\/h3>\n<\/header>\n<\/div>\n<\/article>\n<article id=\"post-249430\" class=\"ab-post-grid-item post-249430 post type-post status-publish format-standard has-post-thumbnail category-journalism category-news category-obituaries category-world-news entry\">\n<div class=\"ab-block-post-grid-image\"><img loading=\"lazy\" decoding=\"async\" width=\"900\" height=\"600\" src=\"https:\/\/editionsbussiere.com\/blog\/wp-content\/uploads\/2024\/08\/spence-obit-franny-1.jpg\" class=\"attachment-full size-full\" alt=\"\" srcset=\"https:\/\/editionsbussiere.com\/blog\/wp-content\/uploads\/2024\/08\/spence-obit-franny-1.jpg 900w, https:\/\/catholicreview.org\/wp-content\/uploads\/2024\/07\/spence-obit-franny-300x200.jpg 300w, https:\/\/catholicreview.org\/wp-content\/uploads\/2024\/07\/spence-obit-franny-768x512.jpg 768w, https:\/\/catholicreview.org\/wp-content\/uploads\/2024\/07\/spence-obit-franny-600x400.jpg 600w\" sizes=\"auto, (max-width: 900px) 100vw, 900px\"><\/div>\n<div class=\"ab-block-post-grid-text\">\n<header class=\"ab-block-post-grid-header\">\n<h3 class=\"ab-block-post-grid-title\">Tony Spence, journaliste catholique chevronn\u00e9, d\u00e9c\u00e8de \u00e0 71 ans ; il a qualifi\u00e9 son travail de \u00ab vocation que j\u2019aime vraiment \u00bb<\/h3>\n<\/header>\n<\/div>\n<\/article>\n<article id=\"post-249257\" class=\"ab-post-grid-item post-249257 post type-post status-publish format-standard has-post-thumbnail category-feature category-local-news category-news category-obituaries entry\">\n<div class=\"ab-block-post-grid-image\"><img loading=\"lazy\" decoding=\"async\" width=\"700\" height=\"467\" src=\"https:\/\/editionsbussiere.com\/blog\/wp-content\/uploads\/2024\/08\/Hallacher-Janice-Marie-1952-1.jpg\" class=\"attachment-full size-full\" alt=\"\" srcset=\"https:\/\/editionsbussiere.com\/blog\/wp-content\/uploads\/2024\/08\/Hallacher-Janice-Marie-1952-1.jpg 700w, https:\/\/catholicreview.org\/wp-content\/uploads\/2024\/07\/Hallacher-Janice-Marie-1952-300x200.jpg 300w, https:\/\/catholicreview.org\/wp-content\/uploads\/2024\/07\/Hallacher-Janice-Marie-1952-600x400.jpg 600w\" sizes=\"auto, (max-width: 700px) 100vw, 700px\"><\/div>\n<div class=\"ab-block-post-grid-text\">\n<header class=\"ab-block-post-grid-header\">\n<h3 class=\"ab-block-post-grid-title\">S\u0153ur Janice Marie Hallacher, ancienne directrice du lyc\u00e9e catholique, d\u00e9c\u00e8de \u00e0 92 ans<\/h3>\n<\/header>\n<\/div>\n<\/article>\n<article id=\"post-249210\" class=\"ab-post-grid-item post-249210 post type-post status-publish format-standard has-post-thumbnail category-feature category-local-news category-news category-obituaries entry\">\n<div class=\"ab-block-post-grid-image\"><img loading=\"lazy\" decoding=\"async\" width=\"900\" height=\"600\" src=\"https:\/\/editionsbussiere.com\/blog\/wp-content\/uploads\/2024\/08\/bauermann-obit-1.jpg\" class=\"attachment-full size-full\" alt=\"\" srcset=\"https:\/\/editionsbussiere.com\/blog\/wp-content\/uploads\/2024\/08\/bauermann-obit-1.jpg 900w, https:\/\/catholicreview.org\/wp-content\/uploads\/2024\/07\/bauermann-obit-300x200.jpg 300w, https:\/\/catholicreview.org\/wp-content\/uploads\/2024\/07\/bauermann-obit-768x512.jpg 768w, https:\/\/catholicreview.org\/wp-content\/uploads\/2024\/07\/bauermann-obit-600x400.jpg 600w\" sizes=\"auto, (max-width: 900px) 100vw, 900px\"><\/div>\n<div class=\"ab-block-post-grid-text\">\n<header class=\"ab-block-post-grid-header\">\n<h3 class=\"ab-block-post-grid-title\">Charles Bauermann, d\u00e9fenseur des m\u00e9dias catholiques et des vocations religieuses, d\u00e9c\u00e8de \u00e0 91 ans<\/h3>\n<\/header>\n<\/div>\n<\/article>\n<article id=\"post-248907\" class=\"ab-post-grid-item post-248907 post type-post status-publish format-standard has-post-thumbnail category-deacons category-feature category-local-news category-news category-obituaries entry\">\n<div class=\"ab-block-post-grid-image\"><img loading=\"lazy\" decoding=\"async\" width=\"900\" height=\"600\" src=\"https:\/\/editionsbussiere.com\/blog\/wp-content\/uploads\/2024\/08\/Deacon-Manley-obit-cr-1.jpg\" class=\"attachment-full size-full\" alt=\"\" srcset=\"https:\/\/editionsbussiere.com\/blog\/wp-content\/uploads\/2024\/08\/Deacon-Manley-obit-cr-1.jpg 900w, https:\/\/catholicreview.org\/wp-content\/uploads\/2024\/07\/Deacon-Manley-obit-cr-300x200.jpg 300w, https:\/\/catholicreview.org\/wp-content\/uploads\/2024\/07\/Deacon-Manley-obit-cr-768x512.jpg 768w, https:\/\/catholicreview.org\/wp-content\/uploads\/2024\/07\/Deacon-Manley-obit-cr-600x400.jpg 600w\" sizes=\"auto, (max-width: 900px) 100vw, 900px\"><\/div>\n<div class=\"ab-block-post-grid-text\">\n<header class=\"ab-block-post-grid-header\">\n<h3 class=\"ab-block-post-grid-title\">John \u00ab Skip \u00bb Manley, l\u2019un des diacres les plus anciens de l\u2019archidioc\u00e8se, d\u00e9c\u00e8de \u00e0 l\u2019\u00e2ge de 84 ans<\/h3>\n<\/header>\n<\/div>\n<\/article>\n<\/div>\n<\/section>\n<p class=\"post-copyright\">Droits d\u2019auteur \u00a9 2024 Catholic Review Media<\/p>\n<p class=\"print-friendly\"><img decoding=\"async\" class=\"WP-PrintIcon\" src=\"https:\/\/editionsbussiere.com\/blog\/wp-content\/uploads\/2024\/08\/printer_famfamfam-2.gif\" alt=\"Imprimer\" title=\"Imprimer\" style=\"border: 0px;\"> Imprimer<\/p>\n<p>\t\t\t<!--<rdf:RDF xmlns:rdf=\"http:\/\/www.w3.org\/1999\/02\/22-rdf-syntax-ns#\"\n\t\t\txmlns:dc=\"http:\/\/purl.org\/dc\/elements\/1.1\/\"\n\t\t\txmlns:trackback=\"http:\/\/madskills.com\/public\/xml\/rss\/module\/trackback\/\">\n\t\t<rdf:Description rdf:about=\"https:\/\/catholicreview.org\/redemptorist-father-stephen-vanyo-dies-at-88\/\"\n    dc:identifier=\"https:\/\/catholicreview.org\/redemptorist-father-stephen-vanyo-dies-at-88\/\"\n    dc:title=\"Redemptorist Father Stephen Vanyo dies at 88\"\n    trackback:ping=\"https:\/\/catholicreview.org\/redemptorist-father-stephen-vanyo-dies-at-88\/trackback\/\" \/>\n<\/rdf:RDF>-->\n<\/p>\n<\/div>\n<h2>Un moment de pri\u00e8re intime en vue de nous ouvrir \u00e0 Dieu. <\/h2>\n<p>Cher P\u00e8re des cieux, je me pr\u00e9sente face \u00e0 toi afin que je puisse te exprimer ma gratitude \u00e0 cause de cette in\u00e9dite journ\u00e9e. Je te glorifie pour ta bont\u00e9 et aussi ta loyaut\u00e9 envers moi. Je te supplie de me remplir de ta pr\u00e9sence et de me donner la gr\u00e2ce de te sentir pr\u00e8s de moi tout au long de cette journ\u00e9e. Je te remets toutes mes soucis, mes joies, mes chagrins, mes envies et mes espoirs. Que ton Saint-Esprit illumine mon esprit et renforce ma foi, pour que je puisse cheminer dans ta voie et accomplir ta volont\u00e9. Donne-moi la gr\u00e2ce de vivre selon la compassion que tu nous as montr\u00e9 le mod\u00e8le \u00e0 travers ton Fils admir\u00e9, J\u00e9sus-Christ.<\/p>\n<h3> Note sur compr\u00e9hension : <\/h3>\n<p>La pri\u00e8re nous entra\u00eene dans le famille divine, o\u00f9 le Seigneur notre P\u00e8re nous accueille comme ses prog\u00e9nitures bien-aim\u00e9s. Dans cette connexion familial, nous d\u00e9couvrons le courage et le r\u00e9confort afin de surmonter les \u00e9preuves de ce. Elle nous renvoie \u00e0 les paroles du disciple Pierre, celui-ci incite les chr\u00e9tiennes et les chr\u00e9tiens \u00e0 demeurer fermes dans la foi, m\u00eame en au milieu des temp\u00eates de la vie.<\/p>\n<h3>\nRenforcer notre connexion \u00e0 J\u00e9sus d\u00e8s chaque matin<\/h3>\n<p>Nous sommes capables de ruminer en ce qui concerne l\u2019un des diff\u00e9rents \u00e9vangiles en vue de nous relier envers J\u00e9sus. Par exemple :<\/p>\n<h3>Jean 15, 9-17 : <\/h3>\n<p>\u00a0\u00bb Ce n\u2019est pas vous qui m\u2019avez choisi; mais c\u2019est moi qui vous ai choisis, et qui vous ai \u00e9tablis, afin que vous alliez, et que vous portiez du fruit, et que votre fruit demeure, afin que ce que vous demanderez au P\u00e8re en mon nom, il vous le donne. Ce que je vous commande, c\u2019est de vous aimer les uns les autres.\u00a0\u00bb<\/p>\n<h2> Demander r\u00e9mission \u00e0 Dieu pour nos p\u00e9ch\u00e9s <\/h2>\n<p>Seigneur J\u00e9sus, j\u2019arrive te prier de pardonner mes propres p\u00e9ch\u00e9s. Je suis que je ne suis pas irr\u00e9prochable et que j\u2019ai besoin de ta sainte mis\u00e9ricorde. Je te demande de me lib\u00e9rer de toute ce qui me s\u00e9pare de toi et de me accorder la gr\u00e2ce de vivre en accord avec ta volont\u00e9. Que ta b\u00e9n\u00e9diction divine dissipe les endroits les plus sombres de mon c\u0153ur, purifiant mon \u00eatre et me m\u2019orientant sur la route de la saintet\u00e9. Amen.<\/p>\n<h3> Discussion envers le Seigneur comme avec un ami. <\/h3>\n<p>Nous sommes capables de discuter envers Dieu comme \u00e0 un ami intime, lui confier nos joies et nos peines, lui demander de l\u2019aide dans nos d\u00e9fis quotidiens. Par exemple : Dieu, merci \u00e0 cause de cette in\u00e9dite journ\u00e9e. Je m\u2019approche te prier de \u00e0 \u00eatre tol\u00e9rant avec mes enfants et \u00e0 me accorder la puissance de faire face aux d\u00e9fis de la journ\u00e9e. Je te remets mes projets et mes soucis, et je te demande de me r\u00e9v\u00e9ler comment je suis en mesure de te servir et t\u2019honorer aujourd\u2019hui. Accorde-moi, \u00f4 Seigneur, ta sagesse pour que je puisse prendre les bonnes d\u00e9cisions et ta gr\u00e2ce pour traverser les \u00e9preuves avec foi. Amen.<\/p>\n<h3> Un moment de calme pour entendre Dieu. <\/h3>\n<p>Apr\u00e8s une pri\u00e8re et une m\u00e9ditation, il est essentiel de prendre un moment de silence pour \u00e9couter la voix de Dieu dans nos propres c\u0153urs. Dans ce silence, on peut ressentir sa pr\u00e9sence sereine et accueillir ses inspirations en vue de la journ\u00e9e qui vient.<\/p>\n<h3> Se tourner vers le Christ en vue de d\u00e9couvrir une paix int\u00e9rieure. <\/h3>\n<p>Nous sommes capables de prier J\u00e9sus de nous fournir sa paix et de nous aider en vue de \u00e9couter sa parole. Par exemple :<br \/>\nSeigneur J\u00e9sus, je me pr\u00e9sente te prier m\u2019assister remplir mon propre c\u0153ur par ta tendresse. Je te demande de me d\u00e9gager de toutes pens\u00e9es et les diverses inqui\u00e9tudes qui. Aide-moi \u00e0 \u00e9couter ta parole et \u00e0 la mettre en pratique dans ma vie. Que ton Esprit Saint, \u00f4 Christ, devienne ma force durant de cette journ\u00e9e. Amen.<\/p>\n<h3> Achever notre pri\u00e8re matinale en d\u00e9diant notre journ\u00e9e \u00e0 Dieu. <\/h3>\n<p>Nous pouvonsoffrir nos journ\u00e9e envers Dieu et m\u00eame lui demander de la remplir de sa pr\u00e9sence et de sa b\u00e9n\u00e9diction. Par exemple :<br \/>\nSeigneur, moi te confie cette journ\u00e9e entre tes mains. Que tous de mes pas soit dirig\u00e9 par ton sagesse, que chacune de mes paroles soit inspir\u00e9e par votre amour. Que toutes mes actions soient accomplies selon ta volont\u00e9, pour ta gloire et le bien. Que ta lumi\u00e8re \u00e9claire ma route et que tu habites mon c\u0153ur. Amen.<\/p>\n<h3> Invocation d\u2019imploration matinale. <\/h3>\n<p>La pri\u00e8re du matin consiste \u00e0 solliciter pour les besoins des chr\u00e9tiennes et de nos chr\u00e9tiens. Nous pouvons prier pour les personnes dans le besoin, pour les malades, pour les personnes qui souffrent, pour les personnes qui se trouvent confront\u00e9es \u00e0 des difficult\u00e9s, pour les personnes d\u00e9courag\u00e9es et pour les personnes qui sont dans l\u2019erreur.<\/p>\n<h3> Prier en vue de tous individus au sein de le besoin. <\/p>\n<h3>\n<\/h3>\n<\/h3>\n<p>Seigneur, dans ta grande mis\u00e9ricorde, nous te demandons pour toutes personnes qui traversent de difficult\u00e9s financi\u00e8res. Que lui leur accordes la force et la pers\u00e9v\u00e9rance afin de surmonter ces \u00e9preuves, et \u00e9galement que lui leur apportes les ressources n\u00e9cessaires afin de subvenir \u00e0 leurs besoins. Accorde-leur, Dieu Tout-Puissant, ta providence pour guider leur pas dans l\u2019obscurit\u00e9 de leurs soucis financiers.<\/p>\n<p>On te demandons \u00e9galement pour chaque personnes qui luttent vis-\u00e0-vis de de probl\u00e8mes de sant\u00e9. Que sa main puissante se pose sur elles, Seigneur, pour les gu\u00e9rir ainsi que les r\u00e9conforter dans leur douleur. Accorde-leur, Grand, la force et aussi le courage de faire face \u00e0 leurs d\u00e9fis de sant\u00e9 en confiance en ta divine providence.<\/p>\n<p>Nous te prions encore en vue de chaque personnes qui sont confront\u00e9es \u00e0 des difficult\u00e9s dans leur vie, quelle que soit ce soit sur le secteur professionnel, relationnel ou encore \u00e9motionnel. Que votre gr\u00e2ce, Seigneur, reste leur soutien ainsi que leur r\u00e9confort dans ces moments d\u2019\u00e9preuve. Accorde-leur, \u00f4, ton Esprit Saint afin de illuminer leur chemin ainsi que les guider vers la s\u00e9r\u00e9nit\u00e9.<\/p>\n<p>En conclusion, nous te prions pour chacune des personnes qui sont sans-abri, celles qui sont marginalis\u00e9es et exclues de la soci\u00e9t\u00e9. Que sa mis\u00e9ricorde, Seigneur, se r\u00e9pande sur elles comme une certaine douce ros\u00e9e, leur apportant r\u00e9confort ainsi que espoir dans leur d\u00e9tresse. Accorde-leur, Grand, des mains g\u00e9n\u00e9reuses en vue de les aider ainsi que des c\u0153urs compatissants en vue de les accueillir dans leur communaut\u00e9.<\/p>\n<h3> \u00e9claircissement sur la fameuse pri\u00e8re du matin. <\/h3>\n<p>Au cours de la pri\u00e8re, nous \u00e9levons nos esprits envers le Ciel, implorant la lumi\u00e8re de Dieu pour illuminer nos chemins obscurs. Marie, notre m\u00e8re, nous soutient dans ce voyage, nous \u00e9duquant \u00e0 ruminer sur les myst\u00e8res de la vie de son divin enfant. Elle nous guide vers J\u00e9sus, le phare du monde, qui \u00e9claire nos t\u00e9n\u00e8bres et nous conduit \u00e0 la v\u00e9rit\u00e9.<br \/>\nLa pri\u00e8re nous relie aussi \u00e0 notre communaut\u00e9 religieuse, la famille des croyants, o\u00f9 nous \u00e9changeons nos contentements et nos afflictions, nos attentes et nos inqui\u00e9tudes. Collectivement, nous formons le corps du Christ, appel\u00e9s \u00e0 attester de son charit\u00e9. Par nos supplications, nous sollicitons pour les besoins des disciples et des chr\u00e9tiens, donnant notre amour et notre mis\u00e9ricorde \u00e0 ceux qui \u00e9prouvent.<br \/>\nUnissons-nous dans la pri\u00e8re de debut de journ\u00e9e, dans l\u2019unit\u00e9 de notre esp\u00e9rance, en nous tournant vers Marie, la m\u00e8re de notre Seigneur J\u00e9sus-Christ. Dans notre monde troubl\u00e9 par les conflits et la division, optons \u00e0 la pri\u00e8re pour trouver pour retrouver la s\u00e9r\u00e9nit\u00e9 et l\u2019harmonie. Il est possible envoyer un message pour la Vierge Marie <a target=\"_blank\" rel=\"nofollow\" href=\"https:\/\/editionsbussiere.com\/blog\/goto\/https:\/\/www.avemariasound.org\/\" >en nous faisant appel.<\/a> Que nos pri\u00e8res montent vers le ciel, comme une offrande agr\u00e9able \u00e0 Dieu, pour qu\u2019il guide \u00e9clairer nos chemins sur la voie de la justice et de la v\u00e9rit\u00e9. L\u2019ap\u00f4tre Paul nous dans ses \u00e9p\u00eetres \u00e0 maintenir une pri\u00e8re incessante, quelle que soit la situation, pour que notre communion \u00e0 Dieu soit solide et ardente. La pri\u00e8re, lorsqu\u2019elle est offerte sinc\u00e8rement, a la capacit\u00e9 pour changer nos c\u0153urs et d\u2019influer le cours de l\u2019histoire.<\/p>\n<h2> \u00c9lever nos proches pri\u00e8res pour notre entourage au Seigneur de bon matin.<\/h2>\n<p>La ult\u00e9rieure section de la pri\u00e8re du matin consiste \u00e0 prier pour nos amis, notre famille, nos compagnons et nos communaut\u00e9. Nous pouvons prier pour leur, leur prosp\u00e9rit\u00e9, leur s\u00e9curit\u00e9, et leur prosp\u00e9rit\u00e9. Nous pouvons \u00e9galement prier pour ceux qui nous ont nui et pour celles qui nous ont l\u00e9s\u00e9s, et demander \u00e0 Dieu de nous aider \u00e0 leur propre pardonner et \u00e0 leur t\u00e9moigner de la compassion.<\/p>\n<h3> Implorer pour la condition physique et la tranquillit\u00e9 de nos amis.<\/h3>\n<p>\u00d4 Seigneur, nous te confions nos familles, nos familles ainsi que nos connaissances. Garde, cher Dieu, au-dessus de eux, et sauvegarde -les de tout risque et de toute maladie. Accorde, \u00d4 Seigneur, une bien-\u00eatre du corps et de l\u2019esprit pour eux, ainsi que la paix dans leur c\u0153ur. Que ta protection puissante les garde et les guide tout au long de cette journ\u00e9e, pour qu\u2019il puissent puissent vivre dans la tranquillit\u00e9 ainsi que la qui\u00e9tude.<\/p>\n<p>Nous autres \u00e0 toi prions aussi pour nos propres enfants, Seigneur, afin qu\u2019ils grandissent dans la foi et dans l\u2019amour de ton b\u00e9ni nom. Donne, \u00f4 Dieu, la sagesse ainsi que la vigueur n\u00e9cessaires en vue de surmonter les d\u00e9fis de la vie, ainsi que guide leurs pas le long de le chemin de la v\u00e9rit\u00e9 et aussi de la justice.<\/p>\n<p>Enfin, nous autres te prions pour nos amis ainsi que nos voisins, Seigneur, afin qu\u2019ils connaissent la joie de ton amour et la s\u00e9r\u00e9nit\u00e9 de ton pardon. Accorde-leur, \u00d4 Dieu, des c\u0153urs g\u00e9n\u00e9reux afin de partager avec ceux qui sont dans le besoin, ainsi que bras accueillantes afin de accueillir ceux qui sont seuls ainsi que abandonn\u00e9s.<\/p>\n<h3> Prier pour les n\u00f4tres ennemis ainsi que ceux qui nous ont offens\u00e9s. <\/h3>\n<p>Seigneur, le Christ, nous te prions pour les n\u00f4tres ennemis et pour ces qui nous ont offens\u00e9s. Accorde-leur, \u00f4 Christ, ta mis\u00e9ricorde et aussi ton pardon, et ouvre leur c\u0153ur \u00e0 la lumi\u00e8re de ta v\u00e9rit\u00e9. Aide-nous, \u00d4 Seigneur, \u00e0 leur montrer de la compassion ainsi que \u00e0 leur pardonner comme tu nous as pardonn\u00e9. Que ta paix r\u00e8gne dans nos c\u0153urs ainsi que que votre amour guide notre actions, pour que nous puissions vivre en harmonie avec tous ceux que nous entourent.<\/p>\n<h3> Appr\u00e9hender la pri\u00e8re : <\/h3>\n<p>Pour terminer, l\u2019 invocation nous rappelle notre devoir comme enfant de Dieu : se trouver des t\u00e9moins de sa clart\u00e9 et de son attachement dans une \u00e8re touch\u00e9e aux obscurit\u00e9s. \u00c0 travers nos mots et nos \u0153uvres, nous diffusons la bonne nouvelle de l\u2019 s\u00e9r\u00e9nit\u00e9 et de la rapprochement, apportant l\u2019attente et la gu\u00e9rison \u00e0 un milieu ab\u00eem\u00e9.<\/p>\n<p>\u00c0 l\u2019int\u00e9rieur de l\u2019 spiritualit\u00e9 chr\u00e9tienne, l\u2019 aube porte l\u2019 valeur distincte, repr\u00e9sentant le renouvellement et la r\u00e9g\u00e9n\u00e9ration int\u00e9rieure. C\u2019est au lever du jour de chaque matin\u00e9e que l\u2019\u00e2me se tourne vers Dieu dans la pri\u00e8re, s\u2019effor\u00e7ant \u00e0 devenir \u00e9clair\u00e9e par la clart\u00e9 c\u00e9leste. L\u2019habitude des pri\u00e8res matinales se r\u00e9v\u00e8le profond\u00e9ment enracin\u00e9e dans la tradition chr\u00e9tienne, offrant une p\u00e9riode privil\u00e9gi\u00e9 pour \u00e9tablir une connexion avec Dieu et se pr\u00e9parer mentalement aux \u00e9preuves de la journ\u00e9e qui vient.<\/p>\n<p>Au l\u2019int\u00e9rieur au sein de ces pri\u00e8res matinales s\u2019 observe habituellement une d\u00e9votion distincte \u00e0 l\u2019\u00e9gard de Marie, la mam de J\u00e9sus et personnage sainte v\u00e9n\u00e9r\u00e9e aupr\u00e8s de un grand nombre fid\u00e8les. En tant d\u2019 m\u00e9diatrice parmi les hommes et Dieu, Marie est pri\u00e9e pour m\u00e9dier pour nous, nous guidant sur le chemin de la saintet\u00e9 et de la gr\u00e2ce divine. Sa pr\u00e9sence maternelle donne r\u00e9confort et protection, entourant nos pri\u00e8res matinales avec une d\u00e9licatesse c\u00e9leste.<\/p>\n<p>Au par l\u2019 pri\u00e8res du matin, on est appel\u00e9s \u00e0 nous joindre \u00e0 Marie au sein de une initiative de sanctification personnelle. Par m\u00e9ditant sur sa vie ainsi que ses vertus, nous cherchons \u00e0 imiter son humilit\u00e9, la puret\u00e9 et son ob\u00e9issance \u00e0 la volont\u00e9 de Dieu. Gr\u00e2ce \u00e0 sa saintet\u00e9 exemplaire, Marie est pour nous une mod\u00e8le de vie chr\u00e9tienne, on souvenant l\u2019importance de la pri\u00e8re et du contemplation dans notre cheminement spirituel.<\/p>\n<p>La pri\u00e8re du matin est donc un instant privil\u00e9gi\u00e9 pour se consacrer \u00e0 Dieu avec l\u2019intercession de Marie, en lui offrant nos adorations, nos reconnaissances et nos intentions les plus profondes. Au sein de l\u2019 qui\u00e9tude du l\u2019aurore, on est invit\u00e9s \u00e0 tourner vers cette m\u00e8re divine, qui on guide avec affection sur le chemin de la foi et de l\u2019amour divin. En associant notre voix \u00e0 cette derni\u00e8re de Marie, on augmentons notre pri\u00e8res matinales \u00e0 du tr\u00f4ne du la gr\u00e2ce, confiants que nos supplications seront entendues et accueillies par le c\u0153ur mis\u00e9ricordieux de Dieu.<\/p>\n<p>A lire sur le m\u00eame sujet:<\/p>\n<p>Vierges en fleur\/01.,<a target=\"_blank\" rel=\"nofollow\" href=\"https:\/\/editionsbussiere.com\/blog\/goto\/https:\/\/fr.wikisource.org\/wiki\/Vierges_en_fleur\/01\"  target=\"_blank\" rel=\"noopener noreferrer nofollow\">Article complet.<\/a><span><\/span>. Suite sur le prochain article.<\/p>\n<p>Livre de pri\u00e8res, 1852\/Pri\u00e8res tir\u00e9es de la liturgie.,<a target=\"_blank\" rel=\"nofollow\" href=\"https:\/\/editionsbussiere.com\/blog\/goto\/https:\/\/fr.wikisource.org\/wiki\/Livre_de_pri%C3%A8res,_1852\/Pri%C3%A8res_tir%C3%A9es_de_la_liturgie\"  target=\"_blank\" rel=\"noopener noreferrer nofollow\">Article complet.<\/a><span><\/span><\/p>\n<p>Les Foules de Lourdes\/Chapitre X.,<a target=\"_blank\" rel=\"nofollow\" href=\"https:\/\/editionsbussiere.com\/blog\/goto\/https:\/\/fr.wikisource.org\/wiki\/Les_Foules_de_Lourdes\/Chapitre_X\"  target=\"_blank\" rel=\"noopener noreferrer nofollow\">Article complet.<\/a><span><\/span><\/p>\n<p>La Th\u00e9ba\u00efde en Am\u00e9rique\/Chapitre IV.,<a target=\"_blank\" rel=\"nofollow\" href=\"https:\/\/editionsbussiere.com\/blog\/goto\/https:\/\/fr.wikisource.org\/wiki\/La_Th%C3%A9ba%C3%AFde_en_Am%C3%A9rique\/Chapitre_IV\"  target=\"_blank\" rel=\"noopener noreferrer nofollow\">Le post d\u2019actualit\u00e9.<\/a><span><\/span>. Suite sur le prochain article.<\/p>\n<p>Essais sur le g\u00e9nie de Pindare\/18.,<a target=\"_blank\" rel=\"nofollow\" href=\"https:\/\/editionsbussiere.com\/blog\/goto\/https:\/\/fr.wikisource.org\/wiki\/Essais_sur_le_g%C3%A9nie_de_Pindare\/18\"  target=\"_blank\" rel=\"noopener noreferrer nofollow\">L\u2019article de presse.<\/a><span><\/span><\/p>\n<p>\u00c0 l\u2019ombre de mes dieux\/La vieille \u00e9glise.,<a target=\"_blank\" rel=\"nofollow\" href=\"https:\/\/editionsbussiere.com\/blog\/goto\/https:\/\/fr.wikisource.org\/wiki\/%C3%80_l%E2%80%99ombre_de_mes_dieux\/La_vieille_%C3%A9glise\"  target=\"_blank\" rel=\"noopener noreferrer nofollow\">Ici.<\/a><span><\/span>. Suite sur le prochain article.<\/p>\n<\/div>\n<p><img decoding=\"async\" class=\"wpe_imgrss\" src=\"https:\/\/editionsbussiere.com\/blog\/wp-content\/uploads\/2024\/08\/Deces-du-pere-redemptoriste-Stephen-Vanyo-a-lage-de-88.jpg\">Cet article a \u00e9t\u00e9 reconstitu\u00e9 du mieux possible. Dans l\u2019hypoth\u00e8se o\u00f9 vous souhaitez apporter quelques modifications concernant le th\u00e8me \u00ab\u00a0Editions \u00e9sot\u00e9rique fond\u00e9e en 1927\u00a0\u00bb, il est possible de discuter avec notre r\u00e9daction. Vous pouvez tirer profit de cet article traitant le sujet \u00ab\u00a0Editions \u00e9sot\u00e9rique fond\u00e9e en 1927\u00a0\u00bb. Il est concoct\u00e9 par l\u2019\u00e9quipe editionsbussiere.com. Le site editionsbussiere.com est fait pour cr\u00e9er divers posts autour du th\u00e8me Editions \u00e9sot\u00e9rique fond\u00e9e en 1927 d\u00e9velopp\u00e9es sur internet. Consultez notre site internet editionsbussiere.com et nos r\u00e9seaux sociaux pour \u00eatre au courant des futures annonces.<\/p>\n","protected":false},"excerpt":{"rendered":"<p>Une messe fun\u00e9raire pour le p\u00e8re r\u00e9demptoriste Stephen Vanyo a \u00e9t\u00e9 c\u00e9l\u00e9br\u00e9e le 6 juin au Br\u00e9sil, o\u00f9 le pr\u00eatre avait consacr\u00e9 des d\u00e9cennies de minist\u00e8re. Le p\u00e8re Vanyo est d\u00e9c\u00e9d\u00e9 le 5 juin \u00e0 l\u2019\u00e2ge de 88 ans. N\u00e9 \u00e0 Annapolis, le p\u00e8re Vanyo a fait sa premi\u00e8re profession religieuse comme r\u00e9demptoriste de la [&hellip;]<\/p>\n","protected":false},"author":3,"featured_media":1170,"comment_status":"closed","ping_status":"closed","sticky":false,"template":"","format":"standard","meta":{"footnotes":""},"categories":[3],"tags":[],"class_list":["post-1169","post","type-post","status-publish","format-standard","has-post-thumbnail","hentry","category-editions-esoterique-fondee-en-1927-depeches","entry","fw-tab-6 fw-tabr-4","has-featured-image"],"yoast_head":"<!-- This site is optimized with the Yoast SEO plugin v27.5 - https:\/\/yoast.com\/product\/yoast-seo-wordpress\/ -->\n<title>D\u00e9c\u00e8s du p\u00e8re r\u00e9demptoriste Stephen Vanyo \u00e0 l\u2019\u00e2ge de 88 ans &amp; invocation pour commencer la journ\u00e9e. - EDITIONSBUSSIERE<\/title>\n<meta name=\"robots\" content=\"index, follow, max-snippet:-1, max-image-preview:large, max-video-preview:-1\" \/>\n<link rel=\"canonical\" href=\"https:\/\/editionsbussiere.com\/blog\/deces-du-pere-redemptoriste-stephen-vanyo-a-lage-de-88-ans-invocation-pour-commencer-la-journee\/\" \/>\n<meta property=\"og:locale\" content=\"fr_FR\" \/>\n<meta property=\"og:type\" content=\"article\" \/>\n<meta property=\"og:title\" content=\"D\u00e9c\u00e8s du p\u00e8re r\u00e9demptoriste Stephen Vanyo \u00e0 l\u2019\u00e2ge de 88 ans &amp; invocation pour commencer la journ\u00e9e. - EDITIONSBUSSIERE\" \/>\n<meta property=\"og:description\" content=\"Une messe fun\u00e9raire pour le p\u00e8re r\u00e9demptoriste Stephen Vanyo a \u00e9t\u00e9 c\u00e9l\u00e9br\u00e9e le 6 juin au Br\u00e9sil, o\u00f9 le pr\u00eatre avait consacr\u00e9 des d\u00e9cennies de minist\u00e8re. Le p\u00e8re Vanyo est d\u00e9c\u00e9d\u00e9 le 5 juin \u00e0 l\u2019\u00e2ge de 88 ans. N\u00e9 \u00e0 Annapolis, le p\u00e8re Vanyo a fait sa premi\u00e8re profession religieuse comme r\u00e9demptoriste de la [&hellip;]\" \/>\n<meta property=\"og:url\" content=\"https:\/\/editionsbussiere.com\/blog\/deces-du-pere-redemptoriste-stephen-vanyo-a-lage-de-88-ans-invocation-pour-commencer-la-journee\/\" \/>\n<meta property=\"og:site_name\" content=\"EDITIONSBUSSIERE\" \/>\n<meta property=\"article:published_time\" content=\"2024-08-14T22:04:40+00:00\" \/>\n<meta property=\"og:image\" content=\"https:\/\/editionsbussiere.com\/blog\/wp-content\/uploads\/2024\/08\/Deces-du-pere-redemptoriste-Stephen-Vanyo-a-lage-de-88.jpg\" \/>\n<meta name=\"author\" content=\"Marie BATICLE\" \/>\n<meta name=\"twitter:card\" content=\"summary_large_image\" \/>\n<meta name=\"twitter:label1\" content=\"\u00c9crit par\" \/>\n\t<meta name=\"twitter:data1\" content=\"Marie BATICLE\" \/>\n\t<meta name=\"twitter:label2\" content=\"Dur\u00e9e de lecture estim\u00e9e\" \/>\n\t<meta name=\"twitter:data2\" content=\"14 minutes\" \/>\n<script type=\"application\/ld+json\" class=\"yoast-schema-graph\">{\"@context\":\"https:\\\/\\\/schema.org\",\"@graph\":[{\"@type\":\"Article\",\"@id\":\"https:\\\/\\\/editionsbussiere.com\\\/blog\\\/deces-du-pere-redemptoriste-stephen-vanyo-a-lage-de-88-ans-invocation-pour-commencer-la-journee\\\/#article\",\"isPartOf\":{\"@id\":\"https:\\\/\\\/editionsbussiere.com\\\/blog\\\/deces-du-pere-redemptoriste-stephen-vanyo-a-lage-de-88-ans-invocation-pour-commencer-la-journee\\\/\"},\"author\":{\"name\":\"Marie BATICLE\",\"@id\":\"https:\\\/\\\/editionsbussiere.com\\\/blog\\\/#\\\/schema\\\/person\\\/ec90e102792148c97e46ab871010dd8f\"},\"headline\":\"D\u00e9c\u00e8s du p\u00e8re r\u00e9demptoriste Stephen Vanyo \u00e0 l\u2019\u00e2ge de 88 ans &amp; invocation pour commencer la journ\u00e9e.\",\"datePublished\":\"2024-08-14T22:04:40+00:00\",\"mainEntityOfPage\":{\"@id\":\"https:\\\/\\\/editionsbussiere.com\\\/blog\\\/deces-du-pere-redemptoriste-stephen-vanyo-a-lage-de-88-ans-invocation-pour-commencer-la-journee\\\/\"},\"wordCount\":2748,\"publisher\":{\"@id\":\"https:\\\/\\\/editionsbussiere.com\\\/blog\\\/#organization\"},\"image\":{\"@id\":\"https:\\\/\\\/editionsbussiere.com\\\/blog\\\/deces-du-pere-redemptoriste-stephen-vanyo-a-lage-de-88-ans-invocation-pour-commencer-la-journee\\\/#primaryimage\"},\"thumbnailUrl\":\"https:\\\/\\\/editionsbussiere.com\\\/blog\\\/wp-content\\\/uploads\\\/2024\\\/08\\\/Deces-du-pere-redemptoriste-Stephen-Vanyo-a-lage-de-88.jpg\",\"articleSection\":[\"Editions \u00c9sot\u00e9rique Fond\u00e9e En 1927; D\u00e9p\u00e8ches:\"],\"inLanguage\":\"fr-FR\"},{\"@type\":\"WebPage\",\"@id\":\"https:\\\/\\\/editionsbussiere.com\\\/blog\\\/deces-du-pere-redemptoriste-stephen-vanyo-a-lage-de-88-ans-invocation-pour-commencer-la-journee\\\/\",\"url\":\"https:\\\/\\\/editionsbussiere.com\\\/blog\\\/deces-du-pere-redemptoriste-stephen-vanyo-a-lage-de-88-ans-invocation-pour-commencer-la-journee\\\/\",\"name\":\"D\u00e9c\u00e8s du p\u00e8re r\u00e9demptoriste Stephen Vanyo \u00e0 l\u2019\u00e2ge de 88 ans &amp; invocation pour commencer la journ\u00e9e. - EDITIONSBUSSIERE\",\"isPartOf\":{\"@id\":\"https:\\\/\\\/editionsbussiere.com\\\/blog\\\/#website\"},\"primaryImageOfPage\":{\"@id\":\"https:\\\/\\\/editionsbussiere.com\\\/blog\\\/deces-du-pere-redemptoriste-stephen-vanyo-a-lage-de-88-ans-invocation-pour-commencer-la-journee\\\/#primaryimage\"},\"image\":{\"@id\":\"https:\\\/\\\/editionsbussiere.com\\\/blog\\\/deces-du-pere-redemptoriste-stephen-vanyo-a-lage-de-88-ans-invocation-pour-commencer-la-journee\\\/#primaryimage\"},\"thumbnailUrl\":\"https:\\\/\\\/editionsbussiere.com\\\/blog\\\/wp-content\\\/uploads\\\/2024\\\/08\\\/Deces-du-pere-redemptoriste-Stephen-Vanyo-a-lage-de-88.jpg\",\"datePublished\":\"2024-08-14T22:04:40+00:00\",\"breadcrumb\":{\"@id\":\"https:\\\/\\\/editionsbussiere.com\\\/blog\\\/deces-du-pere-redemptoriste-stephen-vanyo-a-lage-de-88-ans-invocation-pour-commencer-la-journee\\\/#breadcrumb\"},\"inLanguage\":\"fr-FR\",\"potentialAction\":[{\"@type\":\"ReadAction\",\"target\":[\"https:\\\/\\\/editionsbussiere.com\\\/blog\\\/deces-du-pere-redemptoriste-stephen-vanyo-a-lage-de-88-ans-invocation-pour-commencer-la-journee\\\/\"]}]},{\"@type\":\"ImageObject\",\"inLanguage\":\"fr-FR\",\"@id\":\"https:\\\/\\\/editionsbussiere.com\\\/blog\\\/deces-du-pere-redemptoriste-stephen-vanyo-a-lage-de-88-ans-invocation-pour-commencer-la-journee\\\/#primaryimage\",\"url\":\"https:\\\/\\\/editionsbussiere.com\\\/blog\\\/wp-content\\\/uploads\\\/2024\\\/08\\\/Deces-du-pere-redemptoriste-Stephen-Vanyo-a-lage-de-88.jpg\",\"contentUrl\":\"https:\\\/\\\/editionsbussiere.com\\\/blog\\\/wp-content\\\/uploads\\\/2024\\\/08\\\/Deces-du-pere-redemptoriste-Stephen-Vanyo-a-lage-de-88.jpg\",\"width\":900,\"height\":600,\"caption\":\"Deces du pere redemptoriste Stephen Vanyo a lage de 88\"},{\"@type\":\"BreadcrumbList\",\"@id\":\"https:\\\/\\\/editionsbussiere.com\\\/blog\\\/deces-du-pere-redemptoriste-stephen-vanyo-a-lage-de-88-ans-invocation-pour-commencer-la-journee\\\/#breadcrumb\",\"itemListElement\":[{\"@type\":\"ListItem\",\"position\":1,\"name\":\"Accueil\",\"item\":\"https:\\\/\\\/editionsbussiere.com\\\/blog\\\/\"},{\"@type\":\"ListItem\",\"position\":2,\"name\":\"D\u00e9c\u00e8s du p\u00e8re r\u00e9demptoriste Stephen Vanyo \u00e0 l\u2019\u00e2ge de 88 ans &amp; invocation pour commencer la journ\u00e9e.\"}]},{\"@type\":\"WebSite\",\"@id\":\"https:\\\/\\\/editionsbussiere.com\\\/blog\\\/#website\",\"url\":\"https:\\\/\\\/editionsbussiere.com\\\/blog\\\/\",\"name\":\"EDITIONSBUSSIERE\",\"description\":\"Editions \u00e9sot\u00e9rique fond\u00e9e en 1927; site historique, A SAVOIR ET RETENIR.\",\"publisher\":{\"@id\":\"https:\\\/\\\/editionsbussiere.com\\\/blog\\\/#organization\"},\"potentialAction\":[{\"@type\":\"SearchAction\",\"target\":{\"@type\":\"EntryPoint\",\"urlTemplate\":\"https:\\\/\\\/editionsbussiere.com\\\/blog\\\/?s={search_term_string}\"},\"query-input\":{\"@type\":\"PropertyValueSpecification\",\"valueRequired\":true,\"valueName\":\"search_term_string\"}}],\"inLanguage\":\"fr-FR\"},{\"@type\":\"Organization\",\"@id\":\"https:\\\/\\\/editionsbussiere.com\\\/blog\\\/#organization\",\"name\":\"editionsbussiere\",\"url\":\"https:\\\/\\\/editionsbussiere.com\\\/blog\\\/\",\"logo\":{\"@type\":\"ImageObject\",\"inLanguage\":\"fr-FR\",\"@id\":\"https:\\\/\\\/editionsbussiere.com\\\/blog\\\/#\\\/schema\\\/logo\\\/image\\\/\",\"url\":\"https:\\\/\\\/editionsbussiere.com\\\/blog\\\/wp-content\\\/uploads\\\/2023\\\/09\\\/cropped-buss.gif\",\"contentUrl\":\"https:\\\/\\\/editionsbussiere.com\\\/blog\\\/wp-content\\\/uploads\\\/2023\\\/09\\\/cropped-buss.gif\",\"width\":298,\"height\":120,\"caption\":\"editionsbussiere\"},\"image\":{\"@id\":\"https:\\\/\\\/editionsbussiere.com\\\/blog\\\/#\\\/schema\\\/logo\\\/image\\\/\"}},{\"@type\":\"Person\",\"@id\":\"https:\\\/\\\/editionsbussiere.com\\\/blog\\\/#\\\/schema\\\/person\\\/ec90e102792148c97e46ab871010dd8f\",\"name\":\"Marie BATICLE\",\"image\":{\"@type\":\"ImageObject\",\"inLanguage\":\"fr-FR\",\"@id\":\"https:\\\/\\\/secure.gravatar.com\\\/avatar\\\/c923e52403b1b8137e2d929127211d21967e6aecaa053bd43b09da29f212e76e?s=96&d=mm&r=g\",\"url\":\"https:\\\/\\\/secure.gravatar.com\\\/avatar\\\/c923e52403b1b8137e2d929127211d21967e6aecaa053bd43b09da29f212e76e?s=96&d=mm&r=g\",\"contentUrl\":\"https:\\\/\\\/secure.gravatar.com\\\/avatar\\\/c923e52403b1b8137e2d929127211d21967e6aecaa053bd43b09da29f212e76e?s=96&d=mm&r=g\",\"caption\":\"Marie BATICLE\"},\"url\":\"https:\\\/\\\/editionsbussiere.com\\\/blog\\\/author\\\/eremarie\\\/\"}]}<\/script>\n<!-- \/ Yoast SEO plugin. -->","yoast_head_json":{"title":"D\u00e9c\u00e8s du p\u00e8re r\u00e9demptoriste Stephen Vanyo \u00e0 l\u2019\u00e2ge de 88 ans &amp; invocation pour commencer la journ\u00e9e. - EDITIONSBUSSIERE","robots":{"index":"index","follow":"follow","max-snippet":"max-snippet:-1","max-image-preview":"max-image-preview:large","max-video-preview":"max-video-preview:-1"},"canonical":"https:\/\/editionsbussiere.com\/blog\/deces-du-pere-redemptoriste-stephen-vanyo-a-lage-de-88-ans-invocation-pour-commencer-la-journee\/","og_locale":"fr_FR","og_type":"article","og_title":"D\u00e9c\u00e8s du p\u00e8re r\u00e9demptoriste Stephen Vanyo \u00e0 l\u2019\u00e2ge de 88 ans &amp; invocation pour commencer la journ\u00e9e. - EDITIONSBUSSIERE","og_description":"Une messe fun\u00e9raire pour le p\u00e8re r\u00e9demptoriste Stephen Vanyo a \u00e9t\u00e9 c\u00e9l\u00e9br\u00e9e le 6 juin au Br\u00e9sil, o\u00f9 le pr\u00eatre avait consacr\u00e9 des d\u00e9cennies de minist\u00e8re. Le p\u00e8re Vanyo est d\u00e9c\u00e9d\u00e9 le 5 juin \u00e0 l\u2019\u00e2ge de 88 ans. N\u00e9 \u00e0 Annapolis, le p\u00e8re Vanyo a fait sa premi\u00e8re profession religieuse comme r\u00e9demptoriste de la [&hellip;]","og_url":"https:\/\/editionsbussiere.com\/blog\/deces-du-pere-redemptoriste-stephen-vanyo-a-lage-de-88-ans-invocation-pour-commencer-la-journee\/","og_site_name":"EDITIONSBUSSIERE","article_published_time":"2024-08-14T22:04:40+00:00","og_image":[{"url":"https:\/\/editionsbussiere.com\/blog\/wp-content\/uploads\/2024\/08\/Deces-du-pere-redemptoriste-Stephen-Vanyo-a-lage-de-88.jpg","type":"","width":"","height":""}],"author":"Marie BATICLE","twitter_card":"summary_large_image","twitter_misc":{"\u00c9crit par":"Marie BATICLE","Dur\u00e9e de lecture estim\u00e9e":"14 minutes"},"schema":{"@context":"https:\/\/schema.org","@graph":[{"@type":"Article","@id":"https:\/\/editionsbussiere.com\/blog\/deces-du-pere-redemptoriste-stephen-vanyo-a-lage-de-88-ans-invocation-pour-commencer-la-journee\/#article","isPartOf":{"@id":"https:\/\/editionsbussiere.com\/blog\/deces-du-pere-redemptoriste-stephen-vanyo-a-lage-de-88-ans-invocation-pour-commencer-la-journee\/"},"author":{"name":"Marie BATICLE","@id":"https:\/\/editionsbussiere.com\/blog\/#\/schema\/person\/ec90e102792148c97e46ab871010dd8f"},"headline":"D\u00e9c\u00e8s du p\u00e8re r\u00e9demptoriste Stephen Vanyo \u00e0 l\u2019\u00e2ge de 88 ans &amp; invocation pour commencer la journ\u00e9e.","datePublished":"2024-08-14T22:04:40+00:00","mainEntityOfPage":{"@id":"https:\/\/editionsbussiere.com\/blog\/deces-du-pere-redemptoriste-stephen-vanyo-a-lage-de-88-ans-invocation-pour-commencer-la-journee\/"},"wordCount":2748,"publisher":{"@id":"https:\/\/editionsbussiere.com\/blog\/#organization"},"image":{"@id":"https:\/\/editionsbussiere.com\/blog\/deces-du-pere-redemptoriste-stephen-vanyo-a-lage-de-88-ans-invocation-pour-commencer-la-journee\/#primaryimage"},"thumbnailUrl":"https:\/\/editionsbussiere.com\/blog\/wp-content\/uploads\/2024\/08\/Deces-du-pere-redemptoriste-Stephen-Vanyo-a-lage-de-88.jpg","articleSection":["Editions \u00c9sot\u00e9rique Fond\u00e9e En 1927; D\u00e9p\u00e8ches:"],"inLanguage":"fr-FR"},{"@type":"WebPage","@id":"https:\/\/editionsbussiere.com\/blog\/deces-du-pere-redemptoriste-stephen-vanyo-a-lage-de-88-ans-invocation-pour-commencer-la-journee\/","url":"https:\/\/editionsbussiere.com\/blog\/deces-du-pere-redemptoriste-stephen-vanyo-a-lage-de-88-ans-invocation-pour-commencer-la-journee\/","name":"D\u00e9c\u00e8s du p\u00e8re r\u00e9demptoriste Stephen Vanyo \u00e0 l\u2019\u00e2ge de 88 ans &amp; invocation pour commencer la journ\u00e9e. - EDITIONSBUSSIERE","isPartOf":{"@id":"https:\/\/editionsbussiere.com\/blog\/#website"},"primaryImageOfPage":{"@id":"https:\/\/editionsbussiere.com\/blog\/deces-du-pere-redemptoriste-stephen-vanyo-a-lage-de-88-ans-invocation-pour-commencer-la-journee\/#primaryimage"},"image":{"@id":"https:\/\/editionsbussiere.com\/blog\/deces-du-pere-redemptoriste-stephen-vanyo-a-lage-de-88-ans-invocation-pour-commencer-la-journee\/#primaryimage"},"thumbnailUrl":"https:\/\/editionsbussiere.com\/blog\/wp-content\/uploads\/2024\/08\/Deces-du-pere-redemptoriste-Stephen-Vanyo-a-lage-de-88.jpg","datePublished":"2024-08-14T22:04:40+00:00","breadcrumb":{"@id":"https:\/\/editionsbussiere.com\/blog\/deces-du-pere-redemptoriste-stephen-vanyo-a-lage-de-88-ans-invocation-pour-commencer-la-journee\/#breadcrumb"},"inLanguage":"fr-FR","potentialAction":[{"@type":"ReadAction","target":["https:\/\/editionsbussiere.com\/blog\/deces-du-pere-redemptoriste-stephen-vanyo-a-lage-de-88-ans-invocation-pour-commencer-la-journee\/"]}]},{"@type":"ImageObject","inLanguage":"fr-FR","@id":"https:\/\/editionsbussiere.com\/blog\/deces-du-pere-redemptoriste-stephen-vanyo-a-lage-de-88-ans-invocation-pour-commencer-la-journee\/#primaryimage","url":"https:\/\/editionsbussiere.com\/blog\/wp-content\/uploads\/2024\/08\/Deces-du-pere-redemptoriste-Stephen-Vanyo-a-lage-de-88.jpg","contentUrl":"https:\/\/editionsbussiere.com\/blog\/wp-content\/uploads\/2024\/08\/Deces-du-pere-redemptoriste-Stephen-Vanyo-a-lage-de-88.jpg","width":900,"height":600,"caption":"Deces du pere redemptoriste Stephen Vanyo a lage de 88"},{"@type":"BreadcrumbList","@id":"https:\/\/editionsbussiere.com\/blog\/deces-du-pere-redemptoriste-stephen-vanyo-a-lage-de-88-ans-invocation-pour-commencer-la-journee\/#breadcrumb","itemListElement":[{"@type":"ListItem","position":1,"name":"Accueil","item":"https:\/\/editionsbussiere.com\/blog\/"},{"@type":"ListItem","position":2,"name":"D\u00e9c\u00e8s du p\u00e8re r\u00e9demptoriste Stephen Vanyo \u00e0 l\u2019\u00e2ge de 88 ans &amp; invocation pour commencer la journ\u00e9e."}]},{"@type":"WebSite","@id":"https:\/\/editionsbussiere.com\/blog\/#website","url":"https:\/\/editionsbussiere.com\/blog\/","name":"EDITIONSBUSSIERE","description":"Editions \u00e9sot\u00e9rique fond\u00e9e en 1927; site historique, A SAVOIR ET RETENIR.","publisher":{"@id":"https:\/\/editionsbussiere.com\/blog\/#organization"},"potentialAction":[{"@type":"SearchAction","target":{"@type":"EntryPoint","urlTemplate":"https:\/\/editionsbussiere.com\/blog\/?s={search_term_string}"},"query-input":{"@type":"PropertyValueSpecification","valueRequired":true,"valueName":"search_term_string"}}],"inLanguage":"fr-FR"},{"@type":"Organization","@id":"https:\/\/editionsbussiere.com\/blog\/#organization","name":"editionsbussiere","url":"https:\/\/editionsbussiere.com\/blog\/","logo":{"@type":"ImageObject","inLanguage":"fr-FR","@id":"https:\/\/editionsbussiere.com\/blog\/#\/schema\/logo\/image\/","url":"https:\/\/editionsbussiere.com\/blog\/wp-content\/uploads\/2023\/09\/cropped-buss.gif","contentUrl":"https:\/\/editionsbussiere.com\/blog\/wp-content\/uploads\/2023\/09\/cropped-buss.gif","width":298,"height":120,"caption":"editionsbussiere"},"image":{"@id":"https:\/\/editionsbussiere.com\/blog\/#\/schema\/logo\/image\/"}},{"@type":"Person","@id":"https:\/\/editionsbussiere.com\/blog\/#\/schema\/person\/ec90e102792148c97e46ab871010dd8f","name":"Marie BATICLE","image":{"@type":"ImageObject","inLanguage":"fr-FR","@id":"https:\/\/secure.gravatar.com\/avatar\/c923e52403b1b8137e2d929127211d21967e6aecaa053bd43b09da29f212e76e?s=96&d=mm&r=g","url":"https:\/\/secure.gravatar.com\/avatar\/c923e52403b1b8137e2d929127211d21967e6aecaa053bd43b09da29f212e76e?s=96&d=mm&r=g","contentUrl":"https:\/\/secure.gravatar.com\/avatar\/c923e52403b1b8137e2d929127211d21967e6aecaa053bd43b09da29f212e76e?s=96&d=mm&r=g","caption":"Marie BATICLE"},"url":"https:\/\/editionsbussiere.com\/blog\/author\/eremarie\/"}]}},"_links":{"self":[{"href":"https:\/\/editionsbussiere.com\/blog\/wp-json\/wp\/v2\/posts\/1169","targetHints":{"allow":["GET"]}}],"collection":[{"href":"https:\/\/editionsbussiere.com\/blog\/wp-json\/wp\/v2\/posts"}],"about":[{"href":"https:\/\/editionsbussiere.com\/blog\/wp-json\/wp\/v2\/types\/post"}],"author":[{"embeddable":true,"href":"https:\/\/editionsbussiere.com\/blog\/wp-json\/wp\/v2\/users\/3"}],"replies":[{"embeddable":true,"href":"https:\/\/editionsbussiere.com\/blog\/wp-json\/wp\/v2\/comments?post=1169"}],"version-history":[{"count":0,"href":"https:\/\/editionsbussiere.com\/blog\/wp-json\/wp\/v2\/posts\/1169\/revisions"}],"wp:featuredmedia":[{"embeddable":true,"href":"https:\/\/editionsbussiere.com\/blog\/wp-json\/wp\/v2\/media\/1170"}],"wp:attachment":[{"href":"https:\/\/editionsbussiere.com\/blog\/wp-json\/wp\/v2\/media?parent=1169"}],"wp:term":[{"taxonomy":"category","embeddable":true,"href":"https:\/\/editionsbussiere.com\/blog\/wp-json\/wp\/v2\/categories?post=1169"},{"taxonomy":"post_tag","embeddable":true,"href":"https:\/\/editionsbussiere.com\/blog\/wp-json\/wp\/v2\/tags?post=1169"}],"curies":[{"name":"wp","href":"https:\/\/api.w.org\/{rel}","templated":true}]}}