{"id":1155,"date":"2024-08-13T15:07:53","date_gmt":"2024-08-13T13:07:53","guid":{"rendered":"https:\/\/editionsbussiere.com\/blog\/le-coleraine-fc-publie-une-declaration-alors-quune-enquete-est-lancee-sur-le-chant-f-k-the-pope-dans-un-club-social-the-irish-news-pour-adresser-ses-prieres-a-la-m\/"},"modified":"2024-08-13T15:07:53","modified_gmt":"2024-08-13T13:07:53","slug":"le-coleraine-fc-publie-une-declaration-alors-quune-enquete-est-lancee-sur-le-chant-f-k-the-pope-dans-un-club-social-the-irish-news-pour-adresser-ses-prieres-a-la-m","status":"publish","type":"post","link":"https:\/\/editionsbussiere.com\/blog\/le-coleraine-fc-publie-une-declaration-alors-quune-enquete-est-lancee-sur-le-chant-f-k-the-pope-dans-un-club-social-the-irish-news-pour-adresser-ses-prieres-a-la-m\/","title":{"rendered":"Le Coleraine FC publie une d\u00e9claration alors qu\u2019une enqu\u00eate est lanc\u00e9e sur le chant \u00ab F ** k the Pope \u00bb dans un club social \u2013 The Irish News\n pour adresser ses pri\u00e8res \u00e0 la m\u00e8re de dieu Marie."},"content":{"rendered":"<div><img width=\"580\" height=\"305\" src=\"https:\/\/editionsbussiere.com\/blog\/wp-content\/uploads\/2024\/08\/Les-chants-Fk-the-Pope-and-Virgin-Mary-1024x538-2.jpg\" class=\"attachment-large size-large wp-post-image\" alt=\"Les chants \u00ab F**k the Pope and Virgin Mary \u00bb\" style=\"float:left; margin:0 15px 15px 0;\" decoding=\"async\" loading=\"lazy\" srcset=\"https:\/\/editionsbussiere.com\/blog\/wp-content\/uploads\/2024\/08\/Les-chants-Fk-the-Pope-and-Virgin-Mary-1024x538-2.jpg 1024w, https:\/\/www.n42.fr\/wp-content\/uploads\/2024\/08\/Les-chants-Fk-the-Pope-and-Virgin-Mary-300x158.jpg 300w, https:\/\/www.n42.fr\/wp-content\/uploads\/2024\/08\/Les-chants-Fk-the-Pope-and-Virgin-Mary-768x403.jpg 768w, https:\/\/www.n42.fr\/wp-content\/uploads\/2024\/08\/Les-chants-Fk-the-Pope-and-Virgin-Mary.jpg 1200w\" sizes=\"auto, (max-width: 580px) 100vw, 580px\"><\/p>\n<p>\n<\/p>\n<div id=\"\">\n<p class=\"c-paragraph\">Le Coleraine FC a lanc\u00e9 une enqu\u00eate apr\u00e8s que des loyalistes ont scand\u00e9 \u00ab F**k the Pope and Virgin Mary \u00bb et chant\u00e9 des chansons de l\u2019UVF lors d\u2019un \u00e9v\u00e9nement organis\u00e9 dans son club social ce week-end.<\/p>\n<p class=\"c-paragraph\">Le PSNI a d\u00e9clar\u00e9 qu\u2019il traitait l\u2019incident comme un \u00ab incident de haine \u00e0 motivation sectaire \u00bb.<\/p>\n<p class=\"c-paragraph\">La F\u00e9d\u00e9ration irlandaise de football a d\u00e9clar\u00e9 mardi avoir \u00ab soulev\u00e9 la question directement aupr\u00e8s du club \u00bb, ajoutant qu\u2019elle s\u2019opposait \u00ab \u00e0 toute forme de discrimination \u00bb.<\/p>\n<p class=\"c-paragraph\">Des images circulant sur les r\u00e9seaux sociaux montrent un groupe de loyalistes \u00e9cossais jouant une m\u00e9lodie sectaire pleine de haine au Coleraine FC Social Club samedi.<\/p>\n<div class=\"c-grid b-top-table-list\">\n<div class=\"c-grid b-top-table-list-small-container b-top-table-list-small-container--2\">\n<article class=\"c-grid b-top-table-list-small b-top-table-list-small--left\">\n<figure class=\"c-media-item\"><\/figure>\n<\/article>\n<article class=\"c-grid b-top-table-list-small b-top-table-list-small--left\">\n<figure class=\"c-media-item\"><\/figure>\n<\/article>\n<\/div>\n<\/div>\n<p class=\"c-paragraph\">Dans un autre clip, on peut \u00e9galement voir et entendre une femme sur sc\u00e8ne chanter une chanson glorifiant l\u2019UVF, responsable de centaines de meurtres sectaires pendant les Troubles.<\/p>\n<p class=\"c-paragraph\">Les enregistrements ont \u00e9t\u00e9 r\u00e9alis\u00e9s quelques heures apr\u00e8s que des milliers de loyalistes ont assist\u00e9 \u00e0 un d\u00e9fil\u00e9 des Apprentice Boys \u00e0 Derry samedi.<\/p>\n<hr class=\"c-divider\">\n<hr class=\"c-divider\">\n<p class=\"c-paragraph\">Au cours de l\u2019\u00e9v\u00e9nement, le groupe de fl\u00fbtes Pride of the North, bas\u00e9 \u00e0 Glasgow, a dirig\u00e9 une foule loyaliste dans un ch\u0153ur sectaire qui comprenait \u00ab Pas de pape de Rome \u00bb.<\/p>\n<p class=\"c-paragraph\">L\u2019hymne sectaire comprend les mots \u00ab Non, pas de pape de Rome, pas de chapelles pour attrister mes yeux, pas de religieuses et pas de pr\u00eatres, pas de chapelet, chaque jour est le 12 juillet. \u00bb<\/p>\n<p class=\"c-paragraph\"><b>Si vous ne voyez pas la vid\u00e9o ci-dessous, <\/b><b>Cliquez ici.<\/b><\/p>\n<p class=\"c-paragraph\">Certains passants ont chant\u00e9 des paroles sectaires tandis que d\u2019autres ont \u00e9t\u00e9 vus agitant des drapeaux syndicaux et levant les bras en l\u2019air.<\/p>\n<p class=\"c-paragraph\">On peut \u00e9galement entendre certains des pr\u00e9sents scander \u00ab f**k the Pope and the Virgin Mary \u00bb.<\/p>\n<p class=\"c-paragraph\">Des images ont \u00e9galement \u00e9t\u00e9 diffus\u00e9es, montrant une artiste f\u00e9minine chantant une chanson glorifiant l\u2019UVF dans une salle bond\u00e9e.<\/p>\n<p class=\"c-paragraph\">Dans un communiqu\u00e9, le Coleraine FC a d\u00e9clar\u00e9 avoir \u00e9t\u00e9 inform\u00e9 de vid\u00e9os circulant sur les r\u00e9seaux sociaux \u00ab d\u2019une fonction priv\u00e9e organis\u00e9e dans le club social \u00bb.<\/p>\n<p class=\"c-paragraph\">\u00ab Bien que le club ne supervise pas les activit\u00e9s qui se d\u00e9roulent lors d\u2019\u00e9v\u00e9nements priv\u00e9s, nous menons une enqu\u00eate aupr\u00e8s des organisateurs de l\u2019\u00e9v\u00e9nement et r\u00e9viserons notre politique de location \u00bb, a-t-il d\u00e9clar\u00e9.<\/p>\n<p class=\"c-paragraph\">\u00ab Le Coleraine Football Club ne fera aucun autre commentaire. \u00bb<\/p>\n<p class=\"c-paragraph\">Il a \u00e9t\u00e9 demand\u00e9 au club s\u2019il condamnait la musique sectaire et autre musique offensante jou\u00e9e lors de l\u2019\u00e9v\u00e9nement et si les organisateurs seraient autoris\u00e9s \u00e0 utiliser la salle \u00e0 l\u2019avenir.<\/p>\n<p class=\"c-paragraph\">Sur son site Internet, le Coleraine FC d\u00e9clare qu\u2019il \u00ab approuve pleinement la d\u00e9claration de politique de relations communautaires de l\u2019Association irlandaise de football, qui respecte et valorise la diversit\u00e9 \u00bb.<\/p>\n<p class=\"c-paragraph\">Le club affirme \u00e9galement qu\u2019il soutient \u00ab le plan en 10 points de l\u2019UEFA pour lutter contre le racisme et le sectarisme \u00bb.<\/p>\n<p class=\"c-paragraph\">Coleraine, l\u2019un des clubs de football les plus en vue du nord, a remport\u00e9 la Coupe d\u2019Irlande en 2018. Le club du comt\u00e9 de Derry a des projets ambitieux pour moderniser ses installations au Showgrounds, o\u00f9 il est bas\u00e9.<\/p>\n<p class=\"c-paragraph\">Plus t\u00f4t cette ann\u00e9e, le ministre des sports du DUP, Gordon Lyons, originaire de Coleraine, a visit\u00e9 le club pour entendre parler des projets de \u00ab modernisation des installations du club en partenariat avec les acteurs locaux et de l\u2019impact potentiel du programme de stades sous-r\u00e9gionaux \u00bb \u2013 qui fournit un financement aux clubs de football.<\/p>\n<p class=\"c-paragraph\">Le minist\u00e8re des Communaut\u00e9s n\u2019a pas r\u00e9pondu lorsqu\u2019on lui a demand\u00e9 s\u2019il avait des commentaires \u00e0 faire.<\/p>\n<p class=\"c-paragraph\">Une porte-parole du PSNI a d\u00e9clar\u00e9 : \u00ab La police est au courant d\u2019une vid\u00e9o circulant en ligne.<\/p>\n<p class=\"c-paragraph\">\u00ab Des enqu\u00eates sur les circonstances entourant le contenu de la vid\u00e9o sont en cours.<\/p>\n<p class=\"c-paragraph\">\u00ab Cet incident est trait\u00e9 comme un incident haineux \u00e0 caract\u00e8re sectaire. \u00bb<\/p>\n<\/div>\n<h2>\n<\/h2>\n<p>L\u2019Importance de la D\u00e9votion Mariale<\/p>\n<p>L\u2019invocation \u00e0 Marie repr\u00e9sente un \u00e9l\u00e9ment crucial de la spiritualit\u00e9 chr\u00e9tienne, solidement enracin\u00e9e dans les enseignements catholiques depuis des si\u00e8cles. C\u2019est un fondement sur lequel les croyants s\u2019appuient pour trouver confort, guidance et intercession dans leur relation envers Dieu. \u00c0 travers les \u00e2ges, cette pi\u00e9t\u00e9 a \u00e9t\u00e9 renforc\u00e9e par les enseignements de la Bible, les coutumes eccl\u00e9siastiques, et le mod\u00e8le des saints qui ont honor\u00e9 Marie en tant que bienveillante.<\/p>\n<h3>\n<\/h3>\n<p>L\u2019usage du Ave Maria<\/p>\n<p>Le Chapelet tient une position centrale au sein de la spiritualit\u00e9 de nombreux croyants. En r\u00e9citant les myst\u00e8res joyeux, douloureux, lumineux et glorieux, les d\u00e9vots se plongent dans les moments li\u00e9s \u00e0 J\u00e9sus et Marie, renfor\u00e7ant ainsi leur connexion spirituelle avec eux. \u00c0 travers chaque Ave Maria, ils manifestent leur foi en l\u2019intercession de Marie ainsi que leur aspiration \u00e0 suivre les pas du Christ. Saint Louis-Marie Grignion de Montfort, dans son ouvrage sur la d\u00e9votion authentique \u00e0 la Vierge Marie, invite les fid\u00e8les \u00e0 pratiquer r\u00e9guli\u00e8rement la m\u00e9ditation sur les myst\u00e8res du rosaire afin de renforcer leur relation avec la M\u00e8re de Dieu. Cet antique rituel, transmise de g\u00e9n\u00e9ration en g\u00e9n\u00e9ration, reste un phare spirituel pour les croyants, les aidant \u00e0 se connecter avec la c\u00e9leste Dame.<\/p>\n<h3>\n<\/h3>\n<p>L\u2019exhortation \u00e0 la pri\u00e8re<\/p>\n<p>Unissons nos voix dans la pri\u00e8re, fr\u00e8res et s\u0153urs, dans l\u2019unit\u00e9 de notre confiance, en Marie, la m\u00e8re de notre Seigneur J\u00e9sus-Christ. Au sein de notre monde troubl\u00e9 par les conflits et la discorde, optons \u00e0 la pri\u00e8re comme un moyen pour trouver la s\u00e9r\u00e9nit\u00e9 et la r\u00e9conciliation. Il est possible exprimer une sollicitation pour la m\u00e8re de dieu <a target=\"_blank\" rel=\"nofollow\" href=\"https:\/\/editionsbussiere.com\/blog\/goto\/https:\/\/www.avemariasound.org\/\" >par internet.<\/a> Que nos supplications s\u2019\u00e9l\u00e8vent vers le ciel, comme un hommage agr\u00e9able par Dieu, afin qu\u2019il guide nous guider nos chemins vers le chemin de la v\u00e9rit\u00e9 et de la justice. L\u2019ap\u00f4tre Paul nous exhorte dans ses lettres \u00e0 prier sans cesse, en toutes circonstances, pour que notre communion avec Dieu reste solide et ardente. La pri\u00e8re, lorsqu\u2019elle est offerte sinc\u00e8rement, a le pouvoir de changer nos c\u0153urs et de modifier le destin de l\u2019histoire.<\/p>\n<h2>\n<\/h2>\n<p>L\u2019enseignement du Souverain Pontife<\/p>\n<p>Le Souverain Pontife, dans ses \u00e9crits \u00e9clair\u00e9s, publi\u00e9s par Bayard, nous souligne la valeur de la pri\u00e8re quotidienne. \u00c0 travers ses discours et ses audiences, il nous incite \u00e0 d\u00e9velopper une relation personnelle avec le divin, en s\u2019appuyant sur la m\u00e9ditation de la Parole biblique ainsi que la pratique du Rosaire. Sa mani\u00e8re d\u2019\u00eatre d\u2019humilit\u00e9 et de compassion nous encourage \u00e0 approfondir nos pri\u00e8res et \u00e0 chercher la pr\u00e9sence divine dans chaque aspect de notre existence. Saint Jean-Paul II, dans son \u00e9crit sur la foi chr\u00e9tienne, nous souligne que la pri\u00e8re quotidienne est la base de la vie spirituelle et que c\u2019est par elle que nous sommes unis \u00e0 Dieu. La pratique de la pri\u00e8re, transmise par les pontifes de g\u00e9n\u00e9ration en g\u00e9n\u00e9ration, est une bou\u00e9e d\u2019espoir dans les temp\u00eates, un fondement solide auquel les \u00e2mes peuvent s\u2019appuyer.<\/p>\n<h3>\n<\/h3>\n<p>Les ouvrages de Leli\u00e8vre et Hubert<\/p>\n<p>Dans le cadre de la spiritualit\u00e9, l\u2019\u00e9glise pr\u00e9conise le recours \u00e0 la pri\u00e8re, et durant la pri\u00e8re, les fid\u00e8les effectuent le geste du signe de la croix et r\u00e9citent le Je vous salue Marie. Des penseurs contemporains, comme Leli\u00e8vre et Hubert, nous incitent aussi \u00e0 r\u00e9fl\u00e9chir sur la force de la pri\u00e8re, \u00e0 travers leurs \u00e9crits inspirants. Leurs \u00e9crits, riches en enseignements spirituels, nous orientent dans notre parcours de la foi et nous invitent \u00e0 trouver dans les richesses de la tradition chr\u00e9tienne pour enrichir notre vie spirituelle. En m\u00e9ditant sur leurs \u00e9crits, nous d\u00e9couvrons de nouvelles mani\u00e8res de d\u00e9velopper notre connexion avec le divin et de grandir dans notre cheminement vers la saintet\u00e9. L\u2019ap\u00f4tre Jean, dans l\u2019\u00c9vangile, nous rappelle que la pri\u00e8re est une puissante voie de demeurer en communion avec Dieu et de recevoir ses b\u00e9n\u00e9dictions. Chaque passage de leurs publications ressemble \u00e0 un appel \u00e0 une pri\u00e8re fervente et \u00e0 une existence emplie de la pr\u00e9sence divine. Dans notre recherche de connexion spirituelle, chaque \u0153uvre lue devient une invitation \u00e0 s\u2019\u00e9lever vers le divin, \u00e0 travers la r\u00e9flexion et la m\u00e9ditation.<\/p>\n<h3>\n<\/h3>\n<p>La d\u00e9votion dans la chapelle<\/p>\n<p>Dans nos chapelles modestes ou majestueuses, tournons-nous vers Dieu en toute confiance et humilit\u00e9, car nous savons qu\u2019il \u00e9coute nos pri\u00e8res avec une affection infinie. Que chaque flamme vacillante, chaque Ave Maria r\u00e9cit\u00e9, soit une offrande \u00e0 notre Seigneur et \u00e0 sa sainte m\u00e8re, Marie. Que nos instants de d\u00e9votion dans la chapelle soient des occasions de b\u00e9n\u00e9diction et de renouvellement spirituel, nous renfor\u00e7ant pour faire face \u00e0 les d\u00e9fis avec courage et foi. La sainte Bernadette Soubirous, \u00e0 qui la Vierge Marie est apparue \u00e0 Lourdes, nous d\u00e9montre la valeur de la pri\u00e8re dans la vie des fid\u00e8les et l\u2019efficacit\u00e9 de l\u2019intercession de la Vierge Marie. Chaque personne qui entre dans une chapelle, chaque verset des \u00c9critures lu dans ce lieu saint, constitue une rencontre avec la divinit\u00e9, une \u00e9tape cruciale sur le chemin de la transformation int\u00e9rieure. \u00c0 travers les textes sacr\u00e9s, tout croyant est invit\u00e9 \u00e0 contempler sur la croix du Christ, \u00e0 m\u00e9diter sur son sacrifice, et \u00e0 trouver consolation et esp\u00e9rance dans sa gr\u00e2ce r\u00e9demptrice.<\/p>\n<h2>\nLa pri\u00e8re comme m\u00e9decine pour l\u2019\u00e2me<br \/>\n<\/h2>\n<p>Tel un th\u00e9rapeute pour notre \u00eatre int\u00e9rieur, la pri\u00e8re nous r\u00e9conforte ainsi que nous fortifie dans les moments de douleur et de d\u00e9sespoir. Elle nous fait souvenir que la pr\u00e9sence divine ne nous quitte jamais, m\u00eame dans les moments les plus sombres de notre existence. En nous penchant vers lui \u00e0 travers la pri\u00e8re, nous d\u00e9couvrons la force int\u00e9rieure n\u00e9cessaire pour traverser les \u00e9preuves et pour affronter l\u2019avenir avec esp\u00e9rance et confiance. L\u2019acte de prier est comme une source d\u2019eau vive qui \u00e9tanche notre soif spirituelle et qui, sur notre chemin de foi, nous r\u00e9g\u00e9n\u00e8re.<br \/>\n\u00c0 chaque pri\u00e8re prononc\u00e9e, \u00e0 chaque intention port\u00e9e, notre \u00e2me trouve un r\u00e9confort c\u00e9leste, une gu\u00e9rison spirituelle, qui va au-del\u00e0 de les limites de la condition humaine. Chaque verset de la Bible nous invite \u00e0 \u00e9changer avec Dieu, \u00e0 lui confier nos fardeaux, et \u00e0 accueillir sa gr\u00e2ce transformatrice.<\/p>\n<h2>Un regard diff\u00e9rent sur l\u2019acte de prier Marie<\/h2>\n<p>La d\u00e9votion \u00e0 Marie repr\u00e9sente une coutume profond\u00e9ment enracin\u00e9e dans la tradition religieuse catholique chr\u00e9tienne, offrant un lien spirituel pr\u00e9cieux pour les croyants \u00e0 travers le globe. Comme figure maternelle spirituelle et intercesseur d\u00e9vou\u00e9, elle est invoqu\u00e9e avec d\u00e9votion lors des instants de n\u00e9cessit\u00e9 et de louange. Le chapelet, avec ses myst\u00e8res \u00e0 m\u00e9diter, accompagne les croyants dans leur parcours religieux, les aidant \u00e0 m\u00e9diter sur J\u00e9sus, son fils, \u00e0 travers les yeux de la Vierge Marie. Cette d\u00e9votion mariale se refl\u00e8te dans les sites sacr\u00e9s comme Lourdes, o\u00f9 les visiteurs se rassemblent en qu\u00eate de r\u00e9confort et de gu\u00e9rison, repr\u00e9sentant le lien profond entre la foi catholique et l\u2019adoration de Marie. Les enseignements \u00e9clairants de th\u00e9ologiens comme Leli\u00e8vre et Hubert fournissent une r\u00e9flexion pr\u00e9cieuse sur la valeur de la pri\u00e8re \u00e0 Marie et son impact sur la spiritualit\u00e9 des croyants. Gr\u00e2ce \u00e0 une lecture attentive de textes de d\u00e9votion et des \u00c9critures, les fid\u00e8les \u00e9largissent leur compr\u00e9hension de la v\u00e9n\u00e9ration de Marie et cultivent une relation plus profonde avec Marie, notre m\u00e8re spirituelle. Dans un monde o\u00f9 pr\u00e9dominent les conflits et les troubles, la d\u00e9votion \u00e0 Marie constitue un refuge de paix et d\u2019espoir, incitant chaque individu, quelle que soit sa position dans la foi catholique, \u00e0 solliciter la Sainte Vierge avec confiance et d\u00e9votion. Unissons donc nos pri\u00e8res, avec sinc\u00e9rit\u00e9 et humilit\u00e9, en reconnaissant Marie comme notre m\u00e8re et notre intercesseur, en lui confiant nos v\u0153ux et nos aspirations les plus profondes. Dans cette d\u00e9marche vers Dieu, tout adepte est convi\u00e9 \u00e0 suivre la voie des pri\u00e8res et des d\u00e9sirs du c\u0153ur, sous la direction du saint P\u00e8re et les ressources spirituelles pr\u00e9cieuses disponibles sur des plateformes comme Aleteia. Par cons\u00e9quent, avec un c\u0153ur ouvert et une humble confiance, saluons Marie dans notre pri\u00e8re quotidienne, lui demandant de nous interc\u00e9der, ainsi que la gr\u00e2ce de pers\u00e9v\u00e9rer dans la pri\u00e8re ardente.<br \/>\nQue notre communion avec le divin constitue notre refuge et notre r\u00e9confort en toute circonstance. Que nous nous tournions vers Marie, notre m\u00e8re c\u00e9leste, avec une foi in\u00e9branlable et un c\u0153ur ouvert, convaincus qu\u2019elle plaide en notre faveur devant son fils bien-aim\u00e9. Que notre dialogue avec le divin nous m\u00e8ne vers la voie de la saintet\u00e9, nous rapprochant toujours plus de Dieu et de son amour infini.<\/p>\n<p>Bibliographie :<\/p>\n<p>Po\u00e9sies de John Keats\/La Veille de la Sainte-Agn\u00e8s.,<a target=\"_blank\" rel=\"nofollow\" href=\"https:\/\/editionsbussiere.com\/blog\/goto\/https:\/\/fr.wikisource.org\/wiki\/Po%C3%A9sies_de_John_Keats\/La_Veille_de_la_Sainte-Agn%C3%A8s\"  target=\"_blank\" rel=\"noopener noreferrer nofollow\">L\u2019article de presse.<\/a><span><\/span>. Suite sur le prochain article.<\/p>\n<p>Les vies des plus excellents peintres, sculpteurs, et architectes\/Niccolo di PIERO.,<a target=\"_blank\" rel=\"nofollow\" href=\"https:\/\/editionsbussiere.com\/blog\/goto\/https:\/\/fr.wikisource.org\/wiki\/Les_vies_des_plus_excellents_peintres,_sculpteurs,_et_architectes\/Niccolo_di_PIERO\"  target=\"_blank\" rel=\"noopener noreferrer nofollow\">Ici.<\/a><span><\/span><\/p>\n<p>Les Noces chymiques de Christian Rosenkreutz\/Jour 3.,<a target=\"_blank\" rel=\"nofollow\" href=\"https:\/\/editionsbussiere.com\/blog\/goto\/https:\/\/fr.wikisource.org\/wiki\/Les_Noces_chymiques_de_Christian_Rosenkreutz\/Jour_3\"  target=\"_blank\" rel=\"noopener noreferrer nofollow\">L\u2019article de presse.<\/a><span><\/span>. Suite sur le prochain article.<\/p>\n<p>Le Parnasse contemporain\/1866\/Ekhidna.,<a target=\"_blank\" rel=\"nofollow\" href=\"https:\/\/editionsbussiere.com\/blog\/goto\/https:\/\/fr.wikisource.org\/wiki\/Le_Parnasse_contemporain\/1866\/Ekhidna\"  target=\"_blank\" rel=\"noopener noreferrer nofollow\">L\u2019article de presse.<\/a><span><\/span>. Suite sur le prochain article.<\/p>\n<p>L\u00e9gendes canadiennes (Rouleau)\/Tome II\/04.,<a target=\"_blank\" rel=\"nofollow\" href=\"https:\/\/editionsbussiere.com\/blog\/goto\/https:\/\/fr.wikisource.org\/wiki\/L%C3%A9gendes_canadiennes_(Rouleau)\/Tome_II\/04\"  target=\"_blank\" rel=\"noopener noreferrer nofollow\">Le post d\u2019actualit\u00e9.<\/a><span><\/span><\/p>\n<p>Chapelets de Notre-Seigneur J\u00e9sus-Christ et de la Sainte Vierge\/Stabat Mater.,<a target=\"_blank\" rel=\"nofollow\" href=\"https:\/\/editionsbussiere.com\/blog\/goto\/https:\/\/fr.wikisource.org\/wiki\/Chapelets_de_Notre-Seigneur_J%C3%A9sus-Christ_et_de_la_Sainte_Vierge\/Stabat_Mater\"  target=\"_blank\" rel=\"noopener noreferrer nofollow\">A lire ici.<\/a><span><\/span><\/p>\n<\/div>\n<p><img decoding=\"async\" class=\"wpe_imgrss\" src=\"https:\/\/editionsbussiere.com\/blog\/wp-content\/uploads\/2024\/08\/Les-chants-Fk-the-Pope-and-Virgin-Mary-1024x538-2.jpg\">Cet article a \u00e9t\u00e9 reconstitu\u00e9 du mieux possible. Dans l\u2019hypoth\u00e8se o\u00f9 vous souhaitez apporter quelques modifications concernant le th\u00e8me \u00ab\u00a0Editions \u00e9sot\u00e9rique fond\u00e9e en 1927\u00a0\u00bb, il est possible de discuter avec notre r\u00e9daction. Vous pouvez tirer profit de cet article traitant le sujet \u00ab\u00a0Editions \u00e9sot\u00e9rique fond\u00e9e en 1927\u00a0\u00bb. Il est concoct\u00e9 par l\u2019\u00e9quipe editionsbussiere.com. Le site editionsbussiere.com est fait pour cr\u00e9er divers posts autour du th\u00e8me Editions \u00e9sot\u00e9rique fond\u00e9e en 1927 d\u00e9velopp\u00e9es sur internet. Consultez notre site internet editionsbussiere.com et nos r\u00e9seaux sociaux pour \u00eatre au courant des futures annonces.<\/p>\n","protected":false},"excerpt":{"rendered":"<p>Le Coleraine FC a lanc\u00e9 une enqu\u00eate apr\u00e8s que des loyalistes ont scand\u00e9 \u00ab F**k the Pope and Virgin Mary \u00bb et chant\u00e9 des chansons de l\u2019UVF lors d\u2019un \u00e9v\u00e9nement organis\u00e9 dans son club social ce week-end. Le PSNI a d\u00e9clar\u00e9 qu\u2019il traitait l\u2019incident comme un \u00ab incident de haine \u00e0 motivation sectaire \u00bb. La [&hellip;]<\/p>\n","protected":false},"author":3,"featured_media":1156,"comment_status":"closed","ping_status":"closed","sticky":false,"template":"","format":"standard","meta":{"footnotes":""},"categories":[3],"tags":[],"class_list":["post-1155","post","type-post","status-publish","format-standard","has-post-thumbnail","hentry","category-editions-esoterique-fondee-en-1927-depeches","entry","fw-tab-6 fw-tabr-4","has-featured-image"],"yoast_head":"<!-- This site is optimized with the Yoast SEO plugin v27.5 - https:\/\/yoast.com\/product\/yoast-seo-wordpress\/ -->\n<title>Le Coleraine FC publie une d\u00e9claration alors qu\u2019une enqu\u00eate est lanc\u00e9e sur le chant \u00ab F ** k the Pope \u00bb dans un club social \u2013 The Irish News pour adresser ses pri\u00e8res \u00e0 la m\u00e8re de dieu Marie. - EDITIONSBUSSIERE<\/title>\n<meta name=\"robots\" content=\"index, follow, max-snippet:-1, max-image-preview:large, max-video-preview:-1\" \/>\n<link rel=\"canonical\" href=\"https:\/\/editionsbussiere.com\/blog\/le-coleraine-fc-publie-une-declaration-alors-quune-enquete-est-lancee-sur-le-chant-f-k-the-pope-dans-un-club-social-the-irish-news-pour-adresser-ses-prieres-a-la-m\/\" \/>\n<meta property=\"og:locale\" content=\"fr_FR\" \/>\n<meta property=\"og:type\" content=\"article\" \/>\n<meta property=\"og:title\" content=\"Le Coleraine FC publie une d\u00e9claration alors qu\u2019une enqu\u00eate est lanc\u00e9e sur le chant \u00ab F ** k the Pope \u00bb dans un club social \u2013 The Irish News pour adresser ses pri\u00e8res \u00e0 la m\u00e8re de dieu Marie. - EDITIONSBUSSIERE\" \/>\n<meta property=\"og:description\" content=\"Le Coleraine FC a lanc\u00e9 une enqu\u00eate apr\u00e8s que des loyalistes ont scand\u00e9 \u00ab F**k the Pope and Virgin Mary \u00bb et chant\u00e9 des chansons de l\u2019UVF lors d\u2019un \u00e9v\u00e9nement organis\u00e9 dans son club social ce week-end. Le PSNI a d\u00e9clar\u00e9 qu\u2019il traitait l\u2019incident comme un \u00ab incident de haine \u00e0 motivation sectaire \u00bb. La [&hellip;]\" \/>\n<meta property=\"og:url\" content=\"https:\/\/editionsbussiere.com\/blog\/le-coleraine-fc-publie-une-declaration-alors-quune-enquete-est-lancee-sur-le-chant-f-k-the-pope-dans-un-club-social-the-irish-news-pour-adresser-ses-prieres-a-la-m\/\" \/>\n<meta property=\"og:site_name\" content=\"EDITIONSBUSSIERE\" \/>\n<meta property=\"article:published_time\" content=\"2024-08-13T13:07:53+00:00\" \/>\n<meta property=\"og:image\" content=\"https:\/\/editionsbussiere.com\/blog\/wp-content\/uploads\/2024\/08\/Les-chants-Fk-the-Pope-and-Virgin-Mary-1024x538-2.jpg\" \/>\n<meta name=\"author\" content=\"Marie BATICLE\" \/>\n<meta name=\"twitter:card\" content=\"summary_large_image\" \/>\n<meta name=\"twitter:label1\" content=\"\u00c9crit par\" \/>\n\t<meta name=\"twitter:data1\" content=\"Marie BATICLE\" \/>\n\t<meta name=\"twitter:label2\" content=\"Dur\u00e9e de lecture estim\u00e9e\" \/>\n\t<meta name=\"twitter:data2\" content=\"12 minutes\" \/>\n<script type=\"application\/ld+json\" class=\"yoast-schema-graph\">{\"@context\":\"https:\\\/\\\/schema.org\",\"@graph\":[{\"@type\":\"Article\",\"@id\":\"https:\\\/\\\/editionsbussiere.com\\\/blog\\\/le-coleraine-fc-publie-une-declaration-alors-quune-enquete-est-lancee-sur-le-chant-f-k-the-pope-dans-un-club-social-the-irish-news-pour-adresser-ses-prieres-a-la-m\\\/#article\",\"isPartOf\":{\"@id\":\"https:\\\/\\\/editionsbussiere.com\\\/blog\\\/le-coleraine-fc-publie-une-declaration-alors-quune-enquete-est-lancee-sur-le-chant-f-k-the-pope-dans-un-club-social-the-irish-news-pour-adresser-ses-prieres-a-la-m\\\/\"},\"author\":{\"name\":\"Marie BATICLE\",\"@id\":\"https:\\\/\\\/editionsbussiere.com\\\/blog\\\/#\\\/schema\\\/person\\\/ec90e102792148c97e46ab871010dd8f\"},\"headline\":\"Le Coleraine FC publie une d\u00e9claration alors qu\u2019une enqu\u00eate est lanc\u00e9e sur le chant \u00ab F ** k the Pope \u00bb dans un club social \u2013 The Irish News pour adresser ses pri\u00e8res \u00e0 la m\u00e8re de dieu Marie.\",\"datePublished\":\"2024-08-13T13:07:53+00:00\",\"mainEntityOfPage\":{\"@id\":\"https:\\\/\\\/editionsbussiere.com\\\/blog\\\/le-coleraine-fc-publie-une-declaration-alors-quune-enquete-est-lancee-sur-le-chant-f-k-the-pope-dans-un-club-social-the-irish-news-pour-adresser-ses-prieres-a-la-m\\\/\"},\"wordCount\":2452,\"publisher\":{\"@id\":\"https:\\\/\\\/editionsbussiere.com\\\/blog\\\/#organization\"},\"image\":{\"@id\":\"https:\\\/\\\/editionsbussiere.com\\\/blog\\\/le-coleraine-fc-publie-une-declaration-alors-quune-enquete-est-lancee-sur-le-chant-f-k-the-pope-dans-un-club-social-the-irish-news-pour-adresser-ses-prieres-a-la-m\\\/#primaryimage\"},\"thumbnailUrl\":\"https:\\\/\\\/editionsbussiere.com\\\/blog\\\/wp-content\\\/uploads\\\/2024\\\/08\\\/Les-chants-Fk-the-Pope-and-Virgin-Mary-1024x538-2.jpg\",\"articleSection\":[\"Editions \u00c9sot\u00e9rique Fond\u00e9e En 1927; D\u00e9p\u00e8ches:\"],\"inLanguage\":\"fr-FR\"},{\"@type\":\"WebPage\",\"@id\":\"https:\\\/\\\/editionsbussiere.com\\\/blog\\\/le-coleraine-fc-publie-une-declaration-alors-quune-enquete-est-lancee-sur-le-chant-f-k-the-pope-dans-un-club-social-the-irish-news-pour-adresser-ses-prieres-a-la-m\\\/\",\"url\":\"https:\\\/\\\/editionsbussiere.com\\\/blog\\\/le-coleraine-fc-publie-une-declaration-alors-quune-enquete-est-lancee-sur-le-chant-f-k-the-pope-dans-un-club-social-the-irish-news-pour-adresser-ses-prieres-a-la-m\\\/\",\"name\":\"Le Coleraine FC publie une d\u00e9claration alors qu\u2019une enqu\u00eate est lanc\u00e9e sur le chant \u00ab F ** k the Pope \u00bb dans un club social \u2013 The Irish News pour adresser ses pri\u00e8res \u00e0 la m\u00e8re de dieu Marie. - EDITIONSBUSSIERE\",\"isPartOf\":{\"@id\":\"https:\\\/\\\/editionsbussiere.com\\\/blog\\\/#website\"},\"primaryImageOfPage\":{\"@id\":\"https:\\\/\\\/editionsbussiere.com\\\/blog\\\/le-coleraine-fc-publie-une-declaration-alors-quune-enquete-est-lancee-sur-le-chant-f-k-the-pope-dans-un-club-social-the-irish-news-pour-adresser-ses-prieres-a-la-m\\\/#primaryimage\"},\"image\":{\"@id\":\"https:\\\/\\\/editionsbussiere.com\\\/blog\\\/le-coleraine-fc-publie-une-declaration-alors-quune-enquete-est-lancee-sur-le-chant-f-k-the-pope-dans-un-club-social-the-irish-news-pour-adresser-ses-prieres-a-la-m\\\/#primaryimage\"},\"thumbnailUrl\":\"https:\\\/\\\/editionsbussiere.com\\\/blog\\\/wp-content\\\/uploads\\\/2024\\\/08\\\/Les-chants-Fk-the-Pope-and-Virgin-Mary-1024x538-2.jpg\",\"datePublished\":\"2024-08-13T13:07:53+00:00\",\"breadcrumb\":{\"@id\":\"https:\\\/\\\/editionsbussiere.com\\\/blog\\\/le-coleraine-fc-publie-une-declaration-alors-quune-enquete-est-lancee-sur-le-chant-f-k-the-pope-dans-un-club-social-the-irish-news-pour-adresser-ses-prieres-a-la-m\\\/#breadcrumb\"},\"inLanguage\":\"fr-FR\",\"potentialAction\":[{\"@type\":\"ReadAction\",\"target\":[\"https:\\\/\\\/editionsbussiere.com\\\/blog\\\/le-coleraine-fc-publie-une-declaration-alors-quune-enquete-est-lancee-sur-le-chant-f-k-the-pope-dans-un-club-social-the-irish-news-pour-adresser-ses-prieres-a-la-m\\\/\"]}]},{\"@type\":\"ImageObject\",\"inLanguage\":\"fr-FR\",\"@id\":\"https:\\\/\\\/editionsbussiere.com\\\/blog\\\/le-coleraine-fc-publie-une-declaration-alors-quune-enquete-est-lancee-sur-le-chant-f-k-the-pope-dans-un-club-social-the-irish-news-pour-adresser-ses-prieres-a-la-m\\\/#primaryimage\",\"url\":\"https:\\\/\\\/editionsbussiere.com\\\/blog\\\/wp-content\\\/uploads\\\/2024\\\/08\\\/Les-chants-Fk-the-Pope-and-Virgin-Mary-1024x538-2.jpg\",\"contentUrl\":\"https:\\\/\\\/editionsbussiere.com\\\/blog\\\/wp-content\\\/uploads\\\/2024\\\/08\\\/Les-chants-Fk-the-Pope-and-Virgin-Mary-1024x538-2.jpg\",\"width\":1024,\"height\":538,\"caption\":\"Les chants Fk the Pope and Virgin Mary 1024x538 2\"},{\"@type\":\"BreadcrumbList\",\"@id\":\"https:\\\/\\\/editionsbussiere.com\\\/blog\\\/le-coleraine-fc-publie-une-declaration-alors-quune-enquete-est-lancee-sur-le-chant-f-k-the-pope-dans-un-club-social-the-irish-news-pour-adresser-ses-prieres-a-la-m\\\/#breadcrumb\",\"itemListElement\":[{\"@type\":\"ListItem\",\"position\":1,\"name\":\"Accueil\",\"item\":\"https:\\\/\\\/editionsbussiere.com\\\/blog\\\/\"},{\"@type\":\"ListItem\",\"position\":2,\"name\":\"Le Coleraine FC publie une d\u00e9claration alors qu\u2019une enqu\u00eate est lanc\u00e9e sur le chant \u00ab F ** k the Pope \u00bb dans un club social \u2013 The Irish News pour adresser ses pri\u00e8res \u00e0 la m\u00e8re de dieu Marie.\"}]},{\"@type\":\"WebSite\",\"@id\":\"https:\\\/\\\/editionsbussiere.com\\\/blog\\\/#website\",\"url\":\"https:\\\/\\\/editionsbussiere.com\\\/blog\\\/\",\"name\":\"EDITIONSBUSSIERE\",\"description\":\"Editions \u00e9sot\u00e9rique fond\u00e9e en 1927; site historique, A SAVOIR ET RETENIR.\",\"publisher\":{\"@id\":\"https:\\\/\\\/editionsbussiere.com\\\/blog\\\/#organization\"},\"potentialAction\":[{\"@type\":\"SearchAction\",\"target\":{\"@type\":\"EntryPoint\",\"urlTemplate\":\"https:\\\/\\\/editionsbussiere.com\\\/blog\\\/?s={search_term_string}\"},\"query-input\":{\"@type\":\"PropertyValueSpecification\",\"valueRequired\":true,\"valueName\":\"search_term_string\"}}],\"inLanguage\":\"fr-FR\"},{\"@type\":\"Organization\",\"@id\":\"https:\\\/\\\/editionsbussiere.com\\\/blog\\\/#organization\",\"name\":\"editionsbussiere\",\"url\":\"https:\\\/\\\/editionsbussiere.com\\\/blog\\\/\",\"logo\":{\"@type\":\"ImageObject\",\"inLanguage\":\"fr-FR\",\"@id\":\"https:\\\/\\\/editionsbussiere.com\\\/blog\\\/#\\\/schema\\\/logo\\\/image\\\/\",\"url\":\"https:\\\/\\\/editionsbussiere.com\\\/blog\\\/wp-content\\\/uploads\\\/2023\\\/09\\\/cropped-buss.gif\",\"contentUrl\":\"https:\\\/\\\/editionsbussiere.com\\\/blog\\\/wp-content\\\/uploads\\\/2023\\\/09\\\/cropped-buss.gif\",\"width\":298,\"height\":120,\"caption\":\"editionsbussiere\"},\"image\":{\"@id\":\"https:\\\/\\\/editionsbussiere.com\\\/blog\\\/#\\\/schema\\\/logo\\\/image\\\/\"}},{\"@type\":\"Person\",\"@id\":\"https:\\\/\\\/editionsbussiere.com\\\/blog\\\/#\\\/schema\\\/person\\\/ec90e102792148c97e46ab871010dd8f\",\"name\":\"Marie BATICLE\",\"image\":{\"@type\":\"ImageObject\",\"inLanguage\":\"fr-FR\",\"@id\":\"https:\\\/\\\/secure.gravatar.com\\\/avatar\\\/c923e52403b1b8137e2d929127211d21967e6aecaa053bd43b09da29f212e76e?s=96&d=mm&r=g\",\"url\":\"https:\\\/\\\/secure.gravatar.com\\\/avatar\\\/c923e52403b1b8137e2d929127211d21967e6aecaa053bd43b09da29f212e76e?s=96&d=mm&r=g\",\"contentUrl\":\"https:\\\/\\\/secure.gravatar.com\\\/avatar\\\/c923e52403b1b8137e2d929127211d21967e6aecaa053bd43b09da29f212e76e?s=96&d=mm&r=g\",\"caption\":\"Marie BATICLE\"},\"url\":\"https:\\\/\\\/editionsbussiere.com\\\/blog\\\/author\\\/eremarie\\\/\"}]}<\/script>\n<!-- \/ Yoast SEO plugin. -->","yoast_head_json":{"title":"Le Coleraine FC publie une d\u00e9claration alors qu\u2019une enqu\u00eate est lanc\u00e9e sur le chant \u00ab F ** k the Pope \u00bb dans un club social \u2013 The Irish News pour adresser ses pri\u00e8res \u00e0 la m\u00e8re de dieu Marie. - EDITIONSBUSSIERE","robots":{"index":"index","follow":"follow","max-snippet":"max-snippet:-1","max-image-preview":"max-image-preview:large","max-video-preview":"max-video-preview:-1"},"canonical":"https:\/\/editionsbussiere.com\/blog\/le-coleraine-fc-publie-une-declaration-alors-quune-enquete-est-lancee-sur-le-chant-f-k-the-pope-dans-un-club-social-the-irish-news-pour-adresser-ses-prieres-a-la-m\/","og_locale":"fr_FR","og_type":"article","og_title":"Le Coleraine FC publie une d\u00e9claration alors qu\u2019une enqu\u00eate est lanc\u00e9e sur le chant \u00ab F ** k the Pope \u00bb dans un club social \u2013 The Irish News pour adresser ses pri\u00e8res \u00e0 la m\u00e8re de dieu Marie. - EDITIONSBUSSIERE","og_description":"Le Coleraine FC a lanc\u00e9 une enqu\u00eate apr\u00e8s que des loyalistes ont scand\u00e9 \u00ab F**k the Pope and Virgin Mary \u00bb et chant\u00e9 des chansons de l\u2019UVF lors d\u2019un \u00e9v\u00e9nement organis\u00e9 dans son club social ce week-end. Le PSNI a d\u00e9clar\u00e9 qu\u2019il traitait l\u2019incident comme un \u00ab incident de haine \u00e0 motivation sectaire \u00bb. La [&hellip;]","og_url":"https:\/\/editionsbussiere.com\/blog\/le-coleraine-fc-publie-une-declaration-alors-quune-enquete-est-lancee-sur-le-chant-f-k-the-pope-dans-un-club-social-the-irish-news-pour-adresser-ses-prieres-a-la-m\/","og_site_name":"EDITIONSBUSSIERE","article_published_time":"2024-08-13T13:07:53+00:00","og_image":[{"url":"https:\/\/editionsbussiere.com\/blog\/wp-content\/uploads\/2024\/08\/Les-chants-Fk-the-Pope-and-Virgin-Mary-1024x538-2.jpg","type":"","width":"","height":""}],"author":"Marie BATICLE","twitter_card":"summary_large_image","twitter_misc":{"\u00c9crit par":"Marie BATICLE","Dur\u00e9e de lecture estim\u00e9e":"12 minutes"},"schema":{"@context":"https:\/\/schema.org","@graph":[{"@type":"Article","@id":"https:\/\/editionsbussiere.com\/blog\/le-coleraine-fc-publie-une-declaration-alors-quune-enquete-est-lancee-sur-le-chant-f-k-the-pope-dans-un-club-social-the-irish-news-pour-adresser-ses-prieres-a-la-m\/#article","isPartOf":{"@id":"https:\/\/editionsbussiere.com\/blog\/le-coleraine-fc-publie-une-declaration-alors-quune-enquete-est-lancee-sur-le-chant-f-k-the-pope-dans-un-club-social-the-irish-news-pour-adresser-ses-prieres-a-la-m\/"},"author":{"name":"Marie BATICLE","@id":"https:\/\/editionsbussiere.com\/blog\/#\/schema\/person\/ec90e102792148c97e46ab871010dd8f"},"headline":"Le Coleraine FC publie une d\u00e9claration alors qu\u2019une enqu\u00eate est lanc\u00e9e sur le chant \u00ab F ** k the Pope \u00bb dans un club social \u2013 The Irish News pour adresser ses pri\u00e8res \u00e0 la m\u00e8re de dieu Marie.","datePublished":"2024-08-13T13:07:53+00:00","mainEntityOfPage":{"@id":"https:\/\/editionsbussiere.com\/blog\/le-coleraine-fc-publie-une-declaration-alors-quune-enquete-est-lancee-sur-le-chant-f-k-the-pope-dans-un-club-social-the-irish-news-pour-adresser-ses-prieres-a-la-m\/"},"wordCount":2452,"publisher":{"@id":"https:\/\/editionsbussiere.com\/blog\/#organization"},"image":{"@id":"https:\/\/editionsbussiere.com\/blog\/le-coleraine-fc-publie-une-declaration-alors-quune-enquete-est-lancee-sur-le-chant-f-k-the-pope-dans-un-club-social-the-irish-news-pour-adresser-ses-prieres-a-la-m\/#primaryimage"},"thumbnailUrl":"https:\/\/editionsbussiere.com\/blog\/wp-content\/uploads\/2024\/08\/Les-chants-Fk-the-Pope-and-Virgin-Mary-1024x538-2.jpg","articleSection":["Editions \u00c9sot\u00e9rique Fond\u00e9e En 1927; D\u00e9p\u00e8ches:"],"inLanguage":"fr-FR"},{"@type":"WebPage","@id":"https:\/\/editionsbussiere.com\/blog\/le-coleraine-fc-publie-une-declaration-alors-quune-enquete-est-lancee-sur-le-chant-f-k-the-pope-dans-un-club-social-the-irish-news-pour-adresser-ses-prieres-a-la-m\/","url":"https:\/\/editionsbussiere.com\/blog\/le-coleraine-fc-publie-une-declaration-alors-quune-enquete-est-lancee-sur-le-chant-f-k-the-pope-dans-un-club-social-the-irish-news-pour-adresser-ses-prieres-a-la-m\/","name":"Le Coleraine FC publie une d\u00e9claration alors qu\u2019une enqu\u00eate est lanc\u00e9e sur le chant \u00ab F ** k the Pope \u00bb dans un club social \u2013 The Irish News pour adresser ses pri\u00e8res \u00e0 la m\u00e8re de dieu Marie. - EDITIONSBUSSIERE","isPartOf":{"@id":"https:\/\/editionsbussiere.com\/blog\/#website"},"primaryImageOfPage":{"@id":"https:\/\/editionsbussiere.com\/blog\/le-coleraine-fc-publie-une-declaration-alors-quune-enquete-est-lancee-sur-le-chant-f-k-the-pope-dans-un-club-social-the-irish-news-pour-adresser-ses-prieres-a-la-m\/#primaryimage"},"image":{"@id":"https:\/\/editionsbussiere.com\/blog\/le-coleraine-fc-publie-une-declaration-alors-quune-enquete-est-lancee-sur-le-chant-f-k-the-pope-dans-un-club-social-the-irish-news-pour-adresser-ses-prieres-a-la-m\/#primaryimage"},"thumbnailUrl":"https:\/\/editionsbussiere.com\/blog\/wp-content\/uploads\/2024\/08\/Les-chants-Fk-the-Pope-and-Virgin-Mary-1024x538-2.jpg","datePublished":"2024-08-13T13:07:53+00:00","breadcrumb":{"@id":"https:\/\/editionsbussiere.com\/blog\/le-coleraine-fc-publie-une-declaration-alors-quune-enquete-est-lancee-sur-le-chant-f-k-the-pope-dans-un-club-social-the-irish-news-pour-adresser-ses-prieres-a-la-m\/#breadcrumb"},"inLanguage":"fr-FR","potentialAction":[{"@type":"ReadAction","target":["https:\/\/editionsbussiere.com\/blog\/le-coleraine-fc-publie-une-declaration-alors-quune-enquete-est-lancee-sur-le-chant-f-k-the-pope-dans-un-club-social-the-irish-news-pour-adresser-ses-prieres-a-la-m\/"]}]},{"@type":"ImageObject","inLanguage":"fr-FR","@id":"https:\/\/editionsbussiere.com\/blog\/le-coleraine-fc-publie-une-declaration-alors-quune-enquete-est-lancee-sur-le-chant-f-k-the-pope-dans-un-club-social-the-irish-news-pour-adresser-ses-prieres-a-la-m\/#primaryimage","url":"https:\/\/editionsbussiere.com\/blog\/wp-content\/uploads\/2024\/08\/Les-chants-Fk-the-Pope-and-Virgin-Mary-1024x538-2.jpg","contentUrl":"https:\/\/editionsbussiere.com\/blog\/wp-content\/uploads\/2024\/08\/Les-chants-Fk-the-Pope-and-Virgin-Mary-1024x538-2.jpg","width":1024,"height":538,"caption":"Les chants Fk the Pope and Virgin Mary 1024x538 2"},{"@type":"BreadcrumbList","@id":"https:\/\/editionsbussiere.com\/blog\/le-coleraine-fc-publie-une-declaration-alors-quune-enquete-est-lancee-sur-le-chant-f-k-the-pope-dans-un-club-social-the-irish-news-pour-adresser-ses-prieres-a-la-m\/#breadcrumb","itemListElement":[{"@type":"ListItem","position":1,"name":"Accueil","item":"https:\/\/editionsbussiere.com\/blog\/"},{"@type":"ListItem","position":2,"name":"Le Coleraine FC publie une d\u00e9claration alors qu\u2019une enqu\u00eate est lanc\u00e9e sur le chant \u00ab F ** k the Pope \u00bb dans un club social \u2013 The Irish News pour adresser ses pri\u00e8res \u00e0 la m\u00e8re de dieu Marie."}]},{"@type":"WebSite","@id":"https:\/\/editionsbussiere.com\/blog\/#website","url":"https:\/\/editionsbussiere.com\/blog\/","name":"EDITIONSBUSSIERE","description":"Editions \u00e9sot\u00e9rique fond\u00e9e en 1927; site historique, A SAVOIR ET RETENIR.","publisher":{"@id":"https:\/\/editionsbussiere.com\/blog\/#organization"},"potentialAction":[{"@type":"SearchAction","target":{"@type":"EntryPoint","urlTemplate":"https:\/\/editionsbussiere.com\/blog\/?s={search_term_string}"},"query-input":{"@type":"PropertyValueSpecification","valueRequired":true,"valueName":"search_term_string"}}],"inLanguage":"fr-FR"},{"@type":"Organization","@id":"https:\/\/editionsbussiere.com\/blog\/#organization","name":"editionsbussiere","url":"https:\/\/editionsbussiere.com\/blog\/","logo":{"@type":"ImageObject","inLanguage":"fr-FR","@id":"https:\/\/editionsbussiere.com\/blog\/#\/schema\/logo\/image\/","url":"https:\/\/editionsbussiere.com\/blog\/wp-content\/uploads\/2023\/09\/cropped-buss.gif","contentUrl":"https:\/\/editionsbussiere.com\/blog\/wp-content\/uploads\/2023\/09\/cropped-buss.gif","width":298,"height":120,"caption":"editionsbussiere"},"image":{"@id":"https:\/\/editionsbussiere.com\/blog\/#\/schema\/logo\/image\/"}},{"@type":"Person","@id":"https:\/\/editionsbussiere.com\/blog\/#\/schema\/person\/ec90e102792148c97e46ab871010dd8f","name":"Marie BATICLE","image":{"@type":"ImageObject","inLanguage":"fr-FR","@id":"https:\/\/secure.gravatar.com\/avatar\/c923e52403b1b8137e2d929127211d21967e6aecaa053bd43b09da29f212e76e?s=96&d=mm&r=g","url":"https:\/\/secure.gravatar.com\/avatar\/c923e52403b1b8137e2d929127211d21967e6aecaa053bd43b09da29f212e76e?s=96&d=mm&r=g","contentUrl":"https:\/\/secure.gravatar.com\/avatar\/c923e52403b1b8137e2d929127211d21967e6aecaa053bd43b09da29f212e76e?s=96&d=mm&r=g","caption":"Marie BATICLE"},"url":"https:\/\/editionsbussiere.com\/blog\/author\/eremarie\/"}]}},"_links":{"self":[{"href":"https:\/\/editionsbussiere.com\/blog\/wp-json\/wp\/v2\/posts\/1155","targetHints":{"allow":["GET"]}}],"collection":[{"href":"https:\/\/editionsbussiere.com\/blog\/wp-json\/wp\/v2\/posts"}],"about":[{"href":"https:\/\/editionsbussiere.com\/blog\/wp-json\/wp\/v2\/types\/post"}],"author":[{"embeddable":true,"href":"https:\/\/editionsbussiere.com\/blog\/wp-json\/wp\/v2\/users\/3"}],"replies":[{"embeddable":true,"href":"https:\/\/editionsbussiere.com\/blog\/wp-json\/wp\/v2\/comments?post=1155"}],"version-history":[{"count":0,"href":"https:\/\/editionsbussiere.com\/blog\/wp-json\/wp\/v2\/posts\/1155\/revisions"}],"wp:featuredmedia":[{"embeddable":true,"href":"https:\/\/editionsbussiere.com\/blog\/wp-json\/wp\/v2\/media\/1156"}],"wp:attachment":[{"href":"https:\/\/editionsbussiere.com\/blog\/wp-json\/wp\/v2\/media?parent=1155"}],"wp:term":[{"taxonomy":"category","embeddable":true,"href":"https:\/\/editionsbussiere.com\/blog\/wp-json\/wp\/v2\/categories?post=1155"},{"taxonomy":"post_tag","embeddable":true,"href":"https:\/\/editionsbussiere.com\/blog\/wp-json\/wp\/v2\/tags?post=1155"}],"curies":[{"name":"wp","href":"https:\/\/api.w.org\/{rel}","templated":true}]}}