{"id":1145,"date":"2024-08-12T13:15:40","date_gmt":"2024-08-12T11:15:40","guid":{"rendered":"https:\/\/editionsbussiere.com\/blog\/rappelons-nous-lorigine-catholique-des-universites-requete-matinale\/"},"modified":"2024-08-12T13:15:40","modified_gmt":"2024-08-12T11:15:40","slug":"rappelons-nous-lorigine-catholique-des-universites-requete-matinale","status":"publish","type":"post","link":"https:\/\/editionsbussiere.com\/blog\/rappelons-nous-lorigine-catholique-des-universites-requete-matinale\/","title":{"rendered":"Rappelons-nous l\u2019origine catholique des universit\u00e9s\n &amp; requ\u00eate matinale."},"content":{"rendered":"<div><img width=\"580\" height=\"308\" src=\"https:\/\/editionsbussiere.com\/blog\/wp-content\/uploads\/2024\/08\/Rappelons-nous-lorigine-catholique-des-universites-requete-matinale.jpg\" class=\"attachment-large size-large wp-post-image\" alt=\"Rappelons-nous l\u2019origine catholique des universit\u00e9s &amp; requ\u00eate matinale.\" style=\"float:left; margin:0 15px 15px 0;\" decoding=\"async\" srcset=\"https:\/\/editionsbussiere.com\/blog\/wp-content\/uploads\/2024\/08\/Rappelons-nous-lorigine-catholique-des-universites-requete-matinale.jpg 660w, https:\/\/www.n42.fr\/wp-content\/uploads\/2024\/08\/Rappelons-nous-lorigine-catholique-des-universites-requete-matinale-300x159.jpg 300w\" sizes=\"(max-width: 580px) 100vw, 580px\"><\/p>\n<p>\n<\/p>\n<div>\n<p class=\"has-drop-cap\">Alors que l\u2019\u00e9t\u00e9 touche \u00e0 sa fin, de nombreux m\u00e9nages entrent dans la p\u00e9riode de la rentr\u00e9e scolaire. La plus perturbante d\u2019entre elles est peut-\u00eatre le d\u00e9part d\u2019un enfant pour sa premi\u00e8re ann\u00e9e d\u2019universit\u00e9. Le d\u00e9part pour l\u2019universit\u00e9 s\u2019accompagne souvent de longues listes de livres, de fournitures scolaires et de dortoir, de pr\u00eats \u00e9tudiants, de s\u00e9parations \u00e9motionnelles et de jeunes fr\u00e8res et s\u0153urs qui doivent d\u00e9cider quoi faire de la chambre nouvellement vacante. <\/p>\n<p>Avec des milliers d\u2019universit\u00e9s aux \u00c9tats-Unis, nous nous sommes habitu\u00e9s \u00e0 l\u2019existence de telles institutions ; elles sont devenues un \u00e9l\u00e9ment commun de la soci\u00e9t\u00e9 am\u00e9ricaine. Je vous propose de prendre quelques minutes de pause dans les t\u00e2ches de la rentr\u00e9e pour red\u00e9couvrir comment cet \u00e9l\u00e9ment commun \u00e0 notre soci\u00e9t\u00e9 et \u00e0 travers le monde vient de l\u2019\u00c9glise catholique.<\/p>\n<p>L\u2019un des grands mensonges qui perdure de nos jours est la g\u00e9n\u00e9ralisation selon laquelle le Moyen \u00c2ge \u00e9tait antiraisonnable, superstitieux et une p\u00e9riode de t\u00e9n\u00e8bres en attente des pr\u00e9tendues Lumi\u00e8res. On ne peut pas \u00e9tudier ces si\u00e8cles et leurs \u0153uvres intellectuelles et cr\u00e9atives et consid\u00e9rer cela comme vrai. <\/p>\n<p>L\u2019une des contre-v\u00e9rit\u00e9s de ce mensonge est la naissance du syst\u00e8me universitaire. Il s\u2019est d\u00e9velopp\u00e9 \u00e0 l\u2019int\u00e9rieur et avec le soutien de l\u2019\u00c9glise, et non en d\u00e9pit de celle-ci, vers le XIIe si\u00e8cle. Les chr\u00e9tiens m\u00e9di\u00e9vaux avaient un fort d\u00e9sir de savoir et un d\u00e9sir d\u2019int\u00e9grer syst\u00e9matiquement les connaissances. D\u00e9j\u00e0, et en partie \u00e0 cause du caract\u00e8re missionnaire de l\u2019\u00c9glise, des \u00e9tablissements d\u2019enseignement \u00e9taient situ\u00e9s dans des lieux centr\u00e9s autour des cath\u00e9drales et des monast\u00e8res. De nouvelles institutions se sont ensuite d\u00e9velopp\u00e9es \u00e0 partir de ces \u00e9coles, et ont commenc\u00e9 \u00e0 offrir ce que l\u2019on appelle aujourd\u2019hui des dipl\u00f4mes.<\/p>\n<p>Aujourd\u2019hui, nous sommes habitu\u00e9s \u00e0 consid\u00e9rer l\u2019accr\u00e9ditation comme le m\u00e9canisme de l\u00e9gitimation des dipl\u00f4mes, mais l\u2019une des figures centrales initiales de ce processus, en tant que premi\u00e8re instance d\u2019accr\u00e9ditation, \u00e9tait l\u2019\u00c9glise catholique. Parmi les premi\u00e8res universit\u00e9s, on trouve Bologne, Paris, Oxford, Cambridge et d\u2019autres qui ont rapidement suivi, comme La Spienza \u00e0 Rome. La charte universitaire de Bologne a \u00e9t\u00e9 accord\u00e9e par le pape Cl\u00e9ment III en 1189, et l\u2019Universit\u00e9 de Paris a re\u00e7u la sienne du pape Innocent III en 1215. Les dipl\u00f4mes de ces universit\u00e9s \u00e9taient alors reconnus dans toute la chr\u00e9tient\u00e9, et pas seulement dans un royaume ou une ville en particulier. Les fondateurs des premi\u00e8res universit\u00e9s \u00e9taient catholiques, et les papes ont jou\u00e9 un r\u00f4le crucial en les soutenant.<\/p>\n<p>Ce sont les papes de ces si\u00e8cles qui interviennent souvent dans les conflits et prot\u00e8gent les universit\u00e9s, par exemple en accordant aux \u00e9tudiants la protection juridique du b\u00e9n\u00e9fice du clerg\u00e9. Le pape Honorius III se range du c\u00f4t\u00e9 des universitaires de Bologne lors d\u2019un d\u00e9bat au XIIIe si\u00e8cle. Le pape Innocent III intervient contre les exc\u00e8s du chancelier de Paris. C\u2019est le pape Gr\u00e9goire IX qui prend la rel\u00e8ve dans la bulle papale de 1231. <em>Parents Scientiarum <\/em>qui prot\u00e9geait l\u2019autonomie institutionnelle de toute influence ext\u00e9rieure dans sa qu\u00eate de la v\u00e9rit\u00e9. <\/p>\n<p>La recherche de la v\u00e9rit\u00e9 dans ces universit\u00e9s s\u2019inscrivait dans un contexte catholique et participait donc de la mission de l\u2019\u00c9glise. Le dernier point qui pourrait surprendre le lecteur est l\u2019intervention des papes pour r\u00e9clamer de meilleurs salaires pour les professeurs. Certains, dont moi-m\u00eame, ne croient pas que l\u2019universit\u00e9 aurait pu se d\u00e9velopper et survivre au-del\u00e0 de ses d\u00e9buts sans l\u2019\u00c9glise.<\/p>\n<p>Le document magist\u00e9riel essentiel r\u00e9gissant <em>tous<\/em> Les universit\u00e9s catholiques d\u2019aujourd\u2019hui ont \u00e9t\u00e9 promulgu\u00e9es par un autre pape, saint Jean-Paul II. Elle est intitul\u00e9e <em>Ex Corde Ecclesiae<\/em><em>. <\/em>Les documents de l\u2019\u00c9glise tirent souvent leur nom des premiers mots du texte, tout comme le titre \u00ab Notre P\u00e8re \u00bb et \u00ab Je vous salue Marie \u00bb pour des pri\u00e8res sp\u00e9cifiques. Cette premi\u00e8re ligne se traduit ainsi : <em>N\u00e9 du c\u0153ur de l\u2019\u00c9glise. <\/em>Quelle belle synth\u00e8se des points historiques \u00e9voqu\u00e9s ci-dessus ! La premi\u00e8re phrase de ce pape d\u00e9fenseur de l\u2019universit\u00e9 est la suivante : \u00ab N\u00e9e du c\u0153ur de l\u2019\u00c9glise, une universit\u00e9 catholique s\u2019inscrit dans cette tradition qui remonte \u00e0 l\u2019origine m\u00eame de l\u2019universit\u00e9 en tant qu\u2019institution \u00bb (ECE, 1). Pour aider les parents et les \u00e9tudiants \u00e0 trouver les universit\u00e9s qui illustrent le mieux la vision de l\u2019\u00c9glise pour une universit\u00e9, il existe des ressources et des organisations telles que le Newman Guide de la Cardinal Newman Society.<\/p>\n<p>Peut-\u00eatre que lorsque vous aidez votre \u00e9tudiant \u00e0 faire ses valises pour l\u2019universit\u00e9 et que vous faites son discours sur l\u2019importance de continuer \u00e0 prier et \u00e0 aller \u00e0 la messe, trouvez un moyen de lui pr\u00e9senter le fait que les universit\u00e9s existent gr\u00e2ce \u00e0 l\u2019\u00c9glise catholique et que dans les premiers si\u00e8cles, c\u2019\u00e9tait le pape qui agissait comme P\u00e8re-Protecteur. <\/p>\n<p>M\u00eame si de nombreuses universit\u00e9s ne jouissent plus d\u2019une proximit\u00e9 avec l\u2019\u00c9glise, c\u2019est l\u2019\u00c9glise qui continuera \u00e0 promouvoir la vision authentique d\u2019une universit\u00e9 dans le monde d\u2019aujourd\u2019hui. Une \u00c9glise universelle qui prot\u00e8ge et promeut l\u2019id\u00e9e d\u2019une universit\u00e9 <em><u>univers<\/u><\/em>it\u00e9.<\/p>\n<hr class=\"wp-block-separator\">\n<p>Photo de Ken Theimer sur Unsplash<\/p>\n<\/div>\n<p><script>(function(d, s, id) \n  var js, fjs = d.getElementsByTagName(s)[0];\n  if (d.getElementById(id)) return;\n  js = d.createElement(s); js.id = id;\n  js.src = \"\/\/connect.facebook.net\/en_US\/sdk.js#xfbml=1&version=v2.10&appId=123517014997301\";\n  fjs.parentNode.insertBefore(js, fjs);\n(document, 'script', 'facebook-jssdk'));<\/script><script>(function(d, s, id) \n  var js, fjs = d.getElementsByTagName(s)[0];\n  if (d.getElementById(id)) return;\n  js = d.createElement(s); js.id = id;\n  js.src = \"\/\/connect.facebook.net\/en_US\/sdk.js#xfbml=1&version=v2.10&appId=123517014997301\";\n  fjs.parentNode.insertBefore(js, fjs);\n(document, 'script', 'facebook-jssdk'));<\/script><\/p>\n<h2> \u00c9lever nos pri\u00e8res pour nos amis au Seigneur au lever du jour.<\/h2>\n<p>Cette ultime section de la pri\u00e8re du matin consiste \u00e0 prier pour nos propres familles, nos famille, nos compagnons et notre propre communaut\u00e9. Nous pouvons prier pour leur bien-\u00eatre, leur bonheur, leur protection, et leur r\u00e9ussite. Nous pouvons \u00e9galement prier pour ceux qui nous ont nui et pour ces individus qui nous ont heurt\u00e9s, et demander \u00e0 Dieu de nous aider \u00e0 leur propre pardonner et \u00e0 leur montrer la compassion.<\/p>\n<h3> Implorer pour la bien-\u00eatre et la protection de nos familles.<\/h3>\n<p>Dieu tout-puissant, nous tous te confions nos amis, notre familles ainsi que nos amis. Veille, cher Dieu, au-dessus de eux, avec prot\u00e8ge -les de tout risque et de toute maladie. Offre, Dieu mis\u00e9ricordieux, une bien-\u00eatre du corps et de l\u2019esprit pour eux, et la paix dans leur c\u0153ur. Que ta main puissante les prot\u00e8ge ainsi que les individus dirige chacun au long de cette journ\u00e9e, pour qu\u2019ils jouissent dans une tranquillit\u00e9 et la paix.<\/p>\n<p>Nous autres \u00e0 toi prions \u00e9galement pour nos propres enfants, Seigneur tout-puissant, afin qu\u2019ils grandissent dans la foi avec dans l\u2019amour de ton saint nom. Offre, \u00f4 Dieu, la sagesse ainsi que la force n\u00e9cessaires pour faire face \u00e0 les d\u00e9fis de la vie, et guide leurs pas le long de le chemin de la v\u00e9rit\u00e9 ainsi que de la justice.<\/p>\n<p>Enfin, nous autres te prions \u00e0 nos amis ainsi que nos voisins, Seigneur, afin qu\u2019ils exp\u00e9rimentent la joie de ton amour ainsi que la s\u00e9r\u00e9nit\u00e9 de ton pardon. Accorde-leur, cher Dieu, de c\u0153urs g\u00e9n\u00e9reux afin de partager avec ceux qui sont dans le besoin, et aussi bras ouvertes en vue de accueillir ceux qui sont seuls ainsi que abandonn\u00e9s.<\/p>\n<h3> Prier pour nos ennemis ainsi que ceux qui sont nous autres ont offens\u00e9s. <\/h3>\n<p>Seigneur, J\u00e9sus, nous vous prions pour notre ennemis et pour ceux-ci qui sont nous autres ont offens\u00e9s. Accorde-leur, \u00f4 Christ, votre mis\u00e9ricorde et votre pardon, ainsi que ouvre leur c\u0153ur \u00e0 la lumi\u00e8re de ta v\u00e9rit\u00e9. Aide-nous, Seigneur Dieu, \u00e0 leur montrer de la compassion et \u00e0 leur pardonner comme tu nous autres as pardonn\u00e9. Que ta paix r\u00e8gne dans nos c\u0153urs ainsi que que ton amour guide les n\u00f4tres actions, pour que nous puissions vivre en harmonie avec tous ceux qui nous entourent.<\/p>\n<h3> Saisir la pri\u00e8re : <\/h3>\n<p>Pour terminer, l\u2019 invocation nous reconna\u00eet notre mission comme enfant de Dieu : \u00eatre des observateurs de l\u2019 lumi\u00e8re et de son attachement dans une \u00e8re touch\u00e9e aux obscurit\u00e9s. \u00c0 travers notre discours et nos \u0153uvres, nous diffusons la bonne nouvelle de la s\u00e9r\u00e9nit\u00e9 et de la rapprochement, amenant l\u2019espoir et la r\u00e9paration \u00e0 un milieu ab\u00eem\u00e9.<\/p>\n<p>Dans la spiritualit\u00e9 chr\u00e9tienne, l\u2019 aube porte une importance particuli\u00e8re, repr\u00e9sentant le renouvellement et l\u2019 renaissance spirituelle. C\u2019est au d\u00e9but de chaque matin\u00e9e que l\u2019esprit se dirige vers le Seigneur dans la pri\u00e8re, s\u2019effor\u00e7ant \u00e0 \u00eatre \u00e9clair\u00e9e par la lumi\u00e8re c\u00e9leste. L\u2019habitude des pri\u00e8res matinales se r\u00e9v\u00e8le essentiellement enracin\u00e9e dans le patrimoine chr\u00e9tienne, fournissant une p\u00e9riode privil\u00e9gi\u00e9 pour communier avec le Seigneur et se disposer int\u00e9rieurement aux d\u00e9fis de la journ\u00e9e \u00e0 venir.<\/p>\n<p>Au l\u2019int\u00e9rieur au sein de ces oraisons matinales s\u2019 rep\u00e8re souvent une d\u00e9votion particuli\u00e8re envers Marie, la mam de J\u00e9sus et ic\u00f4ne sainte respect\u00e9e par un grand nombre fid\u00e8les. En tant d\u2019 interm\u00e9diaire parmi les hommes et Dieu, Marie reste pri\u00e9e afin de intervenir en notre nom, nous guidant sur le sentier de la saintet\u00e9 et de la gr\u00e2ce divine. Son apparition parentale fournit consolation et s\u00e9curit\u00e9, cercant nos oraisons matinales avec une d\u00e9licatesse c\u00e9leste.<\/p>\n<p>En par les pri\u00e8res du matin, on se trouve invit\u00e9s \u00e0 se joindre \u00e0 Marie dans une d\u00e9marche pour sanctification personnelle. Par m\u00e9ditant sur la vie et ses vertus, on cherchons \u00e0 imiter son humilit\u00e9, la puret\u00e9 et son ob\u00e9issance \u00e0 l\u2019 volont\u00e9 de Dieu. \u00c0 travers sa saintet\u00e9 mod\u00e8le, Marie est pour nous un mod\u00e8le de vie chr\u00e9tienne, nous rem\u00e9morant l\u2019importance de la pri\u00e8re et de la contemplation au sein de notre cheminement spirituel.<\/p>\n<p>Unissons-nous dans la pri\u00e8re du matin, dans notre confiance, en Marie, la m\u00e8re de J\u00e9sus. Au sein de notre monde troubl\u00e9 par la guerre et la division, recourons \u00e0 la pri\u00e8re comme un moyen de retrouver la paix et l\u2019harmonie. On peut envoyer une demande pour la Vierge Marie <a target=\"_blank\" rel=\"nofollow\" href=\"https:\/\/editionsbussiere.com\/blog\/goto\/https:\/\/www.avemariasound.org\/\" >en visitant cette page.<\/a> Que nos supplications montent vers le ciel, comme un hommage re\u00e7u avec faveur \u00e0 Dieu, pour qu\u2019il guide \u00e9clairer nos chemins vers la voie de la v\u00e9rit\u00e9 et de la justice. Saint Paul nous dans ses lettres \u00e0 prier sans cesse, quelle que soit la situation, afin que notre communion \u00e0 Dieu reste constante et ardente. La pri\u00e8re, lorsqu\u2019elle est offerte sinc\u00e8rement, poss\u00e8de le pouvoir de transformer nos c\u0153urs et d\u2019influer le cours de l\u2019histoire.<\/p>\n<p>La pri\u00e8re du matin se trouve \u00eatre un moment favoris\u00e9 pour se consacrer vers Dieu avec l\u2019intercession de Marie, en lui pr\u00e9sentant nos louanges, nos actions de gr\u00e2ce ainsi que nos intentions les plus intimes. Dans la qui\u00e9tude du l\u2019aurore, on se trouve invit\u00e9s pour se tourner \u00e0 cette maman sacr\u00e9e, qui on guide avec douceur sur le chemin du la foi et l\u2019amour divin. \u00c0 travers unissant nos voix pour cette derni\u00e8re de Marie, nous haussant nos pri\u00e8res matinales envers le tr\u00f4ne de du don divin, s\u00fbrs que nos supplications seront entendues et accueillies par le c\u0153ur mis\u00e9ricordieux de Dieu.<\/p>\n<h2> Pri\u00e8re envers le d\u00e9but de journ\u00e9e avec dieu et la Vierge Marie<\/h2>\n<p>Dieu tout-puissant et plein de mis\u00e9ricorde, en ce matin qui s\u2019annonce sous la clart\u00e9 de ta divine lumi\u00e8re, je viens \u00e0 toi avec foi et modestie. Que cette jour qui commence soit consacr\u00e9e \u00e0 ton saint nom, que chaque battement de mon c\u0153ur |chaque regard de mes yeux|chacune de mes paroles|chacun de mes gestes} te soit offert en offrande. Que chaque souffle qui anime mon corps soit un souffle de pri\u00e8re |un souffle vers toi|un souffle de vie en toi}. Priez, que nos pri\u00e8res montent, que nos c\u0153urs implorent, priez, que nos esprits s\u2019\u00e9l\u00e8vent.<\/p>\n<p>Comme Marie, la m\u00e8re bienheureuse qui a port\u00e9 en son sein l\u2019enfant J\u00e9sus, guide-moi dans ce voyage de foi et de d\u00e9votion. Que je puisse, \u00e0 travers les pages de l\u2019\u00c9vangile, trouver la lumi\u00e8re pour \u00e9clairer mes pas et renforcer ma foi. \u00c0 l\u2019instar de Pierre, octroie-moi la puissance et le courage d\u2019affronter les temp\u00eates de la vie avec une confiance absolue en ta providence.<\/p>\n<p>Au cours de ce moment de Car\u00eame, o\u00f9 les fid\u00e8les et les chr\u00e9tiennes se pr\u00e9parent \u00e0 comm\u00e9morer la r\u00e9surrection de notre Seigneur bien-aim\u00e9, accorde-moi, Seigneur, la b\u00e9n\u00e9diction de la renaissance spirituelle. Que mon c\u0153ur soit purifi\u00e9 de tout ce qui le souille, afin qu\u2019il devienne un lieu sacr\u00e9 o\u00f9 tu r\u00e9sides. Que ma pri\u00e8re, \u00e0 l\u2019image de Fran\u00e7ois d\u2019Assise, sonne tel un hymne de louange \u00e0 travers les si\u00e8cles.<br \/>\n\u00d4 Seigneur, que chaque jour soit impr\u00e9gn\u00e9 de ta b\u00e9n\u00e9diction, que chacun des instants soit une occasion de te rencontrer et de te servir dans mes semblables. Que mon existence soit un t\u00e9moignage vivant de ta mis\u00e9ricorde sans limite envers l\u2019humanit\u00e9. Puissent les pri\u00e8res de Hozana monter vers toi comme un doux parfum, enveloppant toute ma journ\u00e9e dans une ambiance de paix. Priez, \u00c9glise, Fran\u00e7ois, Hozana.<\/p>\n<p>Que mon c\u0153ur, Dieu Tout-Puissant, devienne une manifestation du tien, rempli d\u2019amour, de compassion et de mis\u00e9ricorde envers autrui. Que chaque pens\u00e9e, chaque action soit guid\u00e9e par l\u2019Esprit divin, afin que je puisse contribuer \u00e0 l\u2019av\u00e8nement de ton r\u00e8gne de justice sur cette terre.<\/p>\n<p>Que cette journ\u00e9e constitue une nouvelle \u00e9tape dans mon cheminement spirituel, une opportunit\u00e9 de grandir dans la foi. Seigneur, prends possession de mon c\u0153ur, \u00e9tablis-le comme ton sanctuaire, o\u00f9 ta pr\u00e9sence se manifeste constamment. Que chaque pulsation de mon c\u0153ur soit un chant \u00e0 ta louange, Seigneur, pour les si\u00e8cles des si\u00e8cles. Amen.<\/p>\n<p>Pendant l\u2019\u00e9veil religieux de chaque \u00e2me chr\u00e9tienne, l\u2019oraison joue. Celle-ci constitue la connexion intime entre le croyant de l\u2019\u00c9ternel et sa m\u00e8re c\u00e9leste, la Sainte M\u00e8re, laquelle supplie pour nous devant son sacr\u00e9 Fils. Par le biais de la pri\u00e8re, les fid\u00e8les entrons au sein de la clart\u00e9 de l\u2019\u00c9vangile, dirig\u00e9s sous le Saint-Esprit, dans le but de d\u00e9couvrir la r\u00e9alit\u00e9 et la faveur que J\u00e9sus nous offre.<\/p>\n<h2>R\u00e9flexion en ce qui concerne la sainte Parole divine : <\/h2>\n<p>Il nous est possible de pouvons ruminer en ce qui concerne un extrait religieux qui nous \u00e9voque de la tendresse divin. \u00c0 titre illustratif :<\/p>\n<h3>1 Corinthiens 13, 1-8 : <\/h3>\n<p>\u00a0\u00bb<br \/>\nL\u2019amour est patient, il est plein de bont\u00e9; l\u2019amour n\u2019est point envieux; l\u2019amour ne se vante point, il ne s\u2019enfle point d\u2019orgueil, il ne fait rien de malhonn\u00eate, il ne cherche point son int\u00e9r\u00eat, il ne s\u2019irrite point, il ne soup\u00e7onne point le mal, il ne se r\u00e9jouit point de l\u2019injustice, mais il se r\u00e9jouit de la v\u00e9rit\u00e9; il supporte tout, il croit tout, il esp\u00e8re tout, il endure tout.<br \/>\nL\u2019amour ne p\u00e9rit jamais; mais, les proph\u00e9ties, elles seront abolies; les langues, elles cesseront; la connaissance, elle sera abolie.\u00a0\u00bb<\/p>\n<p>Ouvrages sur le m\u00eame objet:<\/p>\n<p>Rational (Durand de Mende)\/Volume 5\/Septi\u00e8me livre\/Chapitre 34.,<a target=\"_blank\" rel=\"nofollow\" href=\"https:\/\/editionsbussiere.com\/blog\/goto\/https:\/\/fr.wikisource.org\/wiki\/Rational_(Durand_de_Mende)\/Volume_5\/Septi%C3%A8me_livre\/Chapitre_34\"  target=\"_blank\" rel=\"noopener noreferrer nofollow\">Ici.<\/a><span><\/span><\/p>\n<p>Liturgie de saint Jean Chrysostome\/Liturgie des Fid\u00e8les.,<a target=\"_blank\" rel=\"nofollow\" href=\"https:\/\/editionsbussiere.com\/blog\/goto\/https:\/\/fr.wikisource.org\/wiki\/Liturgie_de_saint_Jean_Chrysostome\/Liturgie_des_Fid%C3%A8les\"  target=\"_blank\" rel=\"noopener noreferrer nofollow\">A lire ici.<\/a><span><\/span><\/p>\n<p>Les Chants du cr\u00e9puscule\/\u00c0 Louis B\u2026.,<a target=\"_blank\" rel=\"nofollow\" href=\"https:\/\/editionsbussiere.com\/blog\/goto\/https:\/\/fr.wikisource.org\/wiki\/Les_Chants_du_cr%C3%A9puscule\/%C3%80_Louis_B%E2%80%A6\"  target=\"_blank\" rel=\"noopener noreferrer nofollow\">L\u2019article de presse.<\/a><span><\/span>. Suite sur le prochain article.<\/p>\n<p>La Vie errante (Ollendorff, 1890)\/D\u2019Alger \u00e0 Tunis.,<a target=\"_blank\" rel=\"nofollow\" href=\"https:\/\/editionsbussiere.com\/blog\/goto\/https:\/\/fr.wikisource.org\/wiki\/La_Vie_errante_(Ollendorff,_1890)\/D%E2%80%99Alger_%C3%A0_Tunis\"  target=\"_blank\" rel=\"noopener noreferrer nofollow\">L\u2019article de presse.<\/a><span><\/span><\/p>\n<p>Exposition de la doctrine de l\u2019\u00c9glise catholique orthodoxe\/1884\/Deuxi\u00e8me Partie\/II.,<a target=\"_blank\" rel=\"nofollow\" href=\"https:\/\/editionsbussiere.com\/blog\/goto\/https:\/\/fr.wikisource.org\/wiki\/Exposition_de_la_doctrine_de_l%E2%80%99%C3%89glise_catholique_orthodoxe\/1884\/Deuxi%C3%A8me_Partie\/II\"  target=\"_blank\" rel=\"noopener noreferrer nofollow\">A lire ici.<\/a><span><\/span><\/p>\n<p>Chansons populaires de la Basse-Bretagne\/Bilingue.,<a target=\"_blank\" rel=\"nofollow\" href=\"https:\/\/editionsbussiere.com\/blog\/goto\/https:\/\/fr.wikisource.org\/wiki\/Chansons_populaires_de_la_Basse-Bretagne\/Bilingue\"  target=\"_blank\" rel=\"noopener noreferrer nofollow\">L\u2019article ICI.<\/a><span><\/span><\/p>\n<\/div>\n<p><img decoding=\"async\" class=\"wpe_imgrss\" src=\"https:\/\/editionsbussiere.com\/blog\/wp-content\/uploads\/2024\/08\/Rappelons-nous-lorigine-catholique-des-universites-requete-matinale.jpg\">Cet article a \u00e9t\u00e9 reconstitu\u00e9 du mieux possible. Dans l\u2019hypoth\u00e8se o\u00f9 vous souhaitez apporter quelques modifications concernant le th\u00e8me \u00ab\u00a0Editions \u00e9sot\u00e9rique fond\u00e9e en 1927\u00a0\u00bb, il est possible de discuter avec notre r\u00e9daction. Vous pouvez tirer profit de cet article traitant le sujet \u00ab\u00a0Editions \u00e9sot\u00e9rique fond\u00e9e en 1927\u00a0\u00bb. Il est concoct\u00e9 par l\u2019\u00e9quipe editionsbussiere.com. Le site editionsbussiere.com est fait pour cr\u00e9er divers posts autour du th\u00e8me Editions \u00e9sot\u00e9rique fond\u00e9e en 1927 d\u00e9velopp\u00e9es sur internet. Consultez notre site internet editionsbussiere.com et nos r\u00e9seaux sociaux pour \u00eatre au courant des futures annonces.<\/p>\n","protected":false},"excerpt":{"rendered":"<p>Alors que l\u2019\u00e9t\u00e9 touche \u00e0 sa fin, de nombreux m\u00e9nages entrent dans la p\u00e9riode de la rentr\u00e9e scolaire. La plus perturbante d\u2019entre elles est peut-\u00eatre le d\u00e9part d\u2019un enfant pour sa premi\u00e8re ann\u00e9e d\u2019universit\u00e9. Le d\u00e9part pour l\u2019universit\u00e9 s\u2019accompagne souvent de longues listes de livres, de fournitures scolaires et de dortoir, de pr\u00eats \u00e9tudiants, de [&hellip;]<\/p>\n","protected":false},"author":3,"featured_media":1146,"comment_status":"closed","ping_status":"closed","sticky":false,"template":"","format":"standard","meta":{"footnotes":""},"categories":[3],"tags":[],"class_list":["post-1145","post","type-post","status-publish","format-standard","has-post-thumbnail","hentry","category-editions-esoterique-fondee-en-1927-depeches","entry","fw-tab-6 fw-tabr-4","has-featured-image"],"yoast_head":"<!-- This site is optimized with the Yoast SEO plugin v27.5 - https:\/\/yoast.com\/product\/yoast-seo-wordpress\/ -->\n<title>Rappelons-nous l\u2019origine catholique des universit\u00e9s &amp; requ\u00eate matinale. - EDITIONSBUSSIERE<\/title>\n<meta name=\"robots\" content=\"index, follow, max-snippet:-1, max-image-preview:large, max-video-preview:-1\" \/>\n<link rel=\"canonical\" href=\"https:\/\/editionsbussiere.com\/blog\/rappelons-nous-lorigine-catholique-des-universites-requete-matinale\/\" \/>\n<meta property=\"og:locale\" content=\"fr_FR\" \/>\n<meta property=\"og:type\" content=\"article\" \/>\n<meta property=\"og:title\" content=\"Rappelons-nous l\u2019origine catholique des universit\u00e9s &amp; requ\u00eate matinale. - EDITIONSBUSSIERE\" \/>\n<meta property=\"og:description\" content=\"Alors que l\u2019\u00e9t\u00e9 touche \u00e0 sa fin, de nombreux m\u00e9nages entrent dans la p\u00e9riode de la rentr\u00e9e scolaire. La plus perturbante d\u2019entre elles est peut-\u00eatre le d\u00e9part d\u2019un enfant pour sa premi\u00e8re ann\u00e9e d\u2019universit\u00e9. Le d\u00e9part pour l\u2019universit\u00e9 s\u2019accompagne souvent de longues listes de livres, de fournitures scolaires et de dortoir, de pr\u00eats \u00e9tudiants, de [&hellip;]\" \/>\n<meta property=\"og:url\" content=\"https:\/\/editionsbussiere.com\/blog\/rappelons-nous-lorigine-catholique-des-universites-requete-matinale\/\" \/>\n<meta property=\"og:site_name\" content=\"EDITIONSBUSSIERE\" \/>\n<meta property=\"article:published_time\" content=\"2024-08-12T11:15:40+00:00\" \/>\n<meta property=\"og:image\" content=\"https:\/\/editionsbussiere.com\/blog\/wp-content\/uploads\/2024\/08\/Rappelons-nous-lorigine-catholique-des-universites-requete-matinale.jpg\" \/>\n<meta name=\"author\" content=\"Marie BATICLE\" \/>\n<meta name=\"twitter:card\" content=\"summary_large_image\" \/>\n<meta name=\"twitter:label1\" content=\"\u00c9crit par\" \/>\n\t<meta name=\"twitter:data1\" content=\"Marie BATICLE\" \/>\n\t<meta name=\"twitter:label2\" content=\"Dur\u00e9e de lecture estim\u00e9e\" \/>\n\t<meta name=\"twitter:data2\" content=\"14 minutes\" \/>\n<script type=\"application\/ld+json\" class=\"yoast-schema-graph\">{\"@context\":\"https:\\\/\\\/schema.org\",\"@graph\":[{\"@type\":\"Article\",\"@id\":\"https:\\\/\\\/editionsbussiere.com\\\/blog\\\/rappelons-nous-lorigine-catholique-des-universites-requete-matinale\\\/#article\",\"isPartOf\":{\"@id\":\"https:\\\/\\\/editionsbussiere.com\\\/blog\\\/rappelons-nous-lorigine-catholique-des-universites-requete-matinale\\\/\"},\"author\":{\"name\":\"Marie BATICLE\",\"@id\":\"https:\\\/\\\/editionsbussiere.com\\\/blog\\\/#\\\/schema\\\/person\\\/ec90e102792148c97e46ab871010dd8f\"},\"headline\":\"Rappelons-nous l\u2019origine catholique des universit\u00e9s &amp; requ\u00eate matinale.\",\"datePublished\":\"2024-08-12T11:15:40+00:00\",\"mainEntityOfPage\":{\"@id\":\"https:\\\/\\\/editionsbussiere.com\\\/blog\\\/rappelons-nous-lorigine-catholique-des-universites-requete-matinale\\\/\"},\"wordCount\":2840,\"publisher\":{\"@id\":\"https:\\\/\\\/editionsbussiere.com\\\/blog\\\/#organization\"},\"image\":{\"@id\":\"https:\\\/\\\/editionsbussiere.com\\\/blog\\\/rappelons-nous-lorigine-catholique-des-universites-requete-matinale\\\/#primaryimage\"},\"thumbnailUrl\":\"https:\\\/\\\/editionsbussiere.com\\\/blog\\\/wp-content\\\/uploads\\\/2024\\\/08\\\/Rappelons-nous-lorigine-catholique-des-universites-requete-matinale.jpg\",\"articleSection\":[\"Editions \u00c9sot\u00e9rique Fond\u00e9e En 1927; D\u00e9p\u00e8ches:\"],\"inLanguage\":\"fr-FR\"},{\"@type\":\"WebPage\",\"@id\":\"https:\\\/\\\/editionsbussiere.com\\\/blog\\\/rappelons-nous-lorigine-catholique-des-universites-requete-matinale\\\/\",\"url\":\"https:\\\/\\\/editionsbussiere.com\\\/blog\\\/rappelons-nous-lorigine-catholique-des-universites-requete-matinale\\\/\",\"name\":\"Rappelons-nous l\u2019origine catholique des universit\u00e9s &amp; requ\u00eate matinale. - EDITIONSBUSSIERE\",\"isPartOf\":{\"@id\":\"https:\\\/\\\/editionsbussiere.com\\\/blog\\\/#website\"},\"primaryImageOfPage\":{\"@id\":\"https:\\\/\\\/editionsbussiere.com\\\/blog\\\/rappelons-nous-lorigine-catholique-des-universites-requete-matinale\\\/#primaryimage\"},\"image\":{\"@id\":\"https:\\\/\\\/editionsbussiere.com\\\/blog\\\/rappelons-nous-lorigine-catholique-des-universites-requete-matinale\\\/#primaryimage\"},\"thumbnailUrl\":\"https:\\\/\\\/editionsbussiere.com\\\/blog\\\/wp-content\\\/uploads\\\/2024\\\/08\\\/Rappelons-nous-lorigine-catholique-des-universites-requete-matinale.jpg\",\"datePublished\":\"2024-08-12T11:15:40+00:00\",\"breadcrumb\":{\"@id\":\"https:\\\/\\\/editionsbussiere.com\\\/blog\\\/rappelons-nous-lorigine-catholique-des-universites-requete-matinale\\\/#breadcrumb\"},\"inLanguage\":\"fr-FR\",\"potentialAction\":[{\"@type\":\"ReadAction\",\"target\":[\"https:\\\/\\\/editionsbussiere.com\\\/blog\\\/rappelons-nous-lorigine-catholique-des-universites-requete-matinale\\\/\"]}]},{\"@type\":\"ImageObject\",\"inLanguage\":\"fr-FR\",\"@id\":\"https:\\\/\\\/editionsbussiere.com\\\/blog\\\/rappelons-nous-lorigine-catholique-des-universites-requete-matinale\\\/#primaryimage\",\"url\":\"https:\\\/\\\/editionsbussiere.com\\\/blog\\\/wp-content\\\/uploads\\\/2024\\\/08\\\/Rappelons-nous-lorigine-catholique-des-universites-requete-matinale.jpg\",\"contentUrl\":\"https:\\\/\\\/editionsbussiere.com\\\/blog\\\/wp-content\\\/uploads\\\/2024\\\/08\\\/Rappelons-nous-lorigine-catholique-des-universites-requete-matinale.jpg\",\"width\":660,\"height\":350,\"caption\":\"Rappelons nous lorigine catholique des universites requete matinale\"},{\"@type\":\"BreadcrumbList\",\"@id\":\"https:\\\/\\\/editionsbussiere.com\\\/blog\\\/rappelons-nous-lorigine-catholique-des-universites-requete-matinale\\\/#breadcrumb\",\"itemListElement\":[{\"@type\":\"ListItem\",\"position\":1,\"name\":\"Accueil\",\"item\":\"https:\\\/\\\/editionsbussiere.com\\\/blog\\\/\"},{\"@type\":\"ListItem\",\"position\":2,\"name\":\"Rappelons-nous l\u2019origine catholique des universit\u00e9s &amp; requ\u00eate matinale.\"}]},{\"@type\":\"WebSite\",\"@id\":\"https:\\\/\\\/editionsbussiere.com\\\/blog\\\/#website\",\"url\":\"https:\\\/\\\/editionsbussiere.com\\\/blog\\\/\",\"name\":\"EDITIONSBUSSIERE\",\"description\":\"Editions \u00e9sot\u00e9rique fond\u00e9e en 1927; site historique, A SAVOIR ET RETENIR.\",\"publisher\":{\"@id\":\"https:\\\/\\\/editionsbussiere.com\\\/blog\\\/#organization\"},\"potentialAction\":[{\"@type\":\"SearchAction\",\"target\":{\"@type\":\"EntryPoint\",\"urlTemplate\":\"https:\\\/\\\/editionsbussiere.com\\\/blog\\\/?s={search_term_string}\"},\"query-input\":{\"@type\":\"PropertyValueSpecification\",\"valueRequired\":true,\"valueName\":\"search_term_string\"}}],\"inLanguage\":\"fr-FR\"},{\"@type\":\"Organization\",\"@id\":\"https:\\\/\\\/editionsbussiere.com\\\/blog\\\/#organization\",\"name\":\"editionsbussiere\",\"url\":\"https:\\\/\\\/editionsbussiere.com\\\/blog\\\/\",\"logo\":{\"@type\":\"ImageObject\",\"inLanguage\":\"fr-FR\",\"@id\":\"https:\\\/\\\/editionsbussiere.com\\\/blog\\\/#\\\/schema\\\/logo\\\/image\\\/\",\"url\":\"https:\\\/\\\/editionsbussiere.com\\\/blog\\\/wp-content\\\/uploads\\\/2023\\\/09\\\/cropped-buss.gif\",\"contentUrl\":\"https:\\\/\\\/editionsbussiere.com\\\/blog\\\/wp-content\\\/uploads\\\/2023\\\/09\\\/cropped-buss.gif\",\"width\":298,\"height\":120,\"caption\":\"editionsbussiere\"},\"image\":{\"@id\":\"https:\\\/\\\/editionsbussiere.com\\\/blog\\\/#\\\/schema\\\/logo\\\/image\\\/\"}},{\"@type\":\"Person\",\"@id\":\"https:\\\/\\\/editionsbussiere.com\\\/blog\\\/#\\\/schema\\\/person\\\/ec90e102792148c97e46ab871010dd8f\",\"name\":\"Marie BATICLE\",\"image\":{\"@type\":\"ImageObject\",\"inLanguage\":\"fr-FR\",\"@id\":\"https:\\\/\\\/secure.gravatar.com\\\/avatar\\\/c923e52403b1b8137e2d929127211d21967e6aecaa053bd43b09da29f212e76e?s=96&d=mm&r=g\",\"url\":\"https:\\\/\\\/secure.gravatar.com\\\/avatar\\\/c923e52403b1b8137e2d929127211d21967e6aecaa053bd43b09da29f212e76e?s=96&d=mm&r=g\",\"contentUrl\":\"https:\\\/\\\/secure.gravatar.com\\\/avatar\\\/c923e52403b1b8137e2d929127211d21967e6aecaa053bd43b09da29f212e76e?s=96&d=mm&r=g\",\"caption\":\"Marie BATICLE\"},\"url\":\"https:\\\/\\\/editionsbussiere.com\\\/blog\\\/author\\\/eremarie\\\/\"}]}<\/script>\n<!-- \/ Yoast SEO plugin. -->","yoast_head_json":{"title":"Rappelons-nous l\u2019origine catholique des universit\u00e9s &amp; requ\u00eate matinale. - EDITIONSBUSSIERE","robots":{"index":"index","follow":"follow","max-snippet":"max-snippet:-1","max-image-preview":"max-image-preview:large","max-video-preview":"max-video-preview:-1"},"canonical":"https:\/\/editionsbussiere.com\/blog\/rappelons-nous-lorigine-catholique-des-universites-requete-matinale\/","og_locale":"fr_FR","og_type":"article","og_title":"Rappelons-nous l\u2019origine catholique des universit\u00e9s &amp; requ\u00eate matinale. - EDITIONSBUSSIERE","og_description":"Alors que l\u2019\u00e9t\u00e9 touche \u00e0 sa fin, de nombreux m\u00e9nages entrent dans la p\u00e9riode de la rentr\u00e9e scolaire. La plus perturbante d\u2019entre elles est peut-\u00eatre le d\u00e9part d\u2019un enfant pour sa premi\u00e8re ann\u00e9e d\u2019universit\u00e9. Le d\u00e9part pour l\u2019universit\u00e9 s\u2019accompagne souvent de longues listes de livres, de fournitures scolaires et de dortoir, de pr\u00eats \u00e9tudiants, de [&hellip;]","og_url":"https:\/\/editionsbussiere.com\/blog\/rappelons-nous-lorigine-catholique-des-universites-requete-matinale\/","og_site_name":"EDITIONSBUSSIERE","article_published_time":"2024-08-12T11:15:40+00:00","og_image":[{"url":"https:\/\/editionsbussiere.com\/blog\/wp-content\/uploads\/2024\/08\/Rappelons-nous-lorigine-catholique-des-universites-requete-matinale.jpg","type":"","width":"","height":""}],"author":"Marie BATICLE","twitter_card":"summary_large_image","twitter_misc":{"\u00c9crit par":"Marie BATICLE","Dur\u00e9e de lecture estim\u00e9e":"14 minutes"},"schema":{"@context":"https:\/\/schema.org","@graph":[{"@type":"Article","@id":"https:\/\/editionsbussiere.com\/blog\/rappelons-nous-lorigine-catholique-des-universites-requete-matinale\/#article","isPartOf":{"@id":"https:\/\/editionsbussiere.com\/blog\/rappelons-nous-lorigine-catholique-des-universites-requete-matinale\/"},"author":{"name":"Marie BATICLE","@id":"https:\/\/editionsbussiere.com\/blog\/#\/schema\/person\/ec90e102792148c97e46ab871010dd8f"},"headline":"Rappelons-nous l\u2019origine catholique des universit\u00e9s &amp; requ\u00eate matinale.","datePublished":"2024-08-12T11:15:40+00:00","mainEntityOfPage":{"@id":"https:\/\/editionsbussiere.com\/blog\/rappelons-nous-lorigine-catholique-des-universites-requete-matinale\/"},"wordCount":2840,"publisher":{"@id":"https:\/\/editionsbussiere.com\/blog\/#organization"},"image":{"@id":"https:\/\/editionsbussiere.com\/blog\/rappelons-nous-lorigine-catholique-des-universites-requete-matinale\/#primaryimage"},"thumbnailUrl":"https:\/\/editionsbussiere.com\/blog\/wp-content\/uploads\/2024\/08\/Rappelons-nous-lorigine-catholique-des-universites-requete-matinale.jpg","articleSection":["Editions \u00c9sot\u00e9rique Fond\u00e9e En 1927; D\u00e9p\u00e8ches:"],"inLanguage":"fr-FR"},{"@type":"WebPage","@id":"https:\/\/editionsbussiere.com\/blog\/rappelons-nous-lorigine-catholique-des-universites-requete-matinale\/","url":"https:\/\/editionsbussiere.com\/blog\/rappelons-nous-lorigine-catholique-des-universites-requete-matinale\/","name":"Rappelons-nous l\u2019origine catholique des universit\u00e9s &amp; requ\u00eate matinale. - EDITIONSBUSSIERE","isPartOf":{"@id":"https:\/\/editionsbussiere.com\/blog\/#website"},"primaryImageOfPage":{"@id":"https:\/\/editionsbussiere.com\/blog\/rappelons-nous-lorigine-catholique-des-universites-requete-matinale\/#primaryimage"},"image":{"@id":"https:\/\/editionsbussiere.com\/blog\/rappelons-nous-lorigine-catholique-des-universites-requete-matinale\/#primaryimage"},"thumbnailUrl":"https:\/\/editionsbussiere.com\/blog\/wp-content\/uploads\/2024\/08\/Rappelons-nous-lorigine-catholique-des-universites-requete-matinale.jpg","datePublished":"2024-08-12T11:15:40+00:00","breadcrumb":{"@id":"https:\/\/editionsbussiere.com\/blog\/rappelons-nous-lorigine-catholique-des-universites-requete-matinale\/#breadcrumb"},"inLanguage":"fr-FR","potentialAction":[{"@type":"ReadAction","target":["https:\/\/editionsbussiere.com\/blog\/rappelons-nous-lorigine-catholique-des-universites-requete-matinale\/"]}]},{"@type":"ImageObject","inLanguage":"fr-FR","@id":"https:\/\/editionsbussiere.com\/blog\/rappelons-nous-lorigine-catholique-des-universites-requete-matinale\/#primaryimage","url":"https:\/\/editionsbussiere.com\/blog\/wp-content\/uploads\/2024\/08\/Rappelons-nous-lorigine-catholique-des-universites-requete-matinale.jpg","contentUrl":"https:\/\/editionsbussiere.com\/blog\/wp-content\/uploads\/2024\/08\/Rappelons-nous-lorigine-catholique-des-universites-requete-matinale.jpg","width":660,"height":350,"caption":"Rappelons nous lorigine catholique des universites requete matinale"},{"@type":"BreadcrumbList","@id":"https:\/\/editionsbussiere.com\/blog\/rappelons-nous-lorigine-catholique-des-universites-requete-matinale\/#breadcrumb","itemListElement":[{"@type":"ListItem","position":1,"name":"Accueil","item":"https:\/\/editionsbussiere.com\/blog\/"},{"@type":"ListItem","position":2,"name":"Rappelons-nous l\u2019origine catholique des universit\u00e9s &amp; requ\u00eate matinale."}]},{"@type":"WebSite","@id":"https:\/\/editionsbussiere.com\/blog\/#website","url":"https:\/\/editionsbussiere.com\/blog\/","name":"EDITIONSBUSSIERE","description":"Editions \u00e9sot\u00e9rique fond\u00e9e en 1927; site historique, A SAVOIR ET RETENIR.","publisher":{"@id":"https:\/\/editionsbussiere.com\/blog\/#organization"},"potentialAction":[{"@type":"SearchAction","target":{"@type":"EntryPoint","urlTemplate":"https:\/\/editionsbussiere.com\/blog\/?s={search_term_string}"},"query-input":{"@type":"PropertyValueSpecification","valueRequired":true,"valueName":"search_term_string"}}],"inLanguage":"fr-FR"},{"@type":"Organization","@id":"https:\/\/editionsbussiere.com\/blog\/#organization","name":"editionsbussiere","url":"https:\/\/editionsbussiere.com\/blog\/","logo":{"@type":"ImageObject","inLanguage":"fr-FR","@id":"https:\/\/editionsbussiere.com\/blog\/#\/schema\/logo\/image\/","url":"https:\/\/editionsbussiere.com\/blog\/wp-content\/uploads\/2023\/09\/cropped-buss.gif","contentUrl":"https:\/\/editionsbussiere.com\/blog\/wp-content\/uploads\/2023\/09\/cropped-buss.gif","width":298,"height":120,"caption":"editionsbussiere"},"image":{"@id":"https:\/\/editionsbussiere.com\/blog\/#\/schema\/logo\/image\/"}},{"@type":"Person","@id":"https:\/\/editionsbussiere.com\/blog\/#\/schema\/person\/ec90e102792148c97e46ab871010dd8f","name":"Marie BATICLE","image":{"@type":"ImageObject","inLanguage":"fr-FR","@id":"https:\/\/secure.gravatar.com\/avatar\/c923e52403b1b8137e2d929127211d21967e6aecaa053bd43b09da29f212e76e?s=96&d=mm&r=g","url":"https:\/\/secure.gravatar.com\/avatar\/c923e52403b1b8137e2d929127211d21967e6aecaa053bd43b09da29f212e76e?s=96&d=mm&r=g","contentUrl":"https:\/\/secure.gravatar.com\/avatar\/c923e52403b1b8137e2d929127211d21967e6aecaa053bd43b09da29f212e76e?s=96&d=mm&r=g","caption":"Marie BATICLE"},"url":"https:\/\/editionsbussiere.com\/blog\/author\/eremarie\/"}]}},"_links":{"self":[{"href":"https:\/\/editionsbussiere.com\/blog\/wp-json\/wp\/v2\/posts\/1145","targetHints":{"allow":["GET"]}}],"collection":[{"href":"https:\/\/editionsbussiere.com\/blog\/wp-json\/wp\/v2\/posts"}],"about":[{"href":"https:\/\/editionsbussiere.com\/blog\/wp-json\/wp\/v2\/types\/post"}],"author":[{"embeddable":true,"href":"https:\/\/editionsbussiere.com\/blog\/wp-json\/wp\/v2\/users\/3"}],"replies":[{"embeddable":true,"href":"https:\/\/editionsbussiere.com\/blog\/wp-json\/wp\/v2\/comments?post=1145"}],"version-history":[{"count":0,"href":"https:\/\/editionsbussiere.com\/blog\/wp-json\/wp\/v2\/posts\/1145\/revisions"}],"wp:featuredmedia":[{"embeddable":true,"href":"https:\/\/editionsbussiere.com\/blog\/wp-json\/wp\/v2\/media\/1146"}],"wp:attachment":[{"href":"https:\/\/editionsbussiere.com\/blog\/wp-json\/wp\/v2\/media?parent=1145"}],"wp:term":[{"taxonomy":"category","embeddable":true,"href":"https:\/\/editionsbussiere.com\/blog\/wp-json\/wp\/v2\/categories?post=1145"},{"taxonomy":"post_tag","embeddable":true,"href":"https:\/\/editionsbussiere.com\/blog\/wp-json\/wp\/v2\/tags?post=1145"}],"curies":[{"name":"wp","href":"https:\/\/api.w.org\/{rel}","templated":true}]}}