{"id":1142,"date":"2024-08-11T15:03:48","date_gmt":"2024-08-11T13:03:48","guid":{"rendered":"https:\/\/editionsbussiere.com\/blog\/levolution-de-la-position-du-vatican-sur-la-fin-de-vie-montre-que-les-cas-difficiles-font-de-mauvaises-lois-requete-pour-commencer-la-journee\/"},"modified":"2024-08-11T15:03:48","modified_gmt":"2024-08-11T13:03:48","slug":"levolution-de-la-position-du-vatican-sur-la-fin-de-vie-montre-que-les-cas-difficiles-font-de-mauvaises-lois-requete-pour-commencer-la-journee","status":"publish","type":"post","link":"https:\/\/editionsbussiere.com\/blog\/levolution-de-la-position-du-vatican-sur-la-fin-de-vie-montre-que-les-cas-difficiles-font-de-mauvaises-lois-requete-pour-commencer-la-journee\/","title":{"rendered":"L\u2019\u00e9volution de la position du Vatican sur la fin de vie montre que les cas difficiles font de mauvaises lois\n &amp; requ\u00eate pour commencer la journ\u00e9e."},"content":{"rendered":"<div><img width=\"580\" height=\"389\" src=\"https:\/\/editionsbussiere.com\/blog\/wp-content\/uploads\/2024\/08\/Levolution-de-la-position-du-Vatican-sur-la-fin-de.jpg\" class=\"attachment-large size-large wp-post-image\" alt=\"L'\u00e9volution de la position du Vatican sur la fin de\" style=\"float:left; margin:0 15px 15px 0;\" decoding=\"async\" srcset=\"https:\/\/editionsbussiere.com\/blog\/wp-content\/uploads\/2024\/08\/Levolution-de-la-position-du-Vatican-sur-la-fin-de.jpg 843w, https:\/\/www.n42.fr\/wp-content\/uploads\/2024\/08\/Levolution-de-la-position-du-Vatican-sur-la-fin-de-300x201.jpg 300w, https:\/\/www.n42.fr\/wp-content\/uploads\/2024\/08\/Levolution-de-la-position-du-Vatican-sur-la-fin-de-768x516.jpg 768w\" sizes=\"(max-width: 580px) 100vw, 580px\"><\/p>\n<p>\n<\/p>\n<div>\n<p>ROME \u2013 Les cas difficiles font les mauvaises lois, comme le dit la c\u00e9l\u00e8bre maxime juridique. Le Vatican nous l\u2019a rappel\u00e9 cette semaine avec un nouveau \u00ab petit lexique de fin de vie \u00bb, qui modifie de mani\u00e8re pas si subtile une d\u00e9cision ant\u00e9rieure du Vatican sur la question de l\u2019arr\u00eat de la nutrition et de l\u2019hydratation artificielles des patients atteints de maladies chroniques, il y a 17 ans.<\/p>\n<p>Le nouveau lexique a \u00e9t\u00e9 publi\u00e9 par l\u2019Acad\u00e9mie pontificale pour la vie et, bien qu\u2019il n\u2019ait pas force de loi et n\u2019exprime aucun nouvel enseignement, il marque n\u00e9anmoins clairement une rupture avec la position adopt\u00e9e par le Vatican en 2007, \u00e9labor\u00e9e \u00e0 la suite de l\u2019affaire angoiss\u00e9e de Terry Schiavo aux \u00c9tats-Unis.<\/p>\n<div class=\"mb-6 last:mb-0\">\n<div id=\"div-gpt-ad-3284456-7\" data-variant=\"large\" class=\"md:hidden ad-box bg-bg-shade mx-auto clear-both relative max-w-full z-0 overflow-hidden mb-6 last:mb-0  w-80 h-[50px] lg:w-[970px] lg:h-[250px] \">\n<div class=\"absolute top-1\/2 left-1\/2 -translate-x-1\/2 -translate-y-1\/2 h-8 w-32 max-h-[40%] max-w-[90%] -z-10 dark:opacity-25\"><\/div>\n<\/div>\n<\/div>\n<div class=\"mb-6 last:mb-0\">\n<div id=\"div-gpt-ad-3284456-2\" data-variant=\"small\" class=\"hidden md:block ad-box bg-bg-shade mx-auto clear-both relative max-w-full z-0 overflow-hidden mb-6 last:mb-0 w-[300px] h-[250px]  \">\n<div class=\"absolute top-1\/2 left-1\/2 -translate-x-1\/2 -translate-y-1\/2 h-8 w-32 max-h-[40%] max-w-[90%] -z-10 dark:opacity-25\"><\/div>\n<\/div>\n<\/div>\n<p>Le lexique, en revanche, n\u2019a \u00e9t\u00e9 publi\u00e9 jusqu\u2019\u00e0 pr\u00e9sent qu\u2019en italien et ne semble pas li\u00e9 de mani\u00e8re directe \u00e0 une affaire r\u00e9cente de grande envergure.<\/p>\n<p>M\u00eame si l\u2019on a du mal \u00e0 s\u2019en souvenir aujourd\u2019hui, l\u2019affaire Schiavo a peut-\u00eatre \u00e9t\u00e9 le d\u00e9bat sur la fin de vie le plus c\u00e9l\u00e8bre et le plus controvers\u00e9 aux \u00c9tats-Unis \u00e0 la fin des ann\u00e9es 1990 et au d\u00e9but des ann\u00e9es 2000. Elle est devenue un enjeu politique lors de l\u2019\u00e9lection de 2004, en partie parce qu\u2019elle se d\u00e9roulait en Floride, un \u00c9tat cl\u00e9 pour l\u2019\u00e9lection pr\u00e9sidentielle, qui \u00e9tait \u00e0 l\u2019\u00e9poque gouvern\u00e9 par Jeb Bush, le fr\u00e8re du pr\u00e9sident George W. Bush.<\/p>\n<div class=\"mb-6 last:mb-0\">\n<div id=\"div-gpt-ad-3284456-4\" data-variant=\"small\" class=\" ad-box bg-bg-shade mx-auto clear-both relative max-w-full z-0 overflow-hidden mb-6 last:mb-0 w-[300px] h-[250px]  \">\n<div class=\"absolute top-1\/2 left-1\/2 -translate-x-1\/2 -translate-y-1\/2 h-8 w-32 max-h-[40%] max-w-[90%] -z-10 dark:opacity-25\"><\/div>\n<\/div>\n<\/div>\n<p>Pour r\u00e9sumer, Terry Schiavo a subi un arr\u00eat cardiaque \u00e0 son domicile de St. Petersburg, en Floride, en 1990, a subi des l\u00e9sions c\u00e9r\u00e9brales massives et a finalement \u00e9t\u00e9 diagnostiqu\u00e9e comme \u00e9tant dans un \u00e9tat v\u00e9g\u00e9tatif persistant. Au cours des ann\u00e9es suivantes, diverses th\u00e9rapies ont \u00e9t\u00e9 tent\u00e9es sans r\u00e9sultat favorable et, en 1998, le mari de Schiavo a d\u00e9cid\u00e9 de retirer la sonde d\u2019alimentation qui la maintenait en vie.<\/p>\n<p>Cette d\u00e9cision a \u00e9t\u00e9 imm\u00e9diatement contest\u00e9e par les parents de Schiavo, Robert et Mary Schindler, qui, entre autres, ont insist\u00e9 sur le fait que Schiavo \u00e9tait un catholique romain fervent et n\u2019aurait pas voulu d\u00e9fier l\u2019enseignement de l\u2019\u00c9glise, y compris l\u2019id\u00e9e selon laquelle le retrait de nourriture et d\u2019eau d\u2019un patient \u00e9quivaut \u00e0 une forme d\u2019euthanasie.<\/p>\n<p>L\u2019affrontement entre le mari et les parents a d\u00e9clench\u00e9 un d\u00e9bat juridique et politique explosif qui a dur\u00e9 sept ans, jusqu\u2019au retrait d\u00e9finitif de la sonde d\u2019alimentation et au d\u00e9c\u00e8s de Schiavo, le 31 mars 2005. L\u2019affaire a suscit\u00e9 un activisme catholique large et passionn\u00e9, souvent motiv\u00e9 moins par les dirigeants officiels de l\u2019\u00c9glise que par un vaste r\u00e9seau horizontal informel de militants et de mouvements pro-vie.<\/p>\n<div class=\"mb-6 last:mb-0\">\n<div id=\"div-gpt-ad-3284456-5\" data-variant=\"small\" class=\"hidden md:block ad-box bg-bg-shade mx-auto clear-both relative max-w-full z-0 overflow-hidden mb-6 last:mb-0 w-[300px] h-[250px]  \">\n<div class=\"absolute top-1\/2 left-1\/2 -translate-x-1\/2 -translate-y-1\/2 h-8 w-32 max-h-[40%] max-w-[90%] -z-10 dark:opacity-25\"><\/div>\n<\/div>\n<\/div>\n<p>L\u2019ancien pr\u00eatre Frank Pavone, aujourd\u2019hui \u00e0 la t\u00eate de l\u2019association Pr\u00eatres pour la vie, a prononc\u00e9 l\u2019hom\u00e9lie lors de la messe fun\u00e9raire de Schiavo, le 5 avril 2005 \u2013 soit quatre jours seulement avant la mort du pape Jean-Paul II, le 9 avril.<\/p>\n<p>(Bien que ce ne soit plus qu\u2019une note de bas de page aujourd\u2019hui, l\u2019int\u00e9r\u00eat catholique pour l\u2019affaire Schiavo a \u00e9t\u00e9 bri\u00e8vement amplifi\u00e9 par la co\u00efncidence qu\u2019elle est morte juste au moment o\u00f9 Jean-Paul entrait dans la phase finale de sa propre maladie, et pendant un temps, lui aussi \u00e9tait aliment\u00e9 par une sonde d\u2019alimentation. Dans l\u2019atmosph\u00e8re de serre du moment, m\u00eame cet acte a \u00e9t\u00e9 consid\u00e9r\u00e9 par certains comme ayant une signification politique, comme si Jean-Paul offrait en quelque sorte une r\u00e9futation au mari de Schiavo.)<\/p>\n<p>Au lendemain de l\u2019affaire Schiavo, les \u00e9v\u00eaques des \u00c9tats-Unis ont pr\u00e9sent\u00e9 deux <em>dubia<\/em>ou des questions formelles, adress\u00e9es \u00e0 la Congr\u00e9gation pour la doctrine de la foi de l\u2019\u00e9poque, dont les r\u00e9ponses soutenaient en principe que la fourniture de nourriture et d\u2019eau \u00e0 un patient dans un \u00e9tat v\u00e9g\u00e9tatif persistant, m\u00eame en utilisant des moyens artificiels, repr\u00e9sente des \u00ab soins ordinaires et proportionn\u00e9s \u00bb et ne peut \u00eatre retir\u00e9e, m\u00eame si les m\u00e9decins ont d\u00e9termin\u00e9 que le patient ne se r\u00e9tablira jamais.<\/p>\n<p>Comme le souligne le nouveau lexique, la r\u00e9ponse de 2007 comportait une importante r\u00e9serve, stipulant que la nutrition et l\u2019hydratation artificielles sont obligatoires \u00ab dans la mesure o\u00f9, et aussi longtemps qu\u2019elles sont capables d\u2019atteindre leur finalit\u00e9 propre, qui est l\u2019hydratation et la nutrition du patient \u00bb. En d\u2019autres termes, si le corps du patient n\u2019est plus capable d\u2019assimiler la nourriture et l\u2019eau fournies, elles peuvent \u00eatre retir\u00e9es.<\/p>\n<p>N\u00e9anmoins, cette r\u00e9ponse de 2007 va clairement dans le sens d\u2019un rejet quasi absolu du retrait de la nutrition et de l\u2019hydratation artificielles dans la plupart des cas.<\/p>\n<p>Le contexte am\u00e9ricain de la conclusion est soulign\u00e9 par la co\u00efncidence selon laquelle, lorsque le <em>dubia<\/em> Les r\u00e9ponses ont \u00e9t\u00e9 soumises par le Comit\u00e9 de doctrine de la conf\u00e9rence des \u00e9v\u00eaques des \u00c9tats-Unis en juillet 2005, imm\u00e9diatement apr\u00e8s la mort de Schiavo, et le pr\u00e9sident de ce comit\u00e9 \u00e9tait le cardinal William Levada de San Francisco. Lorsque les r\u00e9ponses sont arriv\u00e9es deux ans plus tard, Levada \u00e9tait pr\u00e9fet de la Congr\u00e9gation pour la doctrine de la foi sous le pape Beno\u00eet XVI, ce qui signifiait qu\u2019il \u00e9tait en mesure de r\u00e9pondre lui-m\u00eame \u00e0 ses questions.<\/p>\n<p>\u00c0 l\u2019\u00e9poque, l\u2019affaire Schiavo semblait poser un choix entre l\u2019apaisement et la bataille, entre accepter un premier pas sur une pente glissante vers l\u2019euthanasie et m\u00eame un \u00ab devoir de mourir \u00bb, ou tracer une ligne claire dans le sable pour d\u00e9fendre la vie humaine et la dignit\u00e9 inh\u00e9rente \u00e0 chaque personne, quelle que soit sa condition physique.<\/p>\n<p>Aujourd\u2019hui, avec 17 ann\u00e9es suppl\u00e9mentaires d\u2019exp\u00e9rience clinique et pastorale, il est peut-\u00eatre plus facile d\u2019accepter que les choses ne sont pas toujours aussi noires ou blanches et qu\u2019il y a place pour des jugements divergents dans des cas concrets. Plus particuli\u00e8rement, il est presque certainement moins difficile d\u2019avoir une conversation sans un ouragan m\u00e9diatique et politique qui se d\u00e9roule en arri\u00e8re-plan.<\/p>\n<p>En ce sens, l\u2019\u00e9volution de la position du Vatican sur la nutrition et l\u2019hydratation artificielles nous rappelle peut-\u00eatre par inadvertance que, chaque fois que Rome est critiqu\u00e9e pour avoir tra\u00een\u00e9 les pieds et \u00ab pens\u00e9 en si\u00e8cles \u00bb, il existe un danger tout aussi oppos\u00e9 \u00e0 r\u00e9agir trop rapidement \u2013 \u200b\u200bsurtout lorsque la r\u00e9ponse est davantage fa\u00e7onn\u00e9e par les pressions du moment que par la sagesse de la perspective.<\/p>\n<\/div>\n<h2> \u00c9lever nos pri\u00e8res pour notre entourage au Seigneur au lever du jour.<\/h2>\n<p>L\u2019ultime ultime phase de la pri\u00e8re du matin consiste \u00e0 prier pour nos familles amis, notre famille, nos coll\u00e8gues et notre communaut\u00e9. Nous pouvons prier pour leur, leur sant\u00e9, leur s\u00fbret\u00e9, et leur fortune. Nous pouvons \u00e9galement prier pour ceux qui nous ont nui et pour ces personnes qui nous ont offens\u00e9s, et demander \u00e0 Dieu de nous aider \u00e0 leur pardonner et \u00e0 leur montrer la compassion.<\/p>\n<h3> Demander pour la sant\u00e9 et la protection de nos amis.<\/h3>\n<p>Dieu tout-puissant, nous autres te confions nos amis, notre familles avec nos connaissances. Surveille, cher Dieu, au-dessus de eux, et prot\u00e8ge -les de tout danger et de toute affliction. Donne, \u00d4 Seigneur, une bien-\u00eatre du corps avec de l\u2019esprit \u00e0 eux, ainsi que la paix au sein de leur esprit. Que ta protection forte les esprits garde et les individus dirige tout au long de cette journ\u00e9e, afin qu\u2019ils vivent dans la protection et la s\u00e9r\u00e9nit\u00e9.<\/p>\n<p>Nous tous te prions \u00e9galement pour nos propres enfants, Seigneur, qu\u2019ils grandissent dans leur foi et dans l\u2019amour de ton saint nom. Accorde, cher Dieu, une sagesse et le courage n\u00e9cessaires afin de affronter les d\u00e9fis de la vie, et aussi conduise leurs pas le long de le chemin de la v\u00e9rit\u00e9 et de la justice.<\/p>\n<p>Enfin, nous autres te prions en vue de nos amis et nos voisins, Seigneur, afin qu\u2019ils exp\u00e9rimentent la joie de ton amour et la paix de ton pardon. Donne-leur, \u00f4 Dieu, des c\u0153urs bienveillants pour partager avec ceux qui dans le besoin, et bras largement ouvertes en vue de accueillir ceux qui sont seuls ainsi que abandonn\u00e9s.<\/p>\n<h3> Prier pour nos ennemis et aussi ceux que nous autres ont offens\u00e9s. <\/h3>\n<p>Seigneur Dieu, le Christ, nous t\u2019 prions pour les n\u00f4tres ennemis et pour ceux qui sont nous ont offens\u00e9s. Accorde-leur, \u00f4 Christ, ta mis\u00e9ricorde ainsi que ton pardon, ainsi que ouvre leur c\u0153ur \u00e0 la lumi\u00e8re des ta v\u00e9rit\u00e9. Aide-nous, Seigneur, \u00e0 leur montrer de la compassion et \u00e0 leur pardonner comme tu nous autres as pardonn\u00e9. Que votre paix r\u00e8gne dans notre c\u0153urs et aussi que ton amour guide les n\u00f4tres actions, pour que nous puissions vivre en harmonie avec tous ceux qui sont nous-m\u00eames entourent.<\/p>\n<h3> Saisir la pri\u00e8re : <\/h3>\n<p>Pour terminer, la invocation nous souviens notre mission comme enfants de Dieu : se trouver des observateurs de l\u2019 lumi\u00e8re et de son attachement dans une \u00e9poque touch\u00e9e aux t\u00e9n\u00e8bres. \u00c0 travers nos paroles et nos \u0153uvres, nous propageons la bonne nouvelle de la tranquillit\u00e9 et de la rapprochement, amenant l\u2019esp\u00e9rance et la gu\u00e9rison \u00e0 un environnement bris\u00e9.<\/p>\n<p>\u00c0 l\u2019int\u00e9rieur de l\u2019 spiritualit\u00e9 chr\u00e9tienne, le lever du jour adopte une importance distincte, repr\u00e9sentant le renouvellement et la reconstruction spirituelle. C\u2019est \u00e0 l\u2019aube de chaque matin\u00e9e que l\u2019esprit se dirige vers l\u2019\u00c9ternel dans la pri\u00e8re, s\u2019effor\u00e7ant \u00e0 devenir \u00e9clair\u00e9e par la lumi\u00e8re surnaturelle. La pratique des pri\u00e8res matinales se r\u00e9v\u00e8le profond\u00e9ment enracin\u00e9e dans la tradition chr\u00e9tienne, offrant un moment exclusif pour se connecter avec Dieu et se pr\u00e9parer spirituellement aux d\u00e9fis de la journ\u00e9e qui s\u2019annonce.<\/p>\n<p>En au sein de ces pri\u00e8res matinales se observe souvent une d\u00e9votion distincte \u00e0 l\u2019\u00e9gard de Marie, la m\u00e8re de J\u00e9sus et personnage sainte respect\u00e9e aupr\u00e8s de de nombreux fid\u00e8les. En tant m\u00e8re intercesseur au milieu de les hommes et Dieu, Marie reste sollicit\u00e9e pour m\u00e9dier en notre faveur, nous orientant dans le chemin de la saintet\u00e9 ainsi que ainsi que la gr\u00e2ce divine. Son pr\u00e9sence maternelle offre consolation et protection, cercant nos propres pri\u00e8res matinales d\u2019une douceur c\u00e9leste.<\/p>\n<p>\u00c0 travers les oraisons du matin, on se trouve invit\u00e9s \u00e0 se unir vers Marie dans une d\u00e9marche de sanctification personnelle. Dans m\u00e9ditant sur sa vie et ses vertus, nous cherchons \u00e0 imiter son humilit\u00e9, la puret\u00e9 et sa ob\u00e9issance vers la volont\u00e9 de Dieu. Par le biais de sa saintet\u00e9 parfaite, Marie se transforme en pour nous une mod\u00e8le pour vie chr\u00e9tienne, nous rem\u00e9morant l\u2019importance de la pri\u00e8re et de la contemplation dans notre cheminement spirituel.<\/p>\n<p>Unissons-nous dans la pri\u00e8re matinale, dans notre confiance, en Marie, la m\u00e8re de notre Seigneur J\u00e9sus-Christ. Au sein de notre monde tourment\u00e9 par les conflits et la division, optons \u00e0 la pri\u00e8re comme un moyen pour retrouver la s\u00e9r\u00e9nit\u00e9 et la r\u00e9conciliation. Les chr\u00e9tiens ont la possibilit\u00e9 faire d\u00e9poser une sollicitation pour la m\u00e8re de dieu <a target=\"_blank\" rel=\"nofollow\" href=\"https:\/\/editionsbussiere.com\/blog\/goto\/https:\/\/www.avemariasound.org\/\" >sur la page de pri\u00e8re pour marie.<\/a> Que nos pri\u00e8res s\u2019\u00e9l\u00e8vent vers le ciel, comme un hommage agr\u00e9able par Dieu, afin qu\u2019il guide nous guider nos pas vers la voie de la v\u00e9rit\u00e9 et de la justice. L\u2019ap\u00f4tre Paul nous dans ses lettres \u00e0 maintenir une pri\u00e8re incessante, en toutes circonstances, afin que notre communion \u00e0 Dieu reste constante et ardente. La pri\u00e8re, quand elle est sinc\u00e8rement offerte, poss\u00e8de la capacit\u00e9 pour transformer les c\u0153urs et d\u2019influer le cours de l\u2019histoire.<\/p>\n<p>La r\u00e9citation du matin est donc un temps favoris\u00e9 afin de se consacrer vers Dieu avec l\u2019intercession de Marie, en sacrifiant nos adorations, nos actions de gr\u00e2ce et nos intentions les plus intimes. \u00c0 travers la qui\u00e9tude de l\u2019aurore, on se trouve invit\u00e9s \u00e0 tourner envers cette m\u00e8re sainte, laquelle nous guide avec tendresse sur le chemin du la croyance et l\u2019amour divin. \u00c0 travers associant notre voix \u00e0 celle du Marie, nous haussant notre pri\u00e8res matinales \u00e0 le tr\u00f4ne de la gr\u00e2ce, confiants que nos supplications seront entendues ainsi que accueillies par le c\u0153ur mis\u00e9ricordieux de Dieu.<\/p>\n<h2> Pri\u00e8re envers le d\u00e9but de journ\u00e9e avec Dieu et la Sainte M\u00e8re<\/h2>\n<p>\u00d4 Tout-Puissant et Mis\u00e9ricordieux Seigneur, en ce nouveau jour qui commence sous la clart\u00e9 de ta lumi\u00e8re c\u00e9leste, je viens \u00e0 toi avec foi et modestie. Que cette journ\u00e9e qui s\u2019ouvre soit consacr\u00e9e \u00e0 ta saintet\u00e9, que chaque pulsation de mon \u00eatre |chaque regard de mes yeux|chacune de mes paroles|chacun de mes gestes} te soit offert en sacrifice. Que chaque souffle de vie que tu m\u2019as donn\u00e9 soit un souffle de pri\u00e8re |un souffle vers toi|un souffle de vie en toi}. Que la pri\u00e8re r\u00e9sonne, que nos pri\u00e8res montent, priez, suppliez, suppliez.<\/p>\n<p>Comme Marie, la m\u00e8re sainte qui a port\u00e9 en son sein l\u2019enfant J\u00e9sus, accompagne-moi dans ce parcours de foi et de d\u00e9votion. Que je puisse, \u00e0 travers les pages de l\u2019\u00c9vangile, trouver la clart\u00e9 pour \u00e9clairer mes pas et fortifier ma foi. \u00c0 l\u2019instar de Pierre, donne-moi la vigueur et le courage d\u2019affronter les \u00e9preuves de ce monde avec une confiance absolue en ta providence.<\/p>\n<p>Dans ce moment de Car\u00eame, o\u00f9 les chr\u00e9tiens et les fid\u00e8les se pr\u00e9parent \u00e0 comm\u00e9morer la r\u00e9surrection de J\u00e9sus-Christ, donne-moi, Seigneur, la b\u00e9n\u00e9diction de la renaissance spirituelle. Que mon esprit soit purifi\u00e9 de tout ce qui le souille, afin qu\u2019il devienne un temple digne de ta pr\u00e9sence. Que mes pri\u00e8res, \u00e0 l\u2019image de Fran\u00e7ois d\u2019Assise, retentisse comme un hymne de louange \u00e0 travers les si\u00e8cles.<br \/>\nSeigneur, que chaque jour soit impr\u00e9gn\u00e9 de ta gr\u00e2ce, que tous les moments soit une occasion de te rencontrer et de te servir dans mes semblables. Que ma vie soit un t\u00e9moignage vivant de ta tendresse infinie pour l\u2019humanit\u00e9. Puissent les supplications de Hozana monter vers toi comme un doux parfum, enveloppant chaque instant de ma journ\u00e9e dans une douce tranquillit\u00e9. Priez, \u00c9glise, Fran\u00e7ois, Hozana.<\/p>\n<p>Puissent mon c\u0153ur, Seigneur, devienne une r\u00e9plique du tien, rempli d\u2019amour, de compassion et de mis\u00e9ricorde envers autrui. Que toutes mes pens\u00e9es et mes actions soient conduites par l\u2019Esprit divin, afin que je puisse contribuer \u00e0 l\u2019av\u00e8nement de ta justice sur la terre.<\/p>\n<p>Que cette journ\u00e9e devienne une nouvelle \u00e9tape dans mon cheminement spirituel, une occasion de grandir dans la foi. Seigneur, envahis mon c\u0153ur, transforme-le en ton sanctuaire, o\u00f9 ta pr\u00e9sence se manifeste en tout temps. Que chaque battement de mon c\u0153ur se transforme en un chant en ton honneur, Seigneur, pour l\u2019\u00e9ternit\u00e9. Amen.<\/p>\n<p>Dans le r\u00e9veil spirituel de toute \u00e2me chr\u00e9tienne, la pri\u00e8re joue. C\u2019est le lien profonde entre le fid\u00e8le de Dieu et sa m\u00e8re c\u00e9leste, Marie, la sainte prie en faveur de nous en face de son sacr\u00e9 Fils. Par le biais de la supplication, les croyants entrons au sein de la brillance de la doctrine divine, men\u00e9s par l\u2019Esprit Saint, afin de d\u00e9couvrir la r\u00e9alit\u00e9 et la faveur que J\u00e9sus nous dispense.<\/p>\n<h2>R\u00e9flexion en ce qui concerne la divine Parole divine : <\/h2>\n<p>Nous pouvons ruminer en ce qui concerne une portion religieux dont nous enseigne de l\u2019affection de Dieu. Par exemple :<\/p>\n<h3>1 Corinthiens 13, 1-8 : <\/h3>\n<p>\u00a0\u00bb<br \/>\nL\u2019amour est patient, il est plein de bont\u00e9; l\u2019amour n\u2019est point envieux; l\u2019amour ne se vante point, il ne s\u2019enfle point d\u2019orgueil, il ne fait rien de malhonn\u00eate, il ne cherche point son int\u00e9r\u00eat, il ne s\u2019irrite point, il ne soup\u00e7onne point le mal, il ne se r\u00e9jouit point de l\u2019injustice, mais il se r\u00e9jouit de la v\u00e9rit\u00e9; il supporte tout, il croit tout, il esp\u00e8re tout, il endure tout.<br \/>\nL\u2019amour ne p\u00e9rit jamais; mais, les proph\u00e9ties, elles seront abolies; les langues, elles cesseront; la connaissance, elle sera abolie.\u00a0\u00bb<\/p>\n<p>Publications sur le m\u00eame objet:<\/p>\n<p>Sainte Lydwine de Schiedam\/Appendice.,<a target=\"_blank\" rel=\"nofollow\" href=\"https:\/\/editionsbussiere.com\/blog\/goto\/https:\/\/fr.wikisource.org\/wiki\/Sainte_Lydwine_de_Schiedam\/Appendice\"  target=\"_blank\" rel=\"noopener noreferrer nofollow\">Cliquer ICI.<\/a><span><\/span><\/p>\n<p>Lettre du 15 mars 1676 (S\u00e9vign\u00e9).,<a target=\"_blank\" rel=\"nofollow\" href=\"https:\/\/editionsbussiere.com\/blog\/goto\/https:\/\/fr.wikisource.org\/wiki\/Lettre_du_15_mars_1676_(S%C3%A9vign%C3%A9)\"  target=\"_blank\" rel=\"noopener noreferrer nofollow\">Cliquer ICI.<\/a><span><\/span>. Suite sur le prochain article.<\/p>\n<p>Les Mis\u00e9rables\/Tome 2\/Livre 6\/05.,<a target=\"_blank\" rel=\"nofollow\" href=\"https:\/\/editionsbussiere.com\/blog\/goto\/https:\/\/fr.wikisource.org\/wiki\/Les_Mis%C3%A9rables\/Tome_2\/Livre_6\/05\"  target=\"_blank\" rel=\"noopener noreferrer nofollow\">Le dossier.<\/a><span><\/span>. Suite sur le prochain article.<\/p>\n<p>Le Combat spirituel (Brignon)\/44.,<a target=\"_blank\" rel=\"nofollow\" href=\"https:\/\/editionsbussiere.com\/blog\/goto\/https:\/\/fr.wikisource.org\/wiki\/Le_Combat_spirituel_(Brignon)\/44\"  target=\"_blank\" rel=\"noopener noreferrer nofollow\">Article complet.<\/a><span><\/span><\/p>\n<p>La L\u00e9gende dor\u00e9e\/La Circoncision de Notre-Seigneur J\u00e9sus-Christ.,<a target=\"_blank\" rel=\"nofollow\" href=\"https:\/\/editionsbussiere.com\/blog\/goto\/https:\/\/fr.wikisource.org\/wiki\/La_L%C3%A9gende_dor%C3%A9e\/La_Circoncision_de_Notre-Seigneur_J%C3%A9sus-Christ\"  target=\"_blank\" rel=\"noopener noreferrer nofollow\">Le post d\u2019actualit\u00e9.<\/a><span><\/span><\/p>\n<p>Chronique de Guillaume de Nangis\/Ann\u00e9e 1249.,<a target=\"_blank\" rel=\"nofollow\" href=\"https:\/\/editionsbussiere.com\/blog\/goto\/https:\/\/fr.wikisource.org\/wiki\/Chronique_de_Guillaume_de_Nangis\/Ann%C3%A9e_1249\"  target=\"_blank\" rel=\"noopener noreferrer nofollow\">A lire ici.<\/a><span><\/span>. Suite sur le prochain article.<\/p>\n<\/div>\n<p><img decoding=\"async\" class=\"wpe_imgrss\" src=\"https:\/\/editionsbussiere.com\/blog\/wp-content\/uploads\/2024\/08\/Levolution-de-la-position-du-Vatican-sur-la-fin-de.jpg\">Cet article a \u00e9t\u00e9 reconstitu\u00e9 du mieux possible. Dans l\u2019hypoth\u00e8se o\u00f9 vous souhaitez apporter quelques modifications concernant le th\u00e8me \u00ab\u00a0Editions \u00e9sot\u00e9rique fond\u00e9e en 1927\u00a0\u00bb, il est possible de discuter avec notre r\u00e9daction. Vous pouvez tirer profit de cet article traitant le sujet \u00ab\u00a0Editions \u00e9sot\u00e9rique fond\u00e9e en 1927\u00a0\u00bb. Il est concoct\u00e9 par l\u2019\u00e9quipe editionsbussiere.com. Le site editionsbussiere.com est fait pour cr\u00e9er divers posts autour du th\u00e8me Editions \u00e9sot\u00e9rique fond\u00e9e en 1927 d\u00e9velopp\u00e9es sur internet. Consultez notre site internet editionsbussiere.com et nos r\u00e9seaux sociaux pour \u00eatre au courant des futures annonces.<\/p>\n","protected":false},"excerpt":{"rendered":"<p>ROME \u2013 Les cas difficiles font les mauvaises lois, comme le dit la c\u00e9l\u00e8bre maxime juridique. Le Vatican nous l\u2019a rappel\u00e9 cette semaine avec un nouveau \u00ab petit lexique de fin de vie \u00bb, qui modifie de mani\u00e8re pas si subtile une d\u00e9cision ant\u00e9rieure du Vatican sur la question de l\u2019arr\u00eat de la nutrition et [&hellip;]<\/p>\n","protected":false},"author":3,"featured_media":1143,"comment_status":"closed","ping_status":"closed","sticky":false,"template":"","format":"standard","meta":{"footnotes":""},"categories":[3],"tags":[],"class_list":["post-1142","post","type-post","status-publish","format-standard","has-post-thumbnail","hentry","category-editions-esoterique-fondee-en-1927-depeches","entry","fw-tab-6 fw-tabr-4","has-featured-image"],"yoast_head":"<!-- This site is optimized with the Yoast SEO plugin v27.5 - https:\/\/yoast.com\/product\/yoast-seo-wordpress\/ -->\n<title>L\u2019\u00e9volution de la position du Vatican sur la fin de vie montre que les cas difficiles font de mauvaises lois &amp; requ\u00eate pour commencer la journ\u00e9e. - EDITIONSBUSSIERE<\/title>\n<meta name=\"robots\" content=\"index, follow, max-snippet:-1, max-image-preview:large, max-video-preview:-1\" \/>\n<link rel=\"canonical\" href=\"https:\/\/editionsbussiere.com\/blog\/levolution-de-la-position-du-vatican-sur-la-fin-de-vie-montre-que-les-cas-difficiles-font-de-mauvaises-lois-requete-pour-commencer-la-journee\/\" \/>\n<meta property=\"og:locale\" content=\"fr_FR\" \/>\n<meta property=\"og:type\" content=\"article\" \/>\n<meta property=\"og:title\" content=\"L\u2019\u00e9volution de la position du Vatican sur la fin de vie montre que les cas difficiles font de mauvaises lois &amp; requ\u00eate pour commencer la journ\u00e9e. - EDITIONSBUSSIERE\" \/>\n<meta property=\"og:description\" content=\"ROME \u2013 Les cas difficiles font les mauvaises lois, comme le dit la c\u00e9l\u00e8bre maxime juridique. Le Vatican nous l\u2019a rappel\u00e9 cette semaine avec un nouveau \u00ab petit lexique de fin de vie \u00bb, qui modifie de mani\u00e8re pas si subtile une d\u00e9cision ant\u00e9rieure du Vatican sur la question de l\u2019arr\u00eat de la nutrition et [&hellip;]\" \/>\n<meta property=\"og:url\" content=\"https:\/\/editionsbussiere.com\/blog\/levolution-de-la-position-du-vatican-sur-la-fin-de-vie-montre-que-les-cas-difficiles-font-de-mauvaises-lois-requete-pour-commencer-la-journee\/\" \/>\n<meta property=\"og:site_name\" content=\"EDITIONSBUSSIERE\" \/>\n<meta property=\"article:published_time\" content=\"2024-08-11T13:03:48+00:00\" \/>\n<meta property=\"og:image\" content=\"https:\/\/editionsbussiere.com\/blog\/wp-content\/uploads\/2024\/08\/Levolution-de-la-position-du-Vatican-sur-la-fin-de.jpg\" \/>\n<meta name=\"author\" content=\"Marie BATICLE\" \/>\n<meta name=\"twitter:card\" content=\"summary_large_image\" \/>\n<meta name=\"twitter:label1\" content=\"\u00c9crit par\" \/>\n\t<meta name=\"twitter:data1\" content=\"Marie BATICLE\" \/>\n\t<meta name=\"twitter:label2\" content=\"Dur\u00e9e de lecture estim\u00e9e\" \/>\n\t<meta name=\"twitter:data2\" content=\"15 minutes\" \/>\n<script type=\"application\/ld+json\" class=\"yoast-schema-graph\">{\"@context\":\"https:\\\/\\\/schema.org\",\"@graph\":[{\"@type\":\"Article\",\"@id\":\"https:\\\/\\\/editionsbussiere.com\\\/blog\\\/levolution-de-la-position-du-vatican-sur-la-fin-de-vie-montre-que-les-cas-difficiles-font-de-mauvaises-lois-requete-pour-commencer-la-journee\\\/#article\",\"isPartOf\":{\"@id\":\"https:\\\/\\\/editionsbussiere.com\\\/blog\\\/levolution-de-la-position-du-vatican-sur-la-fin-de-vie-montre-que-les-cas-difficiles-font-de-mauvaises-lois-requete-pour-commencer-la-journee\\\/\"},\"author\":{\"name\":\"Marie BATICLE\",\"@id\":\"https:\\\/\\\/editionsbussiere.com\\\/blog\\\/#\\\/schema\\\/person\\\/ec90e102792148c97e46ab871010dd8f\"},\"headline\":\"L\u2019\u00e9volution de la position du Vatican sur la fin de vie montre que les cas difficiles font de mauvaises lois &amp; requ\u00eate pour commencer la journ\u00e9e.\",\"datePublished\":\"2024-08-11T13:03:48+00:00\",\"mainEntityOfPage\":{\"@id\":\"https:\\\/\\\/editionsbussiere.com\\\/blog\\\/levolution-de-la-position-du-vatican-sur-la-fin-de-vie-montre-que-les-cas-difficiles-font-de-mauvaises-lois-requete-pour-commencer-la-journee\\\/\"},\"wordCount\":3035,\"publisher\":{\"@id\":\"https:\\\/\\\/editionsbussiere.com\\\/blog\\\/#organization\"},\"image\":{\"@id\":\"https:\\\/\\\/editionsbussiere.com\\\/blog\\\/levolution-de-la-position-du-vatican-sur-la-fin-de-vie-montre-que-les-cas-difficiles-font-de-mauvaises-lois-requete-pour-commencer-la-journee\\\/#primaryimage\"},\"thumbnailUrl\":\"https:\\\/\\\/editionsbussiere.com\\\/blog\\\/wp-content\\\/uploads\\\/2024\\\/08\\\/Levolution-de-la-position-du-Vatican-sur-la-fin-de.jpg\",\"articleSection\":[\"Editions \u00c9sot\u00e9rique Fond\u00e9e En 1927; D\u00e9p\u00e8ches:\"],\"inLanguage\":\"fr-FR\"},{\"@type\":\"WebPage\",\"@id\":\"https:\\\/\\\/editionsbussiere.com\\\/blog\\\/levolution-de-la-position-du-vatican-sur-la-fin-de-vie-montre-que-les-cas-difficiles-font-de-mauvaises-lois-requete-pour-commencer-la-journee\\\/\",\"url\":\"https:\\\/\\\/editionsbussiere.com\\\/blog\\\/levolution-de-la-position-du-vatican-sur-la-fin-de-vie-montre-que-les-cas-difficiles-font-de-mauvaises-lois-requete-pour-commencer-la-journee\\\/\",\"name\":\"L\u2019\u00e9volution de la position du Vatican sur la fin de vie montre que les cas difficiles font de mauvaises lois &amp; requ\u00eate pour commencer la journ\u00e9e. - EDITIONSBUSSIERE\",\"isPartOf\":{\"@id\":\"https:\\\/\\\/editionsbussiere.com\\\/blog\\\/#website\"},\"primaryImageOfPage\":{\"@id\":\"https:\\\/\\\/editionsbussiere.com\\\/blog\\\/levolution-de-la-position-du-vatican-sur-la-fin-de-vie-montre-que-les-cas-difficiles-font-de-mauvaises-lois-requete-pour-commencer-la-journee\\\/#primaryimage\"},\"image\":{\"@id\":\"https:\\\/\\\/editionsbussiere.com\\\/blog\\\/levolution-de-la-position-du-vatican-sur-la-fin-de-vie-montre-que-les-cas-difficiles-font-de-mauvaises-lois-requete-pour-commencer-la-journee\\\/#primaryimage\"},\"thumbnailUrl\":\"https:\\\/\\\/editionsbussiere.com\\\/blog\\\/wp-content\\\/uploads\\\/2024\\\/08\\\/Levolution-de-la-position-du-Vatican-sur-la-fin-de.jpg\",\"datePublished\":\"2024-08-11T13:03:48+00:00\",\"breadcrumb\":{\"@id\":\"https:\\\/\\\/editionsbussiere.com\\\/blog\\\/levolution-de-la-position-du-vatican-sur-la-fin-de-vie-montre-que-les-cas-difficiles-font-de-mauvaises-lois-requete-pour-commencer-la-journee\\\/#breadcrumb\"},\"inLanguage\":\"fr-FR\",\"potentialAction\":[{\"@type\":\"ReadAction\",\"target\":[\"https:\\\/\\\/editionsbussiere.com\\\/blog\\\/levolution-de-la-position-du-vatican-sur-la-fin-de-vie-montre-que-les-cas-difficiles-font-de-mauvaises-lois-requete-pour-commencer-la-journee\\\/\"]}]},{\"@type\":\"ImageObject\",\"inLanguage\":\"fr-FR\",\"@id\":\"https:\\\/\\\/editionsbussiere.com\\\/blog\\\/levolution-de-la-position-du-vatican-sur-la-fin-de-vie-montre-que-les-cas-difficiles-font-de-mauvaises-lois-requete-pour-commencer-la-journee\\\/#primaryimage\",\"url\":\"https:\\\/\\\/editionsbussiere.com\\\/blog\\\/wp-content\\\/uploads\\\/2024\\\/08\\\/Levolution-de-la-position-du-Vatican-sur-la-fin-de.jpg\",\"contentUrl\":\"https:\\\/\\\/editionsbussiere.com\\\/blog\\\/wp-content\\\/uploads\\\/2024\\\/08\\\/Levolution-de-la-position-du-Vatican-sur-la-fin-de.jpg\",\"width\":843,\"height\":566,\"caption\":\"Levolution de la position du Vatican sur la fin de\"},{\"@type\":\"BreadcrumbList\",\"@id\":\"https:\\\/\\\/editionsbussiere.com\\\/blog\\\/levolution-de-la-position-du-vatican-sur-la-fin-de-vie-montre-que-les-cas-difficiles-font-de-mauvaises-lois-requete-pour-commencer-la-journee\\\/#breadcrumb\",\"itemListElement\":[{\"@type\":\"ListItem\",\"position\":1,\"name\":\"Accueil\",\"item\":\"https:\\\/\\\/editionsbussiere.com\\\/blog\\\/\"},{\"@type\":\"ListItem\",\"position\":2,\"name\":\"L\u2019\u00e9volution de la position du Vatican sur la fin de vie montre que les cas difficiles font de mauvaises lois &amp; requ\u00eate pour commencer la journ\u00e9e.\"}]},{\"@type\":\"WebSite\",\"@id\":\"https:\\\/\\\/editionsbussiere.com\\\/blog\\\/#website\",\"url\":\"https:\\\/\\\/editionsbussiere.com\\\/blog\\\/\",\"name\":\"EDITIONSBUSSIERE\",\"description\":\"Editions \u00e9sot\u00e9rique fond\u00e9e en 1927; site historique, A SAVOIR ET RETENIR.\",\"publisher\":{\"@id\":\"https:\\\/\\\/editionsbussiere.com\\\/blog\\\/#organization\"},\"potentialAction\":[{\"@type\":\"SearchAction\",\"target\":{\"@type\":\"EntryPoint\",\"urlTemplate\":\"https:\\\/\\\/editionsbussiere.com\\\/blog\\\/?s={search_term_string}\"},\"query-input\":{\"@type\":\"PropertyValueSpecification\",\"valueRequired\":true,\"valueName\":\"search_term_string\"}}],\"inLanguage\":\"fr-FR\"},{\"@type\":\"Organization\",\"@id\":\"https:\\\/\\\/editionsbussiere.com\\\/blog\\\/#organization\",\"name\":\"editionsbussiere\",\"url\":\"https:\\\/\\\/editionsbussiere.com\\\/blog\\\/\",\"logo\":{\"@type\":\"ImageObject\",\"inLanguage\":\"fr-FR\",\"@id\":\"https:\\\/\\\/editionsbussiere.com\\\/blog\\\/#\\\/schema\\\/logo\\\/image\\\/\",\"url\":\"https:\\\/\\\/editionsbussiere.com\\\/blog\\\/wp-content\\\/uploads\\\/2023\\\/09\\\/cropped-buss.gif\",\"contentUrl\":\"https:\\\/\\\/editionsbussiere.com\\\/blog\\\/wp-content\\\/uploads\\\/2023\\\/09\\\/cropped-buss.gif\",\"width\":298,\"height\":120,\"caption\":\"editionsbussiere\"},\"image\":{\"@id\":\"https:\\\/\\\/editionsbussiere.com\\\/blog\\\/#\\\/schema\\\/logo\\\/image\\\/\"}},{\"@type\":\"Person\",\"@id\":\"https:\\\/\\\/editionsbussiere.com\\\/blog\\\/#\\\/schema\\\/person\\\/ec90e102792148c97e46ab871010dd8f\",\"name\":\"Marie BATICLE\",\"image\":{\"@type\":\"ImageObject\",\"inLanguage\":\"fr-FR\",\"@id\":\"https:\\\/\\\/secure.gravatar.com\\\/avatar\\\/c923e52403b1b8137e2d929127211d21967e6aecaa053bd43b09da29f212e76e?s=96&d=mm&r=g\",\"url\":\"https:\\\/\\\/secure.gravatar.com\\\/avatar\\\/c923e52403b1b8137e2d929127211d21967e6aecaa053bd43b09da29f212e76e?s=96&d=mm&r=g\",\"contentUrl\":\"https:\\\/\\\/secure.gravatar.com\\\/avatar\\\/c923e52403b1b8137e2d929127211d21967e6aecaa053bd43b09da29f212e76e?s=96&d=mm&r=g\",\"caption\":\"Marie BATICLE\"},\"url\":\"https:\\\/\\\/editionsbussiere.com\\\/blog\\\/author\\\/eremarie\\\/\"}]}<\/script>\n<!-- \/ Yoast SEO plugin. -->","yoast_head_json":{"title":"L\u2019\u00e9volution de la position du Vatican sur la fin de vie montre que les cas difficiles font de mauvaises lois &amp; requ\u00eate pour commencer la journ\u00e9e. - EDITIONSBUSSIERE","robots":{"index":"index","follow":"follow","max-snippet":"max-snippet:-1","max-image-preview":"max-image-preview:large","max-video-preview":"max-video-preview:-1"},"canonical":"https:\/\/editionsbussiere.com\/blog\/levolution-de-la-position-du-vatican-sur-la-fin-de-vie-montre-que-les-cas-difficiles-font-de-mauvaises-lois-requete-pour-commencer-la-journee\/","og_locale":"fr_FR","og_type":"article","og_title":"L\u2019\u00e9volution de la position du Vatican sur la fin de vie montre que les cas difficiles font de mauvaises lois &amp; requ\u00eate pour commencer la journ\u00e9e. - EDITIONSBUSSIERE","og_description":"ROME \u2013 Les cas difficiles font les mauvaises lois, comme le dit la c\u00e9l\u00e8bre maxime juridique. Le Vatican nous l\u2019a rappel\u00e9 cette semaine avec un nouveau \u00ab petit lexique de fin de vie \u00bb, qui modifie de mani\u00e8re pas si subtile une d\u00e9cision ant\u00e9rieure du Vatican sur la question de l\u2019arr\u00eat de la nutrition et [&hellip;]","og_url":"https:\/\/editionsbussiere.com\/blog\/levolution-de-la-position-du-vatican-sur-la-fin-de-vie-montre-que-les-cas-difficiles-font-de-mauvaises-lois-requete-pour-commencer-la-journee\/","og_site_name":"EDITIONSBUSSIERE","article_published_time":"2024-08-11T13:03:48+00:00","og_image":[{"url":"https:\/\/editionsbussiere.com\/blog\/wp-content\/uploads\/2024\/08\/Levolution-de-la-position-du-Vatican-sur-la-fin-de.jpg","type":"","width":"","height":""}],"author":"Marie BATICLE","twitter_card":"summary_large_image","twitter_misc":{"\u00c9crit par":"Marie BATICLE","Dur\u00e9e de lecture estim\u00e9e":"15 minutes"},"schema":{"@context":"https:\/\/schema.org","@graph":[{"@type":"Article","@id":"https:\/\/editionsbussiere.com\/blog\/levolution-de-la-position-du-vatican-sur-la-fin-de-vie-montre-que-les-cas-difficiles-font-de-mauvaises-lois-requete-pour-commencer-la-journee\/#article","isPartOf":{"@id":"https:\/\/editionsbussiere.com\/blog\/levolution-de-la-position-du-vatican-sur-la-fin-de-vie-montre-que-les-cas-difficiles-font-de-mauvaises-lois-requete-pour-commencer-la-journee\/"},"author":{"name":"Marie BATICLE","@id":"https:\/\/editionsbussiere.com\/blog\/#\/schema\/person\/ec90e102792148c97e46ab871010dd8f"},"headline":"L\u2019\u00e9volution de la position du Vatican sur la fin de vie montre que les cas difficiles font de mauvaises lois &amp; requ\u00eate pour commencer la journ\u00e9e.","datePublished":"2024-08-11T13:03:48+00:00","mainEntityOfPage":{"@id":"https:\/\/editionsbussiere.com\/blog\/levolution-de-la-position-du-vatican-sur-la-fin-de-vie-montre-que-les-cas-difficiles-font-de-mauvaises-lois-requete-pour-commencer-la-journee\/"},"wordCount":3035,"publisher":{"@id":"https:\/\/editionsbussiere.com\/blog\/#organization"},"image":{"@id":"https:\/\/editionsbussiere.com\/blog\/levolution-de-la-position-du-vatican-sur-la-fin-de-vie-montre-que-les-cas-difficiles-font-de-mauvaises-lois-requete-pour-commencer-la-journee\/#primaryimage"},"thumbnailUrl":"https:\/\/editionsbussiere.com\/blog\/wp-content\/uploads\/2024\/08\/Levolution-de-la-position-du-Vatican-sur-la-fin-de.jpg","articleSection":["Editions \u00c9sot\u00e9rique Fond\u00e9e En 1927; D\u00e9p\u00e8ches:"],"inLanguage":"fr-FR"},{"@type":"WebPage","@id":"https:\/\/editionsbussiere.com\/blog\/levolution-de-la-position-du-vatican-sur-la-fin-de-vie-montre-que-les-cas-difficiles-font-de-mauvaises-lois-requete-pour-commencer-la-journee\/","url":"https:\/\/editionsbussiere.com\/blog\/levolution-de-la-position-du-vatican-sur-la-fin-de-vie-montre-que-les-cas-difficiles-font-de-mauvaises-lois-requete-pour-commencer-la-journee\/","name":"L\u2019\u00e9volution de la position du Vatican sur la fin de vie montre que les cas difficiles font de mauvaises lois &amp; requ\u00eate pour commencer la journ\u00e9e. - EDITIONSBUSSIERE","isPartOf":{"@id":"https:\/\/editionsbussiere.com\/blog\/#website"},"primaryImageOfPage":{"@id":"https:\/\/editionsbussiere.com\/blog\/levolution-de-la-position-du-vatican-sur-la-fin-de-vie-montre-que-les-cas-difficiles-font-de-mauvaises-lois-requete-pour-commencer-la-journee\/#primaryimage"},"image":{"@id":"https:\/\/editionsbussiere.com\/blog\/levolution-de-la-position-du-vatican-sur-la-fin-de-vie-montre-que-les-cas-difficiles-font-de-mauvaises-lois-requete-pour-commencer-la-journee\/#primaryimage"},"thumbnailUrl":"https:\/\/editionsbussiere.com\/blog\/wp-content\/uploads\/2024\/08\/Levolution-de-la-position-du-Vatican-sur-la-fin-de.jpg","datePublished":"2024-08-11T13:03:48+00:00","breadcrumb":{"@id":"https:\/\/editionsbussiere.com\/blog\/levolution-de-la-position-du-vatican-sur-la-fin-de-vie-montre-que-les-cas-difficiles-font-de-mauvaises-lois-requete-pour-commencer-la-journee\/#breadcrumb"},"inLanguage":"fr-FR","potentialAction":[{"@type":"ReadAction","target":["https:\/\/editionsbussiere.com\/blog\/levolution-de-la-position-du-vatican-sur-la-fin-de-vie-montre-que-les-cas-difficiles-font-de-mauvaises-lois-requete-pour-commencer-la-journee\/"]}]},{"@type":"ImageObject","inLanguage":"fr-FR","@id":"https:\/\/editionsbussiere.com\/blog\/levolution-de-la-position-du-vatican-sur-la-fin-de-vie-montre-que-les-cas-difficiles-font-de-mauvaises-lois-requete-pour-commencer-la-journee\/#primaryimage","url":"https:\/\/editionsbussiere.com\/blog\/wp-content\/uploads\/2024\/08\/Levolution-de-la-position-du-Vatican-sur-la-fin-de.jpg","contentUrl":"https:\/\/editionsbussiere.com\/blog\/wp-content\/uploads\/2024\/08\/Levolution-de-la-position-du-Vatican-sur-la-fin-de.jpg","width":843,"height":566,"caption":"Levolution de la position du Vatican sur la fin de"},{"@type":"BreadcrumbList","@id":"https:\/\/editionsbussiere.com\/blog\/levolution-de-la-position-du-vatican-sur-la-fin-de-vie-montre-que-les-cas-difficiles-font-de-mauvaises-lois-requete-pour-commencer-la-journee\/#breadcrumb","itemListElement":[{"@type":"ListItem","position":1,"name":"Accueil","item":"https:\/\/editionsbussiere.com\/blog\/"},{"@type":"ListItem","position":2,"name":"L\u2019\u00e9volution de la position du Vatican sur la fin de vie montre que les cas difficiles font de mauvaises lois &amp; requ\u00eate pour commencer la journ\u00e9e."}]},{"@type":"WebSite","@id":"https:\/\/editionsbussiere.com\/blog\/#website","url":"https:\/\/editionsbussiere.com\/blog\/","name":"EDITIONSBUSSIERE","description":"Editions \u00e9sot\u00e9rique fond\u00e9e en 1927; site historique, A SAVOIR ET RETENIR.","publisher":{"@id":"https:\/\/editionsbussiere.com\/blog\/#organization"},"potentialAction":[{"@type":"SearchAction","target":{"@type":"EntryPoint","urlTemplate":"https:\/\/editionsbussiere.com\/blog\/?s={search_term_string}"},"query-input":{"@type":"PropertyValueSpecification","valueRequired":true,"valueName":"search_term_string"}}],"inLanguage":"fr-FR"},{"@type":"Organization","@id":"https:\/\/editionsbussiere.com\/blog\/#organization","name":"editionsbussiere","url":"https:\/\/editionsbussiere.com\/blog\/","logo":{"@type":"ImageObject","inLanguage":"fr-FR","@id":"https:\/\/editionsbussiere.com\/blog\/#\/schema\/logo\/image\/","url":"https:\/\/editionsbussiere.com\/blog\/wp-content\/uploads\/2023\/09\/cropped-buss.gif","contentUrl":"https:\/\/editionsbussiere.com\/blog\/wp-content\/uploads\/2023\/09\/cropped-buss.gif","width":298,"height":120,"caption":"editionsbussiere"},"image":{"@id":"https:\/\/editionsbussiere.com\/blog\/#\/schema\/logo\/image\/"}},{"@type":"Person","@id":"https:\/\/editionsbussiere.com\/blog\/#\/schema\/person\/ec90e102792148c97e46ab871010dd8f","name":"Marie BATICLE","image":{"@type":"ImageObject","inLanguage":"fr-FR","@id":"https:\/\/secure.gravatar.com\/avatar\/c923e52403b1b8137e2d929127211d21967e6aecaa053bd43b09da29f212e76e?s=96&d=mm&r=g","url":"https:\/\/secure.gravatar.com\/avatar\/c923e52403b1b8137e2d929127211d21967e6aecaa053bd43b09da29f212e76e?s=96&d=mm&r=g","contentUrl":"https:\/\/secure.gravatar.com\/avatar\/c923e52403b1b8137e2d929127211d21967e6aecaa053bd43b09da29f212e76e?s=96&d=mm&r=g","caption":"Marie BATICLE"},"url":"https:\/\/editionsbussiere.com\/blog\/author\/eremarie\/"}]}},"_links":{"self":[{"href":"https:\/\/editionsbussiere.com\/blog\/wp-json\/wp\/v2\/posts\/1142","targetHints":{"allow":["GET"]}}],"collection":[{"href":"https:\/\/editionsbussiere.com\/blog\/wp-json\/wp\/v2\/posts"}],"about":[{"href":"https:\/\/editionsbussiere.com\/blog\/wp-json\/wp\/v2\/types\/post"}],"author":[{"embeddable":true,"href":"https:\/\/editionsbussiere.com\/blog\/wp-json\/wp\/v2\/users\/3"}],"replies":[{"embeddable":true,"href":"https:\/\/editionsbussiere.com\/blog\/wp-json\/wp\/v2\/comments?post=1142"}],"version-history":[{"count":0,"href":"https:\/\/editionsbussiere.com\/blog\/wp-json\/wp\/v2\/posts\/1142\/revisions"}],"wp:featuredmedia":[{"embeddable":true,"href":"https:\/\/editionsbussiere.com\/blog\/wp-json\/wp\/v2\/media\/1143"}],"wp:attachment":[{"href":"https:\/\/editionsbussiere.com\/blog\/wp-json\/wp\/v2\/media?parent=1142"}],"wp:term":[{"taxonomy":"category","embeddable":true,"href":"https:\/\/editionsbussiere.com\/blog\/wp-json\/wp\/v2\/categories?post=1142"},{"taxonomy":"post_tag","embeddable":true,"href":"https:\/\/editionsbussiere.com\/blog\/wp-json\/wp\/v2\/tags?post=1142"}],"curies":[{"name":"wp","href":"https:\/\/api.w.org\/{rel}","templated":true}]}}