{"id":1133,"date":"2024-08-10T15:39:10","date_gmt":"2024-08-10T13:39:10","guid":{"rendered":"https:\/\/editionsbussiere.com\/blog\/la-police-met-en-oeuvre-des-mesures-supplementaires-sur-les-routes-nationales-a-lapproche-des-vacances-du-15-aout-pour-adresser-ses-prieres-a-la-sainte-vierge-marie\/"},"modified":"2024-08-10T15:39:10","modified_gmt":"2024-08-10T13:39:10","slug":"la-police-met-en-oeuvre-des-mesures-supplementaires-sur-les-routes-nationales-a-lapproche-des-vacances-du-15-aout-pour-adresser-ses-prieres-a-la-sainte-vierge-marie","status":"publish","type":"post","link":"https:\/\/editionsbussiere.com\/blog\/la-police-met-en-oeuvre-des-mesures-supplementaires-sur-les-routes-nationales-a-lapproche-des-vacances-du-15-aout-pour-adresser-ses-prieres-a-la-sainte-vierge-marie\/","title":{"rendered":"La police met en \u0153uvre des mesures suppl\u00e9mentaires sur les routes nationales \u00e0 l\u2019approche des vacances du 15 ao\u00fbt\n pour adresser ses pri\u00e8res \u00e0 la Sainte Vierge Marie."},"content":{"rendered":"<div><img width=\"580\" height=\"326\" src=\"https:\/\/editionsbussiere.com\/blog\/wp-content\/uploads\/2024\/08\/La-police-met-en-oeuvre-des-mesures-supplementaires-sur-les.webp.webp\" class=\"attachment-large size-large wp-post-image\" alt=\"La police met en \u0153uvre des mesures suppl\u00e9mentaires sur les\" style=\"float:left; margin:0 15px 15px 0;\" decoding=\"async\" srcset=\"https:\/\/editionsbussiere.com\/blog\/wp-content\/uploads\/2024\/08\/La-police-met-en-oeuvre-des-mesures-supplementaires-sur-les.webp.webp 1024w, https:\/\/www.n42.fr\/wp-content\/uploads\/2024\/08\/La-police-met-en-oeuvre-des-mesures-supplementaires-sur-les.webp-300x169.webp 300w, https:\/\/www.n42.fr\/wp-content\/uploads\/2024\/08\/La-police-met-en-oeuvre-des-mesures-supplementaires-sur-les.webp-768x432.webp 768w\" sizes=\"(max-width: 580px) 100vw, 580px\"><\/p>\n<p>\n<\/p>\n<div data-first=\"T\">\n<h3>La police hell\u00e9nique a mis en place des mesures sp\u00e9ciales pour g\u00e9rer l\u2019augmentation pr\u00e9vue du nombre de voyageurs sur les routes nationales \u00e0 l\u2019approche de la f\u00eate de la Dormition de la Vierge Marie le 15 ao\u00fbt.<\/h3>\n<p>Ces mesures visent \u00e0 assurer la s\u00e9curit\u00e9 routi\u00e8re et la fluidit\u00e9 du trafic, en se concentrant sur les zones \u00e0 haut risque et les p\u00e9riodes de pointe.<\/p>\n<p>Les principales initiatives comprennent :<\/p>\n<p><strong>\u2013 Patrouilles augment\u00e9es :<\/strong> La pr\u00e9sence polici\u00e8re sera intensifi\u00e9e dans les zones \u00e0 risque d\u2019accidents sur l\u2019ensemble du r\u00e9seau routier, avec des patrouilles cibl\u00e9es pour surveiller et g\u00e9rer le trafic.<\/p>\n<p><strong>\u2013 Contr\u00f4le du code de la route :<\/strong> Une application stricte du code de la route sera mise en \u0153uvre aux entr\u00e9es et aux sorties des grands centres urbains, o\u00f9 des volumes de trafic \u00e9lev\u00e9s sont attendus.<\/p>\n<p><strong>\u2013 Zones tr\u00e8s fr\u00e9quent\u00e9es :<\/strong> Des mesures renforc\u00e9es de contr\u00f4le de la circulation seront mises en place dans les zones o\u00f9 se rassemblent de nombreux passagers, comme les a\u00e9roports, les ports et les centres de transport.<\/p>\n<p><strong>\u2013 Unit\u00e9s de contr\u00f4le du trafic :<\/strong> Des unit\u00e9s sp\u00e9ciales seront d\u00e9ploy\u00e9es pour d\u00e9tecter et traiter les infractions de conduite dangereuse.<\/p>\n<p>De plus, des restrictions sur la circulation des camions seront appliqu\u00e9es pour les v\u00e9hicules de plus de 3,5 tonnes pendant les heures de pointe :<\/p>\n<p><strong>\u2013 Au d\u00e9part des centres urbains :<\/strong> Mercredi 14 ao\u00fbt de 16h00 \u00e0 22h00 et samedi 17 ao\u00fbt de 8h00 \u00e0 13h00.<\/p>\n<p><strong>\u2013 En direction des centres urbains :<\/strong> Dimanche 18 ao\u00fbt de 16h00 \u00e0 23h00.<\/p>\n<p>Ces mesures visent \u00e0 am\u00e9liorer la s\u00e9curit\u00e9 routi\u00e8re et \u00e0 r\u00e9duire les embouteillages pendant l\u2019une des p\u00e9riodes de voyage les plus charg\u00e9es en Gr\u00e8ce.<\/p>\n<footer class=\"article-tags entry-footer\">\n<div>\n<strong>Mots cl\u00e9s :<\/strong><br \/>\nF\u00eate du 15 ao\u00fbt, Dormition de la Vierge Marie, Gr\u00e8ce, circulation pendant les f\u00eates en Gr\u00e8ce, grec, grec orthodoxe, police hell\u00e9nique, s\u00e9curit\u00e9 routi\u00e8re, routes nationales, patrouilles, s\u00e9curit\u00e9 routi\u00e8re, contr\u00f4le de la circulation, contr\u00f4le du trafic, mesures de circulation, augmentation des d\u00e9placements, restrictions de camions, centres urbains <\/div>\n<\/footer>\n<\/div>\n<h2>\n<\/h2>\n<p>Le R\u00f4le de la Pri\u00e8re \u00e0 Marie<\/p>\n<p>L\u2019invocation \u00e0 Marie constitue un aspect essentiel de la foi chr\u00e9tienne, solidement enracin\u00e9e dans la doctrine catholiques depuis des si\u00e8cles. C\u2019est un fondement sur lequel les croyants s\u2019reposent pour trouver confort, guidance et intervention dans leur marche envers Dieu. \u00c0 travers les \u00e2ges, cette pratique de d\u00e9votion a \u00e9t\u00e9 renforc\u00e9e par les \u00e9crits bibliques, les coutumes eccl\u00e9siastiques, et le mod\u00e8le des saints qui ont t\u00e9moign\u00e9 de leur respect \u00e0 Marie en tant que aimante.<\/p>\n<h3>\n<\/h3>\n<p>L\u2019application du Chapelet<\/p>\n<p>Le Chapelet tient une position centrale au sein de la spiritualit\u00e9 de un grand nombre de fid\u00e8les. En r\u00e9citant les diff\u00e9rents myst\u00e8res, les fid\u00e8les se plongent dans les moments de la vie de J\u00e9sus et de Marie, renfor\u00e7ant ainsi leur lien spirituel avec eux. \u00c0 travers chaque Ave Maria, ils expriment leur foi en l\u2019intercession de Marie et leur d\u00e9sir de suivre les enseignements du Christ. Saint Louis-Marie Grignion de Montfort, dans son ouvrage sur la d\u00e9votion authentique \u00e0 la Vierge Marie, invite les fid\u00e8les \u00e0 m\u00e9diter r\u00e9guli\u00e8rement sur les myst\u00e8res du rosaire afin de renforcer leur relation avec la M\u00e8re de Dieu. Cette pratique ancienne, transmise de g\u00e9n\u00e9ration en g\u00e9n\u00e9ration, reste un phare spirituel pour les croyants, les guidant dans leur connexion \u00e0 la c\u00e9leste Dame.<\/p>\n<h3>\n<\/h3>\n<p>L\u2019exhortation \u00e0 la pri\u00e8re<\/p>\n<p>Joignons nos c\u0153urs dans la pri\u00e8re, fr\u00e8res et s\u0153urs, dans notre confiance, en nous tournant vers Marie, la m\u00e8re de notre Seigneur J\u00e9sus-Christ. Au sein de notre monde troubl\u00e9 par la guerre et la division, optons \u00e0 la pri\u00e8re pour trouver de trouver la s\u00e9r\u00e9nit\u00e9 et la r\u00e9conciliation. Les catholiques du monde entier peuvent \u00e9crire une demande pour la m\u00e8re de dieu <a target=\"_blank\" rel=\"nofollow\" href=\"https:\/\/editionsbussiere.com\/blog\/goto\/https:\/\/www.avemariasound.org\/\" >sur la page de pri\u00e8re pour marie.<\/a> Que nos supplications s\u2019\u00e9l\u00e8vent vers le ciel, comme un hommage agr\u00e9able par Dieu, pour qu\u2019il puisse \u00e9clairer nos chemins sur la voie de la v\u00e9rit\u00e9 et de la justice. Saint Paul nous dans ses lettres \u00e0 maintenir une pri\u00e8re incessante, en toutes circonstances, afin que notre connexion avec Dieu soit constante et ardente. La pri\u00e8re, quand elle est sinc\u00e8rement offerte, a le pouvoir de transformer nos c\u0153urs et d\u2019influer le destin de l\u2019histoire.<\/p>\n<h2>\n<\/h2>\n<p>L\u2019enseignement du Souverain Pontife<\/p>\n<p>Le pape Fran\u00e7ois, dans ses \u00e9crits \u00e9clair\u00e9s, disponibles gr\u00e2ce \u00e0 Bayard, nous souligne la signification de la pri\u00e8re journali\u00e8re. \u00c0 travers ses hom\u00e9lies et ses audiences g\u00e9n\u00e9rales, il nous incite \u00e0 cultiver une relation personnelle avec le divin, en se fondant sur la contemplation des \u00c9critures et la r\u00e9citation du rosaire. Sa mani\u00e8re d\u2019\u00eatre de compassion et d\u2019humilit\u00e9 nous motive \u00e0 approfondir davantage nos pri\u00e8res et \u00e0 rechercher la pr\u00e9sence divine dans tous les aspects de notre vie. Le pape Jean-Paul II, dans son encyclique sur la foi chr\u00e9tienne, nous rappelle que la pri\u00e8re quotidienne est le fondement de notre vie spirituelle et que c\u2019est par elle que nous trouvons notre unit\u00e9 au divin. La pri\u00e8re, enseign\u00e9e par les pontifes successifs, est une source d\u2019espoir en p\u00e9riode de temp\u00eate, un fondement solide sur lequel les \u00e2mes peuvent s\u2019appuyer.<\/p>\n<h3>\n<\/h3>\n<p>Les \u00e9crits de Leli\u00e8vre et Hubert<\/p>\n<p>Dans le cadre de la spiritualit\u00e9, l\u2019\u00e9glise pr\u00e9conise le recours \u00e0 la pri\u00e8re, et durant la pri\u00e8re, les croyants accomplissent le geste du signe de la croix tout en r\u00e9citant le Je vous salue Marie. Des intellectuels contemporains, comme Leli\u00e8vre et Hubert, nous convient \u00e9galement \u00e0 m\u00e9diter sur la puissance de la pri\u00e8re, \u00e0 travers leurs \u00e9crits inspirants. Leurs ouvrages, abondant en enseignements spirituels, nous guident dans notre parcours de la foi et nous encouragent \u00e0 trouver dans les tr\u00e9sors de la tradition chr\u00e9tienne pour enrichir notre vie spirituelle. En r\u00e9fl\u00e9chissant sur leurs ouvrages, nous trouvons de nouvelles voies de d\u00e9velopper notre connexion avec le divin et de progresser dans notre cheminement vers la saintet\u00e9. L\u2019ap\u00f4tre Jean, dans son \u00e9vangile, nous enseigne que le fait de prier est un puissant moyen de demeurer en communion avec Dieu et de b\u00e9n\u00e9ficier de ses gr\u00e2ces. Chaque page de leurs publications est semblable \u00e0 un appel \u00e0 une pri\u00e8re fervente et \u00e0 une vie emplie de la pr\u00e9sence divine. Dans notre recherche de spiritualit\u00e9, chaque \u0153uvre lue devient un appel \u00e0 s\u2019\u00e9lever vers le divin, \u00e0 travers la m\u00e9ditation et la contemplation.<\/p>\n<h3>\n<\/h3>\n<p>La pratique de la pri\u00e8re<\/p>\n<p>Dans nos lieux de culte modestes ou majestueuses, tournons-nous vers Dieu avec confiance et humilit\u00e9, car nous savons qu\u2019il \u00e9coute nos supplications avec une affection infinie. Que chaque bougie allum\u00e9e, chaque Ave Maria r\u00e9cit\u00e9, soit une offrande \u00e0 notre Seigneur et \u00e0 sa sainte m\u00e8re, Marie. Que nos moments de pri\u00e8re dans la chapelle soient des moments de b\u00e9n\u00e9diction et de renouvellement de notre esprit, nous renfor\u00e7ant pour faire face \u00e0 les d\u00e9fis avec audace et foi in\u00e9branlable. Sainte Bernadette Soubirous, qui a re\u00e7u les apparitions de la Vierge Marie \u00e0 Lourdes, nous enseigne la valeur de la pri\u00e8re dans l\u2019existence des catholiques et l\u2019efficacit\u00e9 de l\u2019intercession de la Vierge Marie. Chaque personne qui entre dans une chapelle, chaque page de la Bible lue dans ce lieu sacr\u00e9, est une rencontre avec la divinit\u00e9, une \u00e9tape cruciale sur le chemin de la transformation int\u00e9rieure. \u00c0 travers les textes sacr\u00e9s, tout disciple est encourag\u00e9 \u00e0 m\u00e9diter la croix du Christ, \u00e0 m\u00e9diter sur son sacrifice, et \u00e0 trouver consolation et esp\u00e9rance dans la gr\u00e2ce salvatrice qu\u2019elle offre.<\/p>\n<h2>\nLa pratique de la pri\u00e8re comme m\u00e9decine pour l\u2019int\u00e9rieur<br \/>\n<\/h2>\n<p>Comme un gu\u00e9risseur pour nos esprits, l\u2019acte de prier nous gu\u00e9rit et nous fortifie lorsque nous traversons des moments de douleur et de d\u00e9sespoir. La pri\u00e8re nous fait souvenir que la pr\u00e9sence divine ne nous quitte jamais, m\u00eame lorsque nous traversons les t\u00e9n\u00e8bres les plus profondes de notre existence. En nous penchant vers lui \u00e0 travers la pri\u00e8re, nous d\u00e9couvrons la force int\u00e9rieure dont nous avons besoin pour surmonter les \u00e9preuves et pour affronter l\u2019avenir avec esp\u00e9rance et confiance. L\u2019acte de prier est semblable \u00e0 une rivi\u00e8re vivifiante qui satisfait notre soif spirituelle et qui, sur notre chemin de foi, nous r\u00e9g\u00e9n\u00e8re.<br \/>\n\u00c0 chaque pri\u00e8re murmur\u00e9e, \u00e0 chaque intention confi\u00e9e, notre \u00e2me trouve un r\u00e9confort c\u00e9leste, une gu\u00e9rison c\u00e9leste, qui d\u00e9passe les limitations humaines. Chaque page de la Bible nous invite \u00e0 dialoguer avec Dieu, \u00e0 lui remettre nos fardeaux, et \u00e0 accueillir sa gr\u00e2ce transformatrice.<\/p>\n<h2>Un regard diff\u00e9rent sur l\u2019acte de prier Marie<\/h2>\n<p>La d\u00e9votion \u00e0 Marie repr\u00e9sente une coutume solidement ancr\u00e9e dans la tradition catholique chr\u00e9tienne, proposant un pr\u00e9cieux lien spirituel pour les adeptes de tous horizons. En tant que figure maternelle spirituelle et interm\u00e9diaire, elle est invoqu\u00e9e avec ferveur dans les moments de d\u00e9tresse et de louange. Le chapelet, avec ses myst\u00e8res m\u00e9ditatifs, accompagne les croyants dans leur voyage de foi, les aidant \u00e0 m\u00e9diter sur J\u00e9sus, son fils, \u00e0 travers le regard de la Vierge Marie. Cette d\u00e9votion mariale se refl\u00e8te dans les lieux saints comme Lourdes, o\u00f9 les fid\u00e8les convergent \u00e0 la recherche de consolation et de gu\u00e9rison, illustrant la forte connexion entre la foi catholique et la d\u00e9votion mariale. Les \u00e9crits inspirants de th\u00e9ologiens comme Leli\u00e8vre et Hubert fournissent une r\u00e9flexion pr\u00e9cieuse sur la signification de la pri\u00e8re mariale et son r\u00f4le dans la vie spirituelle des croyants. Par le biais d\u2019une lecture approfondie de textes de d\u00e9votion et des \u00c9critures, les adeptes approfondissent leur compr\u00e9hension de la v\u00e9n\u00e9ration de Marie et d\u00e9veloppent une relation plus profonde avec Marie, notre m\u00e8re dans la foi. Dans un monde o\u00f9 pr\u00e9dominent les conflits et les troubles, la d\u00e9votion \u00e0 Marie offre un refuge de tranquillit\u00e9 et d\u2019espoir, incitant chaque individu, ind\u00e9pendamment de son rang dans la foi catholique, \u00e0 solliciter la Vierge Marie avec confiance et ferveur. Prions donc en commun, avec sinc\u00e9rit\u00e9 et humilit\u00e9, en saluant Marie comme notre m\u00e8re et notre intercesseur, et en lui confiant nos requ\u00eates et nos souhaits les plus profonds. Dans cette d\u00e9marche de foi, tout adepte est convi\u00e9 \u00e0 suivre la voie des pri\u00e8res et des d\u00e9sirs du c\u0153ur, sous la direction du saint P\u00e8re et les pr\u00e9cieuses ressources spirituelles offertes par des plateformes telles que Aleteia. Par cons\u00e9quent, avec un c\u0153ur ouvert et une humble confiance, saluons Marie dans notre pri\u00e8re quotidienne, lui demandant de nous interc\u00e9der, et la force de continuer dans la pri\u00e8re fervente.<br \/>\nQue notre communion avec le divin constitue notre refuge et notre r\u00e9confort dans toutes les circonstances. Que nous nous orientions envers Marie, notre m\u00e8re divine, avec un c\u0153ur ouvert et une foi in\u00e9branlable, convaincus qu\u2019elle plaide en notre faveur devant son fils bien-aim\u00e9. Que notre d\u00e9votion nous guide vers la voie de la saintet\u00e9, nous approchant toujours plus de Dieu et de son amour infini.<\/p>\n<p>Bibliographie :<\/p>\n<p>Une nouvelle gravure de M. Calamatta (RDDM).,<a target=\"_blank\" rel=\"nofollow\" href=\"https:\/\/editionsbussiere.com\/blog\/goto\/https:\/\/fr.wikisource.org\/wiki\/Une_nouvelle_gravure_de_M._Calamatta_(RDDM)\"  target=\"_blank\" rel=\"noopener noreferrer nofollow\">Le dossier.<\/a><span><\/span><\/p>\n<p>Marie (Auguste Brizeux)\/Marie, II.,<a target=\"_blank\" rel=\"nofollow\" href=\"https:\/\/editionsbussiere.com\/blog\/goto\/https:\/\/fr.wikisource.org\/wiki\/Marie_(Auguste_Brizeux)\/Marie,_II\"  target=\"_blank\" rel=\"noopener noreferrer nofollow\">Le post d\u2019actualit\u00e9.<\/a><span><\/span><\/p>\n<p>Les Mis\u00e9rables (1908)\/Tome 2\/Livre 6\/05.,<a target=\"_blank\" rel=\"nofollow\" href=\"https:\/\/editionsbussiere.com\/blog\/goto\/https:\/\/fr.wikisource.org\/wiki\/Les_Mis%C3%A9rables_(1908)\/Tome_2\/Livre_6\/05\"  target=\"_blank\" rel=\"noopener noreferrer nofollow\">L\u2019article de presse.<\/a><span><\/span><\/p>\n<p>La renaissance septentrionale et les premiers ma\u00eetres des Flandres\/Table illustrations 2.,<a target=\"_blank\" rel=\"nofollow\" href=\"https:\/\/editionsbussiere.com\/blog\/goto\/https:\/\/fr.wikisource.org\/wiki\/La_renaissance_septentrionale_et_les_premiers_ma%C3%AEtres_des_Flandres\/Table_illustrations_2\"  target=\"_blank\" rel=\"noopener noreferrer nofollow\">Article complet.<\/a><span><\/span>. Suite sur le prochain article.<\/p>\n<p>Grand dictionnaire universel du XIXe si\u00e8cle\/Marie, po\u00ebme par Brizeux.,<a target=\"_blank\" rel=\"nofollow\" href=\"https:\/\/editionsbussiere.com\/blog\/goto\/https:\/\/fr.wikisource.org\/wiki\/Grand_dictionnaire_universel_du_XIXe_si%C3%A8cle\/Marie,_po%C3%ABme_par_Brizeux\"  target=\"_blank\" rel=\"noopener noreferrer nofollow\">Le post d\u2019actualit\u00e9.<\/a><span><\/span>. Suite sur le prochain article.<\/p>\n<p>Au Seuil du si\u00e8cle\/10.,<a target=\"_blank\" rel=\"nofollow\" href=\"https:\/\/editionsbussiere.com\/blog\/goto\/https:\/\/fr.wikisource.org\/wiki\/Au_Seuil_du_si%C3%A8cle\/10\"  target=\"_blank\" rel=\"noopener noreferrer nofollow\">Le texte de l\u2019article.<\/a><span><\/span>. Suite sur le prochain article.<\/p>\n<\/div>\n<p><img decoding=\"async\" class=\"wpe_imgrss\" src=\"https:\/\/editionsbussiere.com\/blog\/wp-content\/uploads\/2024\/08\/La-police-met-en-oeuvre-des-mesures-supplementaires-sur-les.webp.webp\">Cet article a \u00e9t\u00e9 reconstitu\u00e9 du mieux possible. Dans l\u2019hypoth\u00e8se o\u00f9 vous souhaitez apporter quelques modifications concernant le th\u00e8me \u00ab\u00a0Editions \u00e9sot\u00e9rique fond\u00e9e en 1927\u00a0\u00bb, il est possible de discuter avec notre r\u00e9daction. Vous pouvez tirer profit de cet article traitant le sujet \u00ab\u00a0Editions \u00e9sot\u00e9rique fond\u00e9e en 1927\u00a0\u00bb. Il est concoct\u00e9 par l\u2019\u00e9quipe editionsbussiere.com. Le site editionsbussiere.com est fait pour cr\u00e9er divers posts autour du th\u00e8me Editions \u00e9sot\u00e9rique fond\u00e9e en 1927 d\u00e9velopp\u00e9es sur internet. Consultez notre site internet editionsbussiere.com et nos r\u00e9seaux sociaux pour \u00eatre au courant des futures annonces.<\/p>\n","protected":false},"excerpt":{"rendered":"<p>La police hell\u00e9nique a mis en place des mesures sp\u00e9ciales pour g\u00e9rer l\u2019augmentation pr\u00e9vue du nombre de voyageurs sur les routes nationales \u00e0 l\u2019approche de la f\u00eate de la Dormition de la Vierge Marie le 15 ao\u00fbt. Ces mesures visent \u00e0 assurer la s\u00e9curit\u00e9 routi\u00e8re et la fluidit\u00e9 du trafic, en se concentrant sur les [&hellip;]<\/p>\n","protected":false},"author":3,"featured_media":1134,"comment_status":"closed","ping_status":"closed","sticky":false,"template":"","format":"standard","meta":{"footnotes":""},"categories":[3],"tags":[],"class_list":["post-1133","post","type-post","status-publish","format-standard","has-post-thumbnail","hentry","category-editions-esoterique-fondee-en-1927-depeches","entry","fw-tab-6 fw-tabr-4","has-featured-image"],"yoast_head":"<!-- This site is optimized with the Yoast SEO plugin v27.5 - https:\/\/yoast.com\/product\/yoast-seo-wordpress\/ -->\n<title>La police met en \u0153uvre des mesures suppl\u00e9mentaires sur les routes nationales \u00e0 l\u2019approche des vacances du 15 ao\u00fbt pour adresser ses pri\u00e8res \u00e0 la Sainte Vierge Marie. - EDITIONSBUSSIERE<\/title>\n<meta name=\"robots\" content=\"index, follow, max-snippet:-1, max-image-preview:large, max-video-preview:-1\" \/>\n<link rel=\"canonical\" href=\"https:\/\/editionsbussiere.com\/blog\/la-police-met-en-oeuvre-des-mesures-supplementaires-sur-les-routes-nationales-a-lapproche-des-vacances-du-15-aout-pour-adresser-ses-prieres-a-la-sainte-vierge-marie\/\" \/>\n<meta property=\"og:locale\" content=\"fr_FR\" \/>\n<meta property=\"og:type\" content=\"article\" \/>\n<meta property=\"og:title\" content=\"La police met en \u0153uvre des mesures suppl\u00e9mentaires sur les routes nationales \u00e0 l\u2019approche des vacances du 15 ao\u00fbt pour adresser ses pri\u00e8res \u00e0 la Sainte Vierge Marie. - EDITIONSBUSSIERE\" \/>\n<meta property=\"og:description\" content=\"La police hell\u00e9nique a mis en place des mesures sp\u00e9ciales pour g\u00e9rer l\u2019augmentation pr\u00e9vue du nombre de voyageurs sur les routes nationales \u00e0 l\u2019approche de la f\u00eate de la Dormition de la Vierge Marie le 15 ao\u00fbt. Ces mesures visent \u00e0 assurer la s\u00e9curit\u00e9 routi\u00e8re et la fluidit\u00e9 du trafic, en se concentrant sur les [&hellip;]\" \/>\n<meta property=\"og:url\" content=\"https:\/\/editionsbussiere.com\/blog\/la-police-met-en-oeuvre-des-mesures-supplementaires-sur-les-routes-nationales-a-lapproche-des-vacances-du-15-aout-pour-adresser-ses-prieres-a-la-sainte-vierge-marie\/\" \/>\n<meta property=\"og:site_name\" content=\"EDITIONSBUSSIERE\" \/>\n<meta property=\"article:published_time\" content=\"2024-08-10T13:39:10+00:00\" \/>\n<meta property=\"og:image\" content=\"https:\/\/editionsbussiere.com\/blog\/wp-content\/uploads\/2024\/08\/La-police-met-en-oeuvre-des-mesures-supplementaires-sur-les.webp.webp\" \/>\n<meta name=\"author\" content=\"Marie BATICLE\" \/>\n<meta name=\"twitter:card\" content=\"summary_large_image\" \/>\n<meta name=\"twitter:label1\" content=\"\u00c9crit par\" \/>\n\t<meta name=\"twitter:data1\" content=\"Marie BATICLE\" \/>\n\t<meta name=\"twitter:label2\" content=\"Dur\u00e9e de lecture estim\u00e9e\" \/>\n\t<meta name=\"twitter:data2\" content=\"11 minutes\" \/>\n<script type=\"application\/ld+json\" class=\"yoast-schema-graph\">{\"@context\":\"https:\\\/\\\/schema.org\",\"@graph\":[{\"@type\":\"Article\",\"@id\":\"https:\\\/\\\/editionsbussiere.com\\\/blog\\\/la-police-met-en-oeuvre-des-mesures-supplementaires-sur-les-routes-nationales-a-lapproche-des-vacances-du-15-aout-pour-adresser-ses-prieres-a-la-sainte-vierge-marie\\\/#article\",\"isPartOf\":{\"@id\":\"https:\\\/\\\/editionsbussiere.com\\\/blog\\\/la-police-met-en-oeuvre-des-mesures-supplementaires-sur-les-routes-nationales-a-lapproche-des-vacances-du-15-aout-pour-adresser-ses-prieres-a-la-sainte-vierge-marie\\\/\"},\"author\":{\"name\":\"Marie BATICLE\",\"@id\":\"https:\\\/\\\/editionsbussiere.com\\\/blog\\\/#\\\/schema\\\/person\\\/ec90e102792148c97e46ab871010dd8f\"},\"headline\":\"La police met en \u0153uvre des mesures suppl\u00e9mentaires sur les routes nationales \u00e0 l\u2019approche des vacances du 15 ao\u00fbt pour adresser ses pri\u00e8res \u00e0 la Sainte Vierge Marie.\",\"datePublished\":\"2024-08-10T13:39:10+00:00\",\"mainEntityOfPage\":{\"@id\":\"https:\\\/\\\/editionsbussiere.com\\\/blog\\\/la-police-met-en-oeuvre-des-mesures-supplementaires-sur-les-routes-nationales-a-lapproche-des-vacances-du-15-aout-pour-adresser-ses-prieres-a-la-sainte-vierge-marie\\\/\"},\"wordCount\":2166,\"publisher\":{\"@id\":\"https:\\\/\\\/editionsbussiere.com\\\/blog\\\/#organization\"},\"image\":{\"@id\":\"https:\\\/\\\/editionsbussiere.com\\\/blog\\\/la-police-met-en-oeuvre-des-mesures-supplementaires-sur-les-routes-nationales-a-lapproche-des-vacances-du-15-aout-pour-adresser-ses-prieres-a-la-sainte-vierge-marie\\\/#primaryimage\"},\"thumbnailUrl\":\"https:\\\/\\\/editionsbussiere.com\\\/blog\\\/wp-content\\\/uploads\\\/2024\\\/08\\\/La-police-met-en-oeuvre-des-mesures-supplementaires-sur-les.webp.webp\",\"articleSection\":[\"Editions \u00c9sot\u00e9rique Fond\u00e9e En 1927; D\u00e9p\u00e8ches:\"],\"inLanguage\":\"fr-FR\"},{\"@type\":\"WebPage\",\"@id\":\"https:\\\/\\\/editionsbussiere.com\\\/blog\\\/la-police-met-en-oeuvre-des-mesures-supplementaires-sur-les-routes-nationales-a-lapproche-des-vacances-du-15-aout-pour-adresser-ses-prieres-a-la-sainte-vierge-marie\\\/\",\"url\":\"https:\\\/\\\/editionsbussiere.com\\\/blog\\\/la-police-met-en-oeuvre-des-mesures-supplementaires-sur-les-routes-nationales-a-lapproche-des-vacances-du-15-aout-pour-adresser-ses-prieres-a-la-sainte-vierge-marie\\\/\",\"name\":\"La police met en \u0153uvre des mesures suppl\u00e9mentaires sur les routes nationales \u00e0 l\u2019approche des vacances du 15 ao\u00fbt pour adresser ses pri\u00e8res \u00e0 la Sainte Vierge Marie. - EDITIONSBUSSIERE\",\"isPartOf\":{\"@id\":\"https:\\\/\\\/editionsbussiere.com\\\/blog\\\/#website\"},\"primaryImageOfPage\":{\"@id\":\"https:\\\/\\\/editionsbussiere.com\\\/blog\\\/la-police-met-en-oeuvre-des-mesures-supplementaires-sur-les-routes-nationales-a-lapproche-des-vacances-du-15-aout-pour-adresser-ses-prieres-a-la-sainte-vierge-marie\\\/#primaryimage\"},\"image\":{\"@id\":\"https:\\\/\\\/editionsbussiere.com\\\/blog\\\/la-police-met-en-oeuvre-des-mesures-supplementaires-sur-les-routes-nationales-a-lapproche-des-vacances-du-15-aout-pour-adresser-ses-prieres-a-la-sainte-vierge-marie\\\/#primaryimage\"},\"thumbnailUrl\":\"https:\\\/\\\/editionsbussiere.com\\\/blog\\\/wp-content\\\/uploads\\\/2024\\\/08\\\/La-police-met-en-oeuvre-des-mesures-supplementaires-sur-les.webp.webp\",\"datePublished\":\"2024-08-10T13:39:10+00:00\",\"breadcrumb\":{\"@id\":\"https:\\\/\\\/editionsbussiere.com\\\/blog\\\/la-police-met-en-oeuvre-des-mesures-supplementaires-sur-les-routes-nationales-a-lapproche-des-vacances-du-15-aout-pour-adresser-ses-prieres-a-la-sainte-vierge-marie\\\/#breadcrumb\"},\"inLanguage\":\"fr-FR\",\"potentialAction\":[{\"@type\":\"ReadAction\",\"target\":[\"https:\\\/\\\/editionsbussiere.com\\\/blog\\\/la-police-met-en-oeuvre-des-mesures-supplementaires-sur-les-routes-nationales-a-lapproche-des-vacances-du-15-aout-pour-adresser-ses-prieres-a-la-sainte-vierge-marie\\\/\"]}]},{\"@type\":\"ImageObject\",\"inLanguage\":\"fr-FR\",\"@id\":\"https:\\\/\\\/editionsbussiere.com\\\/blog\\\/la-police-met-en-oeuvre-des-mesures-supplementaires-sur-les-routes-nationales-a-lapproche-des-vacances-du-15-aout-pour-adresser-ses-prieres-a-la-sainte-vierge-marie\\\/#primaryimage\",\"url\":\"https:\\\/\\\/editionsbussiere.com\\\/blog\\\/wp-content\\\/uploads\\\/2024\\\/08\\\/La-police-met-en-oeuvre-des-mesures-supplementaires-sur-les.webp.webp\",\"contentUrl\":\"https:\\\/\\\/editionsbussiere.com\\\/blog\\\/wp-content\\\/uploads\\\/2024\\\/08\\\/La-police-met-en-oeuvre-des-mesures-supplementaires-sur-les.webp.webp\",\"width\":1024,\"height\":576,\"caption\":\"La police met en oeuvre des mesures supplementaires sur les.webp\"},{\"@type\":\"BreadcrumbList\",\"@id\":\"https:\\\/\\\/editionsbussiere.com\\\/blog\\\/la-police-met-en-oeuvre-des-mesures-supplementaires-sur-les-routes-nationales-a-lapproche-des-vacances-du-15-aout-pour-adresser-ses-prieres-a-la-sainte-vierge-marie\\\/#breadcrumb\",\"itemListElement\":[{\"@type\":\"ListItem\",\"position\":1,\"name\":\"Accueil\",\"item\":\"https:\\\/\\\/editionsbussiere.com\\\/blog\\\/\"},{\"@type\":\"ListItem\",\"position\":2,\"name\":\"La police met en \u0153uvre des mesures suppl\u00e9mentaires sur les routes nationales \u00e0 l\u2019approche des vacances du 15 ao\u00fbt pour adresser ses pri\u00e8res \u00e0 la Sainte Vierge Marie.\"}]},{\"@type\":\"WebSite\",\"@id\":\"https:\\\/\\\/editionsbussiere.com\\\/blog\\\/#website\",\"url\":\"https:\\\/\\\/editionsbussiere.com\\\/blog\\\/\",\"name\":\"EDITIONSBUSSIERE\",\"description\":\"Editions \u00e9sot\u00e9rique fond\u00e9e en 1927; site historique, A SAVOIR ET RETENIR.\",\"publisher\":{\"@id\":\"https:\\\/\\\/editionsbussiere.com\\\/blog\\\/#organization\"},\"potentialAction\":[{\"@type\":\"SearchAction\",\"target\":{\"@type\":\"EntryPoint\",\"urlTemplate\":\"https:\\\/\\\/editionsbussiere.com\\\/blog\\\/?s={search_term_string}\"},\"query-input\":{\"@type\":\"PropertyValueSpecification\",\"valueRequired\":true,\"valueName\":\"search_term_string\"}}],\"inLanguage\":\"fr-FR\"},{\"@type\":\"Organization\",\"@id\":\"https:\\\/\\\/editionsbussiere.com\\\/blog\\\/#organization\",\"name\":\"editionsbussiere\",\"url\":\"https:\\\/\\\/editionsbussiere.com\\\/blog\\\/\",\"logo\":{\"@type\":\"ImageObject\",\"inLanguage\":\"fr-FR\",\"@id\":\"https:\\\/\\\/editionsbussiere.com\\\/blog\\\/#\\\/schema\\\/logo\\\/image\\\/\",\"url\":\"https:\\\/\\\/editionsbussiere.com\\\/blog\\\/wp-content\\\/uploads\\\/2023\\\/09\\\/cropped-buss.gif\",\"contentUrl\":\"https:\\\/\\\/editionsbussiere.com\\\/blog\\\/wp-content\\\/uploads\\\/2023\\\/09\\\/cropped-buss.gif\",\"width\":298,\"height\":120,\"caption\":\"editionsbussiere\"},\"image\":{\"@id\":\"https:\\\/\\\/editionsbussiere.com\\\/blog\\\/#\\\/schema\\\/logo\\\/image\\\/\"}},{\"@type\":\"Person\",\"@id\":\"https:\\\/\\\/editionsbussiere.com\\\/blog\\\/#\\\/schema\\\/person\\\/ec90e102792148c97e46ab871010dd8f\",\"name\":\"Marie BATICLE\",\"image\":{\"@type\":\"ImageObject\",\"inLanguage\":\"fr-FR\",\"@id\":\"https:\\\/\\\/secure.gravatar.com\\\/avatar\\\/c923e52403b1b8137e2d929127211d21967e6aecaa053bd43b09da29f212e76e?s=96&d=mm&r=g\",\"url\":\"https:\\\/\\\/secure.gravatar.com\\\/avatar\\\/c923e52403b1b8137e2d929127211d21967e6aecaa053bd43b09da29f212e76e?s=96&d=mm&r=g\",\"contentUrl\":\"https:\\\/\\\/secure.gravatar.com\\\/avatar\\\/c923e52403b1b8137e2d929127211d21967e6aecaa053bd43b09da29f212e76e?s=96&d=mm&r=g\",\"caption\":\"Marie BATICLE\"},\"url\":\"https:\\\/\\\/editionsbussiere.com\\\/blog\\\/author\\\/eremarie\\\/\"}]}<\/script>\n<!-- \/ Yoast SEO plugin. -->","yoast_head_json":{"title":"La police met en \u0153uvre des mesures suppl\u00e9mentaires sur les routes nationales \u00e0 l\u2019approche des vacances du 15 ao\u00fbt pour adresser ses pri\u00e8res \u00e0 la Sainte Vierge Marie. - EDITIONSBUSSIERE","robots":{"index":"index","follow":"follow","max-snippet":"max-snippet:-1","max-image-preview":"max-image-preview:large","max-video-preview":"max-video-preview:-1"},"canonical":"https:\/\/editionsbussiere.com\/blog\/la-police-met-en-oeuvre-des-mesures-supplementaires-sur-les-routes-nationales-a-lapproche-des-vacances-du-15-aout-pour-adresser-ses-prieres-a-la-sainte-vierge-marie\/","og_locale":"fr_FR","og_type":"article","og_title":"La police met en \u0153uvre des mesures suppl\u00e9mentaires sur les routes nationales \u00e0 l\u2019approche des vacances du 15 ao\u00fbt pour adresser ses pri\u00e8res \u00e0 la Sainte Vierge Marie. - EDITIONSBUSSIERE","og_description":"La police hell\u00e9nique a mis en place des mesures sp\u00e9ciales pour g\u00e9rer l\u2019augmentation pr\u00e9vue du nombre de voyageurs sur les routes nationales \u00e0 l\u2019approche de la f\u00eate de la Dormition de la Vierge Marie le 15 ao\u00fbt. Ces mesures visent \u00e0 assurer la s\u00e9curit\u00e9 routi\u00e8re et la fluidit\u00e9 du trafic, en se concentrant sur les [&hellip;]","og_url":"https:\/\/editionsbussiere.com\/blog\/la-police-met-en-oeuvre-des-mesures-supplementaires-sur-les-routes-nationales-a-lapproche-des-vacances-du-15-aout-pour-adresser-ses-prieres-a-la-sainte-vierge-marie\/","og_site_name":"EDITIONSBUSSIERE","article_published_time":"2024-08-10T13:39:10+00:00","og_image":[{"url":"https:\/\/editionsbussiere.com\/blog\/wp-content\/uploads\/2024\/08\/La-police-met-en-oeuvre-des-mesures-supplementaires-sur-les.webp.webp","type":"","width":"","height":""}],"author":"Marie BATICLE","twitter_card":"summary_large_image","twitter_misc":{"\u00c9crit par":"Marie BATICLE","Dur\u00e9e de lecture estim\u00e9e":"11 minutes"},"schema":{"@context":"https:\/\/schema.org","@graph":[{"@type":"Article","@id":"https:\/\/editionsbussiere.com\/blog\/la-police-met-en-oeuvre-des-mesures-supplementaires-sur-les-routes-nationales-a-lapproche-des-vacances-du-15-aout-pour-adresser-ses-prieres-a-la-sainte-vierge-marie\/#article","isPartOf":{"@id":"https:\/\/editionsbussiere.com\/blog\/la-police-met-en-oeuvre-des-mesures-supplementaires-sur-les-routes-nationales-a-lapproche-des-vacances-du-15-aout-pour-adresser-ses-prieres-a-la-sainte-vierge-marie\/"},"author":{"name":"Marie BATICLE","@id":"https:\/\/editionsbussiere.com\/blog\/#\/schema\/person\/ec90e102792148c97e46ab871010dd8f"},"headline":"La police met en \u0153uvre des mesures suppl\u00e9mentaires sur les routes nationales \u00e0 l\u2019approche des vacances du 15 ao\u00fbt pour adresser ses pri\u00e8res \u00e0 la Sainte Vierge Marie.","datePublished":"2024-08-10T13:39:10+00:00","mainEntityOfPage":{"@id":"https:\/\/editionsbussiere.com\/blog\/la-police-met-en-oeuvre-des-mesures-supplementaires-sur-les-routes-nationales-a-lapproche-des-vacances-du-15-aout-pour-adresser-ses-prieres-a-la-sainte-vierge-marie\/"},"wordCount":2166,"publisher":{"@id":"https:\/\/editionsbussiere.com\/blog\/#organization"},"image":{"@id":"https:\/\/editionsbussiere.com\/blog\/la-police-met-en-oeuvre-des-mesures-supplementaires-sur-les-routes-nationales-a-lapproche-des-vacances-du-15-aout-pour-adresser-ses-prieres-a-la-sainte-vierge-marie\/#primaryimage"},"thumbnailUrl":"https:\/\/editionsbussiere.com\/blog\/wp-content\/uploads\/2024\/08\/La-police-met-en-oeuvre-des-mesures-supplementaires-sur-les.webp.webp","articleSection":["Editions \u00c9sot\u00e9rique Fond\u00e9e En 1927; D\u00e9p\u00e8ches:"],"inLanguage":"fr-FR"},{"@type":"WebPage","@id":"https:\/\/editionsbussiere.com\/blog\/la-police-met-en-oeuvre-des-mesures-supplementaires-sur-les-routes-nationales-a-lapproche-des-vacances-du-15-aout-pour-adresser-ses-prieres-a-la-sainte-vierge-marie\/","url":"https:\/\/editionsbussiere.com\/blog\/la-police-met-en-oeuvre-des-mesures-supplementaires-sur-les-routes-nationales-a-lapproche-des-vacances-du-15-aout-pour-adresser-ses-prieres-a-la-sainte-vierge-marie\/","name":"La police met en \u0153uvre des mesures suppl\u00e9mentaires sur les routes nationales \u00e0 l\u2019approche des vacances du 15 ao\u00fbt pour adresser ses pri\u00e8res \u00e0 la Sainte Vierge Marie. - EDITIONSBUSSIERE","isPartOf":{"@id":"https:\/\/editionsbussiere.com\/blog\/#website"},"primaryImageOfPage":{"@id":"https:\/\/editionsbussiere.com\/blog\/la-police-met-en-oeuvre-des-mesures-supplementaires-sur-les-routes-nationales-a-lapproche-des-vacances-du-15-aout-pour-adresser-ses-prieres-a-la-sainte-vierge-marie\/#primaryimage"},"image":{"@id":"https:\/\/editionsbussiere.com\/blog\/la-police-met-en-oeuvre-des-mesures-supplementaires-sur-les-routes-nationales-a-lapproche-des-vacances-du-15-aout-pour-adresser-ses-prieres-a-la-sainte-vierge-marie\/#primaryimage"},"thumbnailUrl":"https:\/\/editionsbussiere.com\/blog\/wp-content\/uploads\/2024\/08\/La-police-met-en-oeuvre-des-mesures-supplementaires-sur-les.webp.webp","datePublished":"2024-08-10T13:39:10+00:00","breadcrumb":{"@id":"https:\/\/editionsbussiere.com\/blog\/la-police-met-en-oeuvre-des-mesures-supplementaires-sur-les-routes-nationales-a-lapproche-des-vacances-du-15-aout-pour-adresser-ses-prieres-a-la-sainte-vierge-marie\/#breadcrumb"},"inLanguage":"fr-FR","potentialAction":[{"@type":"ReadAction","target":["https:\/\/editionsbussiere.com\/blog\/la-police-met-en-oeuvre-des-mesures-supplementaires-sur-les-routes-nationales-a-lapproche-des-vacances-du-15-aout-pour-adresser-ses-prieres-a-la-sainte-vierge-marie\/"]}]},{"@type":"ImageObject","inLanguage":"fr-FR","@id":"https:\/\/editionsbussiere.com\/blog\/la-police-met-en-oeuvre-des-mesures-supplementaires-sur-les-routes-nationales-a-lapproche-des-vacances-du-15-aout-pour-adresser-ses-prieres-a-la-sainte-vierge-marie\/#primaryimage","url":"https:\/\/editionsbussiere.com\/blog\/wp-content\/uploads\/2024\/08\/La-police-met-en-oeuvre-des-mesures-supplementaires-sur-les.webp.webp","contentUrl":"https:\/\/editionsbussiere.com\/blog\/wp-content\/uploads\/2024\/08\/La-police-met-en-oeuvre-des-mesures-supplementaires-sur-les.webp.webp","width":1024,"height":576,"caption":"La police met en oeuvre des mesures supplementaires sur les.webp"},{"@type":"BreadcrumbList","@id":"https:\/\/editionsbussiere.com\/blog\/la-police-met-en-oeuvre-des-mesures-supplementaires-sur-les-routes-nationales-a-lapproche-des-vacances-du-15-aout-pour-adresser-ses-prieres-a-la-sainte-vierge-marie\/#breadcrumb","itemListElement":[{"@type":"ListItem","position":1,"name":"Accueil","item":"https:\/\/editionsbussiere.com\/blog\/"},{"@type":"ListItem","position":2,"name":"La police met en \u0153uvre des mesures suppl\u00e9mentaires sur les routes nationales \u00e0 l\u2019approche des vacances du 15 ao\u00fbt pour adresser ses pri\u00e8res \u00e0 la Sainte Vierge Marie."}]},{"@type":"WebSite","@id":"https:\/\/editionsbussiere.com\/blog\/#website","url":"https:\/\/editionsbussiere.com\/blog\/","name":"EDITIONSBUSSIERE","description":"Editions \u00e9sot\u00e9rique fond\u00e9e en 1927; site historique, A SAVOIR ET RETENIR.","publisher":{"@id":"https:\/\/editionsbussiere.com\/blog\/#organization"},"potentialAction":[{"@type":"SearchAction","target":{"@type":"EntryPoint","urlTemplate":"https:\/\/editionsbussiere.com\/blog\/?s={search_term_string}"},"query-input":{"@type":"PropertyValueSpecification","valueRequired":true,"valueName":"search_term_string"}}],"inLanguage":"fr-FR"},{"@type":"Organization","@id":"https:\/\/editionsbussiere.com\/blog\/#organization","name":"editionsbussiere","url":"https:\/\/editionsbussiere.com\/blog\/","logo":{"@type":"ImageObject","inLanguage":"fr-FR","@id":"https:\/\/editionsbussiere.com\/blog\/#\/schema\/logo\/image\/","url":"https:\/\/editionsbussiere.com\/blog\/wp-content\/uploads\/2023\/09\/cropped-buss.gif","contentUrl":"https:\/\/editionsbussiere.com\/blog\/wp-content\/uploads\/2023\/09\/cropped-buss.gif","width":298,"height":120,"caption":"editionsbussiere"},"image":{"@id":"https:\/\/editionsbussiere.com\/blog\/#\/schema\/logo\/image\/"}},{"@type":"Person","@id":"https:\/\/editionsbussiere.com\/blog\/#\/schema\/person\/ec90e102792148c97e46ab871010dd8f","name":"Marie BATICLE","image":{"@type":"ImageObject","inLanguage":"fr-FR","@id":"https:\/\/secure.gravatar.com\/avatar\/c923e52403b1b8137e2d929127211d21967e6aecaa053bd43b09da29f212e76e?s=96&d=mm&r=g","url":"https:\/\/secure.gravatar.com\/avatar\/c923e52403b1b8137e2d929127211d21967e6aecaa053bd43b09da29f212e76e?s=96&d=mm&r=g","contentUrl":"https:\/\/secure.gravatar.com\/avatar\/c923e52403b1b8137e2d929127211d21967e6aecaa053bd43b09da29f212e76e?s=96&d=mm&r=g","caption":"Marie BATICLE"},"url":"https:\/\/editionsbussiere.com\/blog\/author\/eremarie\/"}]}},"_links":{"self":[{"href":"https:\/\/editionsbussiere.com\/blog\/wp-json\/wp\/v2\/posts\/1133","targetHints":{"allow":["GET"]}}],"collection":[{"href":"https:\/\/editionsbussiere.com\/blog\/wp-json\/wp\/v2\/posts"}],"about":[{"href":"https:\/\/editionsbussiere.com\/blog\/wp-json\/wp\/v2\/types\/post"}],"author":[{"embeddable":true,"href":"https:\/\/editionsbussiere.com\/blog\/wp-json\/wp\/v2\/users\/3"}],"replies":[{"embeddable":true,"href":"https:\/\/editionsbussiere.com\/blog\/wp-json\/wp\/v2\/comments?post=1133"}],"version-history":[{"count":0,"href":"https:\/\/editionsbussiere.com\/blog\/wp-json\/wp\/v2\/posts\/1133\/revisions"}],"wp:featuredmedia":[{"embeddable":true,"href":"https:\/\/editionsbussiere.com\/blog\/wp-json\/wp\/v2\/media\/1134"}],"wp:attachment":[{"href":"https:\/\/editionsbussiere.com\/blog\/wp-json\/wp\/v2\/media?parent=1133"}],"wp:term":[{"taxonomy":"category","embeddable":true,"href":"https:\/\/editionsbussiere.com\/blog\/wp-json\/wp\/v2\/categories?post=1133"},{"taxonomy":"post_tag","embeddable":true,"href":"https:\/\/editionsbussiere.com\/blog\/wp-json\/wp\/v2\/tags?post=1133"}],"curies":[{"name":"wp","href":"https:\/\/api.w.org\/{rel}","templated":true}]}}