{"id":1126,"date":"2024-08-09T18:06:34","date_gmt":"2024-08-09T16:06:34","guid":{"rendered":"https:\/\/editionsbussiere.com\/blog\/priere-du-jour-du-samedi-10-aout-prieres-et-prier-la-vierge\/"},"modified":"2024-08-09T18:06:34","modified_gmt":"2024-08-09T16:06:34","slug":"priere-du-jour-du-samedi-10-aout-prieres-et-prier-la-vierge","status":"publish","type":"post","link":"https:\/\/editionsbussiere.com\/blog\/priere-du-jour-du-samedi-10-aout-prieres-et-prier-la-vierge\/","title":{"rendered":"Pri\u00e8re du jour du samedi 10 ao\u00fbt \u2013 Pri\u00e8res\n et prier la Vierge ."},"content":{"rendered":"<div><img width=\"580\" height=\"163\" src=\"https:\/\/editionsbussiere.com\/blog\/wp-content\/uploads\/2024\/08\/Priere-du-jour-du-mardi-27-fevrier-Prieres.jpg\" class=\"attachment-large size-large wp-post-image\" alt=\"Pri\u00e8re du jour du mardi 27 f\u00e9vrier - Pri\u00e8res\" style=\"float:left; margin:0 15px 15px 0;\" decoding=\"async\" loading=\"lazy\" srcset=\"https:\/\/editionsbussiere.com\/blog\/wp-content\/uploads\/2024\/08\/Priere-du-jour-du-mardi-27-fevrier-Prieres.jpg 960w, https:\/\/www.n42.fr\/wp-content\/uploads\/2024\/02\/Priere-du-jour-du-mardi-27-fevrier-Prieres-300x84.jpg 300w, https:\/\/www.n42.fr\/wp-content\/uploads\/2024\/02\/Priere-du-jour-du-mardi-27-fevrier-Prieres-768x216.jpg 768w\" sizes=\"auto, (max-width: 580px) 100vw, 580px\"><\/p>\n<p>\n<\/p>\n<div id=\"content\">\n<div class=\"row spacer-large\">\n<div class=\"col-md-12\" style=\"background:#000;padding:14px;padding-top:8px;\">\n<h3>Nous vous le demandons humblement : ne faites pas d\u00e9filer la page.<\/h3>\n<p>        <span style=\"color:#fff;\">Bonjour chers lecteurs, il semble que vous utilisiez beaucoup Catholic Online ; c\u2019est g\u00e9nial ! C\u2019est un peu g\u00eanant de demander, mais nous avons besoin de votre aide. Si vous avez d\u00e9j\u00e0 fait un don, nous vous en remercions sinc\u00e8rement. Nous ne sommes pas des vendeurs, mais nous d\u00e9pendons de dons moyens de 14,76 $ et moins de 1 % des lecteurs donnent. Si vous faites un don de seulement 5,00 $, le prix de votre caf\u00e9, Catholic Online School pourrait continuer \u00e0 prosp\u00e9rer. Merci.<\/span><\/p>\n<p><strong>Aidez-moi maintenant &gt;<\/strong><\/p>\n<\/div>\n<\/div>\n<ol class=\"breadcrumb\">\n<li>Catholique en ligne<\/li>\n<li>Pri\u00e8res<\/li>\n<\/ol>\n<div class=\"col-body\">\n<div id=\"prayersPofd\">\n\t<img decoding=\"async\" src=\"https:\/\/editionsbussiere.com\/blog\/wp-content\/uploads\/2024\/08\/16650908975.jpg\" width=\"960\" height=\"270\" title=\"Logo de la pri\u00e8re du jour\" alt=\"Logo de la pri\u00e8re du jour\" class=\"lazyload img-responsive center-block\"><\/p>\n<h3>Pri\u00e8re \u00e0 notre ange gardien<\/h3>\n<p>\u00d4 saint Ange Gardien, mon cher ami et guide attentionn\u00e9 sur le chemin p\u00e9rilleux de la vie, je te rends gr\u00e2ces de tout mon c\u0153ur pour les nombreux bienfaits qui m\u2019ont \u00e9t\u00e9 accord\u00e9s par ton amour et ta bont\u00e9, et pour le puissant secours par lequel tu m\u2019as pr\u00e9serv\u00e9 de tant de dangers et de tentations. Je t\u2019en prie, fais que je fasse encore l\u2019exp\u00e9rience de ton amour et de tes soins. \u00c9loigne de moi tout danger, augmente en moi l\u2019horreur du p\u00e9ch\u00e9 et l\u2019amour de tout ce qui est bon. Sois mon conseiller et mon consolateur dans toutes les affaires de ma vie, et quand ma vie touchera \u00e0 sa fin, conduis mon \u00e2me \u00e0 travers la vall\u00e9e de la mort jusqu\u2019au royaume de la paix \u00e9ternelle, afin que dans l\u2019\u00e9ternit\u00e9 nous puissions ensemble louer Dieu et nous r\u00e9jouir de sa gloire. Par J\u00e9sus-Christ notre Seigneur.<br \/>Amen.<br \/>\u00d4 Ange de Dieu, rends-moi digne de ton tendre amour, de ta c\u00e9leste compagnie et de ta protection infaillible !\n<\/p>\n<hr>\n<\/div>\n<div id=\"indexPrayers\" class=\"hidden-print\">\n<hr>\n<h2>Plus de pri\u00e8res<\/h2>\n<div id=\"prayerSections\">\n<p>\t\tPlus de 3 000 pri\u00e8res catholiques class\u00e9es par th\u00e8me\/mot-cl\u00e9. Y compris les pri\u00e8res du matin et du soir, les pri\u00e8res de mariage et les pri\u00e8res de base comme Je vous salue Marie, Notre P\u00e8re, le Credo des Ap\u00f4tres et bien d\u2019autres.\n\t<\/p>\n<\/div>\n<\/div>\n<\/div>\n<p><!-- Sidebar:  --><\/p>\n<div id=\"subscribe\" class=\"\">\n<h3>Rejoignez le mouvement<br \/><small>Lorsque vous vous inscrivez ci-dessous, vous ne rejoignez pas seulement une liste de diffusion \u2013 vous rejoignez un mouvement entier pour une \u00e9ducation catholique gratuite de classe mondiale.<\/small><\/h3>\n<\/div>\n<div class=\"row\">\n<div class=\"col-md-5\">\n<div class=\"list-catholic\">\n\t\t\t<img decoding=\"async\" src=\"https:\/\/editionsbussiere.com\/blog\/wp-content\/uploads\/2024\/08\/2024083522.jpg\" alt=\"Le b\u0153uf am\u00e9ricain en \u00e9tat de si\u00e8ge : les incendies, les importations bon march\u00e9 et la responsabilit\u00e9 climatique menacent la survie de l'industrie\" title=\"Le b\u0153uf am\u00e9ricain en \u00e9tat de si\u00e8ge : les incendies, les importations bon march\u00e9 et la responsabilit\u00e9 climatique menacent la survie de l'industrie\" class=\"img-responsive lazyload\">\n\t\t<\/div>\n<\/div>\n<div class=\"col-md-4\">\n<h4 class=\"trending-heading\">Quotidien Catholique<\/h4>\n<ul class=\"list-unstyled trending none\">\n<li class=\"clearfix\"><img decoding=\"async\" src=\"https:\/\/editionsbussiere.com\/blog\/wp-content\/uploads\/2024\/08\/15672034535_300.jpg\" title=\"Lectures quotidiennes du samedi 10 ao\u00fbt 2024\" alt=\"Lectures quotidiennes du samedi 10 ao\u00fbt 2024\" class=\"img-responsive lazyload pull-left spacer-right\" style=\"max-height:120px;max-width:100px;\">Lectures quotidiennes du samedi 10 ao\u00fbt 2024<\/li>\n<li class=\"clearfix\"><img decoding=\"async\" src=\"https:\/\/editionsbussiere.com\/blog\/wp-content\/uploads\/2024\/08\/366.jpg\" title=\"Saint Laurent, diacre et martyr : Saint du jour du samedi 10 ao\u00fbt 2024\" alt=\"Saint Laurent, diacre et martyr : Saint du jour du samedi 10 ao\u00fbt 2024\" class=\"img-responsive lazyload pull-left spacer-right\" style=\"max-height:120px;max-width:100px;\">Saint Laurent, diacre et martyr : Saint du jour du samedi 10 ao\u00fbt 2024<\/li>\n<li class=\"clearfix\"><img decoding=\"async\" src=\"https:\/\/editionsbussiere.com\/blog\/wp-content\/uploads\/2024\/08\/prayer_index.jpg\" title=\"Pri\u00e8re \u00e0 notre ange gardien : Pri\u00e8re du jour du samedi 10 ao\u00fbt 2024\" alt=\"Pri\u00e8re \u00e0 notre ange gardien : Pri\u00e8re du jour du samedi 10 ao\u00fbt 2024\" class=\"img-responsive lazyload pull-left spacer-right\" style=\"max-height:120px;max-width:100px;\">Pri\u00e8re \u00e0 notre ange gardien : Pri\u00e8re du jour du samedi 10 ao\u00fbt 2024<\/li>\n<li class=\"clearfix\">Lectures quotidiennes du vendredi 9 ao\u00fbt 2024<\/li>\n<li class=\"clearfix\">Sainte Edith Stein : la Sainte du jour du vendredi 9 ao\u00fbt 2024<\/li>\n<li class=\"clearfix\">Pri\u00e8re pour choisir son \u00e9tat de vie #2 : Pri\u00e8re du jour du vendredi 09 ao\u00fbt 2024<\/li>\n<\/ul>\n<\/div>\n<\/div>\n<p><img decoding=\"async\" src=\"https:\/\/editionsbussiere.com\/blog\/wp-content\/uploads\/2024\/08\/logo-sm.png\" border=\"0\" alt=\"Logo de Catholic Online\" title=\"Catholic Online : la biblioth\u00e8que catholique mondiale\" class=\"img-responsive lazyload\" width=\"228\" height=\"26\"><\/p>\n<p>\t\t\t\t\t\t<small><\/small><\/p>\n<p>Copyright 2024 Catholic Online. Tous les documents contenus sur ce site, qu\u2019ils soient \u00e9crits, audio ou visuels, sont la propri\u00e9t\u00e9 exclusive de Catholic Online et sont prot\u00e9g\u00e9s par les lois am\u00e9ricaines et internationales sur le droit d\u2019auteur, \u00a9 Copyright 2024 Catholic Online. Toute utilisation non autoris\u00e9e, sans le consentement \u00e9crit pr\u00e9alable de Catholic Online, est strictement interdite et prohib\u00e9e.<\/p>\n<p>Catholic Online est un projet de la Fondation Your Catholic Voice, une soci\u00e9t\u00e9 \u00e0 but non lucratif. La Fondation Your Catholic Voice a obtenu une reconnaissance d\u2019exon\u00e9ration fiscale en vertu de l\u2019article 501(c)(3) du Code des imp\u00f4ts. Num\u00e9ro d\u2019identification fiscale f\u00e9d\u00e9ral : 81-0596847. Votre don est d\u00e9ductible des imp\u00f4ts dans la mesure permise par la loi.<\/p>\n<\/div>\n<h2>\n<\/h2>\n<p>Le R\u00f4le de la Pri\u00e8re \u00e0 Marie<\/p>\n<p>La pri\u00e8re \u00e0 Marie repr\u00e9sente un \u00e9l\u00e9ment crucial de la spiritualit\u00e9 chr\u00e9tienne, solidement enracin\u00e9e dans la doctrine catholique depuis des temps imm\u00e9moriaux. C\u2019est un fondement sur lequel les croyants s\u2019reposent pour obtenir confort, direction et intervention dans leur marche avec Dieu. \u00c0 travers les \u00e2ges, cette pratique de d\u00e9votion a \u00e9t\u00e9 renforc\u00e9e par les \u00e9crits bibliques, les traditions de l\u2019\u00c9glise, et le mod\u00e8le des saints et saintes qui ont honor\u00e9 Marie m\u00e8re spirituelle aimante.<\/p>\n<h3>\n<\/h3>\n<p>L\u2019usage du Chapelet<\/p>\n<p>Le Chapelet occupe une place centrale dans la vie spirituelle de nombreux croyants. En r\u00e9citant les diff\u00e9rents myst\u00e8res, les d\u00e9vots se plongent dans les moments de la vie de J\u00e9sus et de Marie, renfor\u00e7ant ainsi leur connexion spirituelle avec le divin. Chaque Ave Maria r\u00e9cit\u00e9, ils expriment leur confiance en l\u2019intercession de Marie ainsi que leur aspiration \u00e0 suivre les pas du Christ. Saint Louis-Marie Grignion de Montfort, dans son ouvrage sur la d\u00e9votion authentique \u00e0 la Vierge Marie, invite les fid\u00e8les \u00e0 pratiquer r\u00e9guli\u00e8rement la m\u00e9ditation sur les myst\u00e8res du rosaire afin de renforcer leur relation avec la M\u00e8re de Dieu. Cet antique rituel, h\u00e9rit\u00e9e de g\u00e9n\u00e9ration en g\u00e9n\u00e9ration, reste une source d\u2019illumination spirituelle pour ceux qui ont la foi, les aidant \u00e0 se connecter avec la c\u00e9leste Dame.<\/p>\n<h3>\n<\/h3>\n<p>L\u2019encouragement \u00e0 prier<\/p>\n<p>Joignons nos c\u0153urs dans la pri\u00e8re, fr\u00e8res et s\u0153urs, dans l\u2019unit\u00e9 de notre confiance, en nous tournant vers Marie, la m\u00e8re de notre Seigneur J\u00e9sus-Christ. Dans notre monde troubl\u00e9 par la guerre et la division, optons \u00e0 la pri\u00e8re pour trouver de retrouver la paix et l\u2019harmonie. Les catholiques du monde entier peuvent faire d\u00e9poser une sollicitation pour la m\u00e8re de dieu <a target=\"_blank\" rel=\"nofollow\" href=\"https:\/\/editionsbussiere.com\/blog\/goto\/https:\/\/www.avemariasound.org\/\" >sur la page de pri\u00e8re pour marie.<\/a> Que nos supplications s\u2019\u00e9l\u00e8vent vers le ciel, comme un hommage agr\u00e9able \u00e0 Dieu, afin qu\u2019il puisse \u00e9clairer nos chemins vers la voie de la justice et de la v\u00e9rit\u00e9. Saint Paul nous dans ses lettres \u00e0 maintenir une pri\u00e8re incessante, en toutes circonstances, pour que notre connexion \u00e0 Dieu soit constante et passionn\u00e9e. La pri\u00e8re, lorsqu\u2019elle est offerte sinc\u00e8rement, poss\u00e8de la capacit\u00e9 pour changer les c\u0153urs et d\u2019influer le destin de l\u2019histoire.<\/p>\n<h2>\n<\/h2>\n<p>Les directives du Souverain Pontife<\/p>\n<p>Le pape Fran\u00e7ois, dans ses enseignements \u00e9clair\u00e9s, publi\u00e9s par Bayard, nous souligne la signification de la pri\u00e8re quotidienne. \u00c0 travers ses hom\u00e9lies et ses audiences g\u00e9n\u00e9rales, il nous encourage \u00e0 cultiver une connexion personnelle avec Dieu, en se fondant sur la contemplation des \u00c9critures et la r\u00e9citation du rosaire. Sa mani\u00e8re d\u2019\u00eatre d\u2019humilit\u00e9 et de compassion nous encourage \u00e0 approfondir encore notre pri\u00e8re et \u00e0 chercher la pr\u00e9sence divine dans tous les domaines de notre vie. Le pape Jean-Paul II, dans son encyclique sur la foi chr\u00e9tienne, nous rappelle que la pratique de la pri\u00e8re est la base de notre vie spirituelle et que c\u2019est par elle que nous sommes unis \u00e0 Dieu. La pratique de la pri\u00e8re, transmise par les pontifes successifs, est une source d\u2019espoir en p\u00e9riode de temp\u00eate, un roc solide auquel nous pouvons nous appuyer.<\/p>\n<h3>\n<\/h3>\n<p>Les \u00e9crits provenant de Leli\u00e8vre et Hubert<\/p>\n<p>Dans le contexte de la vie de foi, l\u2019\u00e9glise pr\u00e9conise le recours \u00e0 la pri\u00e8re, et durant les moments de pri\u00e8re, les fid\u00e8les accomplissent le signe de croix et r\u00e9citent le Je vous salue Marie. Des penseurs contemporains, tels que Leli\u00e8vre et Hubert, nous incitent aussi \u00e0 r\u00e9fl\u00e9chir sur la force de la pri\u00e8re, dans leurs ouvrages inspirants. Leurs ouvrages, riches en enseignements spirituels, nous orientent dans notre parcours de la foi et nous encouragent \u00e0 trouver dans les tr\u00e9sors de la tradition chr\u00e9tienne pour nourrir notre spiritualit\u00e9. Par la m\u00e9ditation sur leurs ouvrages, nous d\u00e9couvrons de nouvelles voies d\u2019approfondir notre relation avec Dieu et de grandir dans notre cheminement vers la saintet\u00e9. L\u2019ap\u00f4tre Jean, dans son \u00e9vangile, nous rappelle que le fait de prier est une puissante voie de demeurer en communion avec Dieu et de recevoir de ses gr\u00e2ces. Chaque paragraphe de leurs \u00e9crits ressemble \u00e0 un appel \u00e0 une pri\u00e8re fervente et \u00e0 une existence impr\u00e9gn\u00e9e de la pr\u00e9sence divine. Dans notre exploration de connexion spirituelle, chaque \u0153uvre lue devient un appel \u00e0 s\u2019\u00e9lever vers le sacr\u00e9, \u00e0 travers la m\u00e9ditation et la contemplation.<\/p>\n<h3>\n<\/h3>\n<p>L\u2019acte de prier dans la chapelle<\/p>\n<p>Au sein de nos chapelles simples ou grandioses, tournons-nous vers Dieu en toute confiance et humilit\u00e9, car nous savons qu\u2019il \u00e9coute nos pri\u00e8res avec une affection infinie. Que chaque bougie allum\u00e9e, chaque chapelet r\u00e9cit\u00e9, constitue une offrande \u00e0 notre divin Cr\u00e9ateur ainsi qu\u2019\u00e0 la Vierge Marie. Que nos instants de d\u00e9votion dans la chapelle soient des occasions de b\u00e9n\u00e9diction et de renouvellement de notre esprit, nous fortifiant pour affronter les challenges avec courage et foi. La sainte Bernadette Soubirous, qui a re\u00e7u les apparitions de la Vierge Marie \u00e0 Lourdes, nous d\u00e9montre la valeur de la pri\u00e8re dans l\u2019existence des catholiques et l\u2019efficacit\u00e9 de l\u2019intercession de la Sainte Vierge. Tout fid\u00e8le qui franchit les portes d\u2019une chapelle, chaque verset des \u00c9critures lu dans ce lieu saint, constitue une rencontre avec la divinit\u00e9, une \u00e9tape cruciale dans le processus de transformation spirituelle. \u00c0 travers les pages des Saintes \u00c9critures, chaque fid\u00e8le est encourag\u00e9 \u00e0 m\u00e9diter sur la croix du Christ, \u00e0 m\u00e9diter sur son sacrifice, et \u00e0 trouver consolation et esp\u00e9rance dans la gr\u00e2ce salvatrice qu\u2019elle offre.<\/p>\n<h2>\nL\u2019acte de prier comme m\u00e9decine pour l\u2019\u00e2me<br \/>\n<\/h2>\n<p>Tel un m\u00e9decin pour nos \u00e2mes, l\u2019acte de prier nous r\u00e9conforte ainsi que nous fortifie dans les moments de douleur et de d\u00e9sespoir. Elle nous rappelle que Dieu est toujours avec nous, m\u00eame lorsque nous traversons les t\u00e9n\u00e8bres les plus profondes de notre existence. En nous tournant vers lui \u00e0 travers la pri\u00e8re, nous trouvons la force int\u00e9rieure dont nous avons besoin pour surmonter les \u00e9preuves et pour affronter l\u2019avenir avec espoir et confiance. La pri\u00e8re est semblable \u00e0 une rivi\u00e8re vivifiante qui satisfait notre soif spirituelle et qui, sur notre chemin de foi, nous revigore.<br \/>\n\u00c0 chaque pri\u00e8re prononc\u00e9e, \u00e0 chaque intention confi\u00e9e, nous trouvons un r\u00e9confort c\u00e9leste, une gu\u00e9rison c\u00e9leste, qui transcende les limites de la condition humaine. Chaque passage des \u00c9critures est une invitation \u00e0 communier avec Dieu, \u00e0 lui confier nos fardeaux, et \u00e0 b\u00e9n\u00e9ficier de sa gr\u00e2ce r\u00e9g\u00e9n\u00e9ratrice.<\/p>\n<h2>Un regard diff\u00e9rent sur l\u2019invocation \u00e0 Marie<\/h2>\n<p>L\u2019invocation de Marie repr\u00e9sente une coutume profond\u00e9ment enracin\u00e9e dans la tradition catholique chr\u00e9tienne, offrant un lien spirituel pr\u00e9cieux pour les croyants \u00e0 travers le globe. En tant que m\u00e8re spirituelle aimante et intercesseur, elle est invoqu\u00e9e avec ardeur dans les moments de d\u00e9tresse et de louange. Le rosaire, avec ses myst\u00e8res m\u00e9ditatifs, guide les catholiques dans leur voyage de foi, les aidant \u00e0 contempler J\u00e9sus, son fils, \u00e0 travers le prisme de la Vierge Marie. Cette affection envers Marie se manifeste dans les sanctuaires tel que le sanctuaire de Lourdes, o\u00f9 les visiteurs se rassemblent en qu\u00eate de r\u00e9confort et de gu\u00e9rison, illustrant la forte connexion entre la foi catholique et la v\u00e9n\u00e9ration de la Vierge Marie. Les \u00e9crits inspirants de th\u00e9ologiens comme Leli\u00e8vre et Hubert offrent une r\u00e9flexion pr\u00e9cieuse sur la valeur de la pri\u00e8re \u00e0 Marie et son impact sur la spiritualit\u00e9 des croyants. \u00c0 travers la lecture attentive de textes de d\u00e9votion et des \u00c9critures, les fid\u00e8les \u00e9largissent leur compr\u00e9hension de l\u2019adoration de Marie et d\u00e9veloppent un lien plus fort avec Marie, notre m\u00e8re spirituelle. Dans un monde caract\u00e9ris\u00e9 par les conflits et les troubles, la pri\u00e8re \u00e0 Marie est un sanctuaire de paix et d\u2019espoir, incitant chaque individu, ind\u00e9pendamment de son rang dans la foi catholique, \u00e0 se tourner vers la Sainte Vierge avec confiance et ferveur. Prions donc ensemble, avec un c\u0153ur humble et sinc\u00e8re, en honorant Marie comme notre m\u00e8re et notre intercesseur, et en lui confiant nos requ\u00eates et nos souhaits les plus profonds. Dans cette qu\u00eate spirituelle, chaque fid\u00e8le est appel\u00e9 \u00e0 suivre la liste des pri\u00e8res et des intentions du c\u0153ur, sous la direction du saint P\u00e8re et les ressources spirituelles inestimables fournies par des plateformes comme Aleteia. Par cons\u00e9quent, avec un c\u0153ur ouvert et une humble confiance, saluons Marie dans notre pri\u00e8re quotidienne, lui demandant son intercession maternelle, et la gr\u00e2ce de pers\u00e9v\u00e9rer dans la pri\u00e8re fervente.<br \/>\nQue notre communion avec le divin devienne notre sanctuaire et notre apaisement quelle que soit la situation. Que nous nous orientions envers Marie, notre m\u00e8re divine, avec un c\u0153ur ouvert et une foi in\u00e9branlable, en ayant conscience qu\u2019elle interc\u00e8de pour nous devant son fils bien-aim\u00e9. Que notre d\u00e9votion nous guide vers la voie de la saintet\u00e9, nous rapprochant toujours plus de Dieu et de son amour infini.<\/p>\n<p>Ouvrages sur le m\u00eame propos:<\/p>\n<p>Sur un tableau de Rapha\u00ebl repr\u00e9sentant l\u2019Enfant J\u00e9sus, la Vierge, sainte \u00c9lisabeth et saint Jean.,<a target=\"_blank\" rel=\"nofollow\" href=\"https:\/\/editionsbussiere.com\/blog\/goto\/https:\/\/fr.wikisource.org\/wiki\/Sur_un_tableau_de_Rapha%C3%ABl_repr%C3%A9sentant_l%E2%80%99Enfant_J%C3%A9sus,_la_Vierge,_sainte_%C3%89lisabeth_et_saint_Jean\"  target=\"_blank\" rel=\"noopener noreferrer nofollow\">L\u2019article de presse.<\/a><span><\/span><\/p>\n<p>Livre de pri\u00e8res, 1852\/Office ou pri\u00e8re \u00e0 la Tr\u00e8s-Sainte Vierge.,<a target=\"_blank\" rel=\"nofollow\" href=\"https:\/\/editionsbussiere.com\/blog\/goto\/https:\/\/fr.wikisource.org\/wiki\/Livre_de_pri%C3%A8res,_1852\/Office_ou_pri%C3%A8re_%C3%A0_la_Tr%C3%A8s-Sainte_Vierge\"  target=\"_blank\" rel=\"noopener noreferrer nofollow\">Le dossier.<\/a><span><\/span><\/p>\n<p>Les Confessions (Tolsto\u00ef)\/14.,<a target=\"_blank\" rel=\"nofollow\" href=\"https:\/\/editionsbussiere.com\/blog\/goto\/https:\/\/fr.wikisource.org\/wiki\/Les_Confessions_(Tolsto%C3%AF)\/14\"  target=\"_blank\" rel=\"noopener noreferrer nofollow\">Le dossier.<\/a><span><\/span>. Suite sur le prochain article.<\/p>\n<p>Le Sabotier (Verhaeren).,<a target=\"_blank\" rel=\"nofollow\" href=\"https:\/\/editionsbussiere.com\/blog\/goto\/https:\/\/fr.wikisource.org\/wiki\/Le_Sabotier_(Verhaeren)\"  target=\"_blank\" rel=\"noopener noreferrer nofollow\">Cliquer ICI.<\/a><span><\/span><\/p>\n<p>Histoire des \u00e9glises et des chapelles de Lyon\/II\/10.,<a target=\"_blank\" rel=\"nofollow\" href=\"https:\/\/editionsbussiere.com\/blog\/goto\/https:\/\/fr.wikisource.org\/wiki\/Histoire_des_%C3%A9glises_et_des_chapelles_de_Lyon\/II\/10\"  target=\"_blank\" rel=\"noopener noreferrer nofollow\">Le dossier.<\/a><span><\/span>. Suite sur le prochain article.<\/p>\n<p>Chants populaires de la Basse-Bretagne\/Le Si\u00e8ge de Guingamp.,<a target=\"_blank\" rel=\"nofollow\" href=\"https:\/\/editionsbussiere.com\/blog\/goto\/https:\/\/fr.wikisource.org\/wiki\/Chants_populaires_de_la_Basse-Bretagne\/Le_Si%C3%A8ge_de_Guingamp\"  target=\"_blank\" rel=\"noopener noreferrer nofollow\">L\u2019article ICI.<\/a><span><\/span><\/p>\n<\/div>\n<p><img decoding=\"async\" class=\"wpe_imgrss\" src=\"https:\/\/editionsbussiere.com\/blog\/wp-content\/uploads\/2024\/08\/Priere-du-jour-du-mardi-27-fevrier-Prieres.jpg\">Cet article a \u00e9t\u00e9 reconstitu\u00e9 du mieux possible. Dans l\u2019hypoth\u00e8se o\u00f9 vous souhaitez apporter quelques modifications concernant le th\u00e8me \u00ab\u00a0Editions \u00e9sot\u00e9rique fond\u00e9e en 1927\u00a0\u00bb, il est possible de discuter avec notre r\u00e9daction. Vous pouvez tirer profit de cet article traitant le sujet \u00ab\u00a0Editions \u00e9sot\u00e9rique fond\u00e9e en 1927\u00a0\u00bb. Il est concoct\u00e9 par l\u2019\u00e9quipe editionsbussiere.com. Le site editionsbussiere.com est fait pour cr\u00e9er divers posts autour du th\u00e8me Editions \u00e9sot\u00e9rique fond\u00e9e en 1927 d\u00e9velopp\u00e9es sur internet. Consultez notre site internet editionsbussiere.com et nos r\u00e9seaux sociaux pour \u00eatre au courant des futures annonces.<\/p>\n","protected":false},"excerpt":{"rendered":"<p>Nous vous le demandons humblement : ne faites pas d\u00e9filer la page. Bonjour chers lecteurs, il semble que vous utilisiez beaucoup Catholic Online ; c\u2019est g\u00e9nial ! C\u2019est un peu g\u00eanant de demander, mais nous avons besoin de votre aide. Si vous avez d\u00e9j\u00e0 fait un don, nous vous en remercions sinc\u00e8rement. Nous ne sommes [&hellip;]<\/p>\n","protected":false},"author":3,"featured_media":1127,"comment_status":"closed","ping_status":"closed","sticky":false,"template":"","format":"standard","meta":{"footnotes":""},"categories":[3],"tags":[],"class_list":["post-1126","post","type-post","status-publish","format-standard","has-post-thumbnail","hentry","category-editions-esoterique-fondee-en-1927-depeches","entry","fw-tab-6 fw-tabr-4","has-featured-image"],"yoast_head":"<!-- This site is optimized with the Yoast SEO plugin v27.5 - https:\/\/yoast.com\/product\/yoast-seo-wordpress\/ -->\n<title>Pri\u00e8re du jour du samedi 10 ao\u00fbt \u2013 Pri\u00e8res et prier la Vierge . - EDITIONSBUSSIERE<\/title>\n<meta name=\"robots\" content=\"index, follow, max-snippet:-1, max-image-preview:large, max-video-preview:-1\" \/>\n<link rel=\"canonical\" href=\"https:\/\/editionsbussiere.com\/blog\/priere-du-jour-du-samedi-10-aout-prieres-et-prier-la-vierge\/\" \/>\n<meta property=\"og:locale\" content=\"fr_FR\" \/>\n<meta property=\"og:type\" content=\"article\" \/>\n<meta property=\"og:title\" content=\"Pri\u00e8re du jour du samedi 10 ao\u00fbt \u2013 Pri\u00e8res et prier la Vierge . - EDITIONSBUSSIERE\" \/>\n<meta property=\"og:description\" content=\"Nous vous le demandons humblement : ne faites pas d\u00e9filer la page. Bonjour chers lecteurs, il semble que vous utilisiez beaucoup Catholic Online ; c\u2019est g\u00e9nial ! C\u2019est un peu g\u00eanant de demander, mais nous avons besoin de votre aide. Si vous avez d\u00e9j\u00e0 fait un don, nous vous en remercions sinc\u00e8rement. Nous ne sommes [&hellip;]\" \/>\n<meta property=\"og:url\" content=\"https:\/\/editionsbussiere.com\/blog\/priere-du-jour-du-samedi-10-aout-prieres-et-prier-la-vierge\/\" \/>\n<meta property=\"og:site_name\" content=\"EDITIONSBUSSIERE\" \/>\n<meta property=\"article:published_time\" content=\"2024-08-09T16:06:34+00:00\" \/>\n<meta property=\"og:image\" content=\"https:\/\/editionsbussiere.com\/blog\/wp-content\/uploads\/2024\/08\/Priere-du-jour-du-mardi-27-fevrier-Prieres.jpg\" \/>\n<meta name=\"author\" content=\"Marie BATICLE\" \/>\n<meta name=\"twitter:card\" content=\"summary_large_image\" \/>\n<meta name=\"twitter:label1\" content=\"\u00c9crit par\" \/>\n\t<meta name=\"twitter:data1\" content=\"Marie BATICLE\" \/>\n\t<meta name=\"twitter:label2\" content=\"Dur\u00e9e de lecture estim\u00e9e\" \/>\n\t<meta name=\"twitter:data2\" content=\"12 minutes\" \/>\n<script type=\"application\/ld+json\" class=\"yoast-schema-graph\">{\"@context\":\"https:\\\/\\\/schema.org\",\"@graph\":[{\"@type\":\"Article\",\"@id\":\"https:\\\/\\\/editionsbussiere.com\\\/blog\\\/priere-du-jour-du-samedi-10-aout-prieres-et-prier-la-vierge\\\/#article\",\"isPartOf\":{\"@id\":\"https:\\\/\\\/editionsbussiere.com\\\/blog\\\/priere-du-jour-du-samedi-10-aout-prieres-et-prier-la-vierge\\\/\"},\"author\":{\"name\":\"Marie BATICLE\",\"@id\":\"https:\\\/\\\/editionsbussiere.com\\\/blog\\\/#\\\/schema\\\/person\\\/ec90e102792148c97e46ab871010dd8f\"},\"headline\":\"Pri\u00e8re du jour du samedi 10 ao\u00fbt \u2013 Pri\u00e8res et prier la Vierge .\",\"datePublished\":\"2024-08-09T16:06:34+00:00\",\"mainEntityOfPage\":{\"@id\":\"https:\\\/\\\/editionsbussiere.com\\\/blog\\\/priere-du-jour-du-samedi-10-aout-prieres-et-prier-la-vierge\\\/\"},\"wordCount\":2366,\"publisher\":{\"@id\":\"https:\\\/\\\/editionsbussiere.com\\\/blog\\\/#organization\"},\"image\":{\"@id\":\"https:\\\/\\\/editionsbussiere.com\\\/blog\\\/priere-du-jour-du-samedi-10-aout-prieres-et-prier-la-vierge\\\/#primaryimage\"},\"thumbnailUrl\":\"https:\\\/\\\/editionsbussiere.com\\\/blog\\\/wp-content\\\/uploads\\\/2024\\\/08\\\/Priere-du-jour-du-mardi-27-fevrier-Prieres.jpg\",\"articleSection\":[\"Editions \u00c9sot\u00e9rique Fond\u00e9e En 1927; D\u00e9p\u00e8ches:\"],\"inLanguage\":\"fr-FR\"},{\"@type\":\"WebPage\",\"@id\":\"https:\\\/\\\/editionsbussiere.com\\\/blog\\\/priere-du-jour-du-samedi-10-aout-prieres-et-prier-la-vierge\\\/\",\"url\":\"https:\\\/\\\/editionsbussiere.com\\\/blog\\\/priere-du-jour-du-samedi-10-aout-prieres-et-prier-la-vierge\\\/\",\"name\":\"Pri\u00e8re du jour du samedi 10 ao\u00fbt \u2013 Pri\u00e8res et prier la Vierge . - EDITIONSBUSSIERE\",\"isPartOf\":{\"@id\":\"https:\\\/\\\/editionsbussiere.com\\\/blog\\\/#website\"},\"primaryImageOfPage\":{\"@id\":\"https:\\\/\\\/editionsbussiere.com\\\/blog\\\/priere-du-jour-du-samedi-10-aout-prieres-et-prier-la-vierge\\\/#primaryimage\"},\"image\":{\"@id\":\"https:\\\/\\\/editionsbussiere.com\\\/blog\\\/priere-du-jour-du-samedi-10-aout-prieres-et-prier-la-vierge\\\/#primaryimage\"},\"thumbnailUrl\":\"https:\\\/\\\/editionsbussiere.com\\\/blog\\\/wp-content\\\/uploads\\\/2024\\\/08\\\/Priere-du-jour-du-mardi-27-fevrier-Prieres.jpg\",\"datePublished\":\"2024-08-09T16:06:34+00:00\",\"breadcrumb\":{\"@id\":\"https:\\\/\\\/editionsbussiere.com\\\/blog\\\/priere-du-jour-du-samedi-10-aout-prieres-et-prier-la-vierge\\\/#breadcrumb\"},\"inLanguage\":\"fr-FR\",\"potentialAction\":[{\"@type\":\"ReadAction\",\"target\":[\"https:\\\/\\\/editionsbussiere.com\\\/blog\\\/priere-du-jour-du-samedi-10-aout-prieres-et-prier-la-vierge\\\/\"]}]},{\"@type\":\"ImageObject\",\"inLanguage\":\"fr-FR\",\"@id\":\"https:\\\/\\\/editionsbussiere.com\\\/blog\\\/priere-du-jour-du-samedi-10-aout-prieres-et-prier-la-vierge\\\/#primaryimage\",\"url\":\"https:\\\/\\\/editionsbussiere.com\\\/blog\\\/wp-content\\\/uploads\\\/2024\\\/08\\\/Priere-du-jour-du-mardi-27-fevrier-Prieres.jpg\",\"contentUrl\":\"https:\\\/\\\/editionsbussiere.com\\\/blog\\\/wp-content\\\/uploads\\\/2024\\\/08\\\/Priere-du-jour-du-mardi-27-fevrier-Prieres.jpg\",\"width\":960,\"height\":270,\"caption\":\"Priere du jour du mardi 27 fevrier Prieres\"},{\"@type\":\"BreadcrumbList\",\"@id\":\"https:\\\/\\\/editionsbussiere.com\\\/blog\\\/priere-du-jour-du-samedi-10-aout-prieres-et-prier-la-vierge\\\/#breadcrumb\",\"itemListElement\":[{\"@type\":\"ListItem\",\"position\":1,\"name\":\"Accueil\",\"item\":\"https:\\\/\\\/editionsbussiere.com\\\/blog\\\/\"},{\"@type\":\"ListItem\",\"position\":2,\"name\":\"Pri\u00e8re du jour du samedi 10 ao\u00fbt \u2013 Pri\u00e8res et prier la Vierge .\"}]},{\"@type\":\"WebSite\",\"@id\":\"https:\\\/\\\/editionsbussiere.com\\\/blog\\\/#website\",\"url\":\"https:\\\/\\\/editionsbussiere.com\\\/blog\\\/\",\"name\":\"EDITIONSBUSSIERE\",\"description\":\"Editions \u00e9sot\u00e9rique fond\u00e9e en 1927; site historique, A SAVOIR ET RETENIR.\",\"publisher\":{\"@id\":\"https:\\\/\\\/editionsbussiere.com\\\/blog\\\/#organization\"},\"potentialAction\":[{\"@type\":\"SearchAction\",\"target\":{\"@type\":\"EntryPoint\",\"urlTemplate\":\"https:\\\/\\\/editionsbussiere.com\\\/blog\\\/?s={search_term_string}\"},\"query-input\":{\"@type\":\"PropertyValueSpecification\",\"valueRequired\":true,\"valueName\":\"search_term_string\"}}],\"inLanguage\":\"fr-FR\"},{\"@type\":\"Organization\",\"@id\":\"https:\\\/\\\/editionsbussiere.com\\\/blog\\\/#organization\",\"name\":\"editionsbussiere\",\"url\":\"https:\\\/\\\/editionsbussiere.com\\\/blog\\\/\",\"logo\":{\"@type\":\"ImageObject\",\"inLanguage\":\"fr-FR\",\"@id\":\"https:\\\/\\\/editionsbussiere.com\\\/blog\\\/#\\\/schema\\\/logo\\\/image\\\/\",\"url\":\"https:\\\/\\\/editionsbussiere.com\\\/blog\\\/wp-content\\\/uploads\\\/2023\\\/09\\\/cropped-buss.gif\",\"contentUrl\":\"https:\\\/\\\/editionsbussiere.com\\\/blog\\\/wp-content\\\/uploads\\\/2023\\\/09\\\/cropped-buss.gif\",\"width\":298,\"height\":120,\"caption\":\"editionsbussiere\"},\"image\":{\"@id\":\"https:\\\/\\\/editionsbussiere.com\\\/blog\\\/#\\\/schema\\\/logo\\\/image\\\/\"}},{\"@type\":\"Person\",\"@id\":\"https:\\\/\\\/editionsbussiere.com\\\/blog\\\/#\\\/schema\\\/person\\\/ec90e102792148c97e46ab871010dd8f\",\"name\":\"Marie BATICLE\",\"image\":{\"@type\":\"ImageObject\",\"inLanguage\":\"fr-FR\",\"@id\":\"https:\\\/\\\/secure.gravatar.com\\\/avatar\\\/c923e52403b1b8137e2d929127211d21967e6aecaa053bd43b09da29f212e76e?s=96&d=mm&r=g\",\"url\":\"https:\\\/\\\/secure.gravatar.com\\\/avatar\\\/c923e52403b1b8137e2d929127211d21967e6aecaa053bd43b09da29f212e76e?s=96&d=mm&r=g\",\"contentUrl\":\"https:\\\/\\\/secure.gravatar.com\\\/avatar\\\/c923e52403b1b8137e2d929127211d21967e6aecaa053bd43b09da29f212e76e?s=96&d=mm&r=g\",\"caption\":\"Marie BATICLE\"},\"url\":\"https:\\\/\\\/editionsbussiere.com\\\/blog\\\/author\\\/eremarie\\\/\"}]}<\/script>\n<!-- \/ Yoast SEO plugin. -->","yoast_head_json":{"title":"Pri\u00e8re du jour du samedi 10 ao\u00fbt \u2013 Pri\u00e8res et prier la Vierge . - EDITIONSBUSSIERE","robots":{"index":"index","follow":"follow","max-snippet":"max-snippet:-1","max-image-preview":"max-image-preview:large","max-video-preview":"max-video-preview:-1"},"canonical":"https:\/\/editionsbussiere.com\/blog\/priere-du-jour-du-samedi-10-aout-prieres-et-prier-la-vierge\/","og_locale":"fr_FR","og_type":"article","og_title":"Pri\u00e8re du jour du samedi 10 ao\u00fbt \u2013 Pri\u00e8res et prier la Vierge . - EDITIONSBUSSIERE","og_description":"Nous vous le demandons humblement : ne faites pas d\u00e9filer la page. Bonjour chers lecteurs, il semble que vous utilisiez beaucoup Catholic Online ; c\u2019est g\u00e9nial ! C\u2019est un peu g\u00eanant de demander, mais nous avons besoin de votre aide. Si vous avez d\u00e9j\u00e0 fait un don, nous vous en remercions sinc\u00e8rement. Nous ne sommes [&hellip;]","og_url":"https:\/\/editionsbussiere.com\/blog\/priere-du-jour-du-samedi-10-aout-prieres-et-prier-la-vierge\/","og_site_name":"EDITIONSBUSSIERE","article_published_time":"2024-08-09T16:06:34+00:00","og_image":[{"url":"https:\/\/editionsbussiere.com\/blog\/wp-content\/uploads\/2024\/08\/Priere-du-jour-du-mardi-27-fevrier-Prieres.jpg","type":"","width":"","height":""}],"author":"Marie BATICLE","twitter_card":"summary_large_image","twitter_misc":{"\u00c9crit par":"Marie BATICLE","Dur\u00e9e de lecture estim\u00e9e":"12 minutes"},"schema":{"@context":"https:\/\/schema.org","@graph":[{"@type":"Article","@id":"https:\/\/editionsbussiere.com\/blog\/priere-du-jour-du-samedi-10-aout-prieres-et-prier-la-vierge\/#article","isPartOf":{"@id":"https:\/\/editionsbussiere.com\/blog\/priere-du-jour-du-samedi-10-aout-prieres-et-prier-la-vierge\/"},"author":{"name":"Marie BATICLE","@id":"https:\/\/editionsbussiere.com\/blog\/#\/schema\/person\/ec90e102792148c97e46ab871010dd8f"},"headline":"Pri\u00e8re du jour du samedi 10 ao\u00fbt \u2013 Pri\u00e8res et prier la Vierge .","datePublished":"2024-08-09T16:06:34+00:00","mainEntityOfPage":{"@id":"https:\/\/editionsbussiere.com\/blog\/priere-du-jour-du-samedi-10-aout-prieres-et-prier-la-vierge\/"},"wordCount":2366,"publisher":{"@id":"https:\/\/editionsbussiere.com\/blog\/#organization"},"image":{"@id":"https:\/\/editionsbussiere.com\/blog\/priere-du-jour-du-samedi-10-aout-prieres-et-prier-la-vierge\/#primaryimage"},"thumbnailUrl":"https:\/\/editionsbussiere.com\/blog\/wp-content\/uploads\/2024\/08\/Priere-du-jour-du-mardi-27-fevrier-Prieres.jpg","articleSection":["Editions \u00c9sot\u00e9rique Fond\u00e9e En 1927; D\u00e9p\u00e8ches:"],"inLanguage":"fr-FR"},{"@type":"WebPage","@id":"https:\/\/editionsbussiere.com\/blog\/priere-du-jour-du-samedi-10-aout-prieres-et-prier-la-vierge\/","url":"https:\/\/editionsbussiere.com\/blog\/priere-du-jour-du-samedi-10-aout-prieres-et-prier-la-vierge\/","name":"Pri\u00e8re du jour du samedi 10 ao\u00fbt \u2013 Pri\u00e8res et prier la Vierge . - EDITIONSBUSSIERE","isPartOf":{"@id":"https:\/\/editionsbussiere.com\/blog\/#website"},"primaryImageOfPage":{"@id":"https:\/\/editionsbussiere.com\/blog\/priere-du-jour-du-samedi-10-aout-prieres-et-prier-la-vierge\/#primaryimage"},"image":{"@id":"https:\/\/editionsbussiere.com\/blog\/priere-du-jour-du-samedi-10-aout-prieres-et-prier-la-vierge\/#primaryimage"},"thumbnailUrl":"https:\/\/editionsbussiere.com\/blog\/wp-content\/uploads\/2024\/08\/Priere-du-jour-du-mardi-27-fevrier-Prieres.jpg","datePublished":"2024-08-09T16:06:34+00:00","breadcrumb":{"@id":"https:\/\/editionsbussiere.com\/blog\/priere-du-jour-du-samedi-10-aout-prieres-et-prier-la-vierge\/#breadcrumb"},"inLanguage":"fr-FR","potentialAction":[{"@type":"ReadAction","target":["https:\/\/editionsbussiere.com\/blog\/priere-du-jour-du-samedi-10-aout-prieres-et-prier-la-vierge\/"]}]},{"@type":"ImageObject","inLanguage":"fr-FR","@id":"https:\/\/editionsbussiere.com\/blog\/priere-du-jour-du-samedi-10-aout-prieres-et-prier-la-vierge\/#primaryimage","url":"https:\/\/editionsbussiere.com\/blog\/wp-content\/uploads\/2024\/08\/Priere-du-jour-du-mardi-27-fevrier-Prieres.jpg","contentUrl":"https:\/\/editionsbussiere.com\/blog\/wp-content\/uploads\/2024\/08\/Priere-du-jour-du-mardi-27-fevrier-Prieres.jpg","width":960,"height":270,"caption":"Priere du jour du mardi 27 fevrier Prieres"},{"@type":"BreadcrumbList","@id":"https:\/\/editionsbussiere.com\/blog\/priere-du-jour-du-samedi-10-aout-prieres-et-prier-la-vierge\/#breadcrumb","itemListElement":[{"@type":"ListItem","position":1,"name":"Accueil","item":"https:\/\/editionsbussiere.com\/blog\/"},{"@type":"ListItem","position":2,"name":"Pri\u00e8re du jour du samedi 10 ao\u00fbt \u2013 Pri\u00e8res et prier la Vierge ."}]},{"@type":"WebSite","@id":"https:\/\/editionsbussiere.com\/blog\/#website","url":"https:\/\/editionsbussiere.com\/blog\/","name":"EDITIONSBUSSIERE","description":"Editions \u00e9sot\u00e9rique fond\u00e9e en 1927; site historique, A SAVOIR ET RETENIR.","publisher":{"@id":"https:\/\/editionsbussiere.com\/blog\/#organization"},"potentialAction":[{"@type":"SearchAction","target":{"@type":"EntryPoint","urlTemplate":"https:\/\/editionsbussiere.com\/blog\/?s={search_term_string}"},"query-input":{"@type":"PropertyValueSpecification","valueRequired":true,"valueName":"search_term_string"}}],"inLanguage":"fr-FR"},{"@type":"Organization","@id":"https:\/\/editionsbussiere.com\/blog\/#organization","name":"editionsbussiere","url":"https:\/\/editionsbussiere.com\/blog\/","logo":{"@type":"ImageObject","inLanguage":"fr-FR","@id":"https:\/\/editionsbussiere.com\/blog\/#\/schema\/logo\/image\/","url":"https:\/\/editionsbussiere.com\/blog\/wp-content\/uploads\/2023\/09\/cropped-buss.gif","contentUrl":"https:\/\/editionsbussiere.com\/blog\/wp-content\/uploads\/2023\/09\/cropped-buss.gif","width":298,"height":120,"caption":"editionsbussiere"},"image":{"@id":"https:\/\/editionsbussiere.com\/blog\/#\/schema\/logo\/image\/"}},{"@type":"Person","@id":"https:\/\/editionsbussiere.com\/blog\/#\/schema\/person\/ec90e102792148c97e46ab871010dd8f","name":"Marie BATICLE","image":{"@type":"ImageObject","inLanguage":"fr-FR","@id":"https:\/\/secure.gravatar.com\/avatar\/c923e52403b1b8137e2d929127211d21967e6aecaa053bd43b09da29f212e76e?s=96&d=mm&r=g","url":"https:\/\/secure.gravatar.com\/avatar\/c923e52403b1b8137e2d929127211d21967e6aecaa053bd43b09da29f212e76e?s=96&d=mm&r=g","contentUrl":"https:\/\/secure.gravatar.com\/avatar\/c923e52403b1b8137e2d929127211d21967e6aecaa053bd43b09da29f212e76e?s=96&d=mm&r=g","caption":"Marie BATICLE"},"url":"https:\/\/editionsbussiere.com\/blog\/author\/eremarie\/"}]}},"_links":{"self":[{"href":"https:\/\/editionsbussiere.com\/blog\/wp-json\/wp\/v2\/posts\/1126","targetHints":{"allow":["GET"]}}],"collection":[{"href":"https:\/\/editionsbussiere.com\/blog\/wp-json\/wp\/v2\/posts"}],"about":[{"href":"https:\/\/editionsbussiere.com\/blog\/wp-json\/wp\/v2\/types\/post"}],"author":[{"embeddable":true,"href":"https:\/\/editionsbussiere.com\/blog\/wp-json\/wp\/v2\/users\/3"}],"replies":[{"embeddable":true,"href":"https:\/\/editionsbussiere.com\/blog\/wp-json\/wp\/v2\/comments?post=1126"}],"version-history":[{"count":0,"href":"https:\/\/editionsbussiere.com\/blog\/wp-json\/wp\/v2\/posts\/1126\/revisions"}],"wp:featuredmedia":[{"embeddable":true,"href":"https:\/\/editionsbussiere.com\/blog\/wp-json\/wp\/v2\/media\/1127"}],"wp:attachment":[{"href":"https:\/\/editionsbussiere.com\/blog\/wp-json\/wp\/v2\/media?parent=1126"}],"wp:term":[{"taxonomy":"category","embeddable":true,"href":"https:\/\/editionsbussiere.com\/blog\/wp-json\/wp\/v2\/categories?post=1126"},{"taxonomy":"post_tag","embeddable":true,"href":"https:\/\/editionsbussiere.com\/blog\/wp-json\/wp\/v2\/tags?post=1126"}],"curies":[{"name":"wp","href":"https:\/\/api.w.org\/{rel}","templated":true}]}}