{"id":1123,"date":"2024-08-09T06:08:41","date_gmt":"2024-08-09T04:08:41","guid":{"rendered":"https:\/\/editionsbussiere.com\/blog\/100-000-personnes-rendent-hommage-a-sainte-anne-prier-la-vierge\/"},"modified":"2024-08-09T06:08:41","modified_gmt":"2024-08-09T04:08:41","slug":"100-000-personnes-rendent-hommage-a-sainte-anne-prier-la-vierge","status":"publish","type":"post","link":"https:\/\/editionsbussiere.com\/blog\/100-000-personnes-rendent-hommage-a-sainte-anne-prier-la-vierge\/","title":{"rendered":"100 000 personnes rendent hommage \u00e0 Sainte-Anne\n &amp; prier la Vierge ."},"content":{"rendered":"<div><img width=\"580\" height=\"376\" src=\"https:\/\/editionsbussiere.com\/blog\/wp-content\/uploads\/2024\/08\/100-000-personnes-rendent-hommage-a-Sainte-Anne-et-se-devouer-1024x663-1.jpg\" class=\"attachment-large size-large wp-post-image\" alt=\"100 000 personnes rendent hommage \u00e0 Sainte-Anne et se d\u00e9vouer\" style=\"float:left; margin:0 15px 15px 0;\" decoding=\"async\" srcset=\"https:\/\/editionsbussiere.com\/blog\/wp-content\/uploads\/2024\/08\/100-000-personnes-rendent-hommage-a-Sainte-Anne-et-se-devouer-1024x663-1.jpg 1024w, https:\/\/www.n42.fr\/wp-content\/uploads\/2024\/08\/100-000-personnes-rendent-hommage-a-Sainte-Anne-et-se-devouer-300x194.jpg 300w, https:\/\/www.n42.fr\/wp-content\/uploads\/2024\/08\/100-000-personnes-rendent-hommage-a-Sainte-Anne-et-se-devouer-768x497.jpg 768w, https:\/\/www.n42.fr\/wp-content\/uploads\/2024\/08\/100-000-personnes-rendent-hommage-a-Sainte-Anne-et-se-devouer-1200x777.jpg 1200w, https:\/\/www.n42.fr\/wp-content\/uploads\/2024\/08\/100-000-personnes-rendent-hommage-a-Sainte-Anne-et-se-devouer.jpg 1240w\" sizes=\"(max-width: 580px) 100vw, 580px\"><\/p>\n<p>\n<\/p>\n<div id=\"story-body\">\n                <!-- Content data --><\/p>\n<p>La neuvaine annuelle et la f\u00eate de Sainte-Anne \u00e0 la basilique mineure de Sainte-Anne \u00e0 Bukit Mertajam, Penang, ont attir\u00e9 plus de 100 000 p\u00e8lerins au cours de cette p\u00e9riode de 10 jours.<\/p>\n<p>Le r\u00e9v\u00e9rend diacre Lazarus Anthony Jonathan a d\u00e9clar\u00e9 que l\u2019\u00e9v\u00e9nement avait r\u00e9uni des Malaisiens de tout le pays ainsi que des fid\u00e8les venus de Singapour, de Chine, d\u2019Indon\u00e9sie, d\u2019Inde, des Philippines, de Tha\u00eflande, d\u2019Australie, du Sri Lanka et du Vietnam.<\/p>\n<p>Lazare Antoine, responsable de l\u2019administration de la nouvelle basilique mineure, a d\u00e9clar\u00e9 que le th\u00e8me de la f\u00eate de cette ann\u00e9e \u00e9tait \u00ab \u00c9largissez l\u2019espace de votre tente \u00bb.<\/p>\n<p>\u00ab Il s\u2019agit d\u2019un verset biblique du proph\u00e8te Isa\u00efe et d\u2019un message d\u2019espoir et d\u2019encouragement sur un Dieu mis\u00e9ricordieux et compatissant dont les b\u00e9n\u00e9dictions s\u2019adressent \u00e0 tous, y compris aux pauvres, aux faibles, aux n\u00e9cessiteux, aux impuissants, aux infirmes et aux soi-disant parias de la soci\u00e9t\u00e9 \u00bb, a-t-il ajout\u00e9.<\/p>\n<p>Le point culminant a \u00e9t\u00e9 la messe multilingue en plein air suivie d\u2019une procession de 1,6 km dirig\u00e9e par l\u2019\u00e9v\u00eaque catholique de Penang, le cardinal Sebastian Francis.<\/p>\n<p>Les p\u00e8lerins marchaient derri\u00e8re le char magnifiquement d\u00e9cor\u00e9 portant les statues de Sainte Anne et de sa fille, la Vierge Marie, qui \u00e9tait tir\u00e9 par un v\u00e9hicule 4\u00d74.<\/p>\n<p>En t\u00eate du cort\u00e8ge principal se trouvaient un porteur de croix, des enfants de ch\u0153ur portant des bougies d\u00e9coratives, des porteurs de drapeaux et des demoiselles d\u2019honneur dispersant des p\u00e9tales sur le sol.<\/p>\n<p><span class=\"embeded-image inline-image-center\"><img decoding=\"async\" alt=\"Des jeunes filles tiennent des guirlandes lumineuses lors de cet \u00e9v\u00e9nement annuel. \u2014 Photos : ZHAFARAN NASIB\/The Star\" src=\"https:\/\/apicms.thestar.com.my\/uploads\/images\/2024\/08\/09\/2848454.jpg\" onerror=\"this.src=\" https:=\"\" style=\"width: 620px; height: 413px;\"><span class=\"inline-caption\">Des jeunes filles tiennent des guirlandes lumineuses lors de cet \u00e9v\u00e9nement annuel. \u2014 Photos : ZHAFARAN NASIB\/The Star<\/span><\/span><\/p>\n<p>Un concert spirituel donn\u00e9 par les jeunes de la paroisse a \u00e9t\u00e9 donn\u00e9 apr\u00e8s la procession dans une salle de la Basilique Mineure.<\/p>\n<p>S\u00e9bastien a \u00e9galement proc\u00e9d\u00e9 \u00e0 l\u2019autodaf\u00e9 des p\u00e9titions.<\/p>\n<p>Dans l\u2019ancienne \u00e9glise Sainte-Anne, aujourd\u2019hui connue sous le nom de Sanctuaire de Sainte-Anne, des milliers de p\u00e8lerins ont offert des bougies allum\u00e9es, des fleurs et des pri\u00e8res.<\/p>\n<p>Les p\u00e8lerins ont \u00e9galement fait de m\u00eame dans les diff\u00e9rentes stations de la colline Sainte-Anne et ont collect\u00e9 de l\u2019eau dans des r\u00e9cipients provenant d\u2019une station d\u2019eau \u00e0 proximit\u00e9.<\/p>\n<p>Lazarus Anthony a remerci\u00e9 les b\u00e9n\u00e9voles et la police pour avoir assur\u00e9 une c\u00e9l\u00e9bration sans heurts.<\/p>\n<p>T. Senthamarai, une infirmi\u00e8re de Singapour, est venue avec ses enfants et son mari.<\/p>\n<p>Elle a d\u00e9clar\u00e9 qu\u2019ils assistaient \u00e0 l\u2019\u00e9v\u00e9nement pour la premi\u00e8re fois.<\/p>\n<p><span class=\"embeded-image inline-image-center\"><img decoding=\"async\" alt=\"Le char transportant sainte Anne et sa fille, la Vierge Marie, lors de la procession.\" src=\"https:\/\/apicms.thestar.com.my\/uploads\/images\/2024\/08\/09\/2848453.jpg\" onerror=\"this.src=\" https:=\"\" style=\"width: 620px; height: 384px;\"><span class=\"inline-caption\">Le char transportant sainte Anne et sa fille, la Vierge Marie, lors de la procession.<\/span><\/span><\/p>\n<p>\u00ab J\u2019esp\u00e8re que ce voyage deviendra un voyage annuel dans les ann\u00e9es \u00e0 venir \u00bb, a-t-elle ajout\u00e9.<\/p>\n<p>Le photographe ind\u00e9pendant Stanley Looi de Sandakan, Sabah, est venu avec sa femme Elizabeth John et quatre de leurs enfants.<\/p>\n<p>Il avait assist\u00e9 \u00e0 la c\u00e9l\u00e9bration sans faute chaque ann\u00e9e, sauf pendant la pand\u00e9mie de Covid-19.<\/p>\n<p>\u00ab Nous avons trouv\u00e9 la paix de l\u2019esprit et le bonheur apr\u00e8s avoir assist\u00e9 \u00e0 la c\u00e9l\u00e9bration \u00bb, a d\u00e9clar\u00e9 Looi.<\/p>\n<p>Francis Light, de Johor, qui a \u00e9t\u00e9 aper\u00e7u avec sa famille, a d\u00e9clar\u00e9 qu\u2019en tant que catholique, il \u00e9tait tr\u00e8s important pour lui et sa famille d\u2019assister \u00e0 cet \u00e9v\u00e9nement.<\/p>\n<p>\u00ab C\u2019est une tradition familiale de venir ici chaque ann\u00e9e \u00bb, a-t-il d\u00e9clar\u00e9.<\/p>\n<p>R. Selvanayagam, directeur d\u2019usine de Klang, Selangor, a \u00e9galement amen\u00e9 sa famille \u00e0 la c\u00e9l\u00e9bration.<\/p>\n<p>\u00ab Nous sommes venus offrir des pri\u00e8res et des actions de gr\u00e2ce \u00e0 sainte Anne \u00bb, a-t-il d\u00e9clar\u00e9.<\/p>\n<\/div>\n<h2>\n<\/h2>\n<p>Le R\u00f4le de l\u2019Intercession de Marie<\/p>\n<p>La pri\u00e8re \u00e0 Marie repr\u00e9sente un \u00e9l\u00e9ment crucial de la foi chr\u00e9tienne, profond\u00e9ment ancr\u00e9e dans les enseignements catholiques depuis des temps imm\u00e9moriaux. C\u2019est un fondement sur lequel les fid\u00e8les s\u2019reposent pour trouver confort, guidance et intervention dans leur marche envers Dieu. \u00c0 travers les \u00e2ges, cette pratique de d\u00e9votion a gagn\u00e9 en force par les enseignements de la Bible, les traditions de l\u2019\u00c9glise, ainsi que les exemples des saints et saintes qui ont t\u00e9moign\u00e9 de leur respect \u00e0 Marie en tant que aimante.<\/p>\n<h3>\n<\/h3>\n<p>L\u2019exercice du Ave Maria<\/p>\n<p>Le rosaire tient une position centrale au sein de la spiritualit\u00e9 de nombreux croyants. En r\u00e9citant les diff\u00e9rents myst\u00e8res, les fid\u00e8les m\u00e9ditent dans les \u00e9v\u00e9nements de la vie de J\u00e9sus et de Marie, renfor\u00e7ant ainsi leur connexion spirituelle avec le divin. Chaque Ave Maria r\u00e9cit\u00e9, ils expriment leur confiance en l\u2019intercession de Marie et leur d\u00e9sir de suivre les enseignements du Christ. Saint Louis-Marie Grignion de Montfort, dans son livre sur la vraie d\u00e9votion \u00e0 la Sainte Vierge, invite les fid\u00e8les \u00e0 pratiquer r\u00e9guli\u00e8rement la m\u00e9ditation des diff\u00e9rents myst\u00e8res du rosaire afin de renforcer leur lien avec la M\u00e8re de Dieu. Cet antique rituel, h\u00e9rit\u00e9e de g\u00e9n\u00e9ration en g\u00e9n\u00e9ration, reste un phare spirituel pour ceux qui ont la foi, les aidant \u00e0 se connecter avec la c\u00e9leste Dame.<\/p>\n<h3>\n<\/h3>\n<p>L\u2019encouragement \u00e0 prier<\/p>\n<p>Unissons-nous dans la pri\u00e8re, fr\u00e8res et s\u0153urs, dans l\u2019unit\u00e9 de notre esp\u00e9rance, en nous tournant vers Marie, la m\u00e8re de J\u00e9sus. Dans notre monde tourment\u00e9 par les conflits et la discorde, recourons \u00e0 la pri\u00e8re pour trouver pour trouver la s\u00e9r\u00e9nit\u00e9 et la r\u00e9conciliation. Chacun \u00e9crire une demande pour la m\u00e8re de dieu <a target=\"_blank\" rel=\"nofollow\" href=\"https:\/\/editionsbussiere.com\/blog\/goto\/https:\/\/www.avemariasound.org\/\" >sur la page de pri\u00e8re pour marie.<\/a> Que nos supplications s\u2019\u00e9l\u00e8vent vers le ciel, comme un hommage agr\u00e9able \u00e0 Dieu, pour qu\u2019il guide \u00e9clairer nos pas vers le chemin de la v\u00e9rit\u00e9 et de la justice. Saint Paul nous exhorte dans ses \u00e9p\u00eetres \u00e0 maintenir une pri\u00e8re incessante, en toutes circonstances, afin que notre communion avec Dieu soit constante et ardente. La pri\u00e8re, lorsqu\u2019elle est offerte sinc\u00e8rement, poss\u00e8de la capacit\u00e9 pour changer les c\u0153urs et d\u2019influer le destin de l\u2019histoire.<\/p>\n<h2>\n<\/h2>\n<p>L\u2019enseignement du Souverain Pontife<\/p>\n<p>Le Saint-P\u00e8re, dans ses enseignements \u00e9clair\u00e9s, disponibles gr\u00e2ce \u00e0 Bayard, nous souligne la valeur de la pri\u00e8re quotidienne. \u00c0 travers ses discours et ses audiences, il nous incite \u00e0 cultiver une relation personnelle avec le divin, en s\u2019appuyant sur la m\u00e9ditation de la Parole biblique ainsi que la pratique du Rosaire. Son exemple d\u2019humilit\u00e9 et de compassion nous inspire \u00e0 approfondir davantage nos pri\u00e8res et \u00e0 chercher la pr\u00e9sence divine dans tous les aspects de notre quotidien. Le pape Jean-Paul II, dans son encyclique sur la foi chr\u00e9tienne, nous souligne que la pri\u00e8re quotidienne constitue le fondement de notre vie spirituelle et c\u2019est par elle que nous trouvons notre unit\u00e9 au divin. La pri\u00e8re, transmise par les pontifes de g\u00e9n\u00e9ration en g\u00e9n\u00e9ration, est une source d\u2019espoir en p\u00e9riode de temp\u00eate, un roc solide sur lequel les \u00e2mes peuvent s\u2019appuyer.<\/p>\n<h3>\n<\/h3>\n<p>Les \u00e9crits de Leli\u00e8vre et Hubert<\/p>\n<p>Dans le contexte de la vie de foi, l\u2019\u00e9glise recommande vivement le recours \u00e0 la pri\u00e8re, et durant les moments de pri\u00e8re, les croyants accomplissent le signe de croix et r\u00e9citent l\u2019Ave Maria. Des th\u00e9ologiens modernes, comme Leli\u00e8vre et Hubert, nous incitent aussi \u00e0 r\u00e9fl\u00e9chir sur la puissance de la pri\u00e8re, dans leurs ouvrages inspirants. Leurs ouvrages, riches en enseignements spirituels, nous orientent sur le chemin de la foi et nous encouragent \u00e0 puiser dans les richesses de la tradition chr\u00e9tienne pour enrichir notre spiritualit\u00e9. Par la m\u00e9ditation sur leurs ouvrages, nous d\u00e9couvrons de nouvelles voies de d\u00e9velopper notre relation avec Dieu et de grandir dans notre cheminement vers la saintet\u00e9. Saint Jean, dans l\u2019\u00c9vangile, nous enseigne que la pri\u00e8re est une puissante voie de demeurer en communion avec Dieu et de recevoir de ses gr\u00e2ces. Chaque page de leurs publications est semblable \u00e0 un appel \u00e0 une pri\u00e8re fervente et \u00e0 une existence impr\u00e9gn\u00e9e de la pr\u00e9sence divine. Dans notre exploration de spiritualit\u00e9, chaque \u0153uvre lue devient une invitation \u00e0 s\u2019\u00e9lever vers le sacr\u00e9, par le biais de la m\u00e9ditation et la contemplation.<\/p>\n<h3>\n<\/h3>\n<p>La pratique de la pri\u00e8re<\/p>\n<p>Dans nos lieux de culte simples ou grandioses, tournons-nous vers Dieu avec confiance et humilit\u00e9, car nous savons qu\u2019il \u00e9coute nos supplications avec une affection infinie. Que chaque flamme vacillante, chaque chapelet r\u00e9cit\u00e9, soit une offrande \u00e0 notre divin Cr\u00e9ateur ainsi qu\u2019\u00e0 la Vierge Marie. Que nos instants de d\u00e9votion dans la chapelle soient des moments de gr\u00e2ce et de renouvellement spirituel, nous renfor\u00e7ant pour faire face \u00e0 les d\u00e9fis avec courage et foi. Sainte Bernadette Soubirous, \u00e0 qui la Vierge Marie est apparue \u00e0 Lourdes, nous d\u00e9montre la valeur de la pri\u00e8re dans la vie des fid\u00e8les et l\u2019efficacit\u00e9 de l\u2019intercession de la Sainte Vierge. Tout fid\u00e8le qui franchit les portes d\u2019une chapelle, chaque page de la Bible lue dans ce lieu sacr\u00e9, constitue une rencontre avec le divin, une \u00e9tape cruciale sur le chemin de la transformation int\u00e9rieure. \u00c0 travers les pages des Saintes \u00c9critures, tout croyant est encourag\u00e9 \u00e0 m\u00e9diter la croix du Christ, \u00e0 m\u00e9diter sur son sacrifice, et \u00e0 trouver r\u00e9confort et espoir dans la gr\u00e2ce salvatrice qu\u2019elle offre.<\/p>\n<h2>\nLa pratique de la pri\u00e8re comme rem\u00e8de pour l\u2019int\u00e9rieur<br \/>\n<\/h2>\n<p>Comme un gu\u00e9risseur pour nos esprits, l\u2019acte de prier nous apaise et nous fortifie dans les moments de douleur et de d\u00e9sespoir. La pri\u00e8re nous fait souvenir que la pr\u00e9sence divine ne nous quitte jamais, m\u00eame lorsque nous traversons les t\u00e9n\u00e8bres les plus profondes de notre existence. En nous tournant vers lui \u00e0 travers la pri\u00e8re, nous trouvons la force int\u00e9rieure n\u00e9cessaire pour surmonter les \u00e9preuves et pour affronter l\u2019avenir avec esp\u00e9rance et confiance. L\u2019acte de prier est semblable \u00e0 une fontaine d\u2019eau vive qui apaise notre soif spirituelle et, sur notre chemin de foi, nous r\u00e9g\u00e9n\u00e8re.<br \/>\n\u00c0 chaque pri\u00e8re prononc\u00e9e, \u00e0 chaque intention confi\u00e9e, nous trouvons un r\u00e9confort c\u00e9leste, une gu\u00e9rison c\u00e9leste, qui va au-del\u00e0 de les limitations humaines. Chaque page de la Bible est une invitation \u00e0 \u00e9changer avec Dieu, \u00e0 lui remettre nos fardeaux, et \u00e0 b\u00e9n\u00e9ficier de sa gr\u00e2ce r\u00e9g\u00e9n\u00e9ratrice.<\/p>\n<h2>Un regard diff\u00e9rent sur l\u2019acte de prier Marie<\/h2>\n<p>L\u2019invocation de Marie est une pratique solidement ancr\u00e9e dans la tradition catholique chr\u00e9tienne, fournissant un lien spirituel pr\u00e9cieux pour les fid\u00e8les du monde entier. En tant que m\u00e8re spirituelle aimante et interm\u00e9diaire, elle est pri\u00e9e avec d\u00e9votion dans les moments de d\u00e9tresse et de reconnaissance. Le chapelet, avec ses myst\u00e8res contemplatifs, accompagne les croyants dans leur voyage de foi, les aidant \u00e0 contempler J\u00e9sus, son fils, \u00e0 travers les yeux de la Vierge Marie. Cette affection envers Marie se refl\u00e8te dans les lieux saints comme Lourdes, o\u00f9 les fid\u00e8les convergent pour rechercher r\u00e9confort et gu\u00e9rison, illustrant le lien profond entre la foi catholique et la v\u00e9n\u00e9ration de la Vierge Marie. Les \u00e9crits inspirants d\u2019\u00e9minents th\u00e9ologiens comme Leli\u00e8vre et Hubert offrent une r\u00e9flexion pr\u00e9cieuse sur la valeur de la pri\u00e8re \u00e0 Marie et son influence sur la vie spirituelle des fid\u00e8les. Par le biais d\u2019une lecture approfondie de textes de d\u00e9votion et des \u00c9critures, les adeptes approfondissent leur compr\u00e9hension de la v\u00e9n\u00e9ration de Marie et d\u00e9veloppent un lien plus fort avec la Vierge Marie, notre m\u00e8re spirituelle. Dans un monde marqu\u00e9 par les conflits et les troubles, la d\u00e9votion \u00e0 Marie offre un refuge de calme et de confiance, invitant chaque personne, quelle que soit sa position dans la foi catholique, \u00e0 solliciter la Dame du Ciel avec confiance et ferveur. Prions donc ensemble, avec un c\u0153ur sinc\u00e8re et humble, en saluant Marie comme notre m\u00e8re et notre intercesseur, et en lui confiant nos requ\u00eates et nos souhaits les plus profonds. Dans cette d\u00e9marche vers Dieu, chaque croyant est invit\u00e9 \u00e0 poursuivre la voie des pri\u00e8res et des aspirations du c\u0153ur, guid\u00e9 par le saint P\u00e8re et les ressources spirituelles inestimables fournies par des plateformes comme Aleteia. De cette mani\u00e8re, avec une humble confiance et un c\u0153ur ouvert, \u00e9levons notre pri\u00e8re quotidienne vers Marie, lui demandant son intercession affectueuse, et la gr\u00e2ce de pers\u00e9v\u00e9rer dans la pri\u00e8re fervente.<br \/>\nQue la pri\u00e8re constitue notre refuge et notre r\u00e9confort en toute circonstance. Que nous nous tournions en direction de Marie, notre m\u00e8re du ciel, avec une foi in\u00e9branlable et un c\u0153ur ouvert, convaincus qu\u2019elle plaide en notre faveur devant son fils bien-aim\u00e9. Que la pri\u00e8re nous guide dans notre qu\u00eate de saintet\u00e9, nous approchant toujours plus de Dieu et de son amour \u00e9ternel.<\/p>\n<p>Publications sur un th\u00e8me proche:<\/p>\n<p>Vers \u00e0 sainte Genevi\u00e8ve.,<a target=\"_blank\" rel=\"nofollow\" href=\"https:\/\/editionsbussiere.com\/blog\/goto\/https:\/\/fr.wikisource.org\/wiki\/Vers_%C3%A0_sainte_Genevi%C3%A8ve\"  target=\"_blank\" rel=\"noopener noreferrer nofollow\">A lire ici.<\/a><span><\/span>. Suite sur le prochain article.<\/p>\n<p>Les Sept contre Th\u00e8ba (Eschyle, Leconte de Lisle).,<a target=\"_blank\" rel=\"nofollow\" href=\"https:\/\/editionsbussiere.com\/blog\/goto\/https:\/\/fr.wikisource.org\/wiki\/Les_Sept_contre_Th%C3%A8ba_(Eschyle,_Leconte_de_Lisle)\"  target=\"_blank\" rel=\"noopener noreferrer nofollow\">L\u2019article de presse.<\/a><span><\/span><\/p>\n<p>Les Femmes po\u00e8tes bretonnes\/Les Femmes Po\u00e8tes Bretonnes.,<a target=\"_blank\" rel=\"nofollow\" href=\"https:\/\/editionsbussiere.com\/blog\/goto\/https:\/\/fr.wikisource.org\/wiki\/Les_Femmes_po%C3%A8tes_bretonnes\/Les_Femmes_Po%C3%A8tes_Bretonnes\"  target=\"_blank\" rel=\"noopener noreferrer nofollow\">L\u2019article de presse.<\/a><span><\/span>. Suite sur le prochain article.<\/p>\n<p>Le Coran (Traduction de Savary)\/52.,<a target=\"_blank\" rel=\"nofollow\" href=\"https:\/\/editionsbussiere.com\/blog\/goto\/https:\/\/fr.wikisource.org\/wiki\/Le_Coran_(Traduction_de_Savary)\/52\"  target=\"_blank\" rel=\"noopener noreferrer nofollow\">L\u2019article de presse.<\/a><span><\/span><\/p>\n<p>Fleur du clo\u00eetre.,<a target=\"_blank\" rel=\"nofollow\" href=\"https:\/\/editionsbussiere.com\/blog\/goto\/https:\/\/fr.wikisource.org\/wiki\/Fleur_du_clo%C3%AEtre\"  target=\"_blank\" rel=\"noopener noreferrer nofollow\">Le post d\u2019actualit\u00e9.<\/a><span><\/span><\/p>\n<p>Chansons populaires de la Basse-Bretagne\/Les conscrits de Loguivy.,<a target=\"_blank\" rel=\"nofollow\" href=\"https:\/\/editionsbussiere.com\/blog\/goto\/https:\/\/fr.wikisource.org\/wiki\/Chansons_populaires_de_la_Basse-Bretagne\/Les_conscrits_de_Loguivy\"  target=\"_blank\" rel=\"noopener noreferrer nofollow\">Le post d\u2019actualit\u00e9.<\/a><span><\/span>. Suite sur le prochain article.<\/p>\n<\/div>\n<p><img decoding=\"async\" class=\"wpe_imgrss\" src=\"https:\/\/editionsbussiere.com\/blog\/wp-content\/uploads\/2024\/08\/100-000-personnes-rendent-hommage-a-Sainte-Anne-et-se-devouer-1024x663-1.jpg\">Cet article a \u00e9t\u00e9 reconstitu\u00e9 du mieux possible. Dans l\u2019hypoth\u00e8se o\u00f9 vous souhaitez apporter quelques modifications concernant le th\u00e8me \u00ab\u00a0Editions \u00e9sot\u00e9rique fond\u00e9e en 1927\u00a0\u00bb, il est possible de discuter avec notre r\u00e9daction. Vous pouvez tirer profit de cet article traitant le sujet \u00ab\u00a0Editions \u00e9sot\u00e9rique fond\u00e9e en 1927\u00a0\u00bb. Il est concoct\u00e9 par l\u2019\u00e9quipe editionsbussiere.com. Le site editionsbussiere.com est fait pour cr\u00e9er divers posts autour du th\u00e8me Editions \u00e9sot\u00e9rique fond\u00e9e en 1927 d\u00e9velopp\u00e9es sur internet. Consultez notre site internet editionsbussiere.com et nos r\u00e9seaux sociaux pour \u00eatre au courant des futures annonces.<\/p>\n","protected":false},"excerpt":{"rendered":"<p>La neuvaine annuelle et la f\u00eate de Sainte-Anne \u00e0 la basilique mineure de Sainte-Anne \u00e0 Bukit Mertajam, Penang, ont attir\u00e9 plus de 100 000 p\u00e8lerins au cours de cette p\u00e9riode de 10 jours. Le r\u00e9v\u00e9rend diacre Lazarus Anthony Jonathan a d\u00e9clar\u00e9 que l\u2019\u00e9v\u00e9nement avait r\u00e9uni des Malaisiens de tout le pays ainsi que des fid\u00e8les [&hellip;]<\/p>\n","protected":false},"author":3,"featured_media":1124,"comment_status":"closed","ping_status":"closed","sticky":false,"template":"","format":"standard","meta":{"footnotes":""},"categories":[3],"tags":[],"class_list":["post-1123","post","type-post","status-publish","format-standard","has-post-thumbnail","hentry","category-editions-esoterique-fondee-en-1927-depeches","entry","fw-tab-6 fw-tabr-4","has-featured-image"],"yoast_head":"<!-- This site is optimized with the Yoast SEO plugin v27.5 - https:\/\/yoast.com\/product\/yoast-seo-wordpress\/ -->\n<title>100 000 personnes rendent hommage \u00e0 Sainte-Anne &amp; prier la Vierge . - EDITIONSBUSSIERE<\/title>\n<meta name=\"robots\" content=\"index, follow, max-snippet:-1, max-image-preview:large, max-video-preview:-1\" \/>\n<link rel=\"canonical\" href=\"https:\/\/editionsbussiere.com\/blog\/100-000-personnes-rendent-hommage-a-sainte-anne-prier-la-vierge\/\" \/>\n<meta property=\"og:locale\" content=\"fr_FR\" \/>\n<meta property=\"og:type\" content=\"article\" \/>\n<meta property=\"og:title\" content=\"100 000 personnes rendent hommage \u00e0 Sainte-Anne &amp; prier la Vierge . - EDITIONSBUSSIERE\" \/>\n<meta property=\"og:description\" content=\"La neuvaine annuelle et la f\u00eate de Sainte-Anne \u00e0 la basilique mineure de Sainte-Anne \u00e0 Bukit Mertajam, Penang, ont attir\u00e9 plus de 100 000 p\u00e8lerins au cours de cette p\u00e9riode de 10 jours. Le r\u00e9v\u00e9rend diacre Lazarus Anthony Jonathan a d\u00e9clar\u00e9 que l\u2019\u00e9v\u00e9nement avait r\u00e9uni des Malaisiens de tout le pays ainsi que des fid\u00e8les [&hellip;]\" \/>\n<meta property=\"og:url\" content=\"https:\/\/editionsbussiere.com\/blog\/100-000-personnes-rendent-hommage-a-sainte-anne-prier-la-vierge\/\" \/>\n<meta property=\"og:site_name\" content=\"EDITIONSBUSSIERE\" \/>\n<meta property=\"article:published_time\" content=\"2024-08-09T04:08:41+00:00\" \/>\n<meta property=\"og:image\" content=\"https:\/\/editionsbussiere.com\/blog\/wp-content\/uploads\/2024\/08\/100-000-personnes-rendent-hommage-a-Sainte-Anne-et-se-devouer-1024x663-1.jpg\" \/>\n<meta name=\"author\" content=\"Marie BATICLE\" \/>\n<meta name=\"twitter:card\" content=\"summary_large_image\" \/>\n<meta name=\"twitter:label1\" content=\"\u00c9crit par\" \/>\n\t<meta name=\"twitter:data1\" content=\"Marie BATICLE\" \/>\n\t<meta name=\"twitter:label2\" content=\"Dur\u00e9e de lecture estim\u00e9e\" \/>\n\t<meta name=\"twitter:data2\" content=\"12 minutes\" \/>\n<script type=\"application\/ld+json\" class=\"yoast-schema-graph\">{\"@context\":\"https:\\\/\\\/schema.org\",\"@graph\":[{\"@type\":\"Article\",\"@id\":\"https:\\\/\\\/editionsbussiere.com\\\/blog\\\/100-000-personnes-rendent-hommage-a-sainte-anne-prier-la-vierge\\\/#article\",\"isPartOf\":{\"@id\":\"https:\\\/\\\/editionsbussiere.com\\\/blog\\\/100-000-personnes-rendent-hommage-a-sainte-anne-prier-la-vierge\\\/\"},\"author\":{\"name\":\"Marie BATICLE\",\"@id\":\"https:\\\/\\\/editionsbussiere.com\\\/blog\\\/#\\\/schema\\\/person\\\/ec90e102792148c97e46ab871010dd8f\"},\"headline\":\"100 000 personnes rendent hommage \u00e0 Sainte-Anne &amp; prier la Vierge .\",\"datePublished\":\"2024-08-09T04:08:41+00:00\",\"mainEntityOfPage\":{\"@id\":\"https:\\\/\\\/editionsbussiere.com\\\/blog\\\/100-000-personnes-rendent-hommage-a-sainte-anne-prier-la-vierge\\\/\"},\"wordCount\":2419,\"publisher\":{\"@id\":\"https:\\\/\\\/editionsbussiere.com\\\/blog\\\/#organization\"},\"image\":{\"@id\":\"https:\\\/\\\/editionsbussiere.com\\\/blog\\\/100-000-personnes-rendent-hommage-a-sainte-anne-prier-la-vierge\\\/#primaryimage\"},\"thumbnailUrl\":\"https:\\\/\\\/editionsbussiere.com\\\/blog\\\/wp-content\\\/uploads\\\/2024\\\/08\\\/100-000-personnes-rendent-hommage-a-Sainte-Anne-et-se-devouer-1024x663-1.jpg\",\"articleSection\":[\"Editions \u00c9sot\u00e9rique Fond\u00e9e En 1927; D\u00e9p\u00e8ches:\"],\"inLanguage\":\"fr-FR\"},{\"@type\":\"WebPage\",\"@id\":\"https:\\\/\\\/editionsbussiere.com\\\/blog\\\/100-000-personnes-rendent-hommage-a-sainte-anne-prier-la-vierge\\\/\",\"url\":\"https:\\\/\\\/editionsbussiere.com\\\/blog\\\/100-000-personnes-rendent-hommage-a-sainte-anne-prier-la-vierge\\\/\",\"name\":\"100 000 personnes rendent hommage \u00e0 Sainte-Anne &amp; prier la Vierge . - EDITIONSBUSSIERE\",\"isPartOf\":{\"@id\":\"https:\\\/\\\/editionsbussiere.com\\\/blog\\\/#website\"},\"primaryImageOfPage\":{\"@id\":\"https:\\\/\\\/editionsbussiere.com\\\/blog\\\/100-000-personnes-rendent-hommage-a-sainte-anne-prier-la-vierge\\\/#primaryimage\"},\"image\":{\"@id\":\"https:\\\/\\\/editionsbussiere.com\\\/blog\\\/100-000-personnes-rendent-hommage-a-sainte-anne-prier-la-vierge\\\/#primaryimage\"},\"thumbnailUrl\":\"https:\\\/\\\/editionsbussiere.com\\\/blog\\\/wp-content\\\/uploads\\\/2024\\\/08\\\/100-000-personnes-rendent-hommage-a-Sainte-Anne-et-se-devouer-1024x663-1.jpg\",\"datePublished\":\"2024-08-09T04:08:41+00:00\",\"breadcrumb\":{\"@id\":\"https:\\\/\\\/editionsbussiere.com\\\/blog\\\/100-000-personnes-rendent-hommage-a-sainte-anne-prier-la-vierge\\\/#breadcrumb\"},\"inLanguage\":\"fr-FR\",\"potentialAction\":[{\"@type\":\"ReadAction\",\"target\":[\"https:\\\/\\\/editionsbussiere.com\\\/blog\\\/100-000-personnes-rendent-hommage-a-sainte-anne-prier-la-vierge\\\/\"]}]},{\"@type\":\"ImageObject\",\"inLanguage\":\"fr-FR\",\"@id\":\"https:\\\/\\\/editionsbussiere.com\\\/blog\\\/100-000-personnes-rendent-hommage-a-sainte-anne-prier-la-vierge\\\/#primaryimage\",\"url\":\"https:\\\/\\\/editionsbussiere.com\\\/blog\\\/wp-content\\\/uploads\\\/2024\\\/08\\\/100-000-personnes-rendent-hommage-a-Sainte-Anne-et-se-devouer-1024x663-1.jpg\",\"contentUrl\":\"https:\\\/\\\/editionsbussiere.com\\\/blog\\\/wp-content\\\/uploads\\\/2024\\\/08\\\/100-000-personnes-rendent-hommage-a-Sainte-Anne-et-se-devouer-1024x663-1.jpg\",\"width\":1024,\"height\":663,\"caption\":\"100 000 personnes rendent hommage a Sainte Anne et se devouer 1024x663 1\"},{\"@type\":\"BreadcrumbList\",\"@id\":\"https:\\\/\\\/editionsbussiere.com\\\/blog\\\/100-000-personnes-rendent-hommage-a-sainte-anne-prier-la-vierge\\\/#breadcrumb\",\"itemListElement\":[{\"@type\":\"ListItem\",\"position\":1,\"name\":\"Accueil\",\"item\":\"https:\\\/\\\/editionsbussiere.com\\\/blog\\\/\"},{\"@type\":\"ListItem\",\"position\":2,\"name\":\"100 000 personnes rendent hommage \u00e0 Sainte-Anne &amp; prier la Vierge .\"}]},{\"@type\":\"WebSite\",\"@id\":\"https:\\\/\\\/editionsbussiere.com\\\/blog\\\/#website\",\"url\":\"https:\\\/\\\/editionsbussiere.com\\\/blog\\\/\",\"name\":\"EDITIONSBUSSIERE\",\"description\":\"Editions \u00e9sot\u00e9rique fond\u00e9e en 1927; site historique, A SAVOIR ET RETENIR.\",\"publisher\":{\"@id\":\"https:\\\/\\\/editionsbussiere.com\\\/blog\\\/#organization\"},\"potentialAction\":[{\"@type\":\"SearchAction\",\"target\":{\"@type\":\"EntryPoint\",\"urlTemplate\":\"https:\\\/\\\/editionsbussiere.com\\\/blog\\\/?s={search_term_string}\"},\"query-input\":{\"@type\":\"PropertyValueSpecification\",\"valueRequired\":true,\"valueName\":\"search_term_string\"}}],\"inLanguage\":\"fr-FR\"},{\"@type\":\"Organization\",\"@id\":\"https:\\\/\\\/editionsbussiere.com\\\/blog\\\/#organization\",\"name\":\"editionsbussiere\",\"url\":\"https:\\\/\\\/editionsbussiere.com\\\/blog\\\/\",\"logo\":{\"@type\":\"ImageObject\",\"inLanguage\":\"fr-FR\",\"@id\":\"https:\\\/\\\/editionsbussiere.com\\\/blog\\\/#\\\/schema\\\/logo\\\/image\\\/\",\"url\":\"https:\\\/\\\/editionsbussiere.com\\\/blog\\\/wp-content\\\/uploads\\\/2023\\\/09\\\/cropped-buss.gif\",\"contentUrl\":\"https:\\\/\\\/editionsbussiere.com\\\/blog\\\/wp-content\\\/uploads\\\/2023\\\/09\\\/cropped-buss.gif\",\"width\":298,\"height\":120,\"caption\":\"editionsbussiere\"},\"image\":{\"@id\":\"https:\\\/\\\/editionsbussiere.com\\\/blog\\\/#\\\/schema\\\/logo\\\/image\\\/\"}},{\"@type\":\"Person\",\"@id\":\"https:\\\/\\\/editionsbussiere.com\\\/blog\\\/#\\\/schema\\\/person\\\/ec90e102792148c97e46ab871010dd8f\",\"name\":\"Marie BATICLE\",\"image\":{\"@type\":\"ImageObject\",\"inLanguage\":\"fr-FR\",\"@id\":\"https:\\\/\\\/secure.gravatar.com\\\/avatar\\\/c923e52403b1b8137e2d929127211d21967e6aecaa053bd43b09da29f212e76e?s=96&d=mm&r=g\",\"url\":\"https:\\\/\\\/secure.gravatar.com\\\/avatar\\\/c923e52403b1b8137e2d929127211d21967e6aecaa053bd43b09da29f212e76e?s=96&d=mm&r=g\",\"contentUrl\":\"https:\\\/\\\/secure.gravatar.com\\\/avatar\\\/c923e52403b1b8137e2d929127211d21967e6aecaa053bd43b09da29f212e76e?s=96&d=mm&r=g\",\"caption\":\"Marie BATICLE\"},\"url\":\"https:\\\/\\\/editionsbussiere.com\\\/blog\\\/author\\\/eremarie\\\/\"}]}<\/script>\n<!-- \/ Yoast SEO plugin. -->","yoast_head_json":{"title":"100 000 personnes rendent hommage \u00e0 Sainte-Anne &amp; prier la Vierge . - EDITIONSBUSSIERE","robots":{"index":"index","follow":"follow","max-snippet":"max-snippet:-1","max-image-preview":"max-image-preview:large","max-video-preview":"max-video-preview:-1"},"canonical":"https:\/\/editionsbussiere.com\/blog\/100-000-personnes-rendent-hommage-a-sainte-anne-prier-la-vierge\/","og_locale":"fr_FR","og_type":"article","og_title":"100 000 personnes rendent hommage \u00e0 Sainte-Anne &amp; prier la Vierge . - EDITIONSBUSSIERE","og_description":"La neuvaine annuelle et la f\u00eate de Sainte-Anne \u00e0 la basilique mineure de Sainte-Anne \u00e0 Bukit Mertajam, Penang, ont attir\u00e9 plus de 100 000 p\u00e8lerins au cours de cette p\u00e9riode de 10 jours. Le r\u00e9v\u00e9rend diacre Lazarus Anthony Jonathan a d\u00e9clar\u00e9 que l\u2019\u00e9v\u00e9nement avait r\u00e9uni des Malaisiens de tout le pays ainsi que des fid\u00e8les [&hellip;]","og_url":"https:\/\/editionsbussiere.com\/blog\/100-000-personnes-rendent-hommage-a-sainte-anne-prier-la-vierge\/","og_site_name":"EDITIONSBUSSIERE","article_published_time":"2024-08-09T04:08:41+00:00","og_image":[{"url":"https:\/\/editionsbussiere.com\/blog\/wp-content\/uploads\/2024\/08\/100-000-personnes-rendent-hommage-a-Sainte-Anne-et-se-devouer-1024x663-1.jpg","type":"","width":"","height":""}],"author":"Marie BATICLE","twitter_card":"summary_large_image","twitter_misc":{"\u00c9crit par":"Marie BATICLE","Dur\u00e9e de lecture estim\u00e9e":"12 minutes"},"schema":{"@context":"https:\/\/schema.org","@graph":[{"@type":"Article","@id":"https:\/\/editionsbussiere.com\/blog\/100-000-personnes-rendent-hommage-a-sainte-anne-prier-la-vierge\/#article","isPartOf":{"@id":"https:\/\/editionsbussiere.com\/blog\/100-000-personnes-rendent-hommage-a-sainte-anne-prier-la-vierge\/"},"author":{"name":"Marie BATICLE","@id":"https:\/\/editionsbussiere.com\/blog\/#\/schema\/person\/ec90e102792148c97e46ab871010dd8f"},"headline":"100 000 personnes rendent hommage \u00e0 Sainte-Anne &amp; prier la Vierge .","datePublished":"2024-08-09T04:08:41+00:00","mainEntityOfPage":{"@id":"https:\/\/editionsbussiere.com\/blog\/100-000-personnes-rendent-hommage-a-sainte-anne-prier-la-vierge\/"},"wordCount":2419,"publisher":{"@id":"https:\/\/editionsbussiere.com\/blog\/#organization"},"image":{"@id":"https:\/\/editionsbussiere.com\/blog\/100-000-personnes-rendent-hommage-a-sainte-anne-prier-la-vierge\/#primaryimage"},"thumbnailUrl":"https:\/\/editionsbussiere.com\/blog\/wp-content\/uploads\/2024\/08\/100-000-personnes-rendent-hommage-a-Sainte-Anne-et-se-devouer-1024x663-1.jpg","articleSection":["Editions \u00c9sot\u00e9rique Fond\u00e9e En 1927; D\u00e9p\u00e8ches:"],"inLanguage":"fr-FR"},{"@type":"WebPage","@id":"https:\/\/editionsbussiere.com\/blog\/100-000-personnes-rendent-hommage-a-sainte-anne-prier-la-vierge\/","url":"https:\/\/editionsbussiere.com\/blog\/100-000-personnes-rendent-hommage-a-sainte-anne-prier-la-vierge\/","name":"100 000 personnes rendent hommage \u00e0 Sainte-Anne &amp; prier la Vierge . - EDITIONSBUSSIERE","isPartOf":{"@id":"https:\/\/editionsbussiere.com\/blog\/#website"},"primaryImageOfPage":{"@id":"https:\/\/editionsbussiere.com\/blog\/100-000-personnes-rendent-hommage-a-sainte-anne-prier-la-vierge\/#primaryimage"},"image":{"@id":"https:\/\/editionsbussiere.com\/blog\/100-000-personnes-rendent-hommage-a-sainte-anne-prier-la-vierge\/#primaryimage"},"thumbnailUrl":"https:\/\/editionsbussiere.com\/blog\/wp-content\/uploads\/2024\/08\/100-000-personnes-rendent-hommage-a-Sainte-Anne-et-se-devouer-1024x663-1.jpg","datePublished":"2024-08-09T04:08:41+00:00","breadcrumb":{"@id":"https:\/\/editionsbussiere.com\/blog\/100-000-personnes-rendent-hommage-a-sainte-anne-prier-la-vierge\/#breadcrumb"},"inLanguage":"fr-FR","potentialAction":[{"@type":"ReadAction","target":["https:\/\/editionsbussiere.com\/blog\/100-000-personnes-rendent-hommage-a-sainte-anne-prier-la-vierge\/"]}]},{"@type":"ImageObject","inLanguage":"fr-FR","@id":"https:\/\/editionsbussiere.com\/blog\/100-000-personnes-rendent-hommage-a-sainte-anne-prier-la-vierge\/#primaryimage","url":"https:\/\/editionsbussiere.com\/blog\/wp-content\/uploads\/2024\/08\/100-000-personnes-rendent-hommage-a-Sainte-Anne-et-se-devouer-1024x663-1.jpg","contentUrl":"https:\/\/editionsbussiere.com\/blog\/wp-content\/uploads\/2024\/08\/100-000-personnes-rendent-hommage-a-Sainte-Anne-et-se-devouer-1024x663-1.jpg","width":1024,"height":663,"caption":"100 000 personnes rendent hommage a Sainte Anne et se devouer 1024x663 1"},{"@type":"BreadcrumbList","@id":"https:\/\/editionsbussiere.com\/blog\/100-000-personnes-rendent-hommage-a-sainte-anne-prier-la-vierge\/#breadcrumb","itemListElement":[{"@type":"ListItem","position":1,"name":"Accueil","item":"https:\/\/editionsbussiere.com\/blog\/"},{"@type":"ListItem","position":2,"name":"100 000 personnes rendent hommage \u00e0 Sainte-Anne &amp; prier la Vierge ."}]},{"@type":"WebSite","@id":"https:\/\/editionsbussiere.com\/blog\/#website","url":"https:\/\/editionsbussiere.com\/blog\/","name":"EDITIONSBUSSIERE","description":"Editions \u00e9sot\u00e9rique fond\u00e9e en 1927; site historique, A SAVOIR ET RETENIR.","publisher":{"@id":"https:\/\/editionsbussiere.com\/blog\/#organization"},"potentialAction":[{"@type":"SearchAction","target":{"@type":"EntryPoint","urlTemplate":"https:\/\/editionsbussiere.com\/blog\/?s={search_term_string}"},"query-input":{"@type":"PropertyValueSpecification","valueRequired":true,"valueName":"search_term_string"}}],"inLanguage":"fr-FR"},{"@type":"Organization","@id":"https:\/\/editionsbussiere.com\/blog\/#organization","name":"editionsbussiere","url":"https:\/\/editionsbussiere.com\/blog\/","logo":{"@type":"ImageObject","inLanguage":"fr-FR","@id":"https:\/\/editionsbussiere.com\/blog\/#\/schema\/logo\/image\/","url":"https:\/\/editionsbussiere.com\/blog\/wp-content\/uploads\/2023\/09\/cropped-buss.gif","contentUrl":"https:\/\/editionsbussiere.com\/blog\/wp-content\/uploads\/2023\/09\/cropped-buss.gif","width":298,"height":120,"caption":"editionsbussiere"},"image":{"@id":"https:\/\/editionsbussiere.com\/blog\/#\/schema\/logo\/image\/"}},{"@type":"Person","@id":"https:\/\/editionsbussiere.com\/blog\/#\/schema\/person\/ec90e102792148c97e46ab871010dd8f","name":"Marie BATICLE","image":{"@type":"ImageObject","inLanguage":"fr-FR","@id":"https:\/\/secure.gravatar.com\/avatar\/c923e52403b1b8137e2d929127211d21967e6aecaa053bd43b09da29f212e76e?s=96&d=mm&r=g","url":"https:\/\/secure.gravatar.com\/avatar\/c923e52403b1b8137e2d929127211d21967e6aecaa053bd43b09da29f212e76e?s=96&d=mm&r=g","contentUrl":"https:\/\/secure.gravatar.com\/avatar\/c923e52403b1b8137e2d929127211d21967e6aecaa053bd43b09da29f212e76e?s=96&d=mm&r=g","caption":"Marie BATICLE"},"url":"https:\/\/editionsbussiere.com\/blog\/author\/eremarie\/"}]}},"_links":{"self":[{"href":"https:\/\/editionsbussiere.com\/blog\/wp-json\/wp\/v2\/posts\/1123","targetHints":{"allow":["GET"]}}],"collection":[{"href":"https:\/\/editionsbussiere.com\/blog\/wp-json\/wp\/v2\/posts"}],"about":[{"href":"https:\/\/editionsbussiere.com\/blog\/wp-json\/wp\/v2\/types\/post"}],"author":[{"embeddable":true,"href":"https:\/\/editionsbussiere.com\/blog\/wp-json\/wp\/v2\/users\/3"}],"replies":[{"embeddable":true,"href":"https:\/\/editionsbussiere.com\/blog\/wp-json\/wp\/v2\/comments?post=1123"}],"version-history":[{"count":0,"href":"https:\/\/editionsbussiere.com\/blog\/wp-json\/wp\/v2\/posts\/1123\/revisions"}],"wp:featuredmedia":[{"embeddable":true,"href":"https:\/\/editionsbussiere.com\/blog\/wp-json\/wp\/v2\/media\/1124"}],"wp:attachment":[{"href":"https:\/\/editionsbussiere.com\/blog\/wp-json\/wp\/v2\/media?parent=1123"}],"wp:term":[{"taxonomy":"category","embeddable":true,"href":"https:\/\/editionsbussiere.com\/blog\/wp-json\/wp\/v2\/categories?post=1123"},{"taxonomy":"post_tag","embeddable":true,"href":"https:\/\/editionsbussiere.com\/blog\/wp-json\/wp\/v2\/tags?post=1123"}],"curies":[{"name":"wp","href":"https:\/\/api.w.org\/{rel}","templated":true}]}}