{"id":1112,"date":"2024-08-08T06:19:02","date_gmt":"2024-08-08T04:19:02","guid":{"rendered":"https:\/\/editionsbussiere.com\/blog\/une-femme-de-lohio-affirme-avoir-vu-une-statue-de-la-vierge-marie-ouverte-et-les-yeux-fermes-afin-de-croire-en-la-vierge-marie\/"},"modified":"2024-08-08T06:19:02","modified_gmt":"2024-08-08T04:19:02","slug":"une-femme-de-lohio-affirme-avoir-vu-une-statue-de-la-vierge-marie-ouverte-et-les-yeux-fermes-afin-de-croire-en-la-vierge-marie","status":"publish","type":"post","link":"https:\/\/editionsbussiere.com\/blog\/une-femme-de-lohio-affirme-avoir-vu-une-statue-de-la-vierge-marie-ouverte-et-les-yeux-fermes-afin-de-croire-en-la-vierge-marie\/","title":{"rendered":"Une femme de l\u2019Ohio affirme avoir vu une statue de la Vierge Marie ouverte et les yeux ferm\u00e9s\n afin de croire en la Vierge Marie."},"content":{"rendered":"<div><img width=\"580\" height=\"325\" src=\"https:\/\/editionsbussiere.com\/blog\/wp-content\/uploads\/2024\/08\/La-statue-de-Fatima-produit-un-miracle-a-la-basilique-1024x574-2.jpg\" class=\"attachment-large size-large wp-post-image\" alt=\"La statue de Fatima produit un miracle \u00e0 la basilique\" style=\"float:left; margin:0 15px 15px 0;\" decoding=\"async\" srcset=\"https:\/\/editionsbussiere.com\/blog\/wp-content\/uploads\/2024\/08\/La-statue-de-Fatima-produit-un-miracle-a-la-basilique-1024x574-2.jpg 1024w, https:\/\/www.n42.fr\/wp-content\/uploads\/2024\/08\/La-statue-de-Fatima-produit-un-miracle-a-la-basilique-300x168.jpg 300w, https:\/\/www.n42.fr\/wp-content\/uploads\/2024\/08\/La-statue-de-Fatima-produit-un-miracle-a-la-basilique-768x431.jpg 768w, https:\/\/www.n42.fr\/wp-content\/uploads\/2024\/08\/La-statue-de-Fatima-produit-un-miracle-a-la-basilique.jpg 1200w\" sizes=\"(max-width: 580px) 100vw, 580px\"><\/p>\n<p>\n<\/p>\n<div id=\"\">\n<p><story-emphasis util-module-path=\"elements\/story\" section=\"news\" link=\"\/news\"><\/story-emphasis><\/p>\n<hr class=\"colorbar section-news\">\n<h2 class=\"display-5 subhead spacer-small\">Connie Liptak affirme avoir pris une photo de la statue de Notre-Dame de Fatima, la Vierge p\u00e8lerine internationale, fermant et ouvrant les yeux lors de son arr\u00eat \u00e0 Canton<\/h2>\n<div id=\"videoWrap\" class=\"spacer-large videoWrap\" style=\"position:relative\"><media-video video-id=\"74269370007\" title=\"Pope Francis okays Carlo Acutis to become the first millennial saint\" poster=\"https:\/\/www.gannett-cdn.com\/authoring\/authoring-images\/2024\/07\/01\/USAT\/74269474007-millennial-saint.jpg?crop=1919,1079,x0,y0\" util-module-path=\"elements\/media\" placement=\"snow-video-story-priority\"><\/p>\n<div id=\"uwVideoPlaceholder\" slot=\"placeholder\" style=\"z-index:19;width:100%;padding-bottom:56.25%;position:relative\">\n<div class=\"vidplaybtn\" style=\"display:-moz-box;display:-ms-flexbox;display:-webkit-flex;display:flex;background-color:rgba(0,0,0,.4);border:2px solid #fff;border-radius:80px;cursor:pointer;height:80px;width:80px;position:absolute;top:50%;left:50%;transform:translate(-50%,-50%);z-index:10\"><\/div>\n<\/div>\n<div slot=\"videoDetails\" id=\"videoDetails\" class=\"videoDetails\" style=\"padding-top:8px;padding-bottom:8px\">\n<div id=\"videoDetailsContainer\" class=\"videoDetailsContainer\" hidden=\"\">\n<p>Le pape Fran\u00e7ois autorise Carlo Acutis \u00e0 devenir le premier saint mill\u00e9naire<\/p>\n<p>Le pape Fran\u00e7ois a approuv\u00e9 la canonisation de Carlo Acutis, un jeune de 15 ans d\u00e9c\u00e9d\u00e9 en 2006 d\u2019une leuc\u00e9mie.<\/p>\n<\/div>\n<\/div>\n<p><\/media-video><\/div>\n<p>Une femme de l\u2019Ohio affirme avoir \u00e9t\u00e9 t\u00e9moin d\u2019un miracle, mais les dirigeants de l\u2019\u00e9glise locale sont sceptiques.<\/p>\n<partner-banner util-module-path=\"elements\/partner\" class=\"spacer-large\" min-height=\"600\" fluid=\"\" outstream=\"\" momentum=\"\"><\/partner-banner>\n<p>Connie Liptak a d\u00e9clar\u00e9 \u00e0 WJW, filiale de Cleveland FOX, qu\u2019elle avait photographi\u00e9 la statue internationale de la Vierge p\u00e8lerine de Notre-Dame de Fatima fermant et ouvrant les yeux lors de l\u2019arr\u00eat de la tourn\u00e9e de la statue inanim\u00e9e \u00e0 Canton.<\/p>\n<p>\u00ab Je savais que c\u2019\u00e9tait un miracle parce que je l\u2019avais observ\u00e9e toute la matin\u00e9e \u00bb, a d\u00e9clar\u00e9 Liptak \u00e0 la station. \u00ab Ils sont vraiment ferm\u00e9s. Je veux dire, on peut vraiment voir que ses cils sont baiss\u00e9s. \u00bb<\/p>\n<p>Le r\u00e9v\u00e9rend David Misbrener, pasteur de la basilique Saint-Jean-Baptiste o\u00f9 Liptak affirme que le miracle s\u2019est produit, a d\u00e9clar\u00e9 au Canton Repository \u2013 qui fait partie du r\u00e9seau USA TODAY \u2013 qu\u2019il avait des doutes sur ce qui s\u2019est pass\u00e9.<\/p>\n<p>\u00ab Je suis un peu sceptique \u00e0 ce sujet, et l\u2019\u00c9glise est tr\u00e8s prudente \u00e0 ce sujet \u00bb, a d\u00e9clar\u00e9 Misbrener au journal. \u00ab Tout peut arriver avec un appareil photo. Mon point de vue est que si quelqu\u2019un en a b\u00e9n\u00e9fici\u00e9 spirituellement ou physiquement, il a fait son travail. \u00bb<\/p>\n<partner-banner util-module-path=\"elements\/partner\" fluid=\"\" bottom=\"\" lazy=\"\" class=\"spacer-large\" min-height=\"390\" outstream=\"\"><\/partner-banner><media-image image-set=\"https:\/\/www.gannett-cdn.com\/authoring\/authoring-images\/2024\/06\/12\/NREP\/74069614007-06-sacred-image-022610199-x-300.jpg bestCrop, https:\/\/www.gannett-cdn.com\/authoring\/authoring-images\/2024\/06\/12\/NREP\/74069614007-06-sacred-image-022610199-x-300.jpg?crop=198,149,x0,y75 4:3, https:\/\/www.gannett-cdn.com\/authoring\/authoring-images\/2024\/06\/12\/NREP\/74069614007-06-sacred-image-022610199-x-300.jpg?crop=198,265,x0,y17 3:4, https:\/\/www.gannett-cdn.com\/authoring\/authoring-images\/2024\/06\/12\/NREP\/74069614007-06-sacred-image-022610199-x-300.jpg?crop=198,111,x0,y90 16:9\" image-alt=\"\" credit=\"World Apostolate of Fatima, USA\" caption=\"Our Lady of Fatima\" orientation=\"vertical\" class=\"spacer-large\" util-module-path=\"elements\/media\"><\/media-image><\/p>\n<h2 class=\"presto-h2 wp-block-heading\">Les autres l\u00e9gendes sur la statue de la Vierge Marie<\/h2>\n<p>Les croyants attribuent de multiples miracles \u00e0 la m\u00eame statue, notamment des gu\u00e9risons et des ph\u00e9nom\u00e8nes astraux.<\/p>\n<partner-inline util-module-path=\"elements\/partner\" class=\"spacer-large\" placement=\"native-article_link\" sizes=\"[[300, 250], [3, 3]]\" min-height=\"250\" fluid=\"\" outstream=\"\"><\/partner-inline>\n<p>\u00ab Nous savons qu\u2019elle a pleur\u00e9 15 fois \u00bb, a d\u00e9clar\u00e9 \u00e0 WJW Larry Maginot, le gardien de la statue.<\/p>\n<p>Malgr\u00e9 le scepticisme du r\u00e9v\u00e9rend quant aux all\u00e9gations d\u2019une statue clignotante, Misbrener a d\u00e9clar\u00e9 au Repository qu\u2019un autre type de miracle s\u2019\u00e9tait produit lors de l\u2019arr\u00eat de la tourn\u00e9e.<\/p>\n<p>\u00ab Je dirais que le miracle, c\u2019est que les gens se rassemblent dans les \u00e9glises et prient \u00bb, a-t-il d\u00e9clar\u00e9. \u00ab Nous avons besoin de beaucoup d\u2019espoir dans notre soci\u00e9t\u00e9. Nous sommes en pleine mutation en ce moment. \u00bb<\/p>\n<h2 class=\"presto-h2 wp-block-heading\">Qu\u2019est-ce que la Statue P\u00e8lerine Internationale de Notre-Dame de Fatima ?<\/h2>\n<partner-inline util-module-path=\"elements\/partner\" placement=\"native-article_link\" sizes=\"[[300, 250], [3, 3]]\" min-height=\"250\" fluid=\"\" outstream=\"\"><\/partner-inline>\n<p>La statue a \u00e9t\u00e9 command\u00e9e en 1947 \u00e0 Fatima, au Portugal, en souvenir d\u2019une s\u00e9rie d\u2019apparitions rapport\u00e9es de la Vierge Marie \u00e0 trois enfants paysans, Lucia dos Santos et ses cousins \u200b\u200bFrancisco et Jacinta Marto, entre le 13 mai 1917 et le 13 octobre 1917.<\/p>\n<p>La statue a \u00e9t\u00e9 r\u00e9alis\u00e9e \u00e0 partir d\u2019une description donn\u00e9e par dos Santos, l\u2019a\u00een\u00e9e des enfants et la seule \u00e0 avoir dit avoir parl\u00e9 \u00e0 Marie, d\u00e9clarant aux autorit\u00e9s eccl\u00e9siastiques que Marie lui avait r\u00e9v\u00e9l\u00e9 trois messages secrets sur l\u2019avenir. Elle est devenue religieuse carm\u00e9lite et est d\u00e9c\u00e9d\u00e9e en 2005 \u00e0 l\u2019\u00e2ge de 97 ans.<\/p>\n<partner-banner util-module-path=\"elements\/partner\" fluid=\"\" bottom=\"\" lazy=\"\" class=\"spacer-large\" min-height=\"600\" outstream=\"\" momentum=\"\"><\/partner-banner><media-gallery-promo asset-id=\"1410095\" class=\"column ten-column no-gutter spacer-large\"><\/media-gallery-promo><\/p>\n<p>Le Vatican a officiellement accept\u00e9 le r\u00e9cit des enfants en 1930. Les fr\u00e8res et s\u0153urs Marto, d\u00e9c\u00e9d\u00e9s \u00e0 10 et 11 ans, ont \u00e9t\u00e9 canonis\u00e9s par le pape Fran\u00e7ois en 2017. S\u0153ur dos Santos a \u00e9t\u00e9 canonis\u00e9e en 2023.<\/p>\n<p>La statue a \u00e9t\u00e9 expos\u00e9e dans plus de 100 pays et effectue actuellement une tourn\u00e9e aux \u00c9tats-Unis qui se terminera fin septembre.<\/p>\n<lit-timestamp class=\"column ten-column no-gutter spacer-small\" slot=\"timestamp\" publishdate=\"2024-08-08 01:39:16 +0000 UTC\" updatedate=\"2024-08-08 01:39:23 +0000 UTC\"><\/lit-timestamp><\/div>\n<h2>\n<\/h2>\n<p>La Signification de la Pri\u00e8re \u00e0 Marie<\/p>\n<p>La pri\u00e8re \u00e0 Marie repr\u00e9sente un aspect essentiel de la spiritualit\u00e9 chr\u00e9tienne, solidement enracin\u00e9e dans les enseignements catholiques depuis des temps imm\u00e9moriaux. C\u2019est un roc sur lequel les croyants s\u2019appuient pour trouver confort, guidance et intercession dans leur marche avec Dieu. Au fil du temps, cette pratique de d\u00e9votion a \u00e9t\u00e9 renforc\u00e9e par les enseignements de la Bible, les traditions de l\u2019\u00c9glise, et les exemples des saints qui ont t\u00e9moign\u00e9 de leur respect \u00e0 Marie m\u00e8re spirituelle bienveillante.<\/p>\n<h3>\n<\/h3>\n<p>La pratique du Rosaire<\/p>\n<p>Cette pri\u00e8re traditionnelle mariale tient une position centrale dans la vie spirituelle de un grand nombre de fid\u00e8les. En r\u00e9citant les diff\u00e9rents myst\u00e8res, les d\u00e9vots m\u00e9ditent dans les \u00e9v\u00e9nements li\u00e9s \u00e0 J\u00e9sus et Marie, renfor\u00e7ant leur connexion spirituelle avec eux. \u00c0 travers chaque Ave Maria, ils expriment leur foi en l\u2019intercession de Marie ainsi que leur aspiration \u00e0 suivre les pas du Christ. Saint Louis-Marie Grignion de Montfort, dans son livre sur la vraie d\u00e9votion \u00e0 la Sainte Vierge, invite les fid\u00e8les \u00e0 pratiquer r\u00e9guli\u00e8rement la m\u00e9ditation sur les myst\u00e8res du rosaire pour approfondir leur lien avec la M\u00e8re de Dieu. Cette pratique ancienne, transmise de g\u00e9n\u00e9ration en g\u00e9n\u00e9ration, demeure une source d\u2019illumination spirituelle pour ceux qui ont la foi, les guidant dans leur connexion \u00e0 la c\u00e9leste Dame.<\/p>\n<h3>\n<\/h3>\n<p>L\u2019appel \u00e0 la pri\u00e8re<\/p>\n<p>Joignons nos c\u0153urs dans la pri\u00e8re, fr\u00e8res et s\u0153urs, dans l\u2019unit\u00e9 de notre foi, en nous tournant vers Marie, la m\u00e8re de J\u00e9sus. Au sein de notre monde troubl\u00e9 par la guerre et la division, optons \u00e0 la pri\u00e8re comme un moyen pour trouver la s\u00e9r\u00e9nit\u00e9 et l\u2019harmonie. Vous aussi vous pouvez envoyer un message pour la Sainte Vierge <a target=\"_blank\" rel=\"nofollow\" href=\"https:\/\/editionsbussiere.com\/blog\/goto\/https:\/\/www.avemariasound.org\/\" >sur cette page.<\/a> Que nos supplications s\u2019\u00e9l\u00e8vent vers le ciel, comme un hommage agr\u00e9able \u00e0 Dieu, pour qu\u2019il puisse nous guider nos chemins vers le chemin de la v\u00e9rit\u00e9 et de la justice. L\u2019ap\u00f4tre Paul nous exhorte dans ses lettres \u00e0 maintenir une pri\u00e8re incessante, en toutes circonstances, afin que notre communion avec Dieu soit solide et ardente. La pri\u00e8re, quand elle est sinc\u00e8rement offerte, a le pouvoir pour transformer les c\u0153urs et d\u2019influer le destin de l\u2019histoire.<\/p>\n<h2>\n<\/h2>\n<p>L\u2019enseignement du Saint-P\u00e8re<\/p>\n<p>Le Saint-P\u00e8re, \u00e0 travers ses \u00e9crits inspir\u00e9s, publi\u00e9s par Bayard, nous souligne l\u2019importance de la pri\u00e8re journali\u00e8re. \u00c0 travers ses discours et ses audiences, il nous encourage \u00e0 cultiver une relation personnelle avec le divin, en se fondant sur la r\u00e9flexion sur les Saintes \u00c9critures ainsi que la r\u00e9citation du rosaire. Son exemple d\u2019humilit\u00e9 et de compassion nous motive \u00e0 approfondir encore notre pri\u00e8re et \u00e0 chercher la pr\u00e9sence divine dans tous les aspects de notre vie. Le Souverain Pontife Jean-Paul II, dans son encyclique sur la foi chr\u00e9tienne, nous rappelle que la pri\u00e8re constitue le fondement de la vie spirituelle et par elle que nous sommes unis \u00e0 Dieu. La pratique de la pri\u00e8re, enseign\u00e9e par les pontifes successifs, est une source d\u2019espoir en p\u00e9riode de temp\u00eate, un fondement solide sur lequel les \u00e2mes peuvent s\u2019appuyer.<\/p>\n<h3>\n<\/h3>\n<p>Les \u00e9crits \u00e9crits par Leli\u00e8vre et Hubert<\/p>\n<p>Dans le cadre de la spiritualit\u00e9, l\u2019\u00e9glise pr\u00e9conise la pri\u00e8re, et lors de la pri\u00e8re, les fid\u00e8les effectuent le signe de croix et r\u00e9citent l\u2019Ave Maria. Des th\u00e9ologiens modernes, comme Leli\u00e8vre et Hubert, nous convient \u00e9galement \u00e0 m\u00e9diter sur la puissance de la pri\u00e8re, dans leurs ouvrages inspirants. Leurs \u00e9crits, riches en enseignements spirituels, nous orientent dans notre parcours de la foi et nous encouragent \u00e0 trouver dans les richesses de la tradition chr\u00e9tienne pour enrichir notre vie spirituelle. En m\u00e9ditant sur leurs ouvrages, nous explorons de nouvelles voies d\u2019approfondir notre relation avec Dieu et de progresser dans notre cheminement vers la saintet\u00e9. Saint Jean, dans l\u2019\u00c9vangile, nous rappelle que le fait de prier est une puissante voie de demeurer en communion avec Dieu et de b\u00e9n\u00e9ficier de ses gr\u00e2ces. Chaque page de leurs ouvrages ressemble \u00e0 un appel \u00e0 une pri\u00e8re fervente et \u00e0 une existence impr\u00e9gn\u00e9e de la pr\u00e9sence divine. Dans notre recherche de connexion spirituelle, chaque lecture devient un appel \u00e0 aspirer \u00e0 le sacr\u00e9, par le biais de la r\u00e9flexion et la m\u00e9ditation.<\/p>\n<h3>\n<\/h3>\n<p>L\u2019acte de prier dans la chapelle<\/p>\n<p>Dans nos chapelles modestes ou majestueuses, tournons-nous vers le divin avec confiance et humilit\u00e9, sachant qu\u2019il \u00e9coute nos pri\u00e8res avec une sollicitude infinie. Que chaque flamme vacillante, chaque chapelet r\u00e9cit\u00e9, soit une offrande \u00e0 notre Seigneur ainsi qu\u2019\u00e0 la Vierge Marie. Que nos instants de d\u00e9votion dans la chapelle soient des occasions de b\u00e9n\u00e9diction et de renouvellement de notre esprit, nous fortifiant pour faire face \u00e0 les \u00e9preuves avec courage et foi. Sainte Bernadette Soubirous, qui a re\u00e7u les apparitions de la Vierge Marie \u00e0 Lourdes, nous enseigne la valeur de la pri\u00e8re dans l\u2019existence des catholiques et l\u2019efficacit\u00e9 de l\u2019intercession de la Vierge Marie. Tout fid\u00e8le qui franchit les portes d\u2019une chapelle, chaque page de la Bible lue dans ce lieu sacr\u00e9, constitue une rencontre avec le divin, une \u00e9tape importante dans le processus de transformation spirituelle. \u00c0 travers les textes sacr\u00e9s, tout disciple est encourag\u00e9 \u00e0 m\u00e9diter la croix du Christ, \u00e0 m\u00e9diter sur son sacrifice, et \u00e0 trouver r\u00e9confort et espoir dans la gr\u00e2ce salvatrice qu\u2019elle offre.<\/p>\n<h2>\nL\u2019acte de prier comme m\u00e9decine pour l\u2019int\u00e9rieur<br \/>\n<\/h2>\n<p>Comme un gu\u00e9risseur pour nos esprits, la pri\u00e8re nous r\u00e9conforte ainsi que nous fortifie au cours des p\u00e9riodes de douleur et de d\u00e9sespoir. La pri\u00e8re nous rappelle que Dieu est toujours avec nous, m\u00eame lorsque nous traversons les t\u00e9n\u00e8bres les plus profondes de notre existence. En nous penchant vers lui \u00e0 travers la pri\u00e8re, nous d\u00e9couvrons la force int\u00e9rieure n\u00e9cessaire pour traverser les \u00e9preuves et pour affronter l\u2019avenir avec espoir et confiance. L\u2019acte de prier est semblable \u00e0 une source d\u2019eau vive qui satisfait notre soif spirituelle et qui, dans notre marche avec Dieu, nous revigore.<br \/>\n\u00c0 chaque pri\u00e8re prononc\u00e9e, \u00e0 chaque intention port\u00e9e, nous trouvons un soulagement divin, une gu\u00e9rison c\u00e9leste, qui d\u00e9passe les limites de notre condition terrestre. Chaque verset de la Bible est une invitation \u00e0 communier avec Dieu, \u00e0 lui remettre nos fardeaux, et \u00e0 accueillir sa gr\u00e2ce transformatrice.<\/p>\n<h2>Un point de vue alternatif sur la pri\u00e8re \u00e0 Marie<\/h2>\n<p>La pri\u00e8re \u00e0 Marie repr\u00e9sente une coutume profond\u00e9ment enracin\u00e9e dans le patrimoine catholique chr\u00e9tienne, offrant un lien spirituel pr\u00e9cieux pour les fid\u00e8les du monde entier. En tant que m\u00e8re spirituelle et intercesseur, elle est invoqu\u00e9e avec d\u00e9votion dans les moments de besoin et de gratitude. Le chapelet, avec ses myst\u00e8res contemplatifs, guide les catholiques dans leur cheminement spirituel, les aidant \u00e0 m\u00e9diter sur J\u00e9sus, son fils, \u00e0 travers les yeux de la Vierge Marie. Cette affection envers Marie se manifeste dans les sites sacr\u00e9s comme Lourdes, o\u00f9 les fid\u00e8les convergent pour rechercher r\u00e9confort et gu\u00e9rison, repr\u00e9sentant la forte connexion entre la foi catholique et la d\u00e9votion mariale. Les \u00e9crits \u00e9clairants d\u2019\u00e9minents th\u00e9ologiens comme Leli\u00e8vre et Hubert fournissent une r\u00e9flexion pr\u00e9cieuse sur l\u2019importance de la pri\u00e8re \u00e0 Marie et son influence sur la vie spirituelle des fid\u00e8les. Par le biais d\u2019une lecture approfondie de textes religieux et spirituels, les croyants \u00e9largissent leur compr\u00e9hension de la v\u00e9n\u00e9ration de Marie et d\u00e9veloppent un lien plus fort avec Marie, notre m\u00e8re dans la foi. Dans un monde marqu\u00e9 par la guerre et les conflits, la d\u00e9votion \u00e0 Marie constitue un refuge de paix et d\u2019espoir, incitant chaque individu, quelle que soit sa position dans la foi catholique, \u00e0 solliciter la Dame du Ciel avec confiance et d\u00e9votion. Prions donc ensemble, avec un c\u0153ur sinc\u00e8re et humble, en reconnaissant Marie comme notre m\u00e8re et notre intercesseur, et en lui confiant nos requ\u00eates et nos souhaits les plus profonds. Dans cette qu\u00eate spirituelle, chaque croyant est invit\u00e9 \u00e0 suivre la voie des pri\u00e8res et des d\u00e9sirs du c\u0153ur, sous la direction du saint P\u00e8re et les ressources spirituelles pr\u00e9cieuses fournies par des plateformes comme Aleteia. De cette mani\u00e8re, avec une humble confiance et un c\u0153ur ouvert, saluons Marie dans notre pri\u00e8re quotidienne, lui demandant son intercession affectueuse, et la force de continuer dans la pri\u00e8re fervente.<br \/>\nQue notre communion avec le divin constitue notre refuge et notre r\u00e9confort dans toutes les circonstances. Que nous nous orientions en direction de Marie, notre m\u00e8re du ciel, avec une foi in\u00e9branlable et un c\u0153ur ouvert, en ayant conscience qu\u2019elle interc\u00e8de pour nous devant son fils bien-aim\u00e9. Que notre dialogue avec le divin nous m\u00e8ne dans notre qu\u00eate de saintet\u00e9, nous rapprochant toujours plus de Dieu et de son amour infini.<\/p>\n<p>Livres sur le m\u00eame th\u00e8me:<\/p>\n<p>S\u00e9bastopol\/2\/Chapitre6.,<a target=\"_blank\" rel=\"nofollow\" href=\"https:\/\/editionsbussiere.com\/blog\/goto\/https:\/\/fr.wikisource.org\/wiki\/S%C3%A9bastopol\/2\/Chapitre6\"  target=\"_blank\" rel=\"noopener noreferrer nofollow\">Cliquer ICI.<\/a><span><\/span><\/p>\n<p>Ma cousine Mandine\/1.,<a target=\"_blank\" rel=\"nofollow\" href=\"https:\/\/editionsbussiere.com\/blog\/goto\/https:\/\/fr.wikisource.org\/wiki\/Ma_cousine_Mandine\/1\"  target=\"_blank\" rel=\"noopener noreferrer nofollow\">Ici.<\/a><span><\/span>. Suite sur le prochain article.<\/p>\n<p>Les P\u00e8res de l\u2019\u00c9glise\/Tome 3\/Livre III.,<a target=\"_blank\" rel=\"nofollow\" href=\"https:\/\/editionsbussiere.com\/blog\/goto\/https:\/\/fr.wikisource.org\/wiki\/Les_P%C3%A8res_de_l%E2%80%99%C3%89glise\/Tome_3\/Livre_III\"  target=\"_blank\" rel=\"noopener noreferrer nofollow\">L\u2019article de presse.<\/a><span><\/span>. Suite sur le prochain article.<\/p>\n<p>Le Grand Chef des Aucas\/Chapitre 78.,<a target=\"_blank\" rel=\"nofollow\" href=\"https:\/\/editionsbussiere.com\/blog\/goto\/https:\/\/fr.wikisource.org\/wiki\/Le_Grand_Chef_des_Aucas\/Chapitre_78\"  target=\"_blank\" rel=\"noopener noreferrer nofollow\">L\u2019article de presse.<\/a><span><\/span>. Suite sur le prochain article.<\/p>\n<p>La Jeunesse blanche (1913)\/La Pri\u00e8re.,<a target=\"_blank\" rel=\"nofollow\" href=\"https:\/\/editionsbussiere.com\/blog\/goto\/https:\/\/fr.wikisource.org\/wiki\/La_Jeunesse_blanche_(1913)\/La_Pri%C3%A8re\"  target=\"_blank\" rel=\"noopener noreferrer nofollow\">Article complet.<\/a><span><\/span><\/p>\n<p>Chair molle\/2\/2.,<a target=\"_blank\" rel=\"nofollow\" href=\"https:\/\/editionsbussiere.com\/blog\/goto\/https:\/\/fr.wikisource.org\/wiki\/Chair_molle\/2\/2\"  target=\"_blank\" rel=\"noopener noreferrer nofollow\">Le post d\u2019actualit\u00e9.<\/a><span><\/span>. Suite sur le prochain article.<\/p>\n<\/div>\n<p><img decoding=\"async\" class=\"wpe_imgrss\" src=\"https:\/\/editionsbussiere.com\/blog\/wp-content\/uploads\/2024\/08\/La-statue-de-Fatima-produit-un-miracle-a-la-basilique-1024x574-2.jpg\">Cet article a \u00e9t\u00e9 reconstitu\u00e9 du mieux possible. Dans l\u2019hypoth\u00e8se o\u00f9 vous souhaitez apporter quelques modifications concernant le th\u00e8me \u00ab\u00a0Editions \u00e9sot\u00e9rique fond\u00e9e en 1927\u00a0\u00bb, il est possible de discuter avec notre r\u00e9daction. Vous pouvez tirer profit de cet article traitant le sujet \u00ab\u00a0Editions \u00e9sot\u00e9rique fond\u00e9e en 1927\u00a0\u00bb. Il est concoct\u00e9 par l\u2019\u00e9quipe editionsbussiere.com. Le site editionsbussiere.com est fait pour cr\u00e9er divers posts autour du th\u00e8me Editions \u00e9sot\u00e9rique fond\u00e9e en 1927 d\u00e9velopp\u00e9es sur internet. Consultez notre site internet editionsbussiere.com et nos r\u00e9seaux sociaux pour \u00eatre au courant des futures annonces.<\/p>\n","protected":false},"excerpt":{"rendered":"<p>Connie Liptak affirme avoir pris une photo de la statue de Notre-Dame de Fatima, la Vierge p\u00e8lerine internationale, fermant et ouvrant les yeux lors de son arr\u00eat \u00e0 Canton Le pape Fran\u00e7ois autorise Carlo Acutis \u00e0 devenir le premier saint mill\u00e9naire Le pape Fran\u00e7ois a approuv\u00e9 la canonisation de Carlo Acutis, un jeune de 15 [&hellip;]<\/p>\n","protected":false},"author":3,"featured_media":1113,"comment_status":"closed","ping_status":"closed","sticky":false,"template":"","format":"standard","meta":{"footnotes":""},"categories":[3],"tags":[],"class_list":["post-1112","post","type-post","status-publish","format-standard","has-post-thumbnail","hentry","category-editions-esoterique-fondee-en-1927-depeches","entry","fw-tab-6 fw-tabr-4","has-featured-image"],"yoast_head":"<!-- This site is optimized with the Yoast SEO plugin v27.5 - https:\/\/yoast.com\/product\/yoast-seo-wordpress\/ -->\n<title>Une femme de l\u2019Ohio affirme avoir vu une statue de la Vierge Marie ouverte et les yeux ferm\u00e9s afin de croire en la Vierge Marie. - EDITIONSBUSSIERE<\/title>\n<meta name=\"robots\" content=\"index, follow, max-snippet:-1, max-image-preview:large, max-video-preview:-1\" \/>\n<link rel=\"canonical\" href=\"https:\/\/editionsbussiere.com\/blog\/une-femme-de-lohio-affirme-avoir-vu-une-statue-de-la-vierge-marie-ouverte-et-les-yeux-fermes-afin-de-croire-en-la-vierge-marie\/\" \/>\n<meta property=\"og:locale\" content=\"fr_FR\" \/>\n<meta property=\"og:type\" content=\"article\" \/>\n<meta property=\"og:title\" content=\"Une femme de l\u2019Ohio affirme avoir vu une statue de la Vierge Marie ouverte et les yeux ferm\u00e9s afin de croire en la Vierge Marie. - EDITIONSBUSSIERE\" \/>\n<meta property=\"og:description\" content=\"Connie Liptak affirme avoir pris une photo de la statue de Notre-Dame de Fatima, la Vierge p\u00e8lerine internationale, fermant et ouvrant les yeux lors de son arr\u00eat \u00e0 Canton Le pape Fran\u00e7ois autorise Carlo Acutis \u00e0 devenir le premier saint mill\u00e9naire Le pape Fran\u00e7ois a approuv\u00e9 la canonisation de Carlo Acutis, un jeune de 15 [&hellip;]\" \/>\n<meta property=\"og:url\" content=\"https:\/\/editionsbussiere.com\/blog\/une-femme-de-lohio-affirme-avoir-vu-une-statue-de-la-vierge-marie-ouverte-et-les-yeux-fermes-afin-de-croire-en-la-vierge-marie\/\" \/>\n<meta property=\"og:site_name\" content=\"EDITIONSBUSSIERE\" \/>\n<meta property=\"article:published_time\" content=\"2024-08-08T04:19:02+00:00\" \/>\n<meta property=\"og:image\" content=\"https:\/\/editionsbussiere.com\/blog\/wp-content\/uploads\/2024\/08\/La-statue-de-Fatima-produit-un-miracle-a-la-basilique-1024x574-2.jpg\" \/>\n<meta name=\"author\" content=\"Marie BATICLE\" \/>\n<meta name=\"twitter:card\" content=\"summary_large_image\" \/>\n<meta name=\"twitter:label1\" content=\"\u00c9crit par\" \/>\n\t<meta name=\"twitter:data1\" content=\"Marie BATICLE\" \/>\n\t<meta name=\"twitter:label2\" content=\"Dur\u00e9e de lecture estim\u00e9e\" \/>\n\t<meta name=\"twitter:data2\" content=\"12 minutes\" \/>\n<script type=\"application\/ld+json\" class=\"yoast-schema-graph\">{\"@context\":\"https:\\\/\\\/schema.org\",\"@graph\":[{\"@type\":\"Article\",\"@id\":\"https:\\\/\\\/editionsbussiere.com\\\/blog\\\/une-femme-de-lohio-affirme-avoir-vu-une-statue-de-la-vierge-marie-ouverte-et-les-yeux-fermes-afin-de-croire-en-la-vierge-marie\\\/#article\",\"isPartOf\":{\"@id\":\"https:\\\/\\\/editionsbussiere.com\\\/blog\\\/une-femme-de-lohio-affirme-avoir-vu-une-statue-de-la-vierge-marie-ouverte-et-les-yeux-fermes-afin-de-croire-en-la-vierge-marie\\\/\"},\"author\":{\"name\":\"Marie BATICLE\",\"@id\":\"https:\\\/\\\/editionsbussiere.com\\\/blog\\\/#\\\/schema\\\/person\\\/ec90e102792148c97e46ab871010dd8f\"},\"headline\":\"Une femme de l\u2019Ohio affirme avoir vu une statue de la Vierge Marie ouverte et les yeux ferm\u00e9s afin de croire en la Vierge Marie.\",\"datePublished\":\"2024-08-08T04:19:02+00:00\",\"mainEntityOfPage\":{\"@id\":\"https:\\\/\\\/editionsbussiere.com\\\/blog\\\/une-femme-de-lohio-affirme-avoir-vu-une-statue-de-la-vierge-marie-ouverte-et-les-yeux-fermes-afin-de-croire-en-la-vierge-marie\\\/\"},\"wordCount\":2360,\"publisher\":{\"@id\":\"https:\\\/\\\/editionsbussiere.com\\\/blog\\\/#organization\"},\"image\":{\"@id\":\"https:\\\/\\\/editionsbussiere.com\\\/blog\\\/une-femme-de-lohio-affirme-avoir-vu-une-statue-de-la-vierge-marie-ouverte-et-les-yeux-fermes-afin-de-croire-en-la-vierge-marie\\\/#primaryimage\"},\"thumbnailUrl\":\"https:\\\/\\\/editionsbussiere.com\\\/blog\\\/wp-content\\\/uploads\\\/2024\\\/08\\\/La-statue-de-Fatima-produit-un-miracle-a-la-basilique-1024x574-2.jpg\",\"articleSection\":[\"Editions \u00c9sot\u00e9rique Fond\u00e9e En 1927; D\u00e9p\u00e8ches:\"],\"inLanguage\":\"fr-FR\"},{\"@type\":\"WebPage\",\"@id\":\"https:\\\/\\\/editionsbussiere.com\\\/blog\\\/une-femme-de-lohio-affirme-avoir-vu-une-statue-de-la-vierge-marie-ouverte-et-les-yeux-fermes-afin-de-croire-en-la-vierge-marie\\\/\",\"url\":\"https:\\\/\\\/editionsbussiere.com\\\/blog\\\/une-femme-de-lohio-affirme-avoir-vu-une-statue-de-la-vierge-marie-ouverte-et-les-yeux-fermes-afin-de-croire-en-la-vierge-marie\\\/\",\"name\":\"Une femme de l\u2019Ohio affirme avoir vu une statue de la Vierge Marie ouverte et les yeux ferm\u00e9s afin de croire en la Vierge Marie. - EDITIONSBUSSIERE\",\"isPartOf\":{\"@id\":\"https:\\\/\\\/editionsbussiere.com\\\/blog\\\/#website\"},\"primaryImageOfPage\":{\"@id\":\"https:\\\/\\\/editionsbussiere.com\\\/blog\\\/une-femme-de-lohio-affirme-avoir-vu-une-statue-de-la-vierge-marie-ouverte-et-les-yeux-fermes-afin-de-croire-en-la-vierge-marie\\\/#primaryimage\"},\"image\":{\"@id\":\"https:\\\/\\\/editionsbussiere.com\\\/blog\\\/une-femme-de-lohio-affirme-avoir-vu-une-statue-de-la-vierge-marie-ouverte-et-les-yeux-fermes-afin-de-croire-en-la-vierge-marie\\\/#primaryimage\"},\"thumbnailUrl\":\"https:\\\/\\\/editionsbussiere.com\\\/blog\\\/wp-content\\\/uploads\\\/2024\\\/08\\\/La-statue-de-Fatima-produit-un-miracle-a-la-basilique-1024x574-2.jpg\",\"datePublished\":\"2024-08-08T04:19:02+00:00\",\"breadcrumb\":{\"@id\":\"https:\\\/\\\/editionsbussiere.com\\\/blog\\\/une-femme-de-lohio-affirme-avoir-vu-une-statue-de-la-vierge-marie-ouverte-et-les-yeux-fermes-afin-de-croire-en-la-vierge-marie\\\/#breadcrumb\"},\"inLanguage\":\"fr-FR\",\"potentialAction\":[{\"@type\":\"ReadAction\",\"target\":[\"https:\\\/\\\/editionsbussiere.com\\\/blog\\\/une-femme-de-lohio-affirme-avoir-vu-une-statue-de-la-vierge-marie-ouverte-et-les-yeux-fermes-afin-de-croire-en-la-vierge-marie\\\/\"]}]},{\"@type\":\"ImageObject\",\"inLanguage\":\"fr-FR\",\"@id\":\"https:\\\/\\\/editionsbussiere.com\\\/blog\\\/une-femme-de-lohio-affirme-avoir-vu-une-statue-de-la-vierge-marie-ouverte-et-les-yeux-fermes-afin-de-croire-en-la-vierge-marie\\\/#primaryimage\",\"url\":\"https:\\\/\\\/editionsbussiere.com\\\/blog\\\/wp-content\\\/uploads\\\/2024\\\/08\\\/La-statue-de-Fatima-produit-un-miracle-a-la-basilique-1024x574-2.jpg\",\"contentUrl\":\"https:\\\/\\\/editionsbussiere.com\\\/blog\\\/wp-content\\\/uploads\\\/2024\\\/08\\\/La-statue-de-Fatima-produit-un-miracle-a-la-basilique-1024x574-2.jpg\",\"width\":1024,\"height\":574,\"caption\":\"La statue de Fatima produit un miracle a la basilique 1024x574 2\"},{\"@type\":\"BreadcrumbList\",\"@id\":\"https:\\\/\\\/editionsbussiere.com\\\/blog\\\/une-femme-de-lohio-affirme-avoir-vu-une-statue-de-la-vierge-marie-ouverte-et-les-yeux-fermes-afin-de-croire-en-la-vierge-marie\\\/#breadcrumb\",\"itemListElement\":[{\"@type\":\"ListItem\",\"position\":1,\"name\":\"Accueil\",\"item\":\"https:\\\/\\\/editionsbussiere.com\\\/blog\\\/\"},{\"@type\":\"ListItem\",\"position\":2,\"name\":\"Une femme de l\u2019Ohio affirme avoir vu une statue de la Vierge Marie ouverte et les yeux ferm\u00e9s afin de croire en la Vierge Marie.\"}]},{\"@type\":\"WebSite\",\"@id\":\"https:\\\/\\\/editionsbussiere.com\\\/blog\\\/#website\",\"url\":\"https:\\\/\\\/editionsbussiere.com\\\/blog\\\/\",\"name\":\"EDITIONSBUSSIERE\",\"description\":\"Editions \u00e9sot\u00e9rique fond\u00e9e en 1927; site historique, A SAVOIR ET RETENIR.\",\"publisher\":{\"@id\":\"https:\\\/\\\/editionsbussiere.com\\\/blog\\\/#organization\"},\"potentialAction\":[{\"@type\":\"SearchAction\",\"target\":{\"@type\":\"EntryPoint\",\"urlTemplate\":\"https:\\\/\\\/editionsbussiere.com\\\/blog\\\/?s={search_term_string}\"},\"query-input\":{\"@type\":\"PropertyValueSpecification\",\"valueRequired\":true,\"valueName\":\"search_term_string\"}}],\"inLanguage\":\"fr-FR\"},{\"@type\":\"Organization\",\"@id\":\"https:\\\/\\\/editionsbussiere.com\\\/blog\\\/#organization\",\"name\":\"editionsbussiere\",\"url\":\"https:\\\/\\\/editionsbussiere.com\\\/blog\\\/\",\"logo\":{\"@type\":\"ImageObject\",\"inLanguage\":\"fr-FR\",\"@id\":\"https:\\\/\\\/editionsbussiere.com\\\/blog\\\/#\\\/schema\\\/logo\\\/image\\\/\",\"url\":\"https:\\\/\\\/editionsbussiere.com\\\/blog\\\/wp-content\\\/uploads\\\/2023\\\/09\\\/cropped-buss.gif\",\"contentUrl\":\"https:\\\/\\\/editionsbussiere.com\\\/blog\\\/wp-content\\\/uploads\\\/2023\\\/09\\\/cropped-buss.gif\",\"width\":298,\"height\":120,\"caption\":\"editionsbussiere\"},\"image\":{\"@id\":\"https:\\\/\\\/editionsbussiere.com\\\/blog\\\/#\\\/schema\\\/logo\\\/image\\\/\"}},{\"@type\":\"Person\",\"@id\":\"https:\\\/\\\/editionsbussiere.com\\\/blog\\\/#\\\/schema\\\/person\\\/ec90e102792148c97e46ab871010dd8f\",\"name\":\"Marie BATICLE\",\"image\":{\"@type\":\"ImageObject\",\"inLanguage\":\"fr-FR\",\"@id\":\"https:\\\/\\\/secure.gravatar.com\\\/avatar\\\/c923e52403b1b8137e2d929127211d21967e6aecaa053bd43b09da29f212e76e?s=96&d=mm&r=g\",\"url\":\"https:\\\/\\\/secure.gravatar.com\\\/avatar\\\/c923e52403b1b8137e2d929127211d21967e6aecaa053bd43b09da29f212e76e?s=96&d=mm&r=g\",\"contentUrl\":\"https:\\\/\\\/secure.gravatar.com\\\/avatar\\\/c923e52403b1b8137e2d929127211d21967e6aecaa053bd43b09da29f212e76e?s=96&d=mm&r=g\",\"caption\":\"Marie BATICLE\"},\"url\":\"https:\\\/\\\/editionsbussiere.com\\\/blog\\\/author\\\/eremarie\\\/\"}]}<\/script>\n<!-- \/ Yoast SEO plugin. -->","yoast_head_json":{"title":"Une femme de l\u2019Ohio affirme avoir vu une statue de la Vierge Marie ouverte et les yeux ferm\u00e9s afin de croire en la Vierge Marie. - EDITIONSBUSSIERE","robots":{"index":"index","follow":"follow","max-snippet":"max-snippet:-1","max-image-preview":"max-image-preview:large","max-video-preview":"max-video-preview:-1"},"canonical":"https:\/\/editionsbussiere.com\/blog\/une-femme-de-lohio-affirme-avoir-vu-une-statue-de-la-vierge-marie-ouverte-et-les-yeux-fermes-afin-de-croire-en-la-vierge-marie\/","og_locale":"fr_FR","og_type":"article","og_title":"Une femme de l\u2019Ohio affirme avoir vu une statue de la Vierge Marie ouverte et les yeux ferm\u00e9s afin de croire en la Vierge Marie. - EDITIONSBUSSIERE","og_description":"Connie Liptak affirme avoir pris une photo de la statue de Notre-Dame de Fatima, la Vierge p\u00e8lerine internationale, fermant et ouvrant les yeux lors de son arr\u00eat \u00e0 Canton Le pape Fran\u00e7ois autorise Carlo Acutis \u00e0 devenir le premier saint mill\u00e9naire Le pape Fran\u00e7ois a approuv\u00e9 la canonisation de Carlo Acutis, un jeune de 15 [&hellip;]","og_url":"https:\/\/editionsbussiere.com\/blog\/une-femme-de-lohio-affirme-avoir-vu-une-statue-de-la-vierge-marie-ouverte-et-les-yeux-fermes-afin-de-croire-en-la-vierge-marie\/","og_site_name":"EDITIONSBUSSIERE","article_published_time":"2024-08-08T04:19:02+00:00","og_image":[{"url":"https:\/\/editionsbussiere.com\/blog\/wp-content\/uploads\/2024\/08\/La-statue-de-Fatima-produit-un-miracle-a-la-basilique-1024x574-2.jpg","type":"","width":"","height":""}],"author":"Marie BATICLE","twitter_card":"summary_large_image","twitter_misc":{"\u00c9crit par":"Marie BATICLE","Dur\u00e9e de lecture estim\u00e9e":"12 minutes"},"schema":{"@context":"https:\/\/schema.org","@graph":[{"@type":"Article","@id":"https:\/\/editionsbussiere.com\/blog\/une-femme-de-lohio-affirme-avoir-vu-une-statue-de-la-vierge-marie-ouverte-et-les-yeux-fermes-afin-de-croire-en-la-vierge-marie\/#article","isPartOf":{"@id":"https:\/\/editionsbussiere.com\/blog\/une-femme-de-lohio-affirme-avoir-vu-une-statue-de-la-vierge-marie-ouverte-et-les-yeux-fermes-afin-de-croire-en-la-vierge-marie\/"},"author":{"name":"Marie BATICLE","@id":"https:\/\/editionsbussiere.com\/blog\/#\/schema\/person\/ec90e102792148c97e46ab871010dd8f"},"headline":"Une femme de l\u2019Ohio affirme avoir vu une statue de la Vierge Marie ouverte et les yeux ferm\u00e9s afin de croire en la Vierge Marie.","datePublished":"2024-08-08T04:19:02+00:00","mainEntityOfPage":{"@id":"https:\/\/editionsbussiere.com\/blog\/une-femme-de-lohio-affirme-avoir-vu-une-statue-de-la-vierge-marie-ouverte-et-les-yeux-fermes-afin-de-croire-en-la-vierge-marie\/"},"wordCount":2360,"publisher":{"@id":"https:\/\/editionsbussiere.com\/blog\/#organization"},"image":{"@id":"https:\/\/editionsbussiere.com\/blog\/une-femme-de-lohio-affirme-avoir-vu-une-statue-de-la-vierge-marie-ouverte-et-les-yeux-fermes-afin-de-croire-en-la-vierge-marie\/#primaryimage"},"thumbnailUrl":"https:\/\/editionsbussiere.com\/blog\/wp-content\/uploads\/2024\/08\/La-statue-de-Fatima-produit-un-miracle-a-la-basilique-1024x574-2.jpg","articleSection":["Editions \u00c9sot\u00e9rique Fond\u00e9e En 1927; D\u00e9p\u00e8ches:"],"inLanguage":"fr-FR"},{"@type":"WebPage","@id":"https:\/\/editionsbussiere.com\/blog\/une-femme-de-lohio-affirme-avoir-vu-une-statue-de-la-vierge-marie-ouverte-et-les-yeux-fermes-afin-de-croire-en-la-vierge-marie\/","url":"https:\/\/editionsbussiere.com\/blog\/une-femme-de-lohio-affirme-avoir-vu-une-statue-de-la-vierge-marie-ouverte-et-les-yeux-fermes-afin-de-croire-en-la-vierge-marie\/","name":"Une femme de l\u2019Ohio affirme avoir vu une statue de la Vierge Marie ouverte et les yeux ferm\u00e9s afin de croire en la Vierge Marie. - EDITIONSBUSSIERE","isPartOf":{"@id":"https:\/\/editionsbussiere.com\/blog\/#website"},"primaryImageOfPage":{"@id":"https:\/\/editionsbussiere.com\/blog\/une-femme-de-lohio-affirme-avoir-vu-une-statue-de-la-vierge-marie-ouverte-et-les-yeux-fermes-afin-de-croire-en-la-vierge-marie\/#primaryimage"},"image":{"@id":"https:\/\/editionsbussiere.com\/blog\/une-femme-de-lohio-affirme-avoir-vu-une-statue-de-la-vierge-marie-ouverte-et-les-yeux-fermes-afin-de-croire-en-la-vierge-marie\/#primaryimage"},"thumbnailUrl":"https:\/\/editionsbussiere.com\/blog\/wp-content\/uploads\/2024\/08\/La-statue-de-Fatima-produit-un-miracle-a-la-basilique-1024x574-2.jpg","datePublished":"2024-08-08T04:19:02+00:00","breadcrumb":{"@id":"https:\/\/editionsbussiere.com\/blog\/une-femme-de-lohio-affirme-avoir-vu-une-statue-de-la-vierge-marie-ouverte-et-les-yeux-fermes-afin-de-croire-en-la-vierge-marie\/#breadcrumb"},"inLanguage":"fr-FR","potentialAction":[{"@type":"ReadAction","target":["https:\/\/editionsbussiere.com\/blog\/une-femme-de-lohio-affirme-avoir-vu-une-statue-de-la-vierge-marie-ouverte-et-les-yeux-fermes-afin-de-croire-en-la-vierge-marie\/"]}]},{"@type":"ImageObject","inLanguage":"fr-FR","@id":"https:\/\/editionsbussiere.com\/blog\/une-femme-de-lohio-affirme-avoir-vu-une-statue-de-la-vierge-marie-ouverte-et-les-yeux-fermes-afin-de-croire-en-la-vierge-marie\/#primaryimage","url":"https:\/\/editionsbussiere.com\/blog\/wp-content\/uploads\/2024\/08\/La-statue-de-Fatima-produit-un-miracle-a-la-basilique-1024x574-2.jpg","contentUrl":"https:\/\/editionsbussiere.com\/blog\/wp-content\/uploads\/2024\/08\/La-statue-de-Fatima-produit-un-miracle-a-la-basilique-1024x574-2.jpg","width":1024,"height":574,"caption":"La statue de Fatima produit un miracle a la basilique 1024x574 2"},{"@type":"BreadcrumbList","@id":"https:\/\/editionsbussiere.com\/blog\/une-femme-de-lohio-affirme-avoir-vu-une-statue-de-la-vierge-marie-ouverte-et-les-yeux-fermes-afin-de-croire-en-la-vierge-marie\/#breadcrumb","itemListElement":[{"@type":"ListItem","position":1,"name":"Accueil","item":"https:\/\/editionsbussiere.com\/blog\/"},{"@type":"ListItem","position":2,"name":"Une femme de l\u2019Ohio affirme avoir vu une statue de la Vierge Marie ouverte et les yeux ferm\u00e9s afin de croire en la Vierge Marie."}]},{"@type":"WebSite","@id":"https:\/\/editionsbussiere.com\/blog\/#website","url":"https:\/\/editionsbussiere.com\/blog\/","name":"EDITIONSBUSSIERE","description":"Editions \u00e9sot\u00e9rique fond\u00e9e en 1927; site historique, A SAVOIR ET RETENIR.","publisher":{"@id":"https:\/\/editionsbussiere.com\/blog\/#organization"},"potentialAction":[{"@type":"SearchAction","target":{"@type":"EntryPoint","urlTemplate":"https:\/\/editionsbussiere.com\/blog\/?s={search_term_string}"},"query-input":{"@type":"PropertyValueSpecification","valueRequired":true,"valueName":"search_term_string"}}],"inLanguage":"fr-FR"},{"@type":"Organization","@id":"https:\/\/editionsbussiere.com\/blog\/#organization","name":"editionsbussiere","url":"https:\/\/editionsbussiere.com\/blog\/","logo":{"@type":"ImageObject","inLanguage":"fr-FR","@id":"https:\/\/editionsbussiere.com\/blog\/#\/schema\/logo\/image\/","url":"https:\/\/editionsbussiere.com\/blog\/wp-content\/uploads\/2023\/09\/cropped-buss.gif","contentUrl":"https:\/\/editionsbussiere.com\/blog\/wp-content\/uploads\/2023\/09\/cropped-buss.gif","width":298,"height":120,"caption":"editionsbussiere"},"image":{"@id":"https:\/\/editionsbussiere.com\/blog\/#\/schema\/logo\/image\/"}},{"@type":"Person","@id":"https:\/\/editionsbussiere.com\/blog\/#\/schema\/person\/ec90e102792148c97e46ab871010dd8f","name":"Marie BATICLE","image":{"@type":"ImageObject","inLanguage":"fr-FR","@id":"https:\/\/secure.gravatar.com\/avatar\/c923e52403b1b8137e2d929127211d21967e6aecaa053bd43b09da29f212e76e?s=96&d=mm&r=g","url":"https:\/\/secure.gravatar.com\/avatar\/c923e52403b1b8137e2d929127211d21967e6aecaa053bd43b09da29f212e76e?s=96&d=mm&r=g","contentUrl":"https:\/\/secure.gravatar.com\/avatar\/c923e52403b1b8137e2d929127211d21967e6aecaa053bd43b09da29f212e76e?s=96&d=mm&r=g","caption":"Marie BATICLE"},"url":"https:\/\/editionsbussiere.com\/blog\/author\/eremarie\/"}]}},"_links":{"self":[{"href":"https:\/\/editionsbussiere.com\/blog\/wp-json\/wp\/v2\/posts\/1112","targetHints":{"allow":["GET"]}}],"collection":[{"href":"https:\/\/editionsbussiere.com\/blog\/wp-json\/wp\/v2\/posts"}],"about":[{"href":"https:\/\/editionsbussiere.com\/blog\/wp-json\/wp\/v2\/types\/post"}],"author":[{"embeddable":true,"href":"https:\/\/editionsbussiere.com\/blog\/wp-json\/wp\/v2\/users\/3"}],"replies":[{"embeddable":true,"href":"https:\/\/editionsbussiere.com\/blog\/wp-json\/wp\/v2\/comments?post=1112"}],"version-history":[{"count":0,"href":"https:\/\/editionsbussiere.com\/blog\/wp-json\/wp\/v2\/posts\/1112\/revisions"}],"wp:featuredmedia":[{"embeddable":true,"href":"https:\/\/editionsbussiere.com\/blog\/wp-json\/wp\/v2\/media\/1113"}],"wp:attachment":[{"href":"https:\/\/editionsbussiere.com\/blog\/wp-json\/wp\/v2\/media?parent=1112"}],"wp:term":[{"taxonomy":"category","embeddable":true,"href":"https:\/\/editionsbussiere.com\/blog\/wp-json\/wp\/v2\/categories?post=1112"},{"taxonomy":"post_tag","embeddable":true,"href":"https:\/\/editionsbussiere.com\/blog\/wp-json\/wp\/v2\/tags?post=1112"}],"curies":[{"name":"wp","href":"https:\/\/api.w.org\/{rel}","templated":true}]}}