{"id":1110,"date":"2024-08-08T06:19:00","date_gmt":"2024-08-08T04:19:00","guid":{"rendered":"https:\/\/editionsbussiere.com\/blog\/une-femme-de-lohio-affirme-avoir-vu-une-statue-de-la-vierge-marie-ouverte-et-les-yeux-fermes-pour-se-devouer-a-la-mere-de-dieu\/"},"modified":"2024-08-08T06:19:00","modified_gmt":"2024-08-08T04:19:00","slug":"une-femme-de-lohio-affirme-avoir-vu-une-statue-de-la-vierge-marie-ouverte-et-les-yeux-fermes-pour-se-devouer-a-la-mere-de-dieu","status":"publish","type":"post","link":"https:\/\/editionsbussiere.com\/blog\/une-femme-de-lohio-affirme-avoir-vu-une-statue-de-la-vierge-marie-ouverte-et-les-yeux-fermes-pour-se-devouer-a-la-mere-de-dieu\/","title":{"rendered":"Une femme de l\u2019Ohio affirme avoir vu une statue de la Vierge Marie ouverte et les yeux ferm\u00e9s\n pour se d\u00e9vouer \u00e0 la m\u00e8re de dieu ."},"content":{"rendered":"<div><img width=\"580\" height=\"325\" src=\"https:\/\/editionsbussiere.com\/blog\/wp-content\/uploads\/2024\/08\/La-statue-de-Fatima-produit-un-miracle-a-la-basilique-1024x574-1.jpg\" class=\"attachment-large size-large wp-post-image\" alt=\"La statue de Fatima produit un miracle \u00e0 la basilique\" style=\"float:left; margin:0 15px 15px 0;\" decoding=\"async\" loading=\"lazy\" srcset=\"https:\/\/editionsbussiere.com\/blog\/wp-content\/uploads\/2024\/08\/La-statue-de-Fatima-produit-un-miracle-a-la-basilique-1024x574-1.jpg 1024w, https:\/\/www.n42.fr\/wp-content\/uploads\/2024\/08\/La-statue-de-Fatima-produit-un-miracle-a-la-basilique-300x168.jpg 300w, https:\/\/www.n42.fr\/wp-content\/uploads\/2024\/08\/La-statue-de-Fatima-produit-un-miracle-a-la-basilique-768x431.jpg 768w, https:\/\/www.n42.fr\/wp-content\/uploads\/2024\/08\/La-statue-de-Fatima-produit-un-miracle-a-la-basilique.jpg 1200w\" sizes=\"auto, (max-width: 580px) 100vw, 580px\"><\/p>\n<p>\n<\/p>\n<div id=\"\">\n<p><story-emphasis util-module-path=\"elements\/story\" section=\"news\" link=\"\/news\"><\/story-emphasis><\/p>\n<hr class=\"colorbar section-news\">\n<h2 class=\"display-5 subhead spacer-small\">Connie Liptak affirme avoir pris une photo de la statue de Notre-Dame de Fatima, la Vierge p\u00e8lerine internationale, fermant et ouvrant les yeux lors de son arr\u00eat \u00e0 Canton<\/h2>\n<div id=\"videoWrap\" class=\"spacer-large videoWrap\" style=\"position:relative\"><media-video video-id=\"74269370007\" title=\"Pope Francis okays Carlo Acutis to become the first millennial saint\" poster=\"https:\/\/www.gannett-cdn.com\/authoring\/authoring-images\/2024\/07\/01\/USAT\/74269474007-millennial-saint.jpg?crop=1919,1079,x0,y0\" util-module-path=\"elements\/media\" placement=\"snow-video-story-priority\"><\/p>\n<div id=\"uwVideoPlaceholder\" slot=\"placeholder\" style=\"z-index:19;width:100%;padding-bottom:56.25%;position:relative\">\n<div class=\"vidplaybtn\" style=\"display:-moz-box;display:-ms-flexbox;display:-webkit-flex;display:flex;background-color:rgba(0,0,0,.4);border:2px solid #fff;border-radius:80px;cursor:pointer;height:80px;width:80px;position:absolute;top:50%;left:50%;transform:translate(-50%,-50%);z-index:10\"><\/div>\n<\/div>\n<div slot=\"videoDetails\" id=\"videoDetails\" class=\"videoDetails\" style=\"padding-top:8px;padding-bottom:8px\">\n<div id=\"videoDetailsContainer\" class=\"videoDetailsContainer\" hidden=\"\">\n<p>Le pape Fran\u00e7ois autorise Carlo Acutis \u00e0 devenir le premier saint mill\u00e9naire<\/p>\n<p>Le pape Fran\u00e7ois a approuv\u00e9 la canonisation de Carlo Acutis, un jeune de 15 ans d\u00e9c\u00e9d\u00e9 en 2006 d\u2019une leuc\u00e9mie.<\/p>\n<\/div>\n<\/div>\n<p><\/media-video><\/div>\n<p>Une femme de l\u2019Ohio affirme avoir \u00e9t\u00e9 t\u00e9moin d\u2019un miracle, mais les dirigeants de l\u2019\u00e9glise locale sont sceptiques.<\/p>\n<partner-banner util-module-path=\"elements\/partner\" class=\"spacer-large\" min-height=\"600\" fluid=\"\" outstream=\"\" momentum=\"\"><\/partner-banner>\n<p>Connie Liptak a d\u00e9clar\u00e9 \u00e0 WJW, filiale de Cleveland FOX, qu\u2019elle avait photographi\u00e9 la statue internationale de la Vierge p\u00e8lerine de Notre-Dame de Fatima fermant et ouvrant les yeux lors de l\u2019arr\u00eat de la tourn\u00e9e de la statue inanim\u00e9e \u00e0 Canton.<\/p>\n<p>\u00ab Je savais que c\u2019\u00e9tait un miracle parce que je l\u2019avais observ\u00e9e toute la matin\u00e9e \u00bb, a d\u00e9clar\u00e9 Liptak \u00e0 la station. \u00ab Ils sont vraiment ferm\u00e9s. Je veux dire, on peut vraiment voir que ses cils sont baiss\u00e9s. \u00bb<\/p>\n<p>Le r\u00e9v\u00e9rend David Misbrener, pasteur de la basilique Saint-Jean-Baptiste o\u00f9 Liptak affirme que le miracle s\u2019est produit, a d\u00e9clar\u00e9 au Canton Repository \u2013 qui fait partie du r\u00e9seau USA TODAY \u2013 qu\u2019il avait des doutes sur ce qui s\u2019est pass\u00e9.<\/p>\n<p>\u00ab Je suis un peu sceptique \u00e0 ce sujet, et l\u2019\u00c9glise est tr\u00e8s prudente \u00e0 ce sujet \u00bb, a d\u00e9clar\u00e9 Misbrener au journal. \u00ab Tout peut arriver avec un appareil photo. Mon point de vue est que si quelqu\u2019un en a b\u00e9n\u00e9fici\u00e9 spirituellement ou physiquement, il a fait son travail. \u00bb<\/p>\n<partner-banner util-module-path=\"elements\/partner\" fluid=\"\" bottom=\"\" lazy=\"\" class=\"spacer-large\" min-height=\"390\" outstream=\"\"><\/partner-banner><media-image image-set=\"https:\/\/www.gannett-cdn.com\/authoring\/authoring-images\/2024\/06\/12\/NREP\/74069614007-06-sacred-image-022610199-x-300.jpg bestCrop, https:\/\/www.gannett-cdn.com\/authoring\/authoring-images\/2024\/06\/12\/NREP\/74069614007-06-sacred-image-022610199-x-300.jpg?crop=198,149,x0,y75 4:3, https:\/\/www.gannett-cdn.com\/authoring\/authoring-images\/2024\/06\/12\/NREP\/74069614007-06-sacred-image-022610199-x-300.jpg?crop=198,265,x0,y17 3:4, https:\/\/www.gannett-cdn.com\/authoring\/authoring-images\/2024\/06\/12\/NREP\/74069614007-06-sacred-image-022610199-x-300.jpg?crop=198,111,x0,y90 16:9\" image-alt=\"\" credit=\"World Apostolate of Fatima, USA\" caption=\"Our Lady of Fatima\" orientation=\"vertical\" class=\"spacer-large\" util-module-path=\"elements\/media\"><\/media-image><\/p>\n<h2 class=\"presto-h2 wp-block-heading\">Les autres l\u00e9gendes sur la statue de la Vierge Marie<\/h2>\n<p>Les croyants attribuent de multiples miracles \u00e0 la m\u00eame statue, notamment des gu\u00e9risons et des ph\u00e9nom\u00e8nes astraux.<\/p>\n<partner-inline util-module-path=\"elements\/partner\" class=\"spacer-large\" placement=\"native-article_link\" sizes=\"[[300, 250], [3, 3]]\" min-height=\"250\" fluid=\"\" outstream=\"\"><\/partner-inline>\n<p>\u00ab Nous savons qu\u2019elle a pleur\u00e9 15 fois \u00bb, a d\u00e9clar\u00e9 \u00e0 WJW Larry Maginot, le gardien de la statue.<\/p>\n<p>Malgr\u00e9 le scepticisme du r\u00e9v\u00e9rend quant aux all\u00e9gations d\u2019une statue clignotante, Misbrener a d\u00e9clar\u00e9 au Repository qu\u2019un autre type de miracle s\u2019\u00e9tait produit lors de l\u2019arr\u00eat de la tourn\u00e9e.<\/p>\n<p>\u00ab Je dirais que le miracle, c\u2019est que les gens se rassemblent dans les \u00e9glises et prient \u00bb, a-t-il d\u00e9clar\u00e9. \u00ab Nous avons besoin de beaucoup d\u2019espoir dans notre soci\u00e9t\u00e9. Nous sommes en pleine mutation en ce moment. \u00bb<\/p>\n<h2 class=\"presto-h2 wp-block-heading\">Qu\u2019est-ce que la Statue P\u00e8lerine Internationale de Notre-Dame de Fatima ?<\/h2>\n<partner-inline util-module-path=\"elements\/partner\" placement=\"native-article_link\" sizes=\"[[300, 250], [3, 3]]\" min-height=\"250\" fluid=\"\" outstream=\"\"><\/partner-inline>\n<p>La statue a \u00e9t\u00e9 command\u00e9e en 1947 \u00e0 Fatima, au Portugal, en souvenir d\u2019une s\u00e9rie d\u2019apparitions rapport\u00e9es de la Vierge Marie \u00e0 trois enfants paysans, Lucia dos Santos et ses cousins \u200b\u200bFrancisco et Jacinta Marto, entre le 13 mai 1917 et le 13 octobre 1917.<\/p>\n<p>La statue a \u00e9t\u00e9 r\u00e9alis\u00e9e \u00e0 partir d\u2019une description donn\u00e9e par dos Santos, l\u2019a\u00een\u00e9e des enfants et la seule \u00e0 avoir dit avoir parl\u00e9 \u00e0 Marie, d\u00e9clarant aux autorit\u00e9s eccl\u00e9siastiques que Marie lui avait r\u00e9v\u00e9l\u00e9 trois messages secrets sur l\u2019avenir. Elle est devenue religieuse carm\u00e9lite et est d\u00e9c\u00e9d\u00e9e en 2005 \u00e0 l\u2019\u00e2ge de 97 ans.<\/p>\n<partner-banner util-module-path=\"elements\/partner\" fluid=\"\" bottom=\"\" lazy=\"\" class=\"spacer-large\" min-height=\"600\" outstream=\"\" momentum=\"\"><\/partner-banner><media-gallery-promo asset-id=\"1410095\" class=\"column ten-column no-gutter spacer-large\"><\/media-gallery-promo><\/p>\n<p>Le Vatican a officiellement accept\u00e9 le r\u00e9cit des enfants en 1930. Les fr\u00e8res et s\u0153urs Marto, d\u00e9c\u00e9d\u00e9s \u00e0 10 et 11 ans, ont \u00e9t\u00e9 canonis\u00e9s par le pape Fran\u00e7ois en 2017. S\u0153ur dos Santos a \u00e9t\u00e9 canonis\u00e9e en 2023.<\/p>\n<p>La statue a \u00e9t\u00e9 expos\u00e9e dans plus de 100 pays et effectue actuellement une tourn\u00e9e aux \u00c9tats-Unis qui se terminera fin septembre.<\/p>\n<lit-timestamp class=\"column ten-column no-gutter spacer-small\" slot=\"timestamp\" publishdate=\"2024-08-08 01:39:16 +0000 UTC\" updatedate=\"2024-08-08 01:39:23 +0000 UTC\"><\/lit-timestamp><\/div>\n<h2>\n<\/h2>\n<p>La Signification de l\u2019Intercession de Marie<\/p>\n<p>La pri\u00e8re \u00e0 Marie repr\u00e9sente un \u00e9l\u00e9ment crucial de la spiritualit\u00e9 chr\u00e9tienne, profond\u00e9ment ancr\u00e9e dans les enseignements catholique depuis des temps imm\u00e9moriaux. C\u2019est un fondement sur lequel les croyants s\u2019appuient pour obtenir confort, guidance et intercession dans leur relation avec Dieu. Au fil du temps, cette pi\u00e9t\u00e9 a \u00e9t\u00e9 renforc\u00e9e par les enseignements de la Bible, les coutumes eccl\u00e9siastiques, ainsi que le mod\u00e8le des saints et saintes qui ont honor\u00e9 Marie m\u00e8re spirituelle aimante.<\/p>\n<h3>\n<\/h3>\n<p>L\u2019application du Rosaire<\/p>\n<p>Le Chapelet tient une position centrale au sein de la spiritualit\u00e9 de un grand nombre de fid\u00e8les. En r\u00e9citant les myst\u00e8res joyeux, douloureux, lumineux et glorieux, les d\u00e9vots se plongent dans les moments de la vie de J\u00e9sus et de Marie, renfor\u00e7ant leur lien spirituel avec le divin. \u00c0 travers chaque Ave Maria, ils expriment leur confiance en l\u2019intercession de Marie et leur d\u00e9sir de suivre les enseignements du Christ. Saint Louis-Marie Grignion de Montfort, dans son livre sur la vraie d\u00e9votion \u00e0 la Sainte Vierge, invite les fid\u00e8les \u00e0 pratiquer r\u00e9guli\u00e8rement la m\u00e9ditation des diff\u00e9rents myst\u00e8res du rosaire pour approfondir leur lien avec la M\u00e8re de Dieu. Cette pratique ancienne, transmise de g\u00e9n\u00e9ration en g\u00e9n\u00e9ration, reste un phare spirituel pour ceux qui ont la foi, les aidant \u00e0 se connecter avec la divine Dame du Ciel.<\/p>\n<h3>\n<\/h3>\n<p>L\u2019appel \u00e0 la pri\u00e8re<\/p>\n<p>Unissons-nous dans la pri\u00e8re, fr\u00e8res et s\u0153urs, dans notre foi, en Marie, la m\u00e8re de notre Seigneur J\u00e9sus-Christ. Dans notre monde tourment\u00e9 par les conflits et la division, recourons \u00e0 la pri\u00e8re comme un moyen de retrouver la s\u00e9r\u00e9nit\u00e9 et la r\u00e9conciliation. Tout chr\u00e9tien peut envoyer une intention de pri\u00e8re pour la m\u00e8re de dieu <a target=\"_blank\" rel=\"nofollow\" href=\"https:\/\/editionsbussiere.com\/blog\/goto\/https:\/\/www.avemariasound.org\/\" >en faisant appel aux b\u00e9n\u00e9voles.<\/a> Que nos pri\u00e8res s\u2019\u00e9l\u00e8vent vers le ciel, comme un hommage re\u00e7u avec faveur par Dieu, pour qu\u2019il puisse \u00e9clairer nos chemins sur la voie de la justice et de la v\u00e9rit\u00e9. Saint Paul nous dans ses \u00e9p\u00eetres \u00e0 prier sans cesse, en toutes circonstances, pour que notre communion \u00e0 Dieu soit solide et passionn\u00e9e. La pri\u00e8re, lorsqu\u2019elle est offerte sinc\u00e8rement, a la capacit\u00e9 de transformer nos c\u0153urs et de modifier le cours de l\u2019histoire.<\/p>\n<h2>\n<\/h2>\n<p>Les directives du Saint-P\u00e8re<\/p>\n<p>Le Saint-P\u00e8re, dans ses \u00e9crits \u00e9clair\u00e9s, publi\u00e9s par Bayard, nous souligne l\u2019importance de la pri\u00e8re quotidienne. \u00c0 travers ses hom\u00e9lies et ses audiences g\u00e9n\u00e9rales, il nous incite \u00e0 cultiver un lien personnel avec le divin, en se fondant sur la r\u00e9flexion sur les Saintes \u00c9critures et la pratique du Rosaire. Sa mani\u00e8re d\u2019\u00eatre de compassion et d\u2019humilit\u00e9 nous inspire \u00e0 approfondir encore nos pri\u00e8res et \u00e0 rechercher la pr\u00e9sence de Dieu dans tous les domaines de notre vie. Saint Jean-Paul II, dans son encyclique portant sur la foi chr\u00e9tienne, nous rappelle que la pratique de la pri\u00e8re est la base de la vie de foi et que c\u2019est par elle que nous nous unissons \u00e0 la volont\u00e9 divine. La pratique de la pri\u00e8re, transmise par les pontifes de g\u00e9n\u00e9ration en g\u00e9n\u00e9ration, est une source d\u2019espoir en p\u00e9riode de temp\u00eate, un fondement solide auquel nous pouvons compter.<\/p>\n<h3>\n<\/h3>\n<p>Les ouvrages de Leli\u00e8vre et Hubert<\/p>\n<p>Dans le contexte de la vie de foi, l\u2019\u00e9glise recommande vivement la pri\u00e8re, et durant les moments de pri\u00e8re, les croyants accomplissent le signe de croix tout en r\u00e9citant l\u2019Ave Maria. Des penseurs contemporains, tels que Leli\u00e8vre et Hubert, nous incitent aussi \u00e0 r\u00e9fl\u00e9chir sur la puissance de la pri\u00e8re, dans leurs ouvrages inspirants. Leurs publications, riches en enseignements spirituels, nous guident dans notre parcours de la foi et nous invitent \u00e0 trouver dans les tr\u00e9sors de la tradition chr\u00e9tienne pour enrichir notre vie spirituelle. En m\u00e9ditant sur leurs publications, nous explorons de nouvelles mani\u00e8res de d\u00e9velopper notre relation avec Dieu et de grandir dans notre cheminement vers la saintet\u00e9. L\u2019ap\u00f4tre Jean, dans l\u2019\u00c9vangile, nous enseigne que le fait de prier est un puissant moyen pour rester en communion avec Dieu et de b\u00e9n\u00e9ficier ses b\u00e9n\u00e9dictions. Chaque passage de leurs \u00e9crits r\u00e9sonne comme une invitation \u00e0 une pri\u00e8re fervente et \u00e0 une existence emplie de la pr\u00e9sence divine. Dans notre recherche de connexion spirituelle, chaque \u0153uvre lue devient un appel \u00e0 aspirer \u00e0 le divin, par le biais de la contemplation et la r\u00e9flexion.<\/p>\n<h3>\n<\/h3>\n<p>L\u2019acte de prier dans la chapelle<\/p>\n<p>Dans nos chapelles simples ou grandioses, tournons-nous vers Dieu en toute confiance et humilit\u00e9, sachant qu\u2019il \u00e9coute nos pri\u00e8res avec une affection infinie. Que chaque bougie allum\u00e9e, chaque Ave Maria r\u00e9cit\u00e9, constitue une offrande \u00e0 notre divin Cr\u00e9ateur et \u00e0 sa sainte m\u00e8re, Marie. Que nos instants de d\u00e9votion dans la chapelle soient des moments de faveur divine et de renouvellement spirituel, nous renfor\u00e7ant pour faire face \u00e0 les \u00e9preuves avec audace et foi in\u00e9branlable. La sainte Bernadette Soubirous, qui a re\u00e7u les apparitions de la Vierge Marie \u00e0 Lourdes, nous d\u00e9montre l\u2019importance de la pri\u00e8re dans l\u2019existence des catholiques et l\u2019efficacit\u00e9 de l\u2019intercession de la Sainte Vierge. Chaque personne qui entre dans une chapelle, chaque verset des \u00c9critures lu dans ce lieu saint, constitue une rencontre avec le divin, une \u00e9tape sur le chemin de la transformation int\u00e9rieure. \u00c0 travers les pages des Saintes \u00c9critures, tout disciple est invit\u00e9 \u00e0 contempler sur la croix du Christ, \u00e0 r\u00e9fl\u00e9chir \u00e0 son sacrifice, et \u00e0 trouver r\u00e9confort et espoir dans la gr\u00e2ce salvatrice qu\u2019elle offre.<\/p>\n<h2>\nLa pratique de la pri\u00e8re comme m\u00e9decine pour l\u2019\u00e2me<br \/>\n<\/h2>\n<p>Tel un th\u00e9rapeute pour notre \u00eatre int\u00e9rieur, l\u2019acte de prier nous r\u00e9conforte ainsi que nous fortifie dans les moments de douleur et de d\u00e9sespoir. Elle nous rappelle que Dieu est toujours avec nous, m\u00eame lorsque nous traversons les t\u00e9n\u00e8bres les plus profondes de notre existence. En nous tournant vers lui dans la pri\u00e8re, nous trouvons la force int\u00e9rieure n\u00e9cessaire pour surmonter les \u00e9preuves et pour faire face \u00e0 l\u2019avenir avec esp\u00e9rance et confiance. La pri\u00e8re est comme une rivi\u00e8re vivifiante qui apaise notre soif spirituelle et, au cours de notre marche avec Dieu, nous r\u00e9g\u00e9n\u00e8re.<br \/>\n\u00c0 chaque pri\u00e8re prononc\u00e9e, \u00e0 chaque intention port\u00e9e, nous trouvons une paix divine, une gu\u00e9rison spirituelle, qui d\u00e9passe les limites de notre condition terrestre. Chaque verset de la Bible nous invite \u00e0 \u00e9changer avec Dieu, \u00e0 lui confier nos fardeaux, et \u00e0 recevoir sa gr\u00e2ce transformante.<\/p>\n<h2>Une vision alternative sur l\u2019acte de prier Marie<\/h2>\n<p>La d\u00e9votion \u00e0 Marie repr\u00e9sente une coutume \u00e9troitement enracin\u00e9e dans le patrimoine catholique chr\u00e9tienne, fournissant un lien spirituel pr\u00e9cieux pour les adeptes de tous horizons. En tant que m\u00e8re spirituelle et interm\u00e9diaire, elle est pri\u00e9e avec d\u00e9votion dans les moments de besoin et de gratitude. Le chapelet, avec ses myst\u00e8res \u00e0 m\u00e9diter, accompagne les croyants dans leur cheminement spirituel, les encourageant \u00e0 m\u00e9diter sur J\u00e9sus, son fils, \u00e0 travers les yeux de la Vierge Marie. Cette d\u00e9votion mariale s\u2019exprime dans les lieux saints tel que le sanctuaire de Lourdes, o\u00f9 les visiteurs se rassemblent \u00e0 la recherche de consolation et de gu\u00e9rison, illustrant le lien profond entre la foi catholique et l\u2019adoration de Marie. Les \u00e9crits \u00e9clairants de th\u00e9ologiens comme Leli\u00e8vre et Hubert proposent une r\u00e9flexion pr\u00e9cieuse sur l\u2019importance de la pri\u00e8re \u00e0 Marie et son r\u00f4le dans la vie spirituelle des croyants. \u00c0 travers la lecture attentive de textes de d\u00e9votion et des \u00c9critures, les adeptes approfondissent leur compr\u00e9hension de la v\u00e9n\u00e9ration de Marie et cultivent une relation plus profonde avec Marie, notre m\u00e8re dans la foi. Dans un monde marqu\u00e9 par les conflits et les troubles, la pri\u00e8re \u00e0 Marie est un sanctuaire de calme et de confiance, appelant chaque personne, quel que soit son statut dans la foi catholique-chr\u00e9tienne, \u00e0 s\u2019adresser \u00e0 la Dame du Ciel avec une foi profonde et une d\u00e9votion sinc\u00e8re. Unissons donc nos pri\u00e8res, avec sinc\u00e9rit\u00e9 et humilit\u00e9, en honorant Marie comme notre m\u00e8re et notre intercesseur, et en lui confiant nos pri\u00e8res et nos d\u00e9sirs les plus profonds. Dans cette d\u00e9marche de foi, chaque fid\u00e8le est appel\u00e9 \u00e0 suivre la voie des pri\u00e8res et des d\u00e9sirs du c\u0153ur, guid\u00e9 par le saint P\u00e8re et les ressources spirituelles inestimables disponibles sur des plateformes comme Aleteia. De cette mani\u00e8re, avec une humble confiance et un c\u0153ur ouvert, \u00e9levons notre pri\u00e8re quotidienne vers Marie, lui demandant son intercession maternelle, et la gr\u00e2ce de pers\u00e9v\u00e9rer dans la pri\u00e8re fervente.<br \/>\nQue notre communion avec le divin devienne notre sanctuaire et notre apaisement en toute circonstance. Que nous nous orientions en direction de Marie, notre m\u00e8re du ciel, avec un c\u0153ur ouvert et une foi in\u00e9branlable, sachant qu\u2019elle interc\u00e8de pour nous aupr\u00e8s de son fils bien-aim\u00e9. Que la pri\u00e8re nous guide sur le chemin de la saintet\u00e9, nous rapprochant toujours plus de Dieu et de son amour infini.<\/p>\n<p>Ouvrages sur le m\u00eame th\u00e8me:<\/p>\n<p>Po\u00e8mes antiques\/H\u00e9l\u00e8ne.,<a target=\"_blank\" rel=\"nofollow\" href=\"https:\/\/editionsbussiere.com\/blog\/goto\/https:\/\/fr.wikisource.org\/wiki\/Po%C3%A8mes_antiques\/H%C3%A9l%C3%A8ne\"  target=\"_blank\" rel=\"noopener noreferrer nofollow\">L\u2019article ICI.<\/a><span><\/span><\/p>\n<p>Ma\u00eetre Zacharius\/4.,<a target=\"_blank\" rel=\"nofollow\" href=\"https:\/\/editionsbussiere.com\/blog\/goto\/https:\/\/fr.wikisource.org\/wiki\/Ma%C3%AEtre_Zacharius\/4\"  target=\"_blank\" rel=\"noopener noreferrer nofollow\">Cliquer ICI.<\/a><span><\/span><\/p>\n<p>Les Foules de Lourdes\/Chapitre X.,<a target=\"_blank\" rel=\"nofollow\" href=\"https:\/\/editionsbussiere.com\/blog\/goto\/https:\/\/fr.wikisource.org\/wiki\/Les_Foules_de_Lourdes\/Chapitre_X\"  target=\"_blank\" rel=\"noopener noreferrer nofollow\">Cliquer ICI.<\/a><span><\/span><\/p>\n<p>La Maison aux phlox\/3\/08.,<a target=\"_blank\" rel=\"nofollow\" href=\"https:\/\/editionsbussiere.com\/blog\/goto\/https:\/\/fr.wikisource.org\/wiki\/La_Maison_aux_phlox\/3\/08\"  target=\"_blank\" rel=\"noopener noreferrer nofollow\">A lire ici.<\/a><span><\/span><\/p>\n<p>L\u2019Heure enchant\u00e9e.,<a target=\"_blank\" rel=\"nofollow\" href=\"https:\/\/editionsbussiere.com\/blog\/goto\/https:\/\/fr.wikisource.org\/wiki\/L%E2%80%99Heure_enchant%C3%A9e\"  target=\"_blank\" rel=\"noopener noreferrer nofollow\">Ici.<\/a><span><\/span>. Suite sur le prochain article.<\/p>\n<p>Contes de la b\u00e9casse (Havard, 1894)\/Un Normand.,<a target=\"_blank\" rel=\"nofollow\" href=\"https:\/\/editionsbussiere.com\/blog\/goto\/https:\/\/fr.wikisource.org\/wiki\/Contes_de_la_b%C3%A9casse_(Havard,_1894)\/Un_Normand\"  target=\"_blank\" rel=\"noopener noreferrer nofollow\">L\u2019article ICI.<\/a><span><\/span><\/p>\n<\/div>\n<p><img decoding=\"async\" class=\"wpe_imgrss\" src=\"https:\/\/editionsbussiere.com\/blog\/wp-content\/uploads\/2024\/08\/La-statue-de-Fatima-produit-un-miracle-a-la-basilique-1024x574-1.jpg\">Cet article a \u00e9t\u00e9 reconstitu\u00e9 du mieux possible. Dans l\u2019hypoth\u00e8se o\u00f9 vous souhaitez apporter quelques modifications concernant le th\u00e8me \u00ab\u00a0Editions \u00e9sot\u00e9rique fond\u00e9e en 1927\u00a0\u00bb, il est possible de discuter avec notre r\u00e9daction. Vous pouvez tirer profit de cet article traitant le sujet \u00ab\u00a0Editions \u00e9sot\u00e9rique fond\u00e9e en 1927\u00a0\u00bb. Il est concoct\u00e9 par l\u2019\u00e9quipe editionsbussiere.com. Le site editionsbussiere.com est fait pour cr\u00e9er divers posts autour du th\u00e8me Editions \u00e9sot\u00e9rique fond\u00e9e en 1927 d\u00e9velopp\u00e9es sur internet. Consultez notre site internet editionsbussiere.com et nos r\u00e9seaux sociaux pour \u00eatre au courant des futures annonces.<\/p>\n","protected":false},"excerpt":{"rendered":"<p>Connie Liptak affirme avoir pris une photo de la statue de Notre-Dame de Fatima, la Vierge p\u00e8lerine internationale, fermant et ouvrant les yeux lors de son arr\u00eat \u00e0 Canton Le pape Fran\u00e7ois autorise Carlo Acutis \u00e0 devenir le premier saint mill\u00e9naire Le pape Fran\u00e7ois a approuv\u00e9 la canonisation de Carlo Acutis, un jeune de 15 [&hellip;]<\/p>\n","protected":false},"author":3,"featured_media":1111,"comment_status":"closed","ping_status":"closed","sticky":false,"template":"","format":"standard","meta":{"footnotes":""},"categories":[3],"tags":[],"class_list":["post-1110","post","type-post","status-publish","format-standard","has-post-thumbnail","hentry","category-editions-esoterique-fondee-en-1927-depeches","entry","fw-tab-6 fw-tabr-4","has-featured-image"],"yoast_head":"<!-- This site is optimized with the Yoast SEO plugin v27.5 - https:\/\/yoast.com\/product\/yoast-seo-wordpress\/ -->\n<title>Une femme de l\u2019Ohio affirme avoir vu une statue de la Vierge Marie ouverte et les yeux ferm\u00e9s pour se d\u00e9vouer \u00e0 la m\u00e8re de dieu . - EDITIONSBUSSIERE<\/title>\n<meta name=\"robots\" content=\"index, follow, max-snippet:-1, max-image-preview:large, max-video-preview:-1\" \/>\n<link rel=\"canonical\" href=\"https:\/\/editionsbussiere.com\/blog\/une-femme-de-lohio-affirme-avoir-vu-une-statue-de-la-vierge-marie-ouverte-et-les-yeux-fermes-pour-se-devouer-a-la-mere-de-dieu\/\" \/>\n<meta property=\"og:locale\" content=\"fr_FR\" \/>\n<meta property=\"og:type\" content=\"article\" \/>\n<meta property=\"og:title\" content=\"Une femme de l\u2019Ohio affirme avoir vu une statue de la Vierge Marie ouverte et les yeux ferm\u00e9s pour se d\u00e9vouer \u00e0 la m\u00e8re de dieu . - EDITIONSBUSSIERE\" \/>\n<meta property=\"og:description\" content=\"Connie Liptak affirme avoir pris une photo de la statue de Notre-Dame de Fatima, la Vierge p\u00e8lerine internationale, fermant et ouvrant les yeux lors de son arr\u00eat \u00e0 Canton Le pape Fran\u00e7ois autorise Carlo Acutis \u00e0 devenir le premier saint mill\u00e9naire Le pape Fran\u00e7ois a approuv\u00e9 la canonisation de Carlo Acutis, un jeune de 15 [&hellip;]\" \/>\n<meta property=\"og:url\" content=\"https:\/\/editionsbussiere.com\/blog\/une-femme-de-lohio-affirme-avoir-vu-une-statue-de-la-vierge-marie-ouverte-et-les-yeux-fermes-pour-se-devouer-a-la-mere-de-dieu\/\" \/>\n<meta property=\"og:site_name\" content=\"EDITIONSBUSSIERE\" \/>\n<meta property=\"article:published_time\" content=\"2024-08-08T04:19:00+00:00\" \/>\n<meta property=\"og:image\" content=\"https:\/\/editionsbussiere.com\/blog\/wp-content\/uploads\/2024\/08\/La-statue-de-Fatima-produit-un-miracle-a-la-basilique-1024x574-1.jpg\" \/>\n<meta name=\"author\" content=\"Marie BATICLE\" \/>\n<meta name=\"twitter:card\" content=\"summary_large_image\" \/>\n<meta name=\"twitter:label1\" content=\"\u00c9crit par\" \/>\n\t<meta name=\"twitter:data1\" content=\"Marie BATICLE\" \/>\n\t<meta name=\"twitter:label2\" content=\"Dur\u00e9e de lecture estim\u00e9e\" \/>\n\t<meta name=\"twitter:data2\" content=\"12 minutes\" \/>\n<script type=\"application\/ld+json\" class=\"yoast-schema-graph\">{\"@context\":\"https:\\\/\\\/schema.org\",\"@graph\":[{\"@type\":\"Article\",\"@id\":\"https:\\\/\\\/editionsbussiere.com\\\/blog\\\/une-femme-de-lohio-affirme-avoir-vu-une-statue-de-la-vierge-marie-ouverte-et-les-yeux-fermes-pour-se-devouer-a-la-mere-de-dieu\\\/#article\",\"isPartOf\":{\"@id\":\"https:\\\/\\\/editionsbussiere.com\\\/blog\\\/une-femme-de-lohio-affirme-avoir-vu-une-statue-de-la-vierge-marie-ouverte-et-les-yeux-fermes-pour-se-devouer-a-la-mere-de-dieu\\\/\"},\"author\":{\"name\":\"Marie BATICLE\",\"@id\":\"https:\\\/\\\/editionsbussiere.com\\\/blog\\\/#\\\/schema\\\/person\\\/ec90e102792148c97e46ab871010dd8f\"},\"headline\":\"Une femme de l\u2019Ohio affirme avoir vu une statue de la Vierge Marie ouverte et les yeux ferm\u00e9s pour se d\u00e9vouer \u00e0 la m\u00e8re de dieu .\",\"datePublished\":\"2024-08-08T04:19:00+00:00\",\"mainEntityOfPage\":{\"@id\":\"https:\\\/\\\/editionsbussiere.com\\\/blog\\\/une-femme-de-lohio-affirme-avoir-vu-une-statue-de-la-vierge-marie-ouverte-et-les-yeux-fermes-pour-se-devouer-a-la-mere-de-dieu\\\/\"},\"wordCount\":2385,\"publisher\":{\"@id\":\"https:\\\/\\\/editionsbussiere.com\\\/blog\\\/#organization\"},\"image\":{\"@id\":\"https:\\\/\\\/editionsbussiere.com\\\/blog\\\/une-femme-de-lohio-affirme-avoir-vu-une-statue-de-la-vierge-marie-ouverte-et-les-yeux-fermes-pour-se-devouer-a-la-mere-de-dieu\\\/#primaryimage\"},\"thumbnailUrl\":\"https:\\\/\\\/editionsbussiere.com\\\/blog\\\/wp-content\\\/uploads\\\/2024\\\/08\\\/La-statue-de-Fatima-produit-un-miracle-a-la-basilique-1024x574-1.jpg\",\"articleSection\":[\"Editions \u00c9sot\u00e9rique Fond\u00e9e En 1927; D\u00e9p\u00e8ches:\"],\"inLanguage\":\"fr-FR\"},{\"@type\":\"WebPage\",\"@id\":\"https:\\\/\\\/editionsbussiere.com\\\/blog\\\/une-femme-de-lohio-affirme-avoir-vu-une-statue-de-la-vierge-marie-ouverte-et-les-yeux-fermes-pour-se-devouer-a-la-mere-de-dieu\\\/\",\"url\":\"https:\\\/\\\/editionsbussiere.com\\\/blog\\\/une-femme-de-lohio-affirme-avoir-vu-une-statue-de-la-vierge-marie-ouverte-et-les-yeux-fermes-pour-se-devouer-a-la-mere-de-dieu\\\/\",\"name\":\"Une femme de l\u2019Ohio affirme avoir vu une statue de la Vierge Marie ouverte et les yeux ferm\u00e9s pour se d\u00e9vouer \u00e0 la m\u00e8re de dieu . - EDITIONSBUSSIERE\",\"isPartOf\":{\"@id\":\"https:\\\/\\\/editionsbussiere.com\\\/blog\\\/#website\"},\"primaryImageOfPage\":{\"@id\":\"https:\\\/\\\/editionsbussiere.com\\\/blog\\\/une-femme-de-lohio-affirme-avoir-vu-une-statue-de-la-vierge-marie-ouverte-et-les-yeux-fermes-pour-se-devouer-a-la-mere-de-dieu\\\/#primaryimage\"},\"image\":{\"@id\":\"https:\\\/\\\/editionsbussiere.com\\\/blog\\\/une-femme-de-lohio-affirme-avoir-vu-une-statue-de-la-vierge-marie-ouverte-et-les-yeux-fermes-pour-se-devouer-a-la-mere-de-dieu\\\/#primaryimage\"},\"thumbnailUrl\":\"https:\\\/\\\/editionsbussiere.com\\\/blog\\\/wp-content\\\/uploads\\\/2024\\\/08\\\/La-statue-de-Fatima-produit-un-miracle-a-la-basilique-1024x574-1.jpg\",\"datePublished\":\"2024-08-08T04:19:00+00:00\",\"breadcrumb\":{\"@id\":\"https:\\\/\\\/editionsbussiere.com\\\/blog\\\/une-femme-de-lohio-affirme-avoir-vu-une-statue-de-la-vierge-marie-ouverte-et-les-yeux-fermes-pour-se-devouer-a-la-mere-de-dieu\\\/#breadcrumb\"},\"inLanguage\":\"fr-FR\",\"potentialAction\":[{\"@type\":\"ReadAction\",\"target\":[\"https:\\\/\\\/editionsbussiere.com\\\/blog\\\/une-femme-de-lohio-affirme-avoir-vu-une-statue-de-la-vierge-marie-ouverte-et-les-yeux-fermes-pour-se-devouer-a-la-mere-de-dieu\\\/\"]}]},{\"@type\":\"ImageObject\",\"inLanguage\":\"fr-FR\",\"@id\":\"https:\\\/\\\/editionsbussiere.com\\\/blog\\\/une-femme-de-lohio-affirme-avoir-vu-une-statue-de-la-vierge-marie-ouverte-et-les-yeux-fermes-pour-se-devouer-a-la-mere-de-dieu\\\/#primaryimage\",\"url\":\"https:\\\/\\\/editionsbussiere.com\\\/blog\\\/wp-content\\\/uploads\\\/2024\\\/08\\\/La-statue-de-Fatima-produit-un-miracle-a-la-basilique-1024x574-1.jpg\",\"contentUrl\":\"https:\\\/\\\/editionsbussiere.com\\\/blog\\\/wp-content\\\/uploads\\\/2024\\\/08\\\/La-statue-de-Fatima-produit-un-miracle-a-la-basilique-1024x574-1.jpg\",\"width\":1024,\"height\":574,\"caption\":\"La statue de Fatima produit un miracle a la basilique 1024x574 1\"},{\"@type\":\"BreadcrumbList\",\"@id\":\"https:\\\/\\\/editionsbussiere.com\\\/blog\\\/une-femme-de-lohio-affirme-avoir-vu-une-statue-de-la-vierge-marie-ouverte-et-les-yeux-fermes-pour-se-devouer-a-la-mere-de-dieu\\\/#breadcrumb\",\"itemListElement\":[{\"@type\":\"ListItem\",\"position\":1,\"name\":\"Accueil\",\"item\":\"https:\\\/\\\/editionsbussiere.com\\\/blog\\\/\"},{\"@type\":\"ListItem\",\"position\":2,\"name\":\"Une femme de l\u2019Ohio affirme avoir vu une statue de la Vierge Marie ouverte et les yeux ferm\u00e9s pour se d\u00e9vouer \u00e0 la m\u00e8re de dieu .\"}]},{\"@type\":\"WebSite\",\"@id\":\"https:\\\/\\\/editionsbussiere.com\\\/blog\\\/#website\",\"url\":\"https:\\\/\\\/editionsbussiere.com\\\/blog\\\/\",\"name\":\"EDITIONSBUSSIERE\",\"description\":\"Editions \u00e9sot\u00e9rique fond\u00e9e en 1927; site historique, A SAVOIR ET RETENIR.\",\"publisher\":{\"@id\":\"https:\\\/\\\/editionsbussiere.com\\\/blog\\\/#organization\"},\"potentialAction\":[{\"@type\":\"SearchAction\",\"target\":{\"@type\":\"EntryPoint\",\"urlTemplate\":\"https:\\\/\\\/editionsbussiere.com\\\/blog\\\/?s={search_term_string}\"},\"query-input\":{\"@type\":\"PropertyValueSpecification\",\"valueRequired\":true,\"valueName\":\"search_term_string\"}}],\"inLanguage\":\"fr-FR\"},{\"@type\":\"Organization\",\"@id\":\"https:\\\/\\\/editionsbussiere.com\\\/blog\\\/#organization\",\"name\":\"editionsbussiere\",\"url\":\"https:\\\/\\\/editionsbussiere.com\\\/blog\\\/\",\"logo\":{\"@type\":\"ImageObject\",\"inLanguage\":\"fr-FR\",\"@id\":\"https:\\\/\\\/editionsbussiere.com\\\/blog\\\/#\\\/schema\\\/logo\\\/image\\\/\",\"url\":\"https:\\\/\\\/editionsbussiere.com\\\/blog\\\/wp-content\\\/uploads\\\/2023\\\/09\\\/cropped-buss.gif\",\"contentUrl\":\"https:\\\/\\\/editionsbussiere.com\\\/blog\\\/wp-content\\\/uploads\\\/2023\\\/09\\\/cropped-buss.gif\",\"width\":298,\"height\":120,\"caption\":\"editionsbussiere\"},\"image\":{\"@id\":\"https:\\\/\\\/editionsbussiere.com\\\/blog\\\/#\\\/schema\\\/logo\\\/image\\\/\"}},{\"@type\":\"Person\",\"@id\":\"https:\\\/\\\/editionsbussiere.com\\\/blog\\\/#\\\/schema\\\/person\\\/ec90e102792148c97e46ab871010dd8f\",\"name\":\"Marie BATICLE\",\"image\":{\"@type\":\"ImageObject\",\"inLanguage\":\"fr-FR\",\"@id\":\"https:\\\/\\\/secure.gravatar.com\\\/avatar\\\/c923e52403b1b8137e2d929127211d21967e6aecaa053bd43b09da29f212e76e?s=96&d=mm&r=g\",\"url\":\"https:\\\/\\\/secure.gravatar.com\\\/avatar\\\/c923e52403b1b8137e2d929127211d21967e6aecaa053bd43b09da29f212e76e?s=96&d=mm&r=g\",\"contentUrl\":\"https:\\\/\\\/secure.gravatar.com\\\/avatar\\\/c923e52403b1b8137e2d929127211d21967e6aecaa053bd43b09da29f212e76e?s=96&d=mm&r=g\",\"caption\":\"Marie BATICLE\"},\"url\":\"https:\\\/\\\/editionsbussiere.com\\\/blog\\\/author\\\/eremarie\\\/\"}]}<\/script>\n<!-- \/ Yoast SEO plugin. -->","yoast_head_json":{"title":"Une femme de l\u2019Ohio affirme avoir vu une statue de la Vierge Marie ouverte et les yeux ferm\u00e9s pour se d\u00e9vouer \u00e0 la m\u00e8re de dieu . - EDITIONSBUSSIERE","robots":{"index":"index","follow":"follow","max-snippet":"max-snippet:-1","max-image-preview":"max-image-preview:large","max-video-preview":"max-video-preview:-1"},"canonical":"https:\/\/editionsbussiere.com\/blog\/une-femme-de-lohio-affirme-avoir-vu-une-statue-de-la-vierge-marie-ouverte-et-les-yeux-fermes-pour-se-devouer-a-la-mere-de-dieu\/","og_locale":"fr_FR","og_type":"article","og_title":"Une femme de l\u2019Ohio affirme avoir vu une statue de la Vierge Marie ouverte et les yeux ferm\u00e9s pour se d\u00e9vouer \u00e0 la m\u00e8re de dieu . - EDITIONSBUSSIERE","og_description":"Connie Liptak affirme avoir pris une photo de la statue de Notre-Dame de Fatima, la Vierge p\u00e8lerine internationale, fermant et ouvrant les yeux lors de son arr\u00eat \u00e0 Canton Le pape Fran\u00e7ois autorise Carlo Acutis \u00e0 devenir le premier saint mill\u00e9naire Le pape Fran\u00e7ois a approuv\u00e9 la canonisation de Carlo Acutis, un jeune de 15 [&hellip;]","og_url":"https:\/\/editionsbussiere.com\/blog\/une-femme-de-lohio-affirme-avoir-vu-une-statue-de-la-vierge-marie-ouverte-et-les-yeux-fermes-pour-se-devouer-a-la-mere-de-dieu\/","og_site_name":"EDITIONSBUSSIERE","article_published_time":"2024-08-08T04:19:00+00:00","og_image":[{"url":"https:\/\/editionsbussiere.com\/blog\/wp-content\/uploads\/2024\/08\/La-statue-de-Fatima-produit-un-miracle-a-la-basilique-1024x574-1.jpg","type":"","width":"","height":""}],"author":"Marie BATICLE","twitter_card":"summary_large_image","twitter_misc":{"\u00c9crit par":"Marie BATICLE","Dur\u00e9e de lecture estim\u00e9e":"12 minutes"},"schema":{"@context":"https:\/\/schema.org","@graph":[{"@type":"Article","@id":"https:\/\/editionsbussiere.com\/blog\/une-femme-de-lohio-affirme-avoir-vu-une-statue-de-la-vierge-marie-ouverte-et-les-yeux-fermes-pour-se-devouer-a-la-mere-de-dieu\/#article","isPartOf":{"@id":"https:\/\/editionsbussiere.com\/blog\/une-femme-de-lohio-affirme-avoir-vu-une-statue-de-la-vierge-marie-ouverte-et-les-yeux-fermes-pour-se-devouer-a-la-mere-de-dieu\/"},"author":{"name":"Marie BATICLE","@id":"https:\/\/editionsbussiere.com\/blog\/#\/schema\/person\/ec90e102792148c97e46ab871010dd8f"},"headline":"Une femme de l\u2019Ohio affirme avoir vu une statue de la Vierge Marie ouverte et les yeux ferm\u00e9s pour se d\u00e9vouer \u00e0 la m\u00e8re de dieu .","datePublished":"2024-08-08T04:19:00+00:00","mainEntityOfPage":{"@id":"https:\/\/editionsbussiere.com\/blog\/une-femme-de-lohio-affirme-avoir-vu-une-statue-de-la-vierge-marie-ouverte-et-les-yeux-fermes-pour-se-devouer-a-la-mere-de-dieu\/"},"wordCount":2385,"publisher":{"@id":"https:\/\/editionsbussiere.com\/blog\/#organization"},"image":{"@id":"https:\/\/editionsbussiere.com\/blog\/une-femme-de-lohio-affirme-avoir-vu-une-statue-de-la-vierge-marie-ouverte-et-les-yeux-fermes-pour-se-devouer-a-la-mere-de-dieu\/#primaryimage"},"thumbnailUrl":"https:\/\/editionsbussiere.com\/blog\/wp-content\/uploads\/2024\/08\/La-statue-de-Fatima-produit-un-miracle-a-la-basilique-1024x574-1.jpg","articleSection":["Editions \u00c9sot\u00e9rique Fond\u00e9e En 1927; D\u00e9p\u00e8ches:"],"inLanguage":"fr-FR"},{"@type":"WebPage","@id":"https:\/\/editionsbussiere.com\/blog\/une-femme-de-lohio-affirme-avoir-vu-une-statue-de-la-vierge-marie-ouverte-et-les-yeux-fermes-pour-se-devouer-a-la-mere-de-dieu\/","url":"https:\/\/editionsbussiere.com\/blog\/une-femme-de-lohio-affirme-avoir-vu-une-statue-de-la-vierge-marie-ouverte-et-les-yeux-fermes-pour-se-devouer-a-la-mere-de-dieu\/","name":"Une femme de l\u2019Ohio affirme avoir vu une statue de la Vierge Marie ouverte et les yeux ferm\u00e9s pour se d\u00e9vouer \u00e0 la m\u00e8re de dieu . - EDITIONSBUSSIERE","isPartOf":{"@id":"https:\/\/editionsbussiere.com\/blog\/#website"},"primaryImageOfPage":{"@id":"https:\/\/editionsbussiere.com\/blog\/une-femme-de-lohio-affirme-avoir-vu-une-statue-de-la-vierge-marie-ouverte-et-les-yeux-fermes-pour-se-devouer-a-la-mere-de-dieu\/#primaryimage"},"image":{"@id":"https:\/\/editionsbussiere.com\/blog\/une-femme-de-lohio-affirme-avoir-vu-une-statue-de-la-vierge-marie-ouverte-et-les-yeux-fermes-pour-se-devouer-a-la-mere-de-dieu\/#primaryimage"},"thumbnailUrl":"https:\/\/editionsbussiere.com\/blog\/wp-content\/uploads\/2024\/08\/La-statue-de-Fatima-produit-un-miracle-a-la-basilique-1024x574-1.jpg","datePublished":"2024-08-08T04:19:00+00:00","breadcrumb":{"@id":"https:\/\/editionsbussiere.com\/blog\/une-femme-de-lohio-affirme-avoir-vu-une-statue-de-la-vierge-marie-ouverte-et-les-yeux-fermes-pour-se-devouer-a-la-mere-de-dieu\/#breadcrumb"},"inLanguage":"fr-FR","potentialAction":[{"@type":"ReadAction","target":["https:\/\/editionsbussiere.com\/blog\/une-femme-de-lohio-affirme-avoir-vu-une-statue-de-la-vierge-marie-ouverte-et-les-yeux-fermes-pour-se-devouer-a-la-mere-de-dieu\/"]}]},{"@type":"ImageObject","inLanguage":"fr-FR","@id":"https:\/\/editionsbussiere.com\/blog\/une-femme-de-lohio-affirme-avoir-vu-une-statue-de-la-vierge-marie-ouverte-et-les-yeux-fermes-pour-se-devouer-a-la-mere-de-dieu\/#primaryimage","url":"https:\/\/editionsbussiere.com\/blog\/wp-content\/uploads\/2024\/08\/La-statue-de-Fatima-produit-un-miracle-a-la-basilique-1024x574-1.jpg","contentUrl":"https:\/\/editionsbussiere.com\/blog\/wp-content\/uploads\/2024\/08\/La-statue-de-Fatima-produit-un-miracle-a-la-basilique-1024x574-1.jpg","width":1024,"height":574,"caption":"La statue de Fatima produit un miracle a la basilique 1024x574 1"},{"@type":"BreadcrumbList","@id":"https:\/\/editionsbussiere.com\/blog\/une-femme-de-lohio-affirme-avoir-vu-une-statue-de-la-vierge-marie-ouverte-et-les-yeux-fermes-pour-se-devouer-a-la-mere-de-dieu\/#breadcrumb","itemListElement":[{"@type":"ListItem","position":1,"name":"Accueil","item":"https:\/\/editionsbussiere.com\/blog\/"},{"@type":"ListItem","position":2,"name":"Une femme de l\u2019Ohio affirme avoir vu une statue de la Vierge Marie ouverte et les yeux ferm\u00e9s pour se d\u00e9vouer \u00e0 la m\u00e8re de dieu ."}]},{"@type":"WebSite","@id":"https:\/\/editionsbussiere.com\/blog\/#website","url":"https:\/\/editionsbussiere.com\/blog\/","name":"EDITIONSBUSSIERE","description":"Editions \u00e9sot\u00e9rique fond\u00e9e en 1927; site historique, A SAVOIR ET RETENIR.","publisher":{"@id":"https:\/\/editionsbussiere.com\/blog\/#organization"},"potentialAction":[{"@type":"SearchAction","target":{"@type":"EntryPoint","urlTemplate":"https:\/\/editionsbussiere.com\/blog\/?s={search_term_string}"},"query-input":{"@type":"PropertyValueSpecification","valueRequired":true,"valueName":"search_term_string"}}],"inLanguage":"fr-FR"},{"@type":"Organization","@id":"https:\/\/editionsbussiere.com\/blog\/#organization","name":"editionsbussiere","url":"https:\/\/editionsbussiere.com\/blog\/","logo":{"@type":"ImageObject","inLanguage":"fr-FR","@id":"https:\/\/editionsbussiere.com\/blog\/#\/schema\/logo\/image\/","url":"https:\/\/editionsbussiere.com\/blog\/wp-content\/uploads\/2023\/09\/cropped-buss.gif","contentUrl":"https:\/\/editionsbussiere.com\/blog\/wp-content\/uploads\/2023\/09\/cropped-buss.gif","width":298,"height":120,"caption":"editionsbussiere"},"image":{"@id":"https:\/\/editionsbussiere.com\/blog\/#\/schema\/logo\/image\/"}},{"@type":"Person","@id":"https:\/\/editionsbussiere.com\/blog\/#\/schema\/person\/ec90e102792148c97e46ab871010dd8f","name":"Marie BATICLE","image":{"@type":"ImageObject","inLanguage":"fr-FR","@id":"https:\/\/secure.gravatar.com\/avatar\/c923e52403b1b8137e2d929127211d21967e6aecaa053bd43b09da29f212e76e?s=96&d=mm&r=g","url":"https:\/\/secure.gravatar.com\/avatar\/c923e52403b1b8137e2d929127211d21967e6aecaa053bd43b09da29f212e76e?s=96&d=mm&r=g","contentUrl":"https:\/\/secure.gravatar.com\/avatar\/c923e52403b1b8137e2d929127211d21967e6aecaa053bd43b09da29f212e76e?s=96&d=mm&r=g","caption":"Marie BATICLE"},"url":"https:\/\/editionsbussiere.com\/blog\/author\/eremarie\/"}]}},"_links":{"self":[{"href":"https:\/\/editionsbussiere.com\/blog\/wp-json\/wp\/v2\/posts\/1110","targetHints":{"allow":["GET"]}}],"collection":[{"href":"https:\/\/editionsbussiere.com\/blog\/wp-json\/wp\/v2\/posts"}],"about":[{"href":"https:\/\/editionsbussiere.com\/blog\/wp-json\/wp\/v2\/types\/post"}],"author":[{"embeddable":true,"href":"https:\/\/editionsbussiere.com\/blog\/wp-json\/wp\/v2\/users\/3"}],"replies":[{"embeddable":true,"href":"https:\/\/editionsbussiere.com\/blog\/wp-json\/wp\/v2\/comments?post=1110"}],"version-history":[{"count":0,"href":"https:\/\/editionsbussiere.com\/blog\/wp-json\/wp\/v2\/posts\/1110\/revisions"}],"wp:featuredmedia":[{"embeddable":true,"href":"https:\/\/editionsbussiere.com\/blog\/wp-json\/wp\/v2\/media\/1111"}],"wp:attachment":[{"href":"https:\/\/editionsbussiere.com\/blog\/wp-json\/wp\/v2\/media?parent=1110"}],"wp:term":[{"taxonomy":"category","embeddable":true,"href":"https:\/\/editionsbussiere.com\/blog\/wp-json\/wp\/v2\/categories?post=1110"},{"taxonomy":"post_tag","embeddable":true,"href":"https:\/\/editionsbussiere.com\/blog\/wp-json\/wp\/v2\/tags?post=1110"}],"curies":[{"name":"wp","href":"https:\/\/api.w.org\/{rel}","templated":true}]}}