{"id":1108,"date":"2024-08-08T03:16:19","date_gmt":"2024-08-08T01:16:19","guid":{"rendered":"https:\/\/editionsbussiere.com\/blog\/pape-francois-avec-dieu-rien-nest-impossible-pour-croire-en-la-vierge\/"},"modified":"2024-08-08T03:16:19","modified_gmt":"2024-08-08T01:16:19","slug":"pape-francois-avec-dieu-rien-nest-impossible-pour-croire-en-la-vierge","status":"publish","type":"post","link":"https:\/\/editionsbussiere.com\/blog\/pape-francois-avec-dieu-rien-nest-impossible-pour-croire-en-la-vierge\/","title":{"rendered":"Pape Fran\u00e7ois : Avec Dieu, rien n\u2019est impossible\n pour croire en la Vierge ."},"content":{"rendered":"<div><img width=\"400\" height=\"275\" src=\"https:\/\/editionsbussiere.com\/blog\/wp-content\/uploads\/2024\/08\/Pape-Francois-Avec-Dieu-rien-nest-impossible-et-adresser.png\" class=\"attachment-large size-large wp-post-image\" alt=\"Pape Fran\u00e7ois : Avec Dieu, rien n'est impossible et adresser\" style=\"float:left; margin:0 15px 15px 0;\" decoding=\"async\" srcset=\"https:\/\/editionsbussiere.com\/blog\/wp-content\/uploads\/2024\/08\/Pape-Francois-Avec-Dieu-rien-nest-impossible-et-adresser.png 400w, https:\/\/www.n42.fr\/wp-content\/uploads\/2024\/08\/Pape-Francois-Avec-Dieu-rien-nest-impossible-et-adresser-300x206.png 300w\" sizes=\"(max-width: 400px) 100vw, 400px\"><\/p>\n<p>\n<\/p>\n<div><span class=\"news-content-image-container white-background news-content-image-container-right\"><\/p>\n<p class=\"news-content-image-caption\">Audience g\u00e9n\u00e9rale dans la salle Paul VI \u2013 Capture d\u2019\u00e9cran<\/p>\n<\/p>\n<p><\/span><\/p>\n<p><b>Source: <\/b>M\u00e9dias du Vatican<\/p>\n<p>Le pape Fran\u00e7ois a repris ses audiences g\u00e9n\u00e9rales mercredi, apr\u00e8s la pause estivale, dans la salle climatis\u00e9e Paul VI, alors qu\u2019\u00e0 l\u2019ext\u00e9rieur la temp\u00e9rature \u00e0 Rome \u00e9tait de 35\u00b0C+.<\/p>\n<p>Dans ses r\u00e9flexions, le pape a abord\u00e9 le th\u00e8me de l\u2019Esprit Saint dans l\u2019Incarnation du Verbe, en partant de l\u2019affirmation du Credo selon laquelle J\u00e9sus \u00ab par l\u2019Esprit Saint s\u2019est incarn\u00e9 de la Vierge Marie et s\u2019est fait homme \u00bb.<\/p>\n<p>\u00ab\u00a0C\u2019est donc un fait \u0153cum\u00e9nique de foi, car tous les chr\u00e9tiens professent ensemble le m\u00eame Credo\u00a0\u00bb, a d\u00e9clar\u00e9 le pape Fran\u00e7ois. Cela se refl\u00e8te dans la pi\u00e9t\u00e9 catholique traditionnelle, dans la r\u00e9citation quotidienne de l\u2019Ang\u00e9lus.<\/p>\n<p>C\u2019est aussi sur cette base que se fonde la comparaison entre la Vierge Marie et l\u2019Eglise, parall\u00e8le repris par le Concile Vatican II : de m\u00eame que la Vierge Marie a con\u00e7u puis enfant\u00e9 le Christ, de m\u00eame l\u2019Eglise accueille le Christ \u00ab en recevant la Parole de Dieu dans la foi et devient elle-m\u00eame m\u00e8re \u00bb. Sans accueillir d\u2019abord la Parole de Dieu, \u00ab la vie et la pr\u00e9dication \u00bb de l\u2019Eglise deviennent \u00ab st\u00e9riles \u00bb.<\/p>\n<p>Le pape Fran\u00e7ois a conclu sa cat\u00e9ch\u00e8se en revenant sur la question de Marie \u00e0 l\u2019Annonciation : \u00ab Comment est-ce possible ? \u00bb L\u2019Eglise se pose la m\u00eame question, a-t-il dit : \u00ab Comment est-il possible d\u2019annoncer J\u00e9sus-Christ et son salut \u00e0 un monde qui semble ne chercher que le bien-\u00eatre dans ce monde ? \u00bb<\/p>\n<p>La r\u00e9ponse, hier comme aujourd\u2019hui, est la m\u00eame, a dit le pape, citant le livre des Actes : \u00ab Vous recevrez une force de l\u2019Esprit Saint. \u00bb Sans l\u2019Esprit Saint, a dit le pape, l\u2019Eglise ne peut pas avancer, l\u2019Eglise ne peut pas grandir, l\u2019Eglise ne peut pas pr\u00eacher.<\/p>\n<p>\u00ab Ce que l\u2019on dit de l\u2019Eglise en g\u00e9n\u00e9ral s\u2019applique \u00e0 chaque baptis\u00e9 \u00bb, a poursuivi le Pape. \u00ab Quand nous nous trouvons dans des situations qui d\u00e9passent nos forces \u00bb, a-t-il poursuivi, il est bon de \u00ab reprendre notre chemin avec cette pens\u00e9e r\u00e9confortante \u00bb, en rappelant les paroles de l\u2019Ange \u00e0 Marie : \u00ab Avec Dieu, rien ne sera impossible \u00bb. \u00ab Et si nous croyons cela, a-t-il dit, nous ferons des miracles. Rien n\u2019est impossible \u00e0 Dieu \u00bb.<\/p>\n<p>Au terme de l\u2019audience, le pape Fran\u00e7ois a r\u00e9it\u00e9r\u00e9 son appel \u00e0 toutes les parties concern\u00e9es pour que le conflit ne s\u2019\u00e9tende pas et qu\u2019un cessez-le-feu imm\u00e9diat soit instaur\u00e9 sur tous les fronts, \u00e0 commencer par Gaza, o\u00f9 la situation humanitaire est tr\u00e8s grave et intenable. \u00ab\u00a0Je prie pour que la recherche sinc\u00e8re de la paix \u00e9teigne les conflits, que l\u2019amour vainque la haine et que la vengeance soit d\u00e9sarm\u00e9e par le pardon\u00a0\u00bb, a-t-il d\u00e9clar\u00e9.<\/p>\n<p>Le pape a \u00e9galement demand\u00e9 des pri\u00e8res \u00ab pour l\u2019Ukraine, le Myanmar, le Soudan tourment\u00e9s : que ces populations d\u00e9chir\u00e9es par la guerre trouvent bient\u00f4t la paix \u00e0 laquelle elles aspirent \u00bb.<\/p>\n<p>Enfin, il a d\u00e9clar\u00e9 : \u00ab Joignons nos efforts et nos pri\u00e8res pour que la discrimination ethnique dans les r\u00e9gions du Pakistan et de l\u2019Afghanistan soit \u00e9limin\u00e9e, et en particulier la discrimination \u00e0 l\u2019\u00e9gard des femmes. \u00bb<\/p>\n<p><em>Regardez l\u2019enregistrement de l\u2019audience sur la cha\u00eene Youtube de Vatican Media : <strong>www.youtube.com\/watch?v=yAOtLoaRx-w<\/strong><\/em><\/p>\n<p><em>Lire la traduction officielle en anglais du texte : <strong><\/strong><\/em><\/p>\n<\/p>\n<\/div>\n<h2>\n<\/h2>\n<p>La Signification de la Pri\u00e8re \u00e0 Marie<\/p>\n<p>L\u2019invocation \u00e0 Marie constitue un \u00e9l\u00e9ment crucial de la foi chr\u00e9tienne, profond\u00e9ment ancr\u00e9e dans la doctrine catholique depuis des temps imm\u00e9moriaux. C\u2019est un roc sur lequel les croyants s\u2019appuient pour trouver r\u00e9confort, guidance et intervention dans leur relation envers Dieu. \u00c0 travers les \u00e2ges, cette pratique de d\u00e9votion a gagn\u00e9 en force par les \u00e9crits bibliques, les coutumes eccl\u00e9siastiques, et les exemples des saints qui ont t\u00e9moign\u00e9 de leur respect \u00e0 Marie en tant que aimante.<\/p>\n<h3>\n<\/h3>\n<p>L\u2019exercice du Rosaire<\/p>\n<p>Le Chapelet occupe une place centrale dans la vie spirituelle de un grand nombre de fid\u00e8les. En r\u00e9citant les myst\u00e8res joyeux, douloureux, lumineux et glorieux, les fid\u00e8les se plongent dans les \u00e9v\u00e9nements li\u00e9s \u00e0 J\u00e9sus et Marie, renfor\u00e7ant leur lien spirituel avec le divin. \u00c0 travers chaque Ave Maria, ils manifestent leur foi en l\u2019intercession de Marie et leur d\u00e9sir de suivre les enseignements du Christ. Saint Louis-Marie Grignion de Montfort, dans son livre sur la vraie d\u00e9votion \u00e0 la Sainte Vierge, invite les fid\u00e8les \u00e0 pratiquer r\u00e9guli\u00e8rement la m\u00e9ditation des diff\u00e9rents myst\u00e8res du rosaire afin de renforcer leur relation avec la M\u00e8re de Dieu. Cette pratique ancienne, transmise de g\u00e9n\u00e9ration en g\u00e9n\u00e9ration, demeure une source d\u2019illumination spirituelle pour les croyants, les aidant \u00e0 se connecter avec la c\u00e9leste Dame.<\/p>\n<h3>\n<\/h3>\n<p>L\u2019exhortation \u00e0 la pri\u00e8re<\/p>\n<p>Unissons nos voix dans la pri\u00e8re, fr\u00e8res et s\u0153urs, dans notre confiance, en Marie, la m\u00e8re de J\u00e9sus. Dans notre monde troubl\u00e9 par la guerre et la discorde, recourons \u00e0 la pri\u00e8re comme un moyen pour retrouver la s\u00e9r\u00e9nit\u00e9 et la r\u00e9conciliation. Vous aussi vous pouvez faire d\u00e9poser des v\u0153ux pour la Sainte Vierge <a target=\"_blank\" rel=\"nofollow\" href=\"https:\/\/editionsbussiere.com\/blog\/goto\/https:\/\/www.avemariasound.org\/\" >sur cette page.<\/a> Que nos supplications s\u2019\u00e9l\u00e8vent vers le ciel, comme une offrande re\u00e7u avec faveur \u00e0 Dieu, pour qu\u2019il guide nous guider nos pas vers la voie de la justice et de la v\u00e9rit\u00e9. Saint Paul nous dans ses lettres \u00e0 maintenir une pri\u00e8re incessante, quelle que soit la situation, pour que notre connexion \u00e0 Dieu soit constante et ardente. La pri\u00e8re, quand elle est sinc\u00e8rement offerte, a le pouvoir pour transformer les c\u0153urs et de modifier le destin de l\u2019histoire.<\/p>\n<h2>\n<\/h2>\n<p>L\u2019enseignement du Pape Fran\u00e7ois<\/p>\n<p>Le pape Fran\u00e7ois, dans ses enseignements \u00e9clair\u00e9s, disponibles gr\u00e2ce \u00e0 Bayard, nous rappelle la signification de la pri\u00e8re journali\u00e8re. \u00c0 travers ses discours et ses audiences, il nous encourage \u00e0 d\u00e9velopper une relation personnelle avec le divin, en se fondant sur la contemplation des \u00c9critures et la r\u00e9citation du rosaire. Sa mani\u00e8re d\u2019\u00eatre d\u2019humilit\u00e9 et de compassion nous encourage \u00e0 approfondir nos pri\u00e8res et \u00e0 chercher la pr\u00e9sence divine dans chaque aspect de notre existence. Saint Jean-Paul II, dans son \u00e9crit sur la foi chr\u00e9tienne, nous souligne que la pratique de la pri\u00e8re est le fondement de la vie de foi et que c\u2019est par elle que nous nous unissons \u00e0 Dieu. La pri\u00e8re quotidienne, transmise par les pontifes successifs, est un phare d\u2019espoir dans les temp\u00eates, une base solide sur lequel nous pouvons nous appuyer.<\/p>\n<h3>\n<\/h3>\n<p>Les \u00e9crits provenant de Leli\u00e8vre et Hubert<\/p>\n<p>Dans le contexte de la vie de foi, l\u2019\u00e9glise pr\u00e9conise la pri\u00e8re, et durant les moments de pri\u00e8re, les fid\u00e8les accomplissent le geste du signe de la croix tout en r\u00e9citant l\u2019Ave Maria. Des penseurs contemporains, tels que Leli\u00e8vre et Hubert, nous incitent aussi \u00e0 r\u00e9fl\u00e9chir sur la puissance de la pri\u00e8re, \u00e0 travers leurs \u00e9crits inspirants. Leurs \u00e9crits, porteurs de riches enseignements spirituels, nous orientent sur le chemin de la foi et nous invitent \u00e0 puiser dans les richesses de la tradition chr\u00e9tienne pour enrichir notre spiritualit\u00e9. En r\u00e9fl\u00e9chissant sur leurs \u00e9crits, nous explorons de nouvelles voies de d\u00e9velopper notre relation avec Dieu et de grandir dans notre cheminement vers la saintet\u00e9. Saint Jean, dans son \u00e9vangile, nous rappelle que le fait de prier est une puissante voie de demeurer en communion avec Dieu et de b\u00e9n\u00e9ficier de ses gr\u00e2ces. Chaque passage de leurs ouvrages est semblable \u00e0 une invitation \u00e0 une pri\u00e8re ardente et \u00e0 une existence impr\u00e9gn\u00e9e de la pr\u00e9sence divine. Dans notre qu\u00eate de connexion spirituelle, chaque lecture devient une invitation \u00e0 s\u2019\u00e9lever vers le divin, par le biais de la r\u00e9flexion et la m\u00e9ditation.<\/p>\n<h3>\n<\/h3>\n<p>L\u2019acte de prier dans la chapelle<\/p>\n<p>Dans nos chapelles modestes ou majestueuses, tournons-nous vers Dieu avec confiance et humilit\u00e9, sachant qu\u2019il \u00e9coute nos supplications avec amour et sollicitude. Que chaque bougie allum\u00e9e, chaque Ave Maria r\u00e9cit\u00e9, constitue une offrande \u00e0 notre Seigneur et \u00e0 sa sainte m\u00e8re, Marie. Que nos instants de d\u00e9votion dans la chapelle soient des moments de b\u00e9n\u00e9diction et de renouvellement de notre esprit, nous fortifiant pour faire face \u00e0 les challenges avec courage et foi. Sainte Bernadette Soubirous, \u00e0 qui la Vierge Marie est apparue \u00e0 Lourdes, nous enseigne l\u2019importance de la pri\u00e8re dans l\u2019existence des catholiques et l\u2019efficacit\u00e9 de l\u2019intercession de la Vierge Marie. Chaque personne qui entre dans une chapelle, chaque verset des \u00c9critures lu dans ce lieu saint, est une rencontre avec la divinit\u00e9, une \u00e9tape cruciale dans le processus de transformation spirituelle. \u00c0 travers les \u00c9critures saintes, tout disciple est encourag\u00e9 \u00e0 m\u00e9diter la croix du Christ, \u00e0 r\u00e9fl\u00e9chir \u00e0 son sacrifice, et \u00e0 trouver r\u00e9confort et espoir dans sa gr\u00e2ce r\u00e9demptrice.<\/p>\n<h2>\nLa pratique de la pri\u00e8re comme m\u00e9decine pour l\u2019int\u00e9rieur<br \/>\n<\/h2>\n<p>Tel un th\u00e9rapeute pour notre \u00eatre int\u00e9rieur, l\u2019acte de prier nous gu\u00e9rit et nous fortifie lorsque nous traversons des moments de douleur et de d\u00e9sespoir. Elle nous fait souvenir que Dieu est toujours avec nous, m\u00eame au c\u0153ur de nos heures les plus sombres. En nous tournant vers lui \u00e0 travers la pri\u00e8re, nous d\u00e9couvrons la force int\u00e9rieure n\u00e9cessaire pour traverser les \u00e9preuves et pour faire face \u00e0 l\u2019avenir avec espoir et confiance. L\u2019acte de prier est comme une rivi\u00e8re vivifiante qui satisfait notre soif spirituelle et, dans notre marche avec Dieu, nous revigore.<br \/>\n\u00c0 chaque pri\u00e8re prononc\u00e9e, \u00e0 chaque intention port\u00e9e, notre \u00e2me trouve un r\u00e9confort c\u00e9leste, une gu\u00e9rison spirituelle, qui d\u00e9passe les limites de la condition humaine. Chaque page de la Bible nous invite \u00e0 \u00e9changer avec Dieu, \u00e0 lui remettre nos fardeaux, et \u00e0 b\u00e9n\u00e9ficier de sa gr\u00e2ce r\u00e9g\u00e9n\u00e9ratrice.<\/p>\n<h2>Une vision alternative sur l\u2019acte de prier Marie<\/h2>\n<p>L\u2019invocation de Marie est une pratique \u00e9troitement enracin\u00e9e dans le patrimoine catholique chr\u00e9tienne, fournissant un lien spirituel pr\u00e9cieux pour les fid\u00e8les du monde entier. En tant que figure maternelle spirituelle et intercesseur d\u00e9vou\u00e9, elle est invoqu\u00e9e avec d\u00e9votion lors des instants de n\u00e9cessit\u00e9 et de reconnaissance. Le rosaire, avec ses myst\u00e8res m\u00e9ditatifs, guide les catholiques dans leur voyage de foi, les aidant \u00e0 m\u00e9diter sur J\u00e9sus, son fils, \u00e0 travers les yeux de la Vierge Marie. Cette affection envers Marie se manifeste dans les lieux saints tel que le sanctuaire de Lourdes, o\u00f9 les visiteurs se rassemblent en qu\u00eate de r\u00e9confort et de gu\u00e9rison, illustrant la forte connexion entre la foi catholique et la v\u00e9n\u00e9ration de la Vierge Marie. Les \u00e9crits inspirants d\u2019\u00e9minents th\u00e9ologiens comme Leli\u00e8vre et Hubert offrent une r\u00e9flexion pr\u00e9cieuse sur la signification de la pri\u00e8re mariale et son influence sur la vie spirituelle des fid\u00e8les. Par le biais d\u2019une lecture approfondie de livres d\u00e9votionnels et bibliques, les croyants \u00e9largissent leur compr\u00e9hension de la v\u00e9n\u00e9ration de Marie et cultivent une relation plus profonde avec Marie, notre m\u00e8re spirituelle. Dans un monde marqu\u00e9 par les conflits et les troubles, la d\u00e9votion \u00e0 Marie offre un refuge de tranquillit\u00e9 et d\u2019espoir, appelant chaque personne, ind\u00e9pendamment de son rang dans la foi catholique, \u00e0 s\u2019adresser \u00e0 la Dame du Ciel avec confiance et d\u00e9votion. Prions donc en commun, avec un c\u0153ur humble et sinc\u00e8re, en saluant Marie comme notre m\u00e8re et notre intercesseur, et en lui confiant nos requ\u00eates et nos souhaits les plus profonds. Dans cette d\u00e9marche vers Dieu, chaque fid\u00e8le est appel\u00e9 \u00e0 suivre la liste des pri\u00e8res et des intentions du c\u0153ur, sous la direction du saint P\u00e8re et les ressources spirituelles pr\u00e9cieuses offertes par des plateformes telles que Aleteia. Ainsi, avec un c\u0153ur ouvert et une humble confiance, adressons notre pri\u00e8re quotidienne \u00e0 Marie, lui demandant de nous interc\u00e9der, ainsi que la gr\u00e2ce de pers\u00e9v\u00e9rer dans la pri\u00e8re ardente.<br \/>\nQue notre dialogue avec le sacr\u00e9 soit notre refuge et notre consolation dans toutes les circonstances. Que nous nous inclinions envers Marie, notre m\u00e8re divine, avec un c\u0153ur ouvert et une foi in\u00e9branlable, convaincus qu\u2019elle plaide en notre faveur devant son fils bien-aim\u00e9. Que notre d\u00e9votion nous m\u00e8ne vers la voie de la saintet\u00e9, nous conduisant toujours plus pr\u00e8s de Dieu et de son amour sans limites.<\/p>\n<p>Ce sujet r\u00e9pond \u00e0 vos investigations vous appr\u00e9cierez pareillement ces ouvrages:<\/p>\n<p>Rational (Durand de Mende)\/Volume 5\/Septi\u00e8me livre\/Chapitre 09.,<a target=\"_blank\" rel=\"nofollow\" href=\"https:\/\/editionsbussiere.com\/blog\/goto\/https:\/\/fr.wikisource.org\/wiki\/Rational_(Durand_de_Mende)\/Volume_5\/Septi%C3%A8me_livre\/Chapitre_09\"  target=\"_blank\" rel=\"noopener noreferrer nofollow\">Ici.<\/a><span><\/span><\/p>\n<p>Liturgie de saint Jean Chrysostome\/Liturgie des Cat\u00e9chum\u00e8nes.,<a target=\"_blank\" rel=\"nofollow\" href=\"https:\/\/editionsbussiere.com\/blog\/goto\/https:\/\/fr.wikisource.org\/wiki\/Liturgie_de_saint_Jean_Chrysostome\/Liturgie_des_Cat%C3%A9chum%C3%A8nes\"  target=\"_blank\" rel=\"noopener noreferrer nofollow\">A lire ici.<\/a><span><\/span>. Suite sur le prochain article.<\/p>\n<p>Les Cath\u00e9drales de France\/Etampes.,<a target=\"_blank\" rel=\"nofollow\" href=\"https:\/\/editionsbussiere.com\/blog\/goto\/https:\/\/fr.wikisource.org\/wiki\/Les_Cath%C3%A9drales_de_France\/Etampes\"  target=\"_blank\" rel=\"noopener noreferrer nofollow\">Article complet.<\/a><span><\/span><\/p>\n<p>Le R\u00e9veil d\u2019une Vierge (O. C. \u00c9lisa Merc\u0153ur).,<a target=\"_blank\" rel=\"nofollow\" href=\"https:\/\/editionsbussiere.com\/blog\/goto\/https:\/\/fr.wikisource.org\/wiki\/Le_R%C3%A9veil_d%E2%80%99une_Vierge_(O._C._%C3%89lisa_Merc%C5%93ur)\"  target=\"_blank\" rel=\"noopener noreferrer nofollow\">Article complet.<\/a><span><\/span><\/p>\n<p>Histoire de la R\u00e9volution russe (1905-1917)\/Chapitre XXX.,<a target=\"_blank\" rel=\"nofollow\" href=\"https:\/\/editionsbussiere.com\/blog\/goto\/https:\/\/fr.wikisource.org\/wiki\/Histoire_de_la_R%C3%A9volution_russe_(1905-1917)\/Chapitre_XXX\"  target=\"_blank\" rel=\"noopener noreferrer nofollow\">Le post d\u2019actualit\u00e9.<\/a><span><\/span><\/p>\n<p>Anthologie des po\u00e8tes bretons du XVIIe si\u00e8cle\/Nicolas Dadier.,<a target=\"_blank\" rel=\"nofollow\" href=\"https:\/\/editionsbussiere.com\/blog\/goto\/https:\/\/fr.wikisource.org\/wiki\/Anthologie_des_po%C3%A8tes_bretons_du_XVIIe_si%C3%A8cle\/Nicolas_Dadier\"  target=\"_blank\" rel=\"noopener noreferrer nofollow\">A lire ici.<\/a><span><\/span>. Suite sur le prochain article.<\/p>\n<\/div>\n<p><img decoding=\"async\" class=\"wpe_imgrss\" src=\"https:\/\/editionsbussiere.com\/blog\/wp-content\/uploads\/2024\/08\/Pape-Francois-Avec-Dieu-rien-nest-impossible-et-adresser.png\">Cet article a \u00e9t\u00e9 reconstitu\u00e9 du mieux possible. Dans l\u2019hypoth\u00e8se o\u00f9 vous souhaitez apporter quelques modifications concernant le th\u00e8me \u00ab\u00a0Editions \u00e9sot\u00e9rique fond\u00e9e en 1927\u00a0\u00bb, il est possible de discuter avec notre r\u00e9daction. Vous pouvez tirer profit de cet article traitant le sujet \u00ab\u00a0Editions \u00e9sot\u00e9rique fond\u00e9e en 1927\u00a0\u00bb. Il est concoct\u00e9 par l\u2019\u00e9quipe editionsbussiere.com. Le site editionsbussiere.com est fait pour cr\u00e9er divers posts autour du th\u00e8me Editions \u00e9sot\u00e9rique fond\u00e9e en 1927 d\u00e9velopp\u00e9es sur internet. Consultez notre site internet editionsbussiere.com et nos r\u00e9seaux sociaux pour \u00eatre au courant des futures annonces.<\/p>\n","protected":false},"excerpt":{"rendered":"<p>Audience g\u00e9n\u00e9rale dans la salle Paul VI \u2013 Capture d\u2019\u00e9cran Source: M\u00e9dias du Vatican Le pape Fran\u00e7ois a repris ses audiences g\u00e9n\u00e9rales mercredi, apr\u00e8s la pause estivale, dans la salle climatis\u00e9e Paul VI, alors qu\u2019\u00e0 l\u2019ext\u00e9rieur la temp\u00e9rature \u00e0 Rome \u00e9tait de 35\u00b0C+. Dans ses r\u00e9flexions, le pape a abord\u00e9 le th\u00e8me de l\u2019Esprit Saint [&hellip;]<\/p>\n","protected":false},"author":3,"featured_media":1109,"comment_status":"closed","ping_status":"closed","sticky":false,"template":"","format":"standard","meta":{"footnotes":""},"categories":[3],"tags":[],"class_list":["post-1108","post","type-post","status-publish","format-standard","has-post-thumbnail","hentry","category-editions-esoterique-fondee-en-1927-depeches","entry","fw-tab-6 fw-tabr-4","has-featured-image"],"yoast_head":"<!-- This site is optimized with the Yoast SEO plugin v27.5 - https:\/\/yoast.com\/product\/yoast-seo-wordpress\/ -->\n<title>Pape Fran\u00e7ois : Avec Dieu, rien n\u2019est impossible pour croire en la Vierge . - EDITIONSBUSSIERE<\/title>\n<meta name=\"robots\" content=\"index, follow, max-snippet:-1, max-image-preview:large, max-video-preview:-1\" \/>\n<link rel=\"canonical\" href=\"https:\/\/editionsbussiere.com\/blog\/pape-francois-avec-dieu-rien-nest-impossible-pour-croire-en-la-vierge\/\" \/>\n<meta property=\"og:locale\" content=\"fr_FR\" \/>\n<meta property=\"og:type\" content=\"article\" \/>\n<meta property=\"og:title\" content=\"Pape Fran\u00e7ois : Avec Dieu, rien n\u2019est impossible pour croire en la Vierge . - EDITIONSBUSSIERE\" \/>\n<meta property=\"og:description\" content=\"Audience g\u00e9n\u00e9rale dans la salle Paul VI \u2013 Capture d\u2019\u00e9cran Source: M\u00e9dias du Vatican Le pape Fran\u00e7ois a repris ses audiences g\u00e9n\u00e9rales mercredi, apr\u00e8s la pause estivale, dans la salle climatis\u00e9e Paul VI, alors qu\u2019\u00e0 l\u2019ext\u00e9rieur la temp\u00e9rature \u00e0 Rome \u00e9tait de 35\u00b0C+. Dans ses r\u00e9flexions, le pape a abord\u00e9 le th\u00e8me de l\u2019Esprit Saint [&hellip;]\" \/>\n<meta property=\"og:url\" content=\"https:\/\/editionsbussiere.com\/blog\/pape-francois-avec-dieu-rien-nest-impossible-pour-croire-en-la-vierge\/\" \/>\n<meta property=\"og:site_name\" content=\"EDITIONSBUSSIERE\" \/>\n<meta property=\"article:published_time\" content=\"2024-08-08T01:16:19+00:00\" \/>\n<meta property=\"og:image\" content=\"https:\/\/editionsbussiere.com\/blog\/wp-content\/uploads\/2024\/08\/Pape-Francois-Avec-Dieu-rien-nest-impossible-et-adresser.png\" \/>\n<meta name=\"author\" content=\"Marie BATICLE\" \/>\n<meta name=\"twitter:card\" content=\"summary_large_image\" \/>\n<meta name=\"twitter:label1\" content=\"\u00c9crit par\" \/>\n\t<meta name=\"twitter:data1\" content=\"Marie BATICLE\" \/>\n\t<meta name=\"twitter:label2\" content=\"Dur\u00e9e de lecture estim\u00e9e\" \/>\n\t<meta name=\"twitter:data2\" content=\"12 minutes\" \/>\n<script type=\"application\/ld+json\" class=\"yoast-schema-graph\">{\"@context\":\"https:\\\/\\\/schema.org\",\"@graph\":[{\"@type\":\"Article\",\"@id\":\"https:\\\/\\\/editionsbussiere.com\\\/blog\\\/pape-francois-avec-dieu-rien-nest-impossible-pour-croire-en-la-vierge\\\/#article\",\"isPartOf\":{\"@id\":\"https:\\\/\\\/editionsbussiere.com\\\/blog\\\/pape-francois-avec-dieu-rien-nest-impossible-pour-croire-en-la-vierge\\\/\"},\"author\":{\"name\":\"Marie BATICLE\",\"@id\":\"https:\\\/\\\/editionsbussiere.com\\\/blog\\\/#\\\/schema\\\/person\\\/ec90e102792148c97e46ab871010dd8f\"},\"headline\":\"Pape Fran\u00e7ois : Avec Dieu, rien n\u2019est impossible pour croire en la Vierge .\",\"datePublished\":\"2024-08-08T01:16:19+00:00\",\"mainEntityOfPage\":{\"@id\":\"https:\\\/\\\/editionsbussiere.com\\\/blog\\\/pape-francois-avec-dieu-rien-nest-impossible-pour-croire-en-la-vierge\\\/\"},\"wordCount\":2394,\"publisher\":{\"@id\":\"https:\\\/\\\/editionsbussiere.com\\\/blog\\\/#organization\"},\"image\":{\"@id\":\"https:\\\/\\\/editionsbussiere.com\\\/blog\\\/pape-francois-avec-dieu-rien-nest-impossible-pour-croire-en-la-vierge\\\/#primaryimage\"},\"thumbnailUrl\":\"https:\\\/\\\/editionsbussiere.com\\\/blog\\\/wp-content\\\/uploads\\\/2024\\\/08\\\/Pape-Francois-Avec-Dieu-rien-nest-impossible-et-adresser.png\",\"articleSection\":[\"Editions \u00c9sot\u00e9rique Fond\u00e9e En 1927; D\u00e9p\u00e8ches:\"],\"inLanguage\":\"fr-FR\"},{\"@type\":\"WebPage\",\"@id\":\"https:\\\/\\\/editionsbussiere.com\\\/blog\\\/pape-francois-avec-dieu-rien-nest-impossible-pour-croire-en-la-vierge\\\/\",\"url\":\"https:\\\/\\\/editionsbussiere.com\\\/blog\\\/pape-francois-avec-dieu-rien-nest-impossible-pour-croire-en-la-vierge\\\/\",\"name\":\"Pape Fran\u00e7ois : Avec Dieu, rien n\u2019est impossible pour croire en la Vierge . - EDITIONSBUSSIERE\",\"isPartOf\":{\"@id\":\"https:\\\/\\\/editionsbussiere.com\\\/blog\\\/#website\"},\"primaryImageOfPage\":{\"@id\":\"https:\\\/\\\/editionsbussiere.com\\\/blog\\\/pape-francois-avec-dieu-rien-nest-impossible-pour-croire-en-la-vierge\\\/#primaryimage\"},\"image\":{\"@id\":\"https:\\\/\\\/editionsbussiere.com\\\/blog\\\/pape-francois-avec-dieu-rien-nest-impossible-pour-croire-en-la-vierge\\\/#primaryimage\"},\"thumbnailUrl\":\"https:\\\/\\\/editionsbussiere.com\\\/blog\\\/wp-content\\\/uploads\\\/2024\\\/08\\\/Pape-Francois-Avec-Dieu-rien-nest-impossible-et-adresser.png\",\"datePublished\":\"2024-08-08T01:16:19+00:00\",\"breadcrumb\":{\"@id\":\"https:\\\/\\\/editionsbussiere.com\\\/blog\\\/pape-francois-avec-dieu-rien-nest-impossible-pour-croire-en-la-vierge\\\/#breadcrumb\"},\"inLanguage\":\"fr-FR\",\"potentialAction\":[{\"@type\":\"ReadAction\",\"target\":[\"https:\\\/\\\/editionsbussiere.com\\\/blog\\\/pape-francois-avec-dieu-rien-nest-impossible-pour-croire-en-la-vierge\\\/\"]}]},{\"@type\":\"ImageObject\",\"inLanguage\":\"fr-FR\",\"@id\":\"https:\\\/\\\/editionsbussiere.com\\\/blog\\\/pape-francois-avec-dieu-rien-nest-impossible-pour-croire-en-la-vierge\\\/#primaryimage\",\"url\":\"https:\\\/\\\/editionsbussiere.com\\\/blog\\\/wp-content\\\/uploads\\\/2024\\\/08\\\/Pape-Francois-Avec-Dieu-rien-nest-impossible-et-adresser.png\",\"contentUrl\":\"https:\\\/\\\/editionsbussiere.com\\\/blog\\\/wp-content\\\/uploads\\\/2024\\\/08\\\/Pape-Francois-Avec-Dieu-rien-nest-impossible-et-adresser.png\",\"width\":400,\"height\":275,\"caption\":\"Pape Francois Avec Dieu rien nest impossible et adresser\"},{\"@type\":\"BreadcrumbList\",\"@id\":\"https:\\\/\\\/editionsbussiere.com\\\/blog\\\/pape-francois-avec-dieu-rien-nest-impossible-pour-croire-en-la-vierge\\\/#breadcrumb\",\"itemListElement\":[{\"@type\":\"ListItem\",\"position\":1,\"name\":\"Accueil\",\"item\":\"https:\\\/\\\/editionsbussiere.com\\\/blog\\\/\"},{\"@type\":\"ListItem\",\"position\":2,\"name\":\"Pape Fran\u00e7ois : Avec Dieu, rien n\u2019est impossible pour croire en la Vierge .\"}]},{\"@type\":\"WebSite\",\"@id\":\"https:\\\/\\\/editionsbussiere.com\\\/blog\\\/#website\",\"url\":\"https:\\\/\\\/editionsbussiere.com\\\/blog\\\/\",\"name\":\"EDITIONSBUSSIERE\",\"description\":\"Editions \u00e9sot\u00e9rique fond\u00e9e en 1927; site historique, A SAVOIR ET RETENIR.\",\"publisher\":{\"@id\":\"https:\\\/\\\/editionsbussiere.com\\\/blog\\\/#organization\"},\"potentialAction\":[{\"@type\":\"SearchAction\",\"target\":{\"@type\":\"EntryPoint\",\"urlTemplate\":\"https:\\\/\\\/editionsbussiere.com\\\/blog\\\/?s={search_term_string}\"},\"query-input\":{\"@type\":\"PropertyValueSpecification\",\"valueRequired\":true,\"valueName\":\"search_term_string\"}}],\"inLanguage\":\"fr-FR\"},{\"@type\":\"Organization\",\"@id\":\"https:\\\/\\\/editionsbussiere.com\\\/blog\\\/#organization\",\"name\":\"editionsbussiere\",\"url\":\"https:\\\/\\\/editionsbussiere.com\\\/blog\\\/\",\"logo\":{\"@type\":\"ImageObject\",\"inLanguage\":\"fr-FR\",\"@id\":\"https:\\\/\\\/editionsbussiere.com\\\/blog\\\/#\\\/schema\\\/logo\\\/image\\\/\",\"url\":\"https:\\\/\\\/editionsbussiere.com\\\/blog\\\/wp-content\\\/uploads\\\/2023\\\/09\\\/cropped-buss.gif\",\"contentUrl\":\"https:\\\/\\\/editionsbussiere.com\\\/blog\\\/wp-content\\\/uploads\\\/2023\\\/09\\\/cropped-buss.gif\",\"width\":298,\"height\":120,\"caption\":\"editionsbussiere\"},\"image\":{\"@id\":\"https:\\\/\\\/editionsbussiere.com\\\/blog\\\/#\\\/schema\\\/logo\\\/image\\\/\"}},{\"@type\":\"Person\",\"@id\":\"https:\\\/\\\/editionsbussiere.com\\\/blog\\\/#\\\/schema\\\/person\\\/ec90e102792148c97e46ab871010dd8f\",\"name\":\"Marie BATICLE\",\"image\":{\"@type\":\"ImageObject\",\"inLanguage\":\"fr-FR\",\"@id\":\"https:\\\/\\\/secure.gravatar.com\\\/avatar\\\/c923e52403b1b8137e2d929127211d21967e6aecaa053bd43b09da29f212e76e?s=96&d=mm&r=g\",\"url\":\"https:\\\/\\\/secure.gravatar.com\\\/avatar\\\/c923e52403b1b8137e2d929127211d21967e6aecaa053bd43b09da29f212e76e?s=96&d=mm&r=g\",\"contentUrl\":\"https:\\\/\\\/secure.gravatar.com\\\/avatar\\\/c923e52403b1b8137e2d929127211d21967e6aecaa053bd43b09da29f212e76e?s=96&d=mm&r=g\",\"caption\":\"Marie BATICLE\"},\"url\":\"https:\\\/\\\/editionsbussiere.com\\\/blog\\\/author\\\/eremarie\\\/\"}]}<\/script>\n<!-- \/ Yoast SEO plugin. -->","yoast_head_json":{"title":"Pape Fran\u00e7ois : Avec Dieu, rien n\u2019est impossible pour croire en la Vierge . - EDITIONSBUSSIERE","robots":{"index":"index","follow":"follow","max-snippet":"max-snippet:-1","max-image-preview":"max-image-preview:large","max-video-preview":"max-video-preview:-1"},"canonical":"https:\/\/editionsbussiere.com\/blog\/pape-francois-avec-dieu-rien-nest-impossible-pour-croire-en-la-vierge\/","og_locale":"fr_FR","og_type":"article","og_title":"Pape Fran\u00e7ois : Avec Dieu, rien n\u2019est impossible pour croire en la Vierge . - EDITIONSBUSSIERE","og_description":"Audience g\u00e9n\u00e9rale dans la salle Paul VI \u2013 Capture d\u2019\u00e9cran Source: M\u00e9dias du Vatican Le pape Fran\u00e7ois a repris ses audiences g\u00e9n\u00e9rales mercredi, apr\u00e8s la pause estivale, dans la salle climatis\u00e9e Paul VI, alors qu\u2019\u00e0 l\u2019ext\u00e9rieur la temp\u00e9rature \u00e0 Rome \u00e9tait de 35\u00b0C+. Dans ses r\u00e9flexions, le pape a abord\u00e9 le th\u00e8me de l\u2019Esprit Saint [&hellip;]","og_url":"https:\/\/editionsbussiere.com\/blog\/pape-francois-avec-dieu-rien-nest-impossible-pour-croire-en-la-vierge\/","og_site_name":"EDITIONSBUSSIERE","article_published_time":"2024-08-08T01:16:19+00:00","og_image":[{"url":"https:\/\/editionsbussiere.com\/blog\/wp-content\/uploads\/2024\/08\/Pape-Francois-Avec-Dieu-rien-nest-impossible-et-adresser.png","type":"","width":"","height":""}],"author":"Marie BATICLE","twitter_card":"summary_large_image","twitter_misc":{"\u00c9crit par":"Marie BATICLE","Dur\u00e9e de lecture estim\u00e9e":"12 minutes"},"schema":{"@context":"https:\/\/schema.org","@graph":[{"@type":"Article","@id":"https:\/\/editionsbussiere.com\/blog\/pape-francois-avec-dieu-rien-nest-impossible-pour-croire-en-la-vierge\/#article","isPartOf":{"@id":"https:\/\/editionsbussiere.com\/blog\/pape-francois-avec-dieu-rien-nest-impossible-pour-croire-en-la-vierge\/"},"author":{"name":"Marie BATICLE","@id":"https:\/\/editionsbussiere.com\/blog\/#\/schema\/person\/ec90e102792148c97e46ab871010dd8f"},"headline":"Pape Fran\u00e7ois : Avec Dieu, rien n\u2019est impossible pour croire en la Vierge .","datePublished":"2024-08-08T01:16:19+00:00","mainEntityOfPage":{"@id":"https:\/\/editionsbussiere.com\/blog\/pape-francois-avec-dieu-rien-nest-impossible-pour-croire-en-la-vierge\/"},"wordCount":2394,"publisher":{"@id":"https:\/\/editionsbussiere.com\/blog\/#organization"},"image":{"@id":"https:\/\/editionsbussiere.com\/blog\/pape-francois-avec-dieu-rien-nest-impossible-pour-croire-en-la-vierge\/#primaryimage"},"thumbnailUrl":"https:\/\/editionsbussiere.com\/blog\/wp-content\/uploads\/2024\/08\/Pape-Francois-Avec-Dieu-rien-nest-impossible-et-adresser.png","articleSection":["Editions \u00c9sot\u00e9rique Fond\u00e9e En 1927; D\u00e9p\u00e8ches:"],"inLanguage":"fr-FR"},{"@type":"WebPage","@id":"https:\/\/editionsbussiere.com\/blog\/pape-francois-avec-dieu-rien-nest-impossible-pour-croire-en-la-vierge\/","url":"https:\/\/editionsbussiere.com\/blog\/pape-francois-avec-dieu-rien-nest-impossible-pour-croire-en-la-vierge\/","name":"Pape Fran\u00e7ois : Avec Dieu, rien n\u2019est impossible pour croire en la Vierge . - EDITIONSBUSSIERE","isPartOf":{"@id":"https:\/\/editionsbussiere.com\/blog\/#website"},"primaryImageOfPage":{"@id":"https:\/\/editionsbussiere.com\/blog\/pape-francois-avec-dieu-rien-nest-impossible-pour-croire-en-la-vierge\/#primaryimage"},"image":{"@id":"https:\/\/editionsbussiere.com\/blog\/pape-francois-avec-dieu-rien-nest-impossible-pour-croire-en-la-vierge\/#primaryimage"},"thumbnailUrl":"https:\/\/editionsbussiere.com\/blog\/wp-content\/uploads\/2024\/08\/Pape-Francois-Avec-Dieu-rien-nest-impossible-et-adresser.png","datePublished":"2024-08-08T01:16:19+00:00","breadcrumb":{"@id":"https:\/\/editionsbussiere.com\/blog\/pape-francois-avec-dieu-rien-nest-impossible-pour-croire-en-la-vierge\/#breadcrumb"},"inLanguage":"fr-FR","potentialAction":[{"@type":"ReadAction","target":["https:\/\/editionsbussiere.com\/blog\/pape-francois-avec-dieu-rien-nest-impossible-pour-croire-en-la-vierge\/"]}]},{"@type":"ImageObject","inLanguage":"fr-FR","@id":"https:\/\/editionsbussiere.com\/blog\/pape-francois-avec-dieu-rien-nest-impossible-pour-croire-en-la-vierge\/#primaryimage","url":"https:\/\/editionsbussiere.com\/blog\/wp-content\/uploads\/2024\/08\/Pape-Francois-Avec-Dieu-rien-nest-impossible-et-adresser.png","contentUrl":"https:\/\/editionsbussiere.com\/blog\/wp-content\/uploads\/2024\/08\/Pape-Francois-Avec-Dieu-rien-nest-impossible-et-adresser.png","width":400,"height":275,"caption":"Pape Francois Avec Dieu rien nest impossible et adresser"},{"@type":"BreadcrumbList","@id":"https:\/\/editionsbussiere.com\/blog\/pape-francois-avec-dieu-rien-nest-impossible-pour-croire-en-la-vierge\/#breadcrumb","itemListElement":[{"@type":"ListItem","position":1,"name":"Accueil","item":"https:\/\/editionsbussiere.com\/blog\/"},{"@type":"ListItem","position":2,"name":"Pape Fran\u00e7ois : Avec Dieu, rien n\u2019est impossible pour croire en la Vierge ."}]},{"@type":"WebSite","@id":"https:\/\/editionsbussiere.com\/blog\/#website","url":"https:\/\/editionsbussiere.com\/blog\/","name":"EDITIONSBUSSIERE","description":"Editions \u00e9sot\u00e9rique fond\u00e9e en 1927; site historique, A SAVOIR ET RETENIR.","publisher":{"@id":"https:\/\/editionsbussiere.com\/blog\/#organization"},"potentialAction":[{"@type":"SearchAction","target":{"@type":"EntryPoint","urlTemplate":"https:\/\/editionsbussiere.com\/blog\/?s={search_term_string}"},"query-input":{"@type":"PropertyValueSpecification","valueRequired":true,"valueName":"search_term_string"}}],"inLanguage":"fr-FR"},{"@type":"Organization","@id":"https:\/\/editionsbussiere.com\/blog\/#organization","name":"editionsbussiere","url":"https:\/\/editionsbussiere.com\/blog\/","logo":{"@type":"ImageObject","inLanguage":"fr-FR","@id":"https:\/\/editionsbussiere.com\/blog\/#\/schema\/logo\/image\/","url":"https:\/\/editionsbussiere.com\/blog\/wp-content\/uploads\/2023\/09\/cropped-buss.gif","contentUrl":"https:\/\/editionsbussiere.com\/blog\/wp-content\/uploads\/2023\/09\/cropped-buss.gif","width":298,"height":120,"caption":"editionsbussiere"},"image":{"@id":"https:\/\/editionsbussiere.com\/blog\/#\/schema\/logo\/image\/"}},{"@type":"Person","@id":"https:\/\/editionsbussiere.com\/blog\/#\/schema\/person\/ec90e102792148c97e46ab871010dd8f","name":"Marie BATICLE","image":{"@type":"ImageObject","inLanguage":"fr-FR","@id":"https:\/\/secure.gravatar.com\/avatar\/c923e52403b1b8137e2d929127211d21967e6aecaa053bd43b09da29f212e76e?s=96&d=mm&r=g","url":"https:\/\/secure.gravatar.com\/avatar\/c923e52403b1b8137e2d929127211d21967e6aecaa053bd43b09da29f212e76e?s=96&d=mm&r=g","contentUrl":"https:\/\/secure.gravatar.com\/avatar\/c923e52403b1b8137e2d929127211d21967e6aecaa053bd43b09da29f212e76e?s=96&d=mm&r=g","caption":"Marie BATICLE"},"url":"https:\/\/editionsbussiere.com\/blog\/author\/eremarie\/"}]}},"_links":{"self":[{"href":"https:\/\/editionsbussiere.com\/blog\/wp-json\/wp\/v2\/posts\/1108","targetHints":{"allow":["GET"]}}],"collection":[{"href":"https:\/\/editionsbussiere.com\/blog\/wp-json\/wp\/v2\/posts"}],"about":[{"href":"https:\/\/editionsbussiere.com\/blog\/wp-json\/wp\/v2\/types\/post"}],"author":[{"embeddable":true,"href":"https:\/\/editionsbussiere.com\/blog\/wp-json\/wp\/v2\/users\/3"}],"replies":[{"embeddable":true,"href":"https:\/\/editionsbussiere.com\/blog\/wp-json\/wp\/v2\/comments?post=1108"}],"version-history":[{"count":0,"href":"https:\/\/editionsbussiere.com\/blog\/wp-json\/wp\/v2\/posts\/1108\/revisions"}],"wp:featuredmedia":[{"embeddable":true,"href":"https:\/\/editionsbussiere.com\/blog\/wp-json\/wp\/v2\/media\/1109"}],"wp:attachment":[{"href":"https:\/\/editionsbussiere.com\/blog\/wp-json\/wp\/v2\/media?parent=1108"}],"wp:term":[{"taxonomy":"category","embeddable":true,"href":"https:\/\/editionsbussiere.com\/blog\/wp-json\/wp\/v2\/categories?post=1108"},{"taxonomy":"post_tag","embeddable":true,"href":"https:\/\/editionsbussiere.com\/blog\/wp-json\/wp\/v2\/tags?post=1108"}],"curies":[{"name":"wp","href":"https:\/\/api.w.org\/{rel}","templated":true}]}}