{"id":1104,"date":"2024-08-07T12:22:04","date_gmt":"2024-08-07T10:22:04","guid":{"rendered":"https:\/\/editionsbussiere.com\/blog\/plus-plus-actualites-et-opinions-du-mercredi-7-aout-2024-catholic-world-report-priere-au-petit-jour\/"},"modified":"2024-08-07T12:22:04","modified_gmt":"2024-08-07T10:22:04","slug":"plus-plus-actualites-et-opinions-du-mercredi-7-aout-2024-catholic-world-report-priere-au-petit-jour","status":"publish","type":"post","link":"https:\/\/editionsbussiere.com\/blog\/plus-plus-actualites-et-opinions-du-mercredi-7-aout-2024-catholic-world-report-priere-au-petit-jour\/","title":{"rendered":"Plus, plus ! Actualit\u00e9s et opinions du mercredi 7 ao\u00fbt 2024 \u2013 Catholic World Report\n &amp; pri\u00e8re au petit jour."},"content":{"rendered":"<div><img width=\"580\" height=\"330\" src=\"https:\/\/editionsbussiere.com\/blog\/wp-content\/uploads\/2024\/08\/Plus-plus-Actualites-et-opinions-du-mercredi-7-aout.jpg\" class=\"attachment-large size-large wp-post-image\" alt=\"Plus, plus ! Actualit\u00e9s et opinions du mercredi 7 ao\u00fbt\" style=\"float:left; margin:0 15px 15px 0;\" decoding=\"async\" srcset=\"https:\/\/editionsbussiere.com\/blog\/wp-content\/uploads\/2024\/08\/Plus-plus-Actualites-et-opinions-du-mercredi-7-aout.jpg 690w, https:\/\/www.n42.fr\/wp-content\/uploads\/2024\/08\/Plus-plus-Actualites-et-opinions-du-mercredi-7-aout-300x170.jpg 300w\" sizes=\"(max-width: 580px) 100vw, 580px\"><\/p>\n<p>\n<\/p>\n<div>\n<figure class=\"entry-thumbnail\">\n<img decoding=\"async\" src=\"https:\/\/editionsbussiere.com\/blog\/wp-content\/uploads\/2024\/08\/tolkein_pearce_ip-678x381-1.jpg\" alt=\"\" title=\"tolkein_pearce_ip\"><figcaption class=\"wp-caption-text\">JRR Tolkien (1892-1973), photographi\u00e9 sur la couverture de \u00ab Tolkien : Man and Myth : A Literary Life \u00bb (Ignatius Press, 2000) de Joseph Pearce. (Image : Ignatius.com)<\/figcaption><\/figure>\n<p><strong>Se tromper sur Tolkien \u2013<\/strong> \u00ab JRR Tolkien n\u2019a pas \u00e9crit une histoire expliquant pourquoi le pouvoir est mauvais, mais plut\u00f4t pourquoi la domination est mauvaise. \u00bb <strong>Sans surprise, David French a compl\u00e8tement rat\u00e9 Le Seigneur des Anneaux de JRR Tolkien (<em>Le F\u00e9d\u00e9raliste<\/em>)<\/strong><\/p>\n<p><strong>Un Ordinaire dioc\u00e9sain \u2013<\/strong> \u00ab Dans l\u2019une des nominations les plus importantes de son pontificat aux \u00c9tats-Unis, le pape Fran\u00e7ois a donn\u00e9 \u00e0 Boston son septi\u00e8me archev\u00eaque. \u00bb <strong>Que signifie la nomination de l\u2019archev\u00eaque Henning \u00e0 Boston pour l\u2019\u00c9glise am\u00e9ricaine ?<em>Notre visiteur du dimanche<\/em>)<\/strong><\/p>\n<p class=\"c-topper__headline\"><strong>Le rempla\u00e7ant d\u2019O\u2019Malley \u2013<\/strong> \u00ab L\u2019annonce lundi que l\u2019\u00e9v\u00eaque Richard Henning remplacera le cardinal Sean O\u2019Malley comme archev\u00eaque de Boston a mis fin \u00e0 l\u2019un des plus anciens sujets de sp\u00e9culation au sein de l\u2019\u00c9glise aux \u00c9tats-Unis. \u00bb <strong>Le long chemin vers le remplacement du cardinal O\u2019Malley (<em>Le Pilier<\/em>)<\/strong><\/p>\n<p><strong>Centre Aletti \u2013<\/strong> \u00ab La communaut\u00e9 artistique fond\u00e9e par le p\u00e8re Marko Rupnik, le pr\u00eatre slov\u00e8ne accus\u00e9 d\u2019avoir abus\u00e9 sexuellement, psychologiquement et spirituellement de plusieurs femmes, a rejet\u00e9 les appels des survivants demandant le retrait des \u0153uvres de l\u2019artiste, affirmant que de telles d\u00e9cisions sont un sympt\u00f4me de la \u00ab cancel culture \u00bb. <strong>Le centre d\u2019art fond\u00e9 par le p\u00e8re Rupnik refuse le retrait d\u2019\u0153uvres d\u2019art (<em>Notre visiteur du dimanche<\/em>)<\/strong><\/p>\n<p><strong>Mort \u00e0 soi-m\u00eame \u2013<\/strong> \u00ab Le catholicisme a surv\u00e9cu dans tous les environnements et s\u2019est \u00e9panoui dans la plupart d\u2019entre eux parce que ses principes fondamentaux sont simples. \u00bb <strong>La famille Trad (<em>La chose catholique<\/em>)<\/strong><\/p>\n<p><strong>Peuple de Dieu ou cheval de Troie ? \u2013<\/strong> \u00ab Rafael Luciani soutient que la d\u00e9centralisation et la non-hi\u00e9rarchisation des d\u00e9cisions, comme le pr\u00e9conise la Voie synodale allemande, sont essentielles \u00e0 la mise en \u0153uvre compl\u00e8te de Vatican II. D\u2019autres th\u00e9ologiens ne sont cependant pas d\u2019accord. \u00bb <strong>La promotion du mod\u00e8le du \u00ab Peuple de Dieu \u00bb au sein du Synode est essentielle pour un changement radical, d\u00e9clare le conseiller principal (<em>Registre national catholique<\/em>)<\/strong><\/p>\n<p><strong>F\u00eate des Dieux \u2013<\/strong> \u00ab Les ennemis du Christ et les je-sais-tout en ligne (dont beaucoup sont les m\u00eames personnes) ont publi\u00e9 et partag\u00e9 sur les r\u00e9seaux sociaux des messages qui, <em>ackshully<\/em>la sc\u00e8ne n\u2019\u00e9tait pas cens\u00e9e \u00e9voquer la C\u00e8ne mais le dieu grec Dionysos et ses amis f\u00eatards. <strong>\u00c9clair\u00e9 par la torche olympique (<em>R\u00e9ponses catholiques<\/em>)<\/strong><\/p>\n<p><strong>Comment \u00e9crire \u2013<\/strong> \u00ab Les arts ne sont pas un moyen de gagner sa vie. Ils sont une fa\u00e7on tr\u00e8s humaine de rendre la vie plus supportable. Pratiquer l\u2019art, aussi bien ou mal soit-il, est une fa\u00e7on de faire grandir son \u00e2me, pour l\u2019amour du ciel. \u2014 Kurt Vonnegut \u00bb <strong>L\u2019\u00e9criture comme occasion de gr\u00e2ce (<em>Choses tachet\u00e9es<\/em>)<\/strong><\/p>\n<p><strong>Taux \u00e9lev\u00e9s de testost\u00e9rone \u2013<\/strong> \u00ab Les r\u00e9seaux sociaux ont amplifi\u00e9 tout cela au point que l\u2019histoire du moment, celle d\u2019un boxeur alg\u00e9rien et d\u2019un autre ta\u00efwanais, fait la une des journaux du monde entier. \u00bb <strong>Les athl\u00e8tes XY en boxe f\u00e9minine olympique : la controverse de Paris 2024 expliqu\u00e9e (<em>Quillette<\/em>)<\/strong><\/p>\n<p><strong>Restauration de Notre-Dame \u2013<\/strong> \u00ab Autrefois surnomm\u00e9e la \u00ab premi\u00e8re fille de l\u2019\u00c9glise \u00bb, la France est aujourd\u2019hui connue pour ses \u00ab catholiques zombies \u00bb : des catholiques qui pr\u00e9tendent \u00eatre croyants mais qui ne sont pas vraiment fid\u00e8les. Et le pr\u00e9sident Emmanuel Macron est le zombie en chef. \u00bb <strong>Construite avec la foi, r\u00e9nov\u00e9e avec le doute \u2013 Notre Dame de Paris (<em>La chose catholique<\/em>)<\/strong><\/p>\n<p><strong>Marie dans la litt\u00e9rature \u2013<\/strong> \u00ab Au cours des quatre si\u00e8cles qui se sont \u00e9coul\u00e9s depuis l\u2019av\u00e8nement du roman, [the Virgin Mary] a \u00e9t\u00e9 presque remarqu\u00e9e par son absence. Il y a bien s\u00fbr des exceptions. <strong>Le pape vient de demander aux catholiques de lire davantage de litt\u00e9rature et de po\u00e9sie \u2014 voici un bon point de d\u00e9part (<em>Registre national catholique<\/em>)<\/strong><\/p>\n<p><strong>Mouvement dissident en Afrique \u2013<\/strong> \u00ab Les mouvements catholiques dissidents au Kenya ont progressivement trouv\u00e9 leur voix sur la sc\u00e8ne religieuse du pays et ont conserv\u00e9 un nombre constant de fid\u00e8les malgr\u00e9 la forte opposition des voix conservatrices de l\u2019\u00c9glise catholique locale. \u00bb <strong>Les pr\u00eatres mari\u00e9s et la mont\u00e9e des catholiques s\u00e9paratistes en Afrique (<em>La religion d\u00e9branch\u00e9e<\/em>)<\/strong><\/p>\n<p>(*La publication d\u2019un article d\u2019actualit\u00e9 ou d\u2019un essai particulier ne constitue pas une approbation du contenu et de la perspective de cet article d\u2019actualit\u00e9 ou de cet essai.)<\/p>\n<div class=\"post-donation-box\">\n<hr>\n<p>Si vous appr\u00e9ciez les informations et les points de vue fournis par Catholic World Report, pensez \u00e0 faire un don pour soutenir nos efforts. Votre contribution nous aidera \u00e0 continuer \u00e0 mettre CWR \u00e0 la disposition de tous les lecteurs du monde entier, gratuitement, sans abonnement. Merci pour votre g\u00e9n\u00e9rosit\u00e9 !<\/p>\n<p>Cliquez ici pour plus d\u2019informations sur les dons au CWR. Cliquez ici pour vous inscrire \u00e0 notre newsletter.<\/p>\n<hr style=\"margin-bottom: 25px;\">\n      <\/div>\n<\/div>\n<p><script>\n!function(f,b,e,v,n,t,s)\nif(f.fbq)return;n=f.fbq=function()n.callMethod?\nn.callMethod.apply(n,arguments):n.queue.push(arguments);\nif(!f._fbq)f._fbq=n;n.push=n;n.loaded=!0;n.version='2.0';\nn.queue=[];t=b.createElement(e);t.async=!0;\nt.src=v;s=b.getElementsByTagName(e)[0];\ns.parentNode.insertBefore(t,s)(window, document,'script',\n'\nfbq('init', '860643031454650');\nfbq('track', 'PageView');\n<\/script><script>\n\t\t\t\t(function(d, s, id)\n\t\t\t\t\tvar js, fjs = d.getElementsByTagName(s)[0];\n\t\t\t\t\tif (d.getElementById(id)) return;\n\t\t\t\t\tjs = d.createElement(s); js.id = id;\n\t\t\t\t\tjs.src = \"\/\/connect.facebook.net\/en_US\/sdk.js#xfbml=1&version=v2.6\";\n\t\t\t\t\tfjs.parentNode.insertBefore(js, fjs);\n\t\t\t\t(document, 'script', 'facebook-jssdk'));\n\t\t\t<\/script><\/p>\n<h2> \u00c9lever nos proches pri\u00e8res pour notre entourage au Seigneur matinale.<\/h2>\n<p>La finale section de la pri\u00e8re du matin consiste \u00e0 prier pour nos propres familles, l\u2019ensemble de notre famille, nos amis et nos communaut\u00e9. Nous pouvons prier pour leur propre, leur sant\u00e9, leur s\u00fbret\u00e9, et leur r\u00e9ussite. Nous pouvons \u00e9galement prier pour nos adversaires et pour ces personnes qui nous ont bless\u00e9s, et demander \u00e0 Dieu de nous aider \u00e0 leur propre pardonner et \u00e0 leur d\u00e9montrer la compassion.<\/p>\n<h3> Demander pour la condition physique et la s\u00e9curit\u00e9 de nos familles.<\/h3>\n<p>Dieu tout-puissant, nous autres te confions nos familles, notre familles avec nos connaissances. Surveille, \u00f4 Dieu, sur eux, ainsi que prot\u00e8ge -les de tout danger et de toute maladie. Donne, Seigneur, une bien-\u00eatre du corps et de l\u2019esprit pour eux, et la paix au sein de leur esprit. Puissante soit la volont\u00e9 pour que ta guidance puissante les \u00e2mes veille et les personnes conduise tout au long de cette journ\u00e9e, pour qu\u2019il puissent vivent dans une s\u00e9curit\u00e9 et aussi la qui\u00e9tude.<\/p>\n<p>Nous \u00e0 toi prions pareillement pour nos propres enfants, Seigneur tout-puissant, afin qu\u2019ils grandissent dans leur foi avec dans l\u2019amour de ton b\u00e9ni nom. Accorde, \u00f4 Dieu, une sagesse ainsi que le courage n\u00e9cessaires pour affronter les \u00e9preuves de la vie, et aussi guide leurs pas le long de le chemin de la v\u00e9rit\u00e9 et de la justice.<\/p>\n<p>Enfin, nous te prions pour nos amis et aussi nos voisins, Seigneur, afin qu\u2019ils exp\u00e9rimentent la joie de ton amour ainsi que la s\u00e9r\u00e9nit\u00e9 de ton pardon. Donne-leur, \u00d4 Dieu, des c\u0153urs g\u00e9n\u00e9reux pour partager avec ceux qui sont dans le besoin, ainsi que des accueillantes en vue de accueillir ceux qui sont seuls et abandonn\u00e9s.<\/p>\n<h3> Prier pour notre ennemis ainsi que ceux qui sont nous ont offens\u00e9s. <\/h3>\n<p>Seigneur Dieu, J\u00e9sus, nous t\u2019 prions pour notre ennemis ainsi que pour ces qui nous-m\u00eames ont offens\u00e9s. Accorde-leur, \u00f4 J\u00e9sus, votre mis\u00e9ricorde et aussi ton pardon, et aussi ouvre leur c\u0153ur \u00e0 la lumi\u00e8re des ta v\u00e9rit\u00e9. Aide-nous, Seigneur Dieu, \u00e0 leur montrer de la compassion et \u00e0 leur pardonner comme tu nous autres as pardonn\u00e9. Que votre paix r\u00e8gne dans notre c\u0153urs et que votre amour guide les n\u00f4tres actions, pour que nous puissions vivre en harmonie avec tous ceux qui nous entourent.<\/p>\n<h3> Saisir la pri\u00e8re : <\/h3>\n<p>En conclusion, l\u2019 pri\u00e8re nous rappelle notre devoir comme enfants de l\u2019\u00c9ternel : se trouver des t\u00e9moins de sa lumi\u00e8re et de son affection dans l\u2019 \u00e8re en proie aux t\u00e9n\u00e8bres. \u00c0 travers nos mots et notre actes, nous r\u00e9pandons la bonne nouvelle de la paix et de la conciliation, offrant l\u2019esp\u00e9rance et la cicatrisation \u00e0 un milieu endommag\u00e9.<\/p>\n<p>Au sein de l\u2019 spiritualit\u00e9 chr\u00e9tienne, l\u2019 lever du jour porte une signification sp\u00e9ciale, symbolisant l\u2019 renouveau et la renaissance spirituelle. C\u2019est \u00e0 l\u2019aube de chaque jour que le c\u0153ur se tourne vers l\u2019\u00c9ternel dans la pri\u00e8re, s\u2019effor\u00e7ant \u00e0 devenir \u00e9clair\u00e9e par la lumi\u00e8re c\u00e9leste. L\u2019habitude des pri\u00e8res matinales est essentiellement enracin\u00e9e dans la tradition chr\u00e9tienne, offrant un instant exclusif pour se connecter avec Dieu et se pr\u00e9parer int\u00e9rieurement aux d\u00e9fis de la journ\u00e9e \u00e0 venir.<\/p>\n<p>\u00c0 au c\u0153ur au sein de ces oraisons matinales s\u2019 observe r\u00e9guli\u00e8rement une d\u00e9votion distincte \u00e0 l\u2019\u00e9gard de Marie, la mam de J\u00e9sus et ic\u00f4ne sainte ador\u00e9e par de nombreux fid\u00e8les. En tant de intercesseur parmi les hommes et Dieu, Marie reste pri\u00e9e afin de interc\u00e9der en notre faveur, nous orientant sur le chemin vers la saintet\u00e9 et de la gr\u00e2ce divine. Son apparition parentale donne r\u00e9confort et s\u00e9curit\u00e9, entourant nos oraisons matinales d\u2019une tendresse c\u00e9leste.<\/p>\n<p>\u00c0 via l\u2019 pri\u00e8res du matin, on se trouve appel\u00e9s \u00e0 nous rallier vers Marie dans une approche de sanctification individuelle. En m\u00e9ditant sur sa vie ainsi que ses vertus, nous recherchons \u00e0 imiter son humilit\u00e9, sa puret\u00e9 et son ob\u00e9issance vers la volont\u00e9 de Dieu. Par le biais de sa saintet\u00e9 mod\u00e8le, Marie devient en nous un mod\u00e8le de vie chr\u00e9tienne, nous rem\u00e9morant l\u2019importance du pri\u00e8re ainsi que du contemplation dans nos cheminement spirituel.<\/p>\n<p>Unissons-nous dans la pri\u00e8re de debut de journ\u00e9e, dans l\u2019unit\u00e9 de notre foi, en nous tournant vers Marie, la m\u00e8re de notre Seigneur J\u00e9sus-Christ. Au sein de notre monde troubl\u00e9 par les conflits et la discorde, recourons \u00e0 la pri\u00e8re pour trouver pour trouver la s\u00e9r\u00e9nit\u00e9 et la r\u00e9conciliation. Les catholiques du monde entier peuvent envoyer une demande pour la Sainte Vierge <a target=\"_blank\" rel=\"nofollow\" href=\"https:\/\/editionsbussiere.com\/blog\/goto\/https:\/\/www.avemariasound.org\/\" >gr\u00e2ce \u00e0 notre site.<\/a> Que nos pri\u00e8res s\u2019\u00e9l\u00e8vent vers le ciel, comme un hommage re\u00e7u avec faveur \u00e0 Dieu, afin qu\u2019il puisse \u00e9clairer nos chemins vers la voie de la v\u00e9rit\u00e9 et de la justice. L\u2019ap\u00f4tre Paul nous dans ses lettres \u00e0 maintenir une pri\u00e8re incessante, en toutes circonstances, afin que notre communion avec Dieu reste constante et ardente. La pri\u00e8re, lorsqu\u2019elle est offerte sinc\u00e8rement, a la capacit\u00e9 de transformer les c\u0153urs et d\u2019influer le cours de l\u2019histoire.<\/p>\n<p>La r\u00e9citation du matin est ainsi un instant avantag\u00e9 pour nous consacrer vers Dieu avec l\u2019intercession de Marie, en sacrifiant nos acclamations, nos actions de gr\u00e2ce et nos intentions les plus profondes. Dans la qui\u00e9tude de l\u2019aurore, nous sommes invit\u00e9s \u00e0 se tourner vers cette maman sacr\u00e9e, qui nous guide par tendresse sur du chemin de la croyance et du sentiment amoureux divin. En faisant l\u2019union nos voix \u00e0 celle-ci du Marie, on \u00e9levons nos pri\u00e8res matinales vers le tr\u00f4ne du la gr\u00e2ce, confiants que nos supplications seront entendues ainsi que accueillies par le c\u0153ur mis\u00e9ricordieux de Dieu.<\/p>\n<h2> Pri\u00e8re pour le matin avec Dieu et la Vierge Marie<\/h2>\n<p>Seigneur tout-puissant et mis\u00e9ricordieux, en ce matin qui s\u2019annonce sous la clart\u00e9 de ta lumi\u00e8re c\u00e9leste, je viens \u00e0 toi avec confiance et humilit\u00e9. Que cette nouvelle journ\u00e9e qui se profile soit consacr\u00e9e \u00e0 ton saint nom, que chaque pulsation de mon \u00eatre |chaque regard de mes yeux|chacune de mes paroles|chacun de mes gestes} te soit offert en offrande. Que chaque souffle de vie que tu m\u2019as donn\u00e9 soit un soupir de d\u00e9votion |un souffle vers toi|un souffle de vie en toi}. Suppliez, que nos pri\u00e8res montent, que nos c\u0153urs implorent, priez, suppliez.<\/p>\n<p>\u00c0 l\u2019instar de Marie, la m\u00e8re bienheureuse qui a port\u00e9 en son sein l\u2019enfant J\u00e9sus, conduis-moi dans ce voyage de foi et de d\u00e9votion. Que je puisse, en parcourant les pages de l\u2019\u00c9vangile, rencontrer la clart\u00e9 pour \u00e9clairer mes pas et fortifier ma foi. \u00c0 l\u2019instar de Pierre, donne-moi la puissance et l\u2019audace de faire face \u00e0 les \u00e9preuves de ce monde avec une foi in\u00e9branlable en ta divine providence.<\/p>\n<p>Au cours de ce p\u00e9riode de Car\u00eame, o\u00f9 les chr\u00e9tiens et les fid\u00e8les se pr\u00e9parent \u00e0 comm\u00e9morer la r\u00e9surrection de J\u00e9sus-Christ, donne-moi, Seigneur, la gr\u00e2ce du r\u00e9veil spirituel. Que mon c\u0153ur soit purifi\u00e9 de toute souillure, afin qu\u2019il devienne un temple digne de ta pr\u00e9sence. Que mes suppliques, \u00e0 l\u2019image de Fran\u00e7ois d\u2019Assise, sonne comme une m\u00e9lodie de louanges \u00e0 travers les si\u00e8cles.<br \/>\nDieu Tout-Puissant, que ma journ\u00e9e soit impr\u00e9gn\u00e9 de ta b\u00e9n\u00e9diction, que chaque instant soit une occasion de entrer en communion avec toi et de te servir dans mes fr\u00e8res et s\u0153urs. Que ma vie soit un t\u00e9moignage vivant de ta mis\u00e9ricorde sans limite envers l\u2019humanit\u00e9. Puissent les mots de la pri\u00e8re de Hozana monter vers toi comme un doux parfum, enveloppant toute ma journ\u00e9e dans une ambiance de paix. Priez, \u00c9glise, Fran\u00e7ois, Hozana.<\/p>\n<p>Que mon c\u0153ur, \u00d4 Seigneur, devienne un reflet du tien, rempli d\u2019amour, de compassion et de mis\u00e9ricorde envers mes semblables. Que toutes mes pens\u00e9es et mes actions soient conduites par le Saint-Esprit, afin que je puisse contribuer \u00e0 l\u2019av\u00e8nement de ta justice sur ce monde.<\/p>\n<p>Que cette journ\u00e9e devienne une nouvelle \u00e9tape dans mon cheminement spirituel, une occasion de grandir dans la foi. Seigneur, envahis mon c\u0153ur, \u00e9tablis-le comme ton sanctuaire, o\u00f9 ta pr\u00e9sence se manifeste constamment. Que chaque pulsation de mon c\u0153ur se transforme en un chant \u00e0 ta louange, Seigneur, pour toujours. Amen.<\/p>\n<p>Au sein de le r\u00e9veil spirituel spirituel de chaque \u00e2me chr\u00e9tienne, la supplication joue. Celle-ci constitue la connexion \u00e9troite entre l\u2019enfant divin et sa m\u00e8re c\u00e9leste, Marie, laquelle supplie pour nous aupr\u00e8s de son divin Fils. \u00c0 travers la pri\u00e8re, nous entrons au c\u0153ur de la clart\u00e9 de la doctrine divine, dirig\u00e9s par l\u2019Esprit divin, afin de d\u00e9celer la vraie nature et la gr\u00e2ce que J\u00e9sus nous offre.<\/p>\n<h2>Contemplation sur la divine Parole de Dieu : <\/h2>\n<p>On pouvons ruminer en ce qui concerne un extrait de la Bible qui nous enseigne de la tendresse divin. \u00c0 titre d\u2019exemple :<\/p>\n<h3>1 Corinthiens 13, 1-8 : <\/h3>\n<p>\u00a0\u00bb<br \/>\nL\u2019amour est patient, il est plein de bont\u00e9; l\u2019amour n\u2019est point envieux; l\u2019amour ne se vante point, il ne s\u2019enfle point d\u2019orgueil, il ne fait rien de malhonn\u00eate, il ne cherche point son int\u00e9r\u00eat, il ne s\u2019irrite point, il ne soup\u00e7onne point le mal, il ne se r\u00e9jouit point de l\u2019injustice, mais il se r\u00e9jouit de la v\u00e9rit\u00e9; il supporte tout, il croit tout, il esp\u00e8re tout, il endure tout.<br \/>\nL\u2019amour ne p\u00e9rit jamais; mais, les proph\u00e9ties, elles seront abolies; les langues, elles cesseront; la connaissance, elle sera abolie.\u00a0\u00bb<\/p>\n<p>Ce sujet vous a captiv\u00e9 vous adorerez \u00e9galement ces livres:<\/p>\n<p>Revue musicale \u2013 31 mai 1895.,<a target=\"_blank\" rel=\"nofollow\" href=\"https:\/\/editionsbussiere.com\/blog\/goto\/https:\/\/fr.wikisource.org\/wiki\/Revue_musicale_-_31_mai_1895\"  target=\"_blank\" rel=\"noopener noreferrer nofollow\">L\u2019article de presse.<\/a><span><\/span><\/p>\n<p>Marie-Claire\/26.,<a target=\"_blank\" rel=\"nofollow\" href=\"https:\/\/editionsbussiere.com\/blog\/goto\/https:\/\/fr.wikisource.org\/wiki\/Marie-Claire\/26\"  target=\"_blank\" rel=\"noopener noreferrer nofollow\">Cliquer ICI.<\/a><span><\/span><\/p>\n<p>Les Moines (Recueil)\/Vision.,<a target=\"_blank\" rel=\"nofollow\" href=\"https:\/\/editionsbussiere.com\/blog\/goto\/https:\/\/fr.wikisource.org\/wiki\/Les_Moines_(Recueil)\/Vision\"  target=\"_blank\" rel=\"noopener noreferrer nofollow\">L\u2019article de presse.<\/a><span><\/span><\/p>\n<p>La Rivi\u00e8re-\u00e0-Mars\/02.,<a target=\"_blank\" rel=\"nofollow\" href=\"https:\/\/editionsbussiere.com\/blog\/goto\/https:\/\/fr.wikisource.org\/wiki\/La_Rivi%C3%A8re-%C3%A0-Mars\/02\"  target=\"_blank\" rel=\"noopener noreferrer nofollow\">Cliquer ICI.<\/a><span><\/span>. Suite sur le prochain article.<\/p>\n<p>L\u2019Art pendant la guerre 1914-1918\/Partie 2\/Chapitre 2.,<a target=\"_blank\" rel=\"nofollow\" href=\"https:\/\/editionsbussiere.com\/blog\/goto\/https:\/\/fr.wikisource.org\/wiki\/L%27Art_pendant_la_guerre_1914-1918\/Partie_2\/Chapitre_2\"  target=\"_blank\" rel=\"noopener noreferrer nofollow\">Cliquer ICI.<\/a><span><\/span><\/p>\n<p>Chansons populaires de la Basse-Bretagne\/Pri\u00e8re \u00e0 dire en tout temps.,<a target=\"_blank\" rel=\"nofollow\" href=\"https:\/\/editionsbussiere.com\/blog\/goto\/https:\/\/fr.wikisource.org\/wiki\/Chansons_populaires_de_la_Basse-Bretagne\/Pri%C3%A8re_%C3%A0_dire_en_tout_temps\"  target=\"_blank\" rel=\"noopener noreferrer nofollow\">Le post d\u2019actualit\u00e9.<\/a><span><\/span><\/p>\n<\/div>\n<p><img decoding=\"async\" class=\"wpe_imgrss\" src=\"https:\/\/editionsbussiere.com\/blog\/wp-content\/uploads\/2024\/08\/Plus-plus-Actualites-et-opinions-du-mercredi-7-aout.jpg\">Cet article a \u00e9t\u00e9 reconstitu\u00e9 du mieux possible. Dans l\u2019hypoth\u00e8se o\u00f9 vous souhaitez apporter quelques modifications concernant le th\u00e8me \u00ab\u00a0Editions \u00e9sot\u00e9rique fond\u00e9e en 1927\u00a0\u00bb, il est possible de discuter avec notre r\u00e9daction. Vous pouvez tirer profit de cet article traitant le sujet \u00ab\u00a0Editions \u00e9sot\u00e9rique fond\u00e9e en 1927\u00a0\u00bb. Il est concoct\u00e9 par l\u2019\u00e9quipe editionsbussiere.com. Le site editionsbussiere.com est fait pour cr\u00e9er divers posts autour du th\u00e8me Editions \u00e9sot\u00e9rique fond\u00e9e en 1927 d\u00e9velopp\u00e9es sur internet. Consultez notre site internet editionsbussiere.com et nos r\u00e9seaux sociaux pour \u00eatre au courant des futures annonces.<\/p>\n","protected":false},"excerpt":{"rendered":"<p>JRR Tolkien (1892-1973), photographi\u00e9 sur la couverture de \u00ab Tolkien : Man and Myth : A Literary Life \u00bb (Ignatius Press, 2000) de Joseph Pearce. (Image : Ignatius.com) Se tromper sur Tolkien \u2013 \u00ab JRR Tolkien n\u2019a pas \u00e9crit une histoire expliquant pourquoi le pouvoir est mauvais, mais plut\u00f4t pourquoi la domination est mauvaise. \u00bb [&hellip;]<\/p>\n","protected":false},"author":3,"featured_media":1105,"comment_status":"closed","ping_status":"closed","sticky":false,"template":"","format":"standard","meta":{"footnotes":""},"categories":[3],"tags":[],"class_list":["post-1104","post","type-post","status-publish","format-standard","has-post-thumbnail","hentry","category-editions-esoterique-fondee-en-1927-depeches","entry","fw-tab-6 fw-tabr-4","has-featured-image"],"yoast_head":"<!-- This site is optimized with the Yoast SEO plugin v27.5 - https:\/\/yoast.com\/product\/yoast-seo-wordpress\/ -->\n<title>Plus, plus ! Actualit\u00e9s et opinions du mercredi 7 ao\u00fbt 2024 \u2013 Catholic World Report &amp; pri\u00e8re au petit jour. - EDITIONSBUSSIERE<\/title>\n<meta name=\"robots\" content=\"index, follow, max-snippet:-1, max-image-preview:large, max-video-preview:-1\" \/>\n<link rel=\"canonical\" href=\"https:\/\/editionsbussiere.com\/blog\/plus-plus-actualites-et-opinions-du-mercredi-7-aout-2024-catholic-world-report-priere-au-petit-jour\/\" \/>\n<meta property=\"og:locale\" content=\"fr_FR\" \/>\n<meta property=\"og:type\" content=\"article\" \/>\n<meta property=\"og:title\" content=\"Plus, plus ! Actualit\u00e9s et opinions du mercredi 7 ao\u00fbt 2024 \u2013 Catholic World Report &amp; pri\u00e8re au petit jour. - EDITIONSBUSSIERE\" \/>\n<meta property=\"og:description\" content=\"JRR Tolkien (1892-1973), photographi\u00e9 sur la couverture de \u00ab Tolkien : Man and Myth : A Literary Life \u00bb (Ignatius Press, 2000) de Joseph Pearce. (Image : Ignatius.com) Se tromper sur Tolkien \u2013 \u00ab JRR Tolkien n\u2019a pas \u00e9crit une histoire expliquant pourquoi le pouvoir est mauvais, mais plut\u00f4t pourquoi la domination est mauvaise. \u00bb [&hellip;]\" \/>\n<meta property=\"og:url\" content=\"https:\/\/editionsbussiere.com\/blog\/plus-plus-actualites-et-opinions-du-mercredi-7-aout-2024-catholic-world-report-priere-au-petit-jour\/\" \/>\n<meta property=\"og:site_name\" content=\"EDITIONSBUSSIERE\" \/>\n<meta property=\"article:published_time\" content=\"2024-08-07T10:22:04+00:00\" \/>\n<meta property=\"og:image\" content=\"https:\/\/editionsbussiere.com\/blog\/wp-content\/uploads\/2024\/08\/Plus-plus-Actualites-et-opinions-du-mercredi-7-aout.jpg\" \/>\n<meta name=\"author\" content=\"Marie BATICLE\" \/>\n<meta name=\"twitter:card\" content=\"summary_large_image\" \/>\n<meta name=\"twitter:label1\" content=\"\u00c9crit par\" \/>\n\t<meta name=\"twitter:data1\" content=\"Marie BATICLE\" \/>\n\t<meta name=\"twitter:label2\" content=\"Dur\u00e9e de lecture estim\u00e9e\" \/>\n\t<meta name=\"twitter:data2\" content=\"13 minutes\" \/>\n<script type=\"application\/ld+json\" class=\"yoast-schema-graph\">{\"@context\":\"https:\\\/\\\/schema.org\",\"@graph\":[{\"@type\":\"Article\",\"@id\":\"https:\\\/\\\/editionsbussiere.com\\\/blog\\\/plus-plus-actualites-et-opinions-du-mercredi-7-aout-2024-catholic-world-report-priere-au-petit-jour\\\/#article\",\"isPartOf\":{\"@id\":\"https:\\\/\\\/editionsbussiere.com\\\/blog\\\/plus-plus-actualites-et-opinions-du-mercredi-7-aout-2024-catholic-world-report-priere-au-petit-jour\\\/\"},\"author\":{\"name\":\"Marie BATICLE\",\"@id\":\"https:\\\/\\\/editionsbussiere.com\\\/blog\\\/#\\\/schema\\\/person\\\/ec90e102792148c97e46ab871010dd8f\"},\"headline\":\"Plus, plus ! Actualit\u00e9s et opinions du mercredi 7 ao\u00fbt 2024 \u2013 Catholic World Report &amp; pri\u00e8re au petit jour.\",\"datePublished\":\"2024-08-07T10:22:04+00:00\",\"mainEntityOfPage\":{\"@id\":\"https:\\\/\\\/editionsbussiere.com\\\/blog\\\/plus-plus-actualites-et-opinions-du-mercredi-7-aout-2024-catholic-world-report-priere-au-petit-jour\\\/\"},\"wordCount\":2715,\"publisher\":{\"@id\":\"https:\\\/\\\/editionsbussiere.com\\\/blog\\\/#organization\"},\"image\":{\"@id\":\"https:\\\/\\\/editionsbussiere.com\\\/blog\\\/plus-plus-actualites-et-opinions-du-mercredi-7-aout-2024-catholic-world-report-priere-au-petit-jour\\\/#primaryimage\"},\"thumbnailUrl\":\"https:\\\/\\\/editionsbussiere.com\\\/blog\\\/wp-content\\\/uploads\\\/2024\\\/08\\\/Plus-plus-Actualites-et-opinions-du-mercredi-7-aout.jpg\",\"articleSection\":[\"Editions \u00c9sot\u00e9rique Fond\u00e9e En 1927; D\u00e9p\u00e8ches:\"],\"inLanguage\":\"fr-FR\"},{\"@type\":\"WebPage\",\"@id\":\"https:\\\/\\\/editionsbussiere.com\\\/blog\\\/plus-plus-actualites-et-opinions-du-mercredi-7-aout-2024-catholic-world-report-priere-au-petit-jour\\\/\",\"url\":\"https:\\\/\\\/editionsbussiere.com\\\/blog\\\/plus-plus-actualites-et-opinions-du-mercredi-7-aout-2024-catholic-world-report-priere-au-petit-jour\\\/\",\"name\":\"Plus, plus ! Actualit\u00e9s et opinions du mercredi 7 ao\u00fbt 2024 \u2013 Catholic World Report &amp; pri\u00e8re au petit jour. - EDITIONSBUSSIERE\",\"isPartOf\":{\"@id\":\"https:\\\/\\\/editionsbussiere.com\\\/blog\\\/#website\"},\"primaryImageOfPage\":{\"@id\":\"https:\\\/\\\/editionsbussiere.com\\\/blog\\\/plus-plus-actualites-et-opinions-du-mercredi-7-aout-2024-catholic-world-report-priere-au-petit-jour\\\/#primaryimage\"},\"image\":{\"@id\":\"https:\\\/\\\/editionsbussiere.com\\\/blog\\\/plus-plus-actualites-et-opinions-du-mercredi-7-aout-2024-catholic-world-report-priere-au-petit-jour\\\/#primaryimage\"},\"thumbnailUrl\":\"https:\\\/\\\/editionsbussiere.com\\\/blog\\\/wp-content\\\/uploads\\\/2024\\\/08\\\/Plus-plus-Actualites-et-opinions-du-mercredi-7-aout.jpg\",\"datePublished\":\"2024-08-07T10:22:04+00:00\",\"breadcrumb\":{\"@id\":\"https:\\\/\\\/editionsbussiere.com\\\/blog\\\/plus-plus-actualites-et-opinions-du-mercredi-7-aout-2024-catholic-world-report-priere-au-petit-jour\\\/#breadcrumb\"},\"inLanguage\":\"fr-FR\",\"potentialAction\":[{\"@type\":\"ReadAction\",\"target\":[\"https:\\\/\\\/editionsbussiere.com\\\/blog\\\/plus-plus-actualites-et-opinions-du-mercredi-7-aout-2024-catholic-world-report-priere-au-petit-jour\\\/\"]}]},{\"@type\":\"ImageObject\",\"inLanguage\":\"fr-FR\",\"@id\":\"https:\\\/\\\/editionsbussiere.com\\\/blog\\\/plus-plus-actualites-et-opinions-du-mercredi-7-aout-2024-catholic-world-report-priere-au-petit-jour\\\/#primaryimage\",\"url\":\"https:\\\/\\\/editionsbussiere.com\\\/blog\\\/wp-content\\\/uploads\\\/2024\\\/08\\\/Plus-plus-Actualites-et-opinions-du-mercredi-7-aout.jpg\",\"contentUrl\":\"https:\\\/\\\/editionsbussiere.com\\\/blog\\\/wp-content\\\/uploads\\\/2024\\\/08\\\/Plus-plus-Actualites-et-opinions-du-mercredi-7-aout.jpg\",\"width\":690,\"height\":392,\"caption\":\"Plus plus Actualites et opinions du mercredi 7 aout\"},{\"@type\":\"BreadcrumbList\",\"@id\":\"https:\\\/\\\/editionsbussiere.com\\\/blog\\\/plus-plus-actualites-et-opinions-du-mercredi-7-aout-2024-catholic-world-report-priere-au-petit-jour\\\/#breadcrumb\",\"itemListElement\":[{\"@type\":\"ListItem\",\"position\":1,\"name\":\"Accueil\",\"item\":\"https:\\\/\\\/editionsbussiere.com\\\/blog\\\/\"},{\"@type\":\"ListItem\",\"position\":2,\"name\":\"Plus, plus ! Actualit\u00e9s et opinions du mercredi 7 ao\u00fbt 2024 \u2013 Catholic World Report &amp; pri\u00e8re au petit jour.\"}]},{\"@type\":\"WebSite\",\"@id\":\"https:\\\/\\\/editionsbussiere.com\\\/blog\\\/#website\",\"url\":\"https:\\\/\\\/editionsbussiere.com\\\/blog\\\/\",\"name\":\"EDITIONSBUSSIERE\",\"description\":\"Editions \u00e9sot\u00e9rique fond\u00e9e en 1927; site historique, A SAVOIR ET RETENIR.\",\"publisher\":{\"@id\":\"https:\\\/\\\/editionsbussiere.com\\\/blog\\\/#organization\"},\"potentialAction\":[{\"@type\":\"SearchAction\",\"target\":{\"@type\":\"EntryPoint\",\"urlTemplate\":\"https:\\\/\\\/editionsbussiere.com\\\/blog\\\/?s={search_term_string}\"},\"query-input\":{\"@type\":\"PropertyValueSpecification\",\"valueRequired\":true,\"valueName\":\"search_term_string\"}}],\"inLanguage\":\"fr-FR\"},{\"@type\":\"Organization\",\"@id\":\"https:\\\/\\\/editionsbussiere.com\\\/blog\\\/#organization\",\"name\":\"editionsbussiere\",\"url\":\"https:\\\/\\\/editionsbussiere.com\\\/blog\\\/\",\"logo\":{\"@type\":\"ImageObject\",\"inLanguage\":\"fr-FR\",\"@id\":\"https:\\\/\\\/editionsbussiere.com\\\/blog\\\/#\\\/schema\\\/logo\\\/image\\\/\",\"url\":\"https:\\\/\\\/editionsbussiere.com\\\/blog\\\/wp-content\\\/uploads\\\/2023\\\/09\\\/cropped-buss.gif\",\"contentUrl\":\"https:\\\/\\\/editionsbussiere.com\\\/blog\\\/wp-content\\\/uploads\\\/2023\\\/09\\\/cropped-buss.gif\",\"width\":298,\"height\":120,\"caption\":\"editionsbussiere\"},\"image\":{\"@id\":\"https:\\\/\\\/editionsbussiere.com\\\/blog\\\/#\\\/schema\\\/logo\\\/image\\\/\"}},{\"@type\":\"Person\",\"@id\":\"https:\\\/\\\/editionsbussiere.com\\\/blog\\\/#\\\/schema\\\/person\\\/ec90e102792148c97e46ab871010dd8f\",\"name\":\"Marie BATICLE\",\"image\":{\"@type\":\"ImageObject\",\"inLanguage\":\"fr-FR\",\"@id\":\"https:\\\/\\\/secure.gravatar.com\\\/avatar\\\/c923e52403b1b8137e2d929127211d21967e6aecaa053bd43b09da29f212e76e?s=96&d=mm&r=g\",\"url\":\"https:\\\/\\\/secure.gravatar.com\\\/avatar\\\/c923e52403b1b8137e2d929127211d21967e6aecaa053bd43b09da29f212e76e?s=96&d=mm&r=g\",\"contentUrl\":\"https:\\\/\\\/secure.gravatar.com\\\/avatar\\\/c923e52403b1b8137e2d929127211d21967e6aecaa053bd43b09da29f212e76e?s=96&d=mm&r=g\",\"caption\":\"Marie BATICLE\"},\"url\":\"https:\\\/\\\/editionsbussiere.com\\\/blog\\\/author\\\/eremarie\\\/\"}]}<\/script>\n<!-- \/ Yoast SEO plugin. -->","yoast_head_json":{"title":"Plus, plus ! Actualit\u00e9s et opinions du mercredi 7 ao\u00fbt 2024 \u2013 Catholic World Report &amp; pri\u00e8re au petit jour. - EDITIONSBUSSIERE","robots":{"index":"index","follow":"follow","max-snippet":"max-snippet:-1","max-image-preview":"max-image-preview:large","max-video-preview":"max-video-preview:-1"},"canonical":"https:\/\/editionsbussiere.com\/blog\/plus-plus-actualites-et-opinions-du-mercredi-7-aout-2024-catholic-world-report-priere-au-petit-jour\/","og_locale":"fr_FR","og_type":"article","og_title":"Plus, plus ! Actualit\u00e9s et opinions du mercredi 7 ao\u00fbt 2024 \u2013 Catholic World Report &amp; pri\u00e8re au petit jour. - EDITIONSBUSSIERE","og_description":"JRR Tolkien (1892-1973), photographi\u00e9 sur la couverture de \u00ab Tolkien : Man and Myth : A Literary Life \u00bb (Ignatius Press, 2000) de Joseph Pearce. (Image : Ignatius.com) Se tromper sur Tolkien \u2013 \u00ab JRR Tolkien n\u2019a pas \u00e9crit une histoire expliquant pourquoi le pouvoir est mauvais, mais plut\u00f4t pourquoi la domination est mauvaise. \u00bb [&hellip;]","og_url":"https:\/\/editionsbussiere.com\/blog\/plus-plus-actualites-et-opinions-du-mercredi-7-aout-2024-catholic-world-report-priere-au-petit-jour\/","og_site_name":"EDITIONSBUSSIERE","article_published_time":"2024-08-07T10:22:04+00:00","og_image":[{"url":"https:\/\/editionsbussiere.com\/blog\/wp-content\/uploads\/2024\/08\/Plus-plus-Actualites-et-opinions-du-mercredi-7-aout.jpg","type":"","width":"","height":""}],"author":"Marie BATICLE","twitter_card":"summary_large_image","twitter_misc":{"\u00c9crit par":"Marie BATICLE","Dur\u00e9e de lecture estim\u00e9e":"13 minutes"},"schema":{"@context":"https:\/\/schema.org","@graph":[{"@type":"Article","@id":"https:\/\/editionsbussiere.com\/blog\/plus-plus-actualites-et-opinions-du-mercredi-7-aout-2024-catholic-world-report-priere-au-petit-jour\/#article","isPartOf":{"@id":"https:\/\/editionsbussiere.com\/blog\/plus-plus-actualites-et-opinions-du-mercredi-7-aout-2024-catholic-world-report-priere-au-petit-jour\/"},"author":{"name":"Marie BATICLE","@id":"https:\/\/editionsbussiere.com\/blog\/#\/schema\/person\/ec90e102792148c97e46ab871010dd8f"},"headline":"Plus, plus ! Actualit\u00e9s et opinions du mercredi 7 ao\u00fbt 2024 \u2013 Catholic World Report &amp; pri\u00e8re au petit jour.","datePublished":"2024-08-07T10:22:04+00:00","mainEntityOfPage":{"@id":"https:\/\/editionsbussiere.com\/blog\/plus-plus-actualites-et-opinions-du-mercredi-7-aout-2024-catholic-world-report-priere-au-petit-jour\/"},"wordCount":2715,"publisher":{"@id":"https:\/\/editionsbussiere.com\/blog\/#organization"},"image":{"@id":"https:\/\/editionsbussiere.com\/blog\/plus-plus-actualites-et-opinions-du-mercredi-7-aout-2024-catholic-world-report-priere-au-petit-jour\/#primaryimage"},"thumbnailUrl":"https:\/\/editionsbussiere.com\/blog\/wp-content\/uploads\/2024\/08\/Plus-plus-Actualites-et-opinions-du-mercredi-7-aout.jpg","articleSection":["Editions \u00c9sot\u00e9rique Fond\u00e9e En 1927; D\u00e9p\u00e8ches:"],"inLanguage":"fr-FR"},{"@type":"WebPage","@id":"https:\/\/editionsbussiere.com\/blog\/plus-plus-actualites-et-opinions-du-mercredi-7-aout-2024-catholic-world-report-priere-au-petit-jour\/","url":"https:\/\/editionsbussiere.com\/blog\/plus-plus-actualites-et-opinions-du-mercredi-7-aout-2024-catholic-world-report-priere-au-petit-jour\/","name":"Plus, plus ! Actualit\u00e9s et opinions du mercredi 7 ao\u00fbt 2024 \u2013 Catholic World Report &amp; pri\u00e8re au petit jour. - EDITIONSBUSSIERE","isPartOf":{"@id":"https:\/\/editionsbussiere.com\/blog\/#website"},"primaryImageOfPage":{"@id":"https:\/\/editionsbussiere.com\/blog\/plus-plus-actualites-et-opinions-du-mercredi-7-aout-2024-catholic-world-report-priere-au-petit-jour\/#primaryimage"},"image":{"@id":"https:\/\/editionsbussiere.com\/blog\/plus-plus-actualites-et-opinions-du-mercredi-7-aout-2024-catholic-world-report-priere-au-petit-jour\/#primaryimage"},"thumbnailUrl":"https:\/\/editionsbussiere.com\/blog\/wp-content\/uploads\/2024\/08\/Plus-plus-Actualites-et-opinions-du-mercredi-7-aout.jpg","datePublished":"2024-08-07T10:22:04+00:00","breadcrumb":{"@id":"https:\/\/editionsbussiere.com\/blog\/plus-plus-actualites-et-opinions-du-mercredi-7-aout-2024-catholic-world-report-priere-au-petit-jour\/#breadcrumb"},"inLanguage":"fr-FR","potentialAction":[{"@type":"ReadAction","target":["https:\/\/editionsbussiere.com\/blog\/plus-plus-actualites-et-opinions-du-mercredi-7-aout-2024-catholic-world-report-priere-au-petit-jour\/"]}]},{"@type":"ImageObject","inLanguage":"fr-FR","@id":"https:\/\/editionsbussiere.com\/blog\/plus-plus-actualites-et-opinions-du-mercredi-7-aout-2024-catholic-world-report-priere-au-petit-jour\/#primaryimage","url":"https:\/\/editionsbussiere.com\/blog\/wp-content\/uploads\/2024\/08\/Plus-plus-Actualites-et-opinions-du-mercredi-7-aout.jpg","contentUrl":"https:\/\/editionsbussiere.com\/blog\/wp-content\/uploads\/2024\/08\/Plus-plus-Actualites-et-opinions-du-mercredi-7-aout.jpg","width":690,"height":392,"caption":"Plus plus Actualites et opinions du mercredi 7 aout"},{"@type":"BreadcrumbList","@id":"https:\/\/editionsbussiere.com\/blog\/plus-plus-actualites-et-opinions-du-mercredi-7-aout-2024-catholic-world-report-priere-au-petit-jour\/#breadcrumb","itemListElement":[{"@type":"ListItem","position":1,"name":"Accueil","item":"https:\/\/editionsbussiere.com\/blog\/"},{"@type":"ListItem","position":2,"name":"Plus, plus ! Actualit\u00e9s et opinions du mercredi 7 ao\u00fbt 2024 \u2013 Catholic World Report &amp; pri\u00e8re au petit jour."}]},{"@type":"WebSite","@id":"https:\/\/editionsbussiere.com\/blog\/#website","url":"https:\/\/editionsbussiere.com\/blog\/","name":"EDITIONSBUSSIERE","description":"Editions \u00e9sot\u00e9rique fond\u00e9e en 1927; site historique, A SAVOIR ET RETENIR.","publisher":{"@id":"https:\/\/editionsbussiere.com\/blog\/#organization"},"potentialAction":[{"@type":"SearchAction","target":{"@type":"EntryPoint","urlTemplate":"https:\/\/editionsbussiere.com\/blog\/?s={search_term_string}"},"query-input":{"@type":"PropertyValueSpecification","valueRequired":true,"valueName":"search_term_string"}}],"inLanguage":"fr-FR"},{"@type":"Organization","@id":"https:\/\/editionsbussiere.com\/blog\/#organization","name":"editionsbussiere","url":"https:\/\/editionsbussiere.com\/blog\/","logo":{"@type":"ImageObject","inLanguage":"fr-FR","@id":"https:\/\/editionsbussiere.com\/blog\/#\/schema\/logo\/image\/","url":"https:\/\/editionsbussiere.com\/blog\/wp-content\/uploads\/2023\/09\/cropped-buss.gif","contentUrl":"https:\/\/editionsbussiere.com\/blog\/wp-content\/uploads\/2023\/09\/cropped-buss.gif","width":298,"height":120,"caption":"editionsbussiere"},"image":{"@id":"https:\/\/editionsbussiere.com\/blog\/#\/schema\/logo\/image\/"}},{"@type":"Person","@id":"https:\/\/editionsbussiere.com\/blog\/#\/schema\/person\/ec90e102792148c97e46ab871010dd8f","name":"Marie BATICLE","image":{"@type":"ImageObject","inLanguage":"fr-FR","@id":"https:\/\/secure.gravatar.com\/avatar\/c923e52403b1b8137e2d929127211d21967e6aecaa053bd43b09da29f212e76e?s=96&d=mm&r=g","url":"https:\/\/secure.gravatar.com\/avatar\/c923e52403b1b8137e2d929127211d21967e6aecaa053bd43b09da29f212e76e?s=96&d=mm&r=g","contentUrl":"https:\/\/secure.gravatar.com\/avatar\/c923e52403b1b8137e2d929127211d21967e6aecaa053bd43b09da29f212e76e?s=96&d=mm&r=g","caption":"Marie BATICLE"},"url":"https:\/\/editionsbussiere.com\/blog\/author\/eremarie\/"}]}},"_links":{"self":[{"href":"https:\/\/editionsbussiere.com\/blog\/wp-json\/wp\/v2\/posts\/1104","targetHints":{"allow":["GET"]}}],"collection":[{"href":"https:\/\/editionsbussiere.com\/blog\/wp-json\/wp\/v2\/posts"}],"about":[{"href":"https:\/\/editionsbussiere.com\/blog\/wp-json\/wp\/v2\/types\/post"}],"author":[{"embeddable":true,"href":"https:\/\/editionsbussiere.com\/blog\/wp-json\/wp\/v2\/users\/3"}],"replies":[{"embeddable":true,"href":"https:\/\/editionsbussiere.com\/blog\/wp-json\/wp\/v2\/comments?post=1104"}],"version-history":[{"count":0,"href":"https:\/\/editionsbussiere.com\/blog\/wp-json\/wp\/v2\/posts\/1104\/revisions"}],"wp:featuredmedia":[{"embeddable":true,"href":"https:\/\/editionsbussiere.com\/blog\/wp-json\/wp\/v2\/media\/1105"}],"wp:attachment":[{"href":"https:\/\/editionsbussiere.com\/blog\/wp-json\/wp\/v2\/media?parent=1104"}],"wp:term":[{"taxonomy":"category","embeddable":true,"href":"https:\/\/editionsbussiere.com\/blog\/wp-json\/wp\/v2\/categories?post=1104"},{"taxonomy":"post_tag","embeddable":true,"href":"https:\/\/editionsbussiere.com\/blog\/wp-json\/wp\/v2\/tags?post=1104"}],"curies":[{"name":"wp","href":"https:\/\/api.w.org\/{rel}","templated":true}]}}