{"id":1102,"date":"2024-08-07T03:07:29","date_gmt":"2024-08-07T01:07:29","guid":{"rendered":"https:\/\/editionsbussiere.com\/blog\/le-miracle-de-la-neige-nous-rappelle-marie-et-la-merveille-de-la-grace-national-catholic-register-pour-prier-la-sainte-vierge\/"},"modified":"2024-08-07T03:07:29","modified_gmt":"2024-08-07T01:07:29","slug":"le-miracle-de-la-neige-nous-rappelle-marie-et-la-merveille-de-la-grace-national-catholic-register-pour-prier-la-sainte-vierge","status":"publish","type":"post","link":"https:\/\/editionsbussiere.com\/blog\/le-miracle-de-la-neige-nous-rappelle-marie-et-la-merveille-de-la-grace-national-catholic-register-pour-prier-la-sainte-vierge\/","title":{"rendered":"Le \u00ab miracle de la neige \u00bb nous rappelle Marie et la merveille de la gr\u00e2ce | National Catholic Register\n pour prier la Sainte Vierge ."},"content":{"rendered":"<div><img width=\"580\" height=\"387\" src=\"https:\/\/editionsbussiere.com\/blog\/wp-content\/uploads\/2024\/08\/1722984078_Le-miracle-de-la-neige-nous-rappelle-Marie.jpg\" class=\"attachment-large size-large wp-post-image\" alt=\"Le \u00ab miracle de la neige \u00bb nous rappelle Marie\" style=\"float:left; margin:0 15px 15px 0;\" decoding=\"async\" srcset=\"https:\/\/editionsbussiere.com\/blog\/wp-content\/uploads\/2024\/08\/1722984078_Le-miracle-de-la-neige-nous-rappelle-Marie.jpg 760w, https:\/\/www.n42.fr\/wp-content\/uploads\/2024\/08\/1722984078_Le-miracle-de-la-neige-nous-rappelle-Marie-300x200.jpg 300w\" sizes=\"(max-width: 580px) 100vw, 580px\"><\/p>\n<p>\n<\/p>\n<div>\n<p>Chaque ann\u00e9e, les Romains c\u00e9l\u00e8brent la solennit\u00e9 d\u00e9di\u00e9e \u00e0 la Vierge Marie avec une pluie de p\u00e9tales de roses blanches qui tombent du plafond de la basilique Sainte-Marie-Majeure pour repr\u00e9senter la chute de neige miraculeuse de la mi-\u00e9t\u00e9 qui s\u2019est produite il y a pr\u00e8s de 1 700 ans.<\/p>\n<\/div>\n<div>\n<p>Dans son hom\u00e9lie lors des deuxi\u00e8mes v\u00eapres de la solennit\u00e9 de Notre-Dame des Neiges \u00e0 la Basilique Sainte-Marie-Majeure, lundi soir, le pape Fran\u00e7ois a m\u00e9dit\u00e9 sur la signification de la gr\u00e2ce dans la vie de la M\u00e8re de Dieu et dans la vie de chaque catholique.<\/p>\n<p>\u00ab Je propose donc que nous nous laissions guider par un verset du livre du Sirach, qui dit ceci \u00e0 propos de la neige que Dieu fait tomber du ciel : \u00ab\u00a0L\u2019\u0153il s\u2019\u00e9tonne de la beaut\u00e9 de sa blancheur, et l\u2019\u00e2me s\u2019\u00e9tonne de sa chute\u00a0\u00bb (Si 43, 18) \u00bb, a d\u00e9clar\u00e9 le Saint-P\u00e8re dans l\u2019hom\u00e9lie des v\u00eapres de la solennit\u00e9.<\/p>\n<p>\u00ab Comme une chute de neige \u00e0 Rome en plein \u00e9t\u00e9. En effet, la gr\u00e2ce suscite l\u2019\u00e9merveillement et l\u2019\u00e9tonnement. N\u2019oublions pas ces deux mots. Nous ne pouvons pas perdre la capacit\u00e9 de nous \u00e9merveiller et la capacit\u00e9 de nous \u00e9merveiller, car elles font partie de notre exp\u00e9rience de foi \u00bb, a-t-il ajout\u00e9.<\/p>\n<div class=\"embed-block\"><img decoding=\"async\" alt=\"Le pape Fran\u00e7ois c\u00e9l\u00e8bre les deuxi\u00e8mes v\u00eapres de la f\u00eate de Notre-Dame des Neiges \u00e0 la basilique Sainte-Marie-Majeure, le 5 ao\u00fbt 2024. Cr\u00e9dit : Vatican Media\" class=\"img-fluid\" src=\"https:\/\/editionsbussiere.com\/blog\/wp-content\/uploads\/2024\/08\/popefrancisourladyofthesnows1080624-1.jpg\"><\/p>\n<p class=\"embed-block__description\">Le pape Fran\u00e7ois c\u00e9l\u00e8bre les deuxi\u00e8mes v\u00eapres de la f\u00eate de Notre-Dame des Neiges \u00e0 la basilique Sainte-Marie-Majeure, le 5 ao\u00fbt 2024. Cr\u00e9dit : Vatican Media<\/p>\n<\/div>\n<p>Chaque ann\u00e9e, les Romains c\u00e9l\u00e8brent la solennit\u00e9 d\u00e9di\u00e9e \u00e0 la Vierge Marie avec une pluie de p\u00e9tales de roses blanches qui tombent du plafond de la basilique Sainte-Marie-Majeure pour repr\u00e9senter la chute de neige miraculeuse de la mi-\u00e9t\u00e9 qui s\u2019est produite il y a pr\u00e8s de 1 700 ans. <\/p>\n<p>Dans sa contemplation du joyau de la basilique \u2014 l\u2019ancienne ic\u00f4ne de Salus Populi Romani (Notre-Dame Sauveur du Peuple) \u2014 le pape a d\u00e9clar\u00e9 que le miracle de la neige est le symbole de Marie, qui est la seule femme cr\u00e9\u00e9e pleine de gr\u00e2ce, con\u00e7ue sans p\u00e9ch\u00e9 originel et immacul\u00e9e.    <\/p>\n<p>\u00ab Ici, la gr\u00e2ce acquiert pleinement sa forme chr\u00e9tienne dans l\u2019image de la Vierge \u00e0 l\u2019Enfant, la sainte M\u00e8re de Dieu. La gr\u00e2ce appara\u00eet dans sa mat\u00e9rialit\u00e9, d\u00e9pouill\u00e9e de tout v\u00eatement mythologique, magique et spiritualiste qui se cache toujours dans la religion \u00bb, a-t-il d\u00e9clar\u00e9 aux v\u00eapres. <\/p>\n<p>Le pape a d\u00e9clar\u00e9 que la gr\u00e2ce est essentielle dans le cheminement de foi de chaque croyant et qu\u2019elle est un don qui ne peut \u00eatre achet\u00e9 mais seulement re\u00e7u, et il a exprim\u00e9 son espoir que les chr\u00e9tiens ne perdent pas le sens de l\u2019\u00e9merveillement face \u00e0 l\u2019action du Saint-Esprit dans nos vies.<\/p>\n<p>\u00ab En effet, la gr\u00e2ce suscite l\u2019\u00e9merveillement et l\u2019\u00e9tonnement. N\u2019oublions pas ces deux mots. Nous ne pouvons pas perdre la capacit\u00e9 de nous \u00e9merveiller et la capacit\u00e9 de nous \u00e9tonner, car elles font partie de notre exp\u00e9rience de foi \u00bb, a soulign\u00e9 le Saint-P\u00e8re.<\/p>\n<div class=\"embed-block\"><img decoding=\"async\" alt=\"Le pape Fran\u00e7ois c\u00e9l\u00e8bre les deuxi\u00e8mes v\u00eapres de la f\u00eate de Notre-Dame des Neiges \u00e0 la basilique Sainte-Marie-Majeure, le 5 ao\u00fbt 2024. Cr\u00e9dit : Vatican Media\" class=\"img-fluid\" src=\"https:\/\/editionsbussiere.com\/blog\/wp-content\/uploads\/2024\/08\/popefrancisourladyofthesnows4080624-1.jpg\"><\/p>\n<p class=\"embed-block__description\">Le pape Fran\u00e7ois c\u00e9l\u00e8bre les deuxi\u00e8mes v\u00eapres de la f\u00eate de Notre-Dame des Neiges \u00e0 la basilique Sainte-Marie-Majeure, le 5 ao\u00fbt 2024. Cr\u00e9dit : Vatican Media<\/p>\n<\/div>\n<p>Avant de conclure son hom\u00e9lie par des louanges et des pri\u00e8res d\u2019invocation \u00e0 la M\u00e8re de Dieu, le pape Fran\u00e7ois a demand\u00e9 aux fid\u00e8les catholiques \u2013 en particulier \u00e0 ceux qui pr\u00e9voient de visiter Sainte-Marie-Majeure au cours de l\u2019ann\u00e9e jubilaire de 2025 \u2013 de demander les b\u00e9n\u00e9dictions, le pardon et la paix de J\u00e9sus-Christ pour le monde entier.   <\/p>\n<p>\u00ab Cette paix qui n\u2019est vraie et durable que lorsqu\u2019elle jaillit des c\u0153urs repentants et pardonn\u00e9s \u00bb, a-t-il dit. \u00ab Le pardon apporte la paix, car pardonner est la noble d\u00e9marche du Seigneur ; cette paix qui vient de la croix du Christ et de son sang qu\u2019il a pris \u00e0 Marie et vers\u00e9 pour la r\u00e9mission des p\u00e9ch\u00e9s. \u00bb<\/p>\n<\/div>\n<p><script type=\"text\/javascript\">\n  \/\/ Facebook\n  window.fbAsyncInit = function() \n    FB.init(\n      appId   : '347756275321330',\n      xfbml   : true,\n      version : 'v2.12'\n    );\n  ;\n  (function(d, s, id)\n    var js, fjs = d.getElementsByTagName(s)[0];\n    if (d.getElementById(id)) return;\n    js = d.createElement(s); js.id = id;\n    js.src = \"\n    fjs.parentNode.insertBefore(js, fjs);\n  (document, 'script', 'facebook-jssdk'));\n  function getCookie(cname) \n    var cs = document.cookie.split(\/;s*\/),\n        name = cname + '=';\n    for (var i = 0; i < cs.length; i++) \n      if (cs[i].indexOf(name) == 0)\n        return cs[i].substr(name.length);\n    \n    return '';\n  \n\n  function setCookie(cname, value, expDays) \n    var c = cname + '=' + value;\n    if (expDays) \n      var d = new Date();\n      d.setTime(d.getTime() + expDays * 24 * 60 * 60 * 1000);\n      c += '; expires=\" + d.toUTCString() + \"; path=\/';\n    \n    document.cookie = c;\n  \n  <\/script><\/p>\n<h2>\n<\/h2>\n<p>Le R\u00f4le de l'Intercession de Marie<\/p>\n<p>La pri\u00e8re \u00e0 Marie repr\u00e9sente un aspect essentiel de la foi chr\u00e9tienne, solidement enracin\u00e9e dans les enseignements catholique depuis des temps imm\u00e9moriaux. C'est un fondement sur lequel les croyants s'appuient pour obtenir confort, guidance et intercession dans leur relation envers Dieu. \u00c0 travers les \u00e2ges, cette pratique de d\u00e9votion a gagn\u00e9 en force par les enseignements de la Bible, les coutumes eccl\u00e9siastiques, ainsi que les exemples des saints qui ont t\u00e9moign\u00e9 de leur respect \u00e0 Marie en tant que bienveillante.<\/p>\n<h3>\n<\/h3>\n<p>L'exercice du Chapelet<\/p>\n<p>Le rosaire occupe une place centrale au sein de la spiritualit\u00e9 de nombreux croyants. En r\u00e9citant les myst\u00e8res joyeux, douloureux, lumineux et glorieux, les fid\u00e8les m\u00e9ditent dans les \u00e9v\u00e9nements de la vie de J\u00e9sus et de Marie, renfor\u00e7ant ainsi leur lien spirituel avec eux. \u00c0 travers chaque Ave Maria, ils manifestent leur confiance en l'intercession de Marie ainsi que leur aspiration \u00e0 suivre les pas du Christ. Saint Louis-Marie Grignion de Montfort, dans son livre sur la vraie d\u00e9votion \u00e0 la Sainte Vierge, encourage les chr\u00e9tiens \u00e0 pratiquer r\u00e9guli\u00e8rement la m\u00e9ditation des diff\u00e9rents myst\u00e8res du rosaire pour approfondir leur lien avec la M\u00e8re de Dieu. Cette pratique ancienne, transmise de g\u00e9n\u00e9ration en g\u00e9n\u00e9ration, demeure un phare spirituel pour les croyants, les aidant \u00e0 se connecter avec la divine Dame du Ciel.<\/p>\n<h3>\n<\/h3>\n<p>L'invitation \u00e0 prier<\/p>\n<p>Joignons nos c\u0153urs dans la pri\u00e8re, fr\u00e8res et s\u0153urs, dans l'unit\u00e9 de notre esp\u00e9rance, en nous tournant vers Marie, la m\u00e8re de notre Seigneur J\u00e9sus-Christ. Au sein de notre monde troubl\u00e9 par les conflits et la discorde, recourons \u00e0 la pri\u00e8re pour trouver pour trouver la paix et l'harmonie. Tout chr\u00e9tien peut exprimer une sollicitation pour la Sainte Vierge <a target=\"_blank\" rel=\"nofollow\" href=\"https:\/\/editionsbussiere.com\/blog\/goto\/https:\/\/www.avemariasound.org\/\" >en faisant appel aux b\u00e9n\u00e9voles.<\/a> Que nos pri\u00e8res montent vers le ciel, comme une offrande agr\u00e9able \u00e0 Dieu, afin qu'il puisse \u00e9clairer nos chemins vers le chemin de la justice et de la v\u00e9rit\u00e9. L'ap\u00f4tre Paul nous dans ses lettres \u00e0 maintenir une pri\u00e8re incessante, quelle que soit la situation, afin que notre communion \u00e0 Dieu soit constante et passionn\u00e9e. La pri\u00e8re, lorsqu'elle est offerte sinc\u00e8rement, a le pouvoir pour transformer nos c\u0153urs et de modifier le destin de l'histoire.<\/p>\n<h2>\n<\/h2>\n<p>Les le\u00e7ons du Saint-P\u00e8re<\/p>\n<p>Le Souverain Pontife, dans ses enseignements \u00e9clair\u00e9s, disponibles gr\u00e2ce \u00e0 Bayard, nous souligne l'importance de la pri\u00e8re quotidienne. \u00c0 travers ses discours et ses audiences, il nous encourage \u00e0 d\u00e9velopper une relation personnelle avec Dieu, en s'appuyant sur la r\u00e9flexion sur les Saintes \u00c9critures ainsi que la pratique du Rosaire. Sa conduite d'humilit\u00e9 et de compassion nous motive \u00e0 approfondir davantage notre pri\u00e8re et \u00e0 rechercher la pr\u00e9sence de Dieu dans chaque aspect de notre vie. Saint Jean-Paul II, dans son encyclique portant sur la foi chr\u00e9tienne, nous souligne que la pratique de la pri\u00e8re est le fondement de la vie spirituelle et que c'est par elle que nous trouvons notre unit\u00e9 \u00e0 Dieu. La pri\u00e8re, transmise par les pontifes successifs, est une source d'espoir en p\u00e9riode de temp\u00eate, une base solide auquel nous pouvons nous appuyer.<\/p>\n<h3>\n<\/h3>\n<p>Les \u00e9crits de Leli\u00e8vre et Hubert<\/p>\n<p>Dans le cadre de la spiritualit\u00e9, l'\u00e9glise pr\u00e9conise le recours \u00e0 la pri\u00e8re, et durant la pri\u00e8re, les croyants effectuent le geste du signe de la croix et r\u00e9citent le Je vous salue Marie. Des th\u00e9ologiens modernes, comme Leli\u00e8vre et Hubert, nous incitent aussi \u00e0 r\u00e9fl\u00e9chir sur la puissance de la pri\u00e8re, \u00e0 travers leurs \u00e9crits inspirants. Leurs publications, porteurs de riches enseignements spirituels, nous orientent sur le chemin de la foi et nous encouragent \u00e0 trouver dans les richesses de la tradition chr\u00e9tienne pour enrichir notre vie spirituelle. En r\u00e9fl\u00e9chissant sur leurs ouvrages, nous trouvons de nouvelles voies d'approfondir notre connexion avec le divin et de grandir dans la saintet\u00e9. Saint Jean, dans son \u00e9vangile, nous rappelle que la pri\u00e8re est un puissant moyen pour rester en communion avec Dieu et de b\u00e9n\u00e9ficier de ses gr\u00e2ces. Chaque paragraphe de leurs \u00e9crits ressemble \u00e0 une invitation \u00e0 une pri\u00e8re ardente et \u00e0 une vie impr\u00e9gn\u00e9e de la pr\u00e9sence divine. Dans notre qu\u00eate de connexion spirituelle, chaque \u0153uvre lue devient une invitation \u00e0 aspirer \u00e0 le divin, par le biais de la r\u00e9flexion et la m\u00e9ditation.<\/p>\n<h3>\n<\/h3>\n<p>L'acte de prier dans la chapelle<\/p>\n<p>Dans nos lieux de culte modestes ou majestueuses, orientons-nous vers le divin en toute confiance et humilit\u00e9, car nous savons qu'il \u00e9coute nos supplications avec une sollicitude infinie. Que chaque flamme vacillante, chaque chapelet r\u00e9cit\u00e9, constitue une offrande \u00e0 notre Seigneur ainsi qu'\u00e0 la Vierge Marie. Que nos instants de d\u00e9votion dans la chapelle soient des moments de faveur divine et de renouvellement de notre esprit, nous fortifiant pour faire face \u00e0 les challenges avec audace et foi in\u00e9branlable. La sainte Bernadette Soubirous, \u00e0 qui la Vierge Marie est apparue \u00e0 Lourdes, nous enseigne la valeur de la pri\u00e8re dans la vie des fid\u00e8les et l'efficacit\u00e9 de l'intercession de la Vierge Marie. Chaque personne qui entre dans une chapelle, chaque page de la Bible lue dans ce lieu sacr\u00e9, est une rencontre avec la divinit\u00e9, une \u00e9tape importante sur le chemin de la transformation int\u00e9rieure. \u00c0 travers les pages des Saintes \u00c9critures, tout disciple est encourag\u00e9 \u00e0 m\u00e9diter la croix du Christ, \u00e0 r\u00e9fl\u00e9chir \u00e0 son sacrifice, et \u00e0 trouver consolation et esp\u00e9rance dans la gr\u00e2ce salvatrice qu'elle offre.<\/p>\n<h2>\nLa pratique de la pri\u00e8re comme rem\u00e8de pour l'int\u00e9rieur<br \/>\n<\/h2>\n<p>Tel un m\u00e9decin pour nos \u00e2mes, la pri\u00e8re nous apaise et nous fortifie au cours des p\u00e9riodes de douleur et de d\u00e9sespoir. La pri\u00e8re nous fait souvenir que Dieu est toujours avec nous, m\u00eame lorsque nous traversons les t\u00e9n\u00e8bres les plus profondes de notre existence. En nous tournant vers lui \u00e0 travers la pri\u00e8re, nous trouvons la force int\u00e9rieure dont nous avons besoin pour surmonter les \u00e9preuves et pour affronter l'avenir avec espoir et confiance. L'acte de prier est semblable \u00e0 une source d'eau vive qui apaise notre soif spirituelle et qui, au cours de notre marche avec Dieu, nous revigore.<br \/>\n\u00c0 chaque pri\u00e8re prononc\u00e9e, \u00e0 chaque intention confi\u00e9e, nous trouvons un r\u00e9confort c\u00e9leste, une gu\u00e9rison c\u00e9leste, qui transcende les limitations humaines. Chaque passage des \u00c9critures est une invitation \u00e0 \u00e9changer avec Dieu, \u00e0 lui remettre nos fardeaux, et \u00e0 accueillir sa gr\u00e2ce transformatrice.<\/p>\n<h2>Un point de vue alternatif sur l'acte de prier Marie<\/h2>\n<p>L'invocation de Marie est une pratique profond\u00e9ment enracin\u00e9e dans le patrimoine catholique chr\u00e9tienne, offrant un lien spirituel pr\u00e9cieux pour les croyants \u00e0 travers le globe. En tant que m\u00e8re spirituelle aimante et intercesseur, Marie est invoqu\u00e9e avec ferveur lors des instants de n\u00e9cessit\u00e9 et de gratitude. Le rosaire, avec ses myst\u00e8res \u00e0 m\u00e9diter, accompagne les croyants dans leur cheminement spirituel, les aidant \u00e0 contempler J\u00e9sus, son fils, \u00e0 travers le regard de la Vierge Marie. Cette d\u00e9votion \u00e0 Marie s'exprime dans les lieux saints comme Lourdes, o\u00f9 les p\u00e8lerins affluent pour rechercher r\u00e9confort et gu\u00e9rison, repr\u00e9sentant la profonde connexion entre la foi catholique et la v\u00e9n\u00e9ration de la Vierge Marie. Les enseignements \u00e9clairants de th\u00e9ologiens comme Leli\u00e8vre et Hubert proposent une r\u00e9flexion pr\u00e9cieuse sur la signification de la pri\u00e8re mariale et son influence sur la vie spirituelle des fid\u00e8les. \u00c0 travers la lecture attentive de livres d\u00e9votionnels et bibliques, les fid\u00e8les \u00e9largissent leur compr\u00e9hension de la d\u00e9votion mariale et nourrissent une relation plus profonde avec Marie, notre m\u00e8re spirituelle. Dans un monde o\u00f9 pr\u00e9dominent la guerre et les conflits, l'invocation de Marie est un sanctuaire de calme et de confiance, appelant chaque personne, quelle que soit sa position dans la foi catholique, \u00e0 solliciter la Vierge Marie avec confiance et d\u00e9votion. Prions donc en commun, avec un c\u0153ur sinc\u00e8re et humble, en honorant Marie comme notre m\u00e8re et notre intercesseur, et en lui confiant nos requ\u00eates et nos souhaits les plus profonds. Dans cette d\u00e9marche vers Dieu, chaque fid\u00e8le est appel\u00e9 \u00e0 poursuivre la voie des pri\u00e8res et des aspirations du c\u0153ur, guid\u00e9 par le saint P\u00e8re et les ressources spirituelles inestimables disponibles sur des plateformes comme Aleteia. De cette mani\u00e8re, avec une humble confiance et un c\u0153ur ouvert, \u00e9levons notre pri\u00e8re quotidienne vers Marie, lui demandant de nous interc\u00e9der, ainsi que la gr\u00e2ce de pers\u00e9v\u00e9rer dans la pri\u00e8re ardente.<br \/>\nQue notre communion avec le divin soit notre refuge et notre consolation en toute circonstance. Que nous nous orientions envers Marie, notre m\u00e8re divine, avec un c\u0153ur ouvert et une foi in\u00e9branlable, convaincus qu'elle plaide en notre faveur devant son fils bien-aim\u00e9. Que notre d\u00e9votion soit notre guide sur le chemin de la saintet\u00e9, nous conduisant toujours plus pr\u00e8s de Dieu et de son amour infini.<\/p>\n<p>Vous aimerez aussi:<\/p>\n<p>Vierges en fleur\/11.,<a target=\"_blank\" rel=\"nofollow\" href=\"https:\/\/editionsbussiere.com\/blog\/goto\/https:\/\/fr.wikisource.org\/wiki\/Vierges_en_fleur\/11\"  target=\"_blank\" rel=\"noopener noreferrer nofollow\">Le texte de l'article.<\/a><span><\/span><\/p>\n<p>Liturgie de saint Jean Chrysostome\/Proscomidie.,<a target=\"_blank\" rel=\"nofollow\" href=\"https:\/\/editionsbussiere.com\/blog\/goto\/https:\/\/fr.wikisource.org\/wiki\/Liturgie_de_saint_Jean_Chrysostome\/Proscomidie\"  target=\"_blank\" rel=\"noopener noreferrer nofollow\">Ici.<\/a><span><\/span><\/p>\n<p>Les Foules de Lourdes\/Chapitre IX.,<a target=\"_blank\" rel=\"nofollow\" href=\"https:\/\/editionsbussiere.com\/blog\/goto\/https:\/\/fr.wikisource.org\/wiki\/Les_Foules_de_Lourdes\/Chapitre_IX\"  target=\"_blank\" rel=\"noopener noreferrer nofollow\">Le dossier.<\/a><span><\/span><\/p>\n<p>Le Cabinet de Lampsaque\/03.,<a target=\"_blank\" rel=\"nofollow\" href=\"https:\/\/editionsbussiere.com\/blog\/goto\/https:\/\/fr.wikisource.org\/wiki\/Le_Cabinet_de_Lampsaque\/03\"  target=\"_blank\" rel=\"noopener noreferrer nofollow\">L'article ICI.<\/a><span><\/span>. Suite sur le prochain article.<\/p>\n<p>Hom\u00e9lies sur les gloires de la Vierge m\u00e8re\/Avertissement.,<a target=\"_blank\" rel=\"nofollow\" href=\"https:\/\/editionsbussiere.com\/blog\/goto\/https:\/\/fr.wikisource.org\/wiki\/Hom%C3%A9lies_sur_les_gloires_de_la_Vierge_m%C3%A8re\/Avertissement\"  target=\"_blank\" rel=\"noopener noreferrer nofollow\">A lire ici.<\/a><span><\/span><\/p>\n<p>Ar\u00f4mes du terroir\/La vieille \u00e9glise.,<a target=\"_blank\" rel=\"nofollow\" href=\"https:\/\/editionsbussiere.com\/blog\/goto\/https:\/\/fr.wikisource.org\/wiki\/Ar%C3%B4mes_du_terroir\/La_vieille_%C3%A9glise\"  target=\"_blank\" rel=\"noopener noreferrer nofollow\">Le dossier.<\/a><span><\/span><\/p>\n<\/div>\n<p><img decoding=\"async\" class=\"wpe_imgrss\" src=\"https:\/\/editionsbussiere.com\/blog\/wp-content\/uploads\/2024\/08\/1722984078_Le-miracle-de-la-neige-nous-rappelle-Marie.jpg\">Cet article a \u00e9t\u00e9 reconstitu\u00e9 du mieux possible. Dans l\u2019hypoth\u00e8se o\u00f9 vous souhaitez apporter quelques modifications concernant le th\u00e8me \"Editions \u00e9sot\u00e9rique fond\u00e9e en 1927\", il est possible de discuter avec notre r\u00e9daction. Vous pouvez tirer profit de cet article traitant le sujet \"Editions \u00e9sot\u00e9rique fond\u00e9e en 1927\". Il est concoct\u00e9 par l\u2019\u00e9quipe editionsbussiere.com. Le site editionsbussiere.com est fait pour cr\u00e9er divers posts autour du th\u00e8me Editions \u00e9sot\u00e9rique fond\u00e9e en 1927 d\u00e9velopp\u00e9es sur internet. Consultez notre site internet editionsbussiere.com et nos r\u00e9seaux sociaux pour \u00eatre au courant des futures annonces.<\/p>\n","protected":false},"excerpt":{"rendered":"<p>Chaque ann\u00e9e, les Romains c\u00e9l\u00e8brent la solennit\u00e9 d\u00e9di\u00e9e \u00e0 la Vierge Marie avec une pluie de p\u00e9tales de roses blanches qui tombent du plafond de la basilique Sainte-Marie-Majeure pour repr\u00e9senter la chute de neige miraculeuse de la mi-\u00e9t\u00e9 qui s\u2019est produite il y a pr\u00e8s de 1 700 ans. Dans son hom\u00e9lie lors des deuxi\u00e8mes [&hellip;]<\/p>\n","protected":false},"author":3,"featured_media":1103,"comment_status":"closed","ping_status":"closed","sticky":false,"template":"","format":"standard","meta":{"footnotes":""},"categories":[3],"tags":[],"class_list":["post-1102","post","type-post","status-publish","format-standard","has-post-thumbnail","hentry","category-editions-esoterique-fondee-en-1927-depeches","entry","fw-tab-6 fw-tabr-4","has-featured-image"],"yoast_head":"<!-- This site is optimized with the Yoast SEO plugin v27.5 - https:\/\/yoast.com\/product\/yoast-seo-wordpress\/ -->\n<title>Le \u00ab miracle de la neige \u00bb nous rappelle Marie et la merveille de la gr\u00e2ce | National Catholic Register pour prier la Sainte Vierge . - EDITIONSBUSSIERE<\/title>\n<meta name=\"robots\" content=\"index, follow, max-snippet:-1, max-image-preview:large, max-video-preview:-1\" \/>\n<link rel=\"canonical\" href=\"https:\/\/editionsbussiere.com\/blog\/le-miracle-de-la-neige-nous-rappelle-marie-et-la-merveille-de-la-grace-national-catholic-register-pour-prier-la-sainte-vierge\/\" \/>\n<meta property=\"og:locale\" content=\"fr_FR\" \/>\n<meta property=\"og:type\" content=\"article\" \/>\n<meta property=\"og:title\" content=\"Le \u00ab miracle de la neige \u00bb nous rappelle Marie et la merveille de la gr\u00e2ce | National Catholic Register pour prier la Sainte Vierge . - EDITIONSBUSSIERE\" \/>\n<meta property=\"og:description\" content=\"Chaque ann\u00e9e, les Romains c\u00e9l\u00e8brent la solennit\u00e9 d\u00e9di\u00e9e \u00e0 la Vierge Marie avec une pluie de p\u00e9tales de roses blanches qui tombent du plafond de la basilique Sainte-Marie-Majeure pour repr\u00e9senter la chute de neige miraculeuse de la mi-\u00e9t\u00e9 qui s\u2019est produite il y a pr\u00e8s de 1 700 ans. Dans son hom\u00e9lie lors des deuxi\u00e8mes [&hellip;]\" \/>\n<meta property=\"og:url\" content=\"https:\/\/editionsbussiere.com\/blog\/le-miracle-de-la-neige-nous-rappelle-marie-et-la-merveille-de-la-grace-national-catholic-register-pour-prier-la-sainte-vierge\/\" \/>\n<meta property=\"og:site_name\" content=\"EDITIONSBUSSIERE\" \/>\n<meta property=\"article:published_time\" content=\"2024-08-07T01:07:29+00:00\" \/>\n<meta property=\"og:image\" content=\"https:\/\/editionsbussiere.com\/blog\/wp-content\/uploads\/2024\/08\/1722984078_Le-miracle-de-la-neige-nous-rappelle-Marie.jpg\" \/>\n<meta name=\"author\" content=\"Marie BATICLE\" \/>\n<meta name=\"twitter:card\" content=\"summary_large_image\" \/>\n<meta name=\"twitter:label1\" content=\"\u00c9crit par\" \/>\n\t<meta name=\"twitter:data1\" content=\"Marie BATICLE\" \/>\n\t<meta name=\"twitter:label2\" content=\"Dur\u00e9e de lecture estim\u00e9e\" \/>\n\t<meta name=\"twitter:data2\" content=\"12 minutes\" \/>\n<script type=\"application\/ld+json\" class=\"yoast-schema-graph\">{\"@context\":\"https:\\\/\\\/schema.org\",\"@graph\":[{\"@type\":\"Article\",\"@id\":\"https:\\\/\\\/editionsbussiere.com\\\/blog\\\/le-miracle-de-la-neige-nous-rappelle-marie-et-la-merveille-de-la-grace-national-catholic-register-pour-prier-la-sainte-vierge\\\/#article\",\"isPartOf\":{\"@id\":\"https:\\\/\\\/editionsbussiere.com\\\/blog\\\/le-miracle-de-la-neige-nous-rappelle-marie-et-la-merveille-de-la-grace-national-catholic-register-pour-prier-la-sainte-vierge\\\/\"},\"author\":{\"name\":\"Marie BATICLE\",\"@id\":\"https:\\\/\\\/editionsbussiere.com\\\/blog\\\/#\\\/schema\\\/person\\\/ec90e102792148c97e46ab871010dd8f\"},\"headline\":\"Le \u00ab miracle de la neige \u00bb nous rappelle Marie et la merveille de la gr\u00e2ce | National Catholic Register pour prier la Sainte Vierge .\",\"datePublished\":\"2024-08-07T01:07:29+00:00\",\"mainEntityOfPage\":{\"@id\":\"https:\\\/\\\/editionsbussiere.com\\\/blog\\\/le-miracle-de-la-neige-nous-rappelle-marie-et-la-merveille-de-la-grace-national-catholic-register-pour-prier-la-sainte-vierge\\\/\"},\"wordCount\":2414,\"publisher\":{\"@id\":\"https:\\\/\\\/editionsbussiere.com\\\/blog\\\/#organization\"},\"image\":{\"@id\":\"https:\\\/\\\/editionsbussiere.com\\\/blog\\\/le-miracle-de-la-neige-nous-rappelle-marie-et-la-merveille-de-la-grace-national-catholic-register-pour-prier-la-sainte-vierge\\\/#primaryimage\"},\"thumbnailUrl\":\"https:\\\/\\\/editionsbussiere.com\\\/blog\\\/wp-content\\\/uploads\\\/2024\\\/08\\\/1722984078_Le-miracle-de-la-neige-nous-rappelle-Marie.jpg\",\"articleSection\":[\"Editions \u00c9sot\u00e9rique Fond\u00e9e En 1927; D\u00e9p\u00e8ches:\"],\"inLanguage\":\"fr-FR\"},{\"@type\":\"WebPage\",\"@id\":\"https:\\\/\\\/editionsbussiere.com\\\/blog\\\/le-miracle-de-la-neige-nous-rappelle-marie-et-la-merveille-de-la-grace-national-catholic-register-pour-prier-la-sainte-vierge\\\/\",\"url\":\"https:\\\/\\\/editionsbussiere.com\\\/blog\\\/le-miracle-de-la-neige-nous-rappelle-marie-et-la-merveille-de-la-grace-national-catholic-register-pour-prier-la-sainte-vierge\\\/\",\"name\":\"Le \u00ab miracle de la neige \u00bb nous rappelle Marie et la merveille de la gr\u00e2ce | National Catholic Register pour prier la Sainte Vierge . - EDITIONSBUSSIERE\",\"isPartOf\":{\"@id\":\"https:\\\/\\\/editionsbussiere.com\\\/blog\\\/#website\"},\"primaryImageOfPage\":{\"@id\":\"https:\\\/\\\/editionsbussiere.com\\\/blog\\\/le-miracle-de-la-neige-nous-rappelle-marie-et-la-merveille-de-la-grace-national-catholic-register-pour-prier-la-sainte-vierge\\\/#primaryimage\"},\"image\":{\"@id\":\"https:\\\/\\\/editionsbussiere.com\\\/blog\\\/le-miracle-de-la-neige-nous-rappelle-marie-et-la-merveille-de-la-grace-national-catholic-register-pour-prier-la-sainte-vierge\\\/#primaryimage\"},\"thumbnailUrl\":\"https:\\\/\\\/editionsbussiere.com\\\/blog\\\/wp-content\\\/uploads\\\/2024\\\/08\\\/1722984078_Le-miracle-de-la-neige-nous-rappelle-Marie.jpg\",\"datePublished\":\"2024-08-07T01:07:29+00:00\",\"breadcrumb\":{\"@id\":\"https:\\\/\\\/editionsbussiere.com\\\/blog\\\/le-miracle-de-la-neige-nous-rappelle-marie-et-la-merveille-de-la-grace-national-catholic-register-pour-prier-la-sainte-vierge\\\/#breadcrumb\"},\"inLanguage\":\"fr-FR\",\"potentialAction\":[{\"@type\":\"ReadAction\",\"target\":[\"https:\\\/\\\/editionsbussiere.com\\\/blog\\\/le-miracle-de-la-neige-nous-rappelle-marie-et-la-merveille-de-la-grace-national-catholic-register-pour-prier-la-sainte-vierge\\\/\"]}]},{\"@type\":\"ImageObject\",\"inLanguage\":\"fr-FR\",\"@id\":\"https:\\\/\\\/editionsbussiere.com\\\/blog\\\/le-miracle-de-la-neige-nous-rappelle-marie-et-la-merveille-de-la-grace-national-catholic-register-pour-prier-la-sainte-vierge\\\/#primaryimage\",\"url\":\"https:\\\/\\\/editionsbussiere.com\\\/blog\\\/wp-content\\\/uploads\\\/2024\\\/08\\\/1722984078_Le-miracle-de-la-neige-nous-rappelle-Marie.jpg\",\"contentUrl\":\"https:\\\/\\\/editionsbussiere.com\\\/blog\\\/wp-content\\\/uploads\\\/2024\\\/08\\\/1722984078_Le-miracle-de-la-neige-nous-rappelle-Marie.jpg\",\"width\":760,\"height\":507,\"caption\":\"1722984078 Le miracle de la neige nous rappelle Marie\"},{\"@type\":\"BreadcrumbList\",\"@id\":\"https:\\\/\\\/editionsbussiere.com\\\/blog\\\/le-miracle-de-la-neige-nous-rappelle-marie-et-la-merveille-de-la-grace-national-catholic-register-pour-prier-la-sainte-vierge\\\/#breadcrumb\",\"itemListElement\":[{\"@type\":\"ListItem\",\"position\":1,\"name\":\"Accueil\",\"item\":\"https:\\\/\\\/editionsbussiere.com\\\/blog\\\/\"},{\"@type\":\"ListItem\",\"position\":2,\"name\":\"Le \u00ab miracle de la neige \u00bb nous rappelle Marie et la merveille de la gr\u00e2ce | National Catholic Register pour prier la Sainte Vierge .\"}]},{\"@type\":\"WebSite\",\"@id\":\"https:\\\/\\\/editionsbussiere.com\\\/blog\\\/#website\",\"url\":\"https:\\\/\\\/editionsbussiere.com\\\/blog\\\/\",\"name\":\"EDITIONSBUSSIERE\",\"description\":\"Editions \u00e9sot\u00e9rique fond\u00e9e en 1927; site historique, A SAVOIR ET RETENIR.\",\"publisher\":{\"@id\":\"https:\\\/\\\/editionsbussiere.com\\\/blog\\\/#organization\"},\"potentialAction\":[{\"@type\":\"SearchAction\",\"target\":{\"@type\":\"EntryPoint\",\"urlTemplate\":\"https:\\\/\\\/editionsbussiere.com\\\/blog\\\/?s={search_term_string}\"},\"query-input\":{\"@type\":\"PropertyValueSpecification\",\"valueRequired\":true,\"valueName\":\"search_term_string\"}}],\"inLanguage\":\"fr-FR\"},{\"@type\":\"Organization\",\"@id\":\"https:\\\/\\\/editionsbussiere.com\\\/blog\\\/#organization\",\"name\":\"editionsbussiere\",\"url\":\"https:\\\/\\\/editionsbussiere.com\\\/blog\\\/\",\"logo\":{\"@type\":\"ImageObject\",\"inLanguage\":\"fr-FR\",\"@id\":\"https:\\\/\\\/editionsbussiere.com\\\/blog\\\/#\\\/schema\\\/logo\\\/image\\\/\",\"url\":\"https:\\\/\\\/editionsbussiere.com\\\/blog\\\/wp-content\\\/uploads\\\/2023\\\/09\\\/cropped-buss.gif\",\"contentUrl\":\"https:\\\/\\\/editionsbussiere.com\\\/blog\\\/wp-content\\\/uploads\\\/2023\\\/09\\\/cropped-buss.gif\",\"width\":298,\"height\":120,\"caption\":\"editionsbussiere\"},\"image\":{\"@id\":\"https:\\\/\\\/editionsbussiere.com\\\/blog\\\/#\\\/schema\\\/logo\\\/image\\\/\"}},{\"@type\":\"Person\",\"@id\":\"https:\\\/\\\/editionsbussiere.com\\\/blog\\\/#\\\/schema\\\/person\\\/ec90e102792148c97e46ab871010dd8f\",\"name\":\"Marie BATICLE\",\"image\":{\"@type\":\"ImageObject\",\"inLanguage\":\"fr-FR\",\"@id\":\"https:\\\/\\\/secure.gravatar.com\\\/avatar\\\/c923e52403b1b8137e2d929127211d21967e6aecaa053bd43b09da29f212e76e?s=96&d=mm&r=g\",\"url\":\"https:\\\/\\\/secure.gravatar.com\\\/avatar\\\/c923e52403b1b8137e2d929127211d21967e6aecaa053bd43b09da29f212e76e?s=96&d=mm&r=g\",\"contentUrl\":\"https:\\\/\\\/secure.gravatar.com\\\/avatar\\\/c923e52403b1b8137e2d929127211d21967e6aecaa053bd43b09da29f212e76e?s=96&d=mm&r=g\",\"caption\":\"Marie BATICLE\"},\"url\":\"https:\\\/\\\/editionsbussiere.com\\\/blog\\\/author\\\/eremarie\\\/\"}]}<\/script>\n<!-- \/ Yoast SEO plugin. -->","yoast_head_json":{"title":"Le \u00ab miracle de la neige \u00bb nous rappelle Marie et la merveille de la gr\u00e2ce | National Catholic Register pour prier la Sainte Vierge . - EDITIONSBUSSIERE","robots":{"index":"index","follow":"follow","max-snippet":"max-snippet:-1","max-image-preview":"max-image-preview:large","max-video-preview":"max-video-preview:-1"},"canonical":"https:\/\/editionsbussiere.com\/blog\/le-miracle-de-la-neige-nous-rappelle-marie-et-la-merveille-de-la-grace-national-catholic-register-pour-prier-la-sainte-vierge\/","og_locale":"fr_FR","og_type":"article","og_title":"Le \u00ab miracle de la neige \u00bb nous rappelle Marie et la merveille de la gr\u00e2ce | National Catholic Register pour prier la Sainte Vierge . - EDITIONSBUSSIERE","og_description":"Chaque ann\u00e9e, les Romains c\u00e9l\u00e8brent la solennit\u00e9 d\u00e9di\u00e9e \u00e0 la Vierge Marie avec une pluie de p\u00e9tales de roses blanches qui tombent du plafond de la basilique Sainte-Marie-Majeure pour repr\u00e9senter la chute de neige miraculeuse de la mi-\u00e9t\u00e9 qui s\u2019est produite il y a pr\u00e8s de 1 700 ans. Dans son hom\u00e9lie lors des deuxi\u00e8mes [&hellip;]","og_url":"https:\/\/editionsbussiere.com\/blog\/le-miracle-de-la-neige-nous-rappelle-marie-et-la-merveille-de-la-grace-national-catholic-register-pour-prier-la-sainte-vierge\/","og_site_name":"EDITIONSBUSSIERE","article_published_time":"2024-08-07T01:07:29+00:00","og_image":[{"url":"https:\/\/editionsbussiere.com\/blog\/wp-content\/uploads\/2024\/08\/1722984078_Le-miracle-de-la-neige-nous-rappelle-Marie.jpg","type":"","width":"","height":""}],"author":"Marie BATICLE","twitter_card":"summary_large_image","twitter_misc":{"\u00c9crit par":"Marie BATICLE","Dur\u00e9e de lecture estim\u00e9e":"12 minutes"},"schema":{"@context":"https:\/\/schema.org","@graph":[{"@type":"Article","@id":"https:\/\/editionsbussiere.com\/blog\/le-miracle-de-la-neige-nous-rappelle-marie-et-la-merveille-de-la-grace-national-catholic-register-pour-prier-la-sainte-vierge\/#article","isPartOf":{"@id":"https:\/\/editionsbussiere.com\/blog\/le-miracle-de-la-neige-nous-rappelle-marie-et-la-merveille-de-la-grace-national-catholic-register-pour-prier-la-sainte-vierge\/"},"author":{"name":"Marie BATICLE","@id":"https:\/\/editionsbussiere.com\/blog\/#\/schema\/person\/ec90e102792148c97e46ab871010dd8f"},"headline":"Le \u00ab miracle de la neige \u00bb nous rappelle Marie et la merveille de la gr\u00e2ce | National Catholic Register pour prier la Sainte Vierge .","datePublished":"2024-08-07T01:07:29+00:00","mainEntityOfPage":{"@id":"https:\/\/editionsbussiere.com\/blog\/le-miracle-de-la-neige-nous-rappelle-marie-et-la-merveille-de-la-grace-national-catholic-register-pour-prier-la-sainte-vierge\/"},"wordCount":2414,"publisher":{"@id":"https:\/\/editionsbussiere.com\/blog\/#organization"},"image":{"@id":"https:\/\/editionsbussiere.com\/blog\/le-miracle-de-la-neige-nous-rappelle-marie-et-la-merveille-de-la-grace-national-catholic-register-pour-prier-la-sainte-vierge\/#primaryimage"},"thumbnailUrl":"https:\/\/editionsbussiere.com\/blog\/wp-content\/uploads\/2024\/08\/1722984078_Le-miracle-de-la-neige-nous-rappelle-Marie.jpg","articleSection":["Editions \u00c9sot\u00e9rique Fond\u00e9e En 1927; D\u00e9p\u00e8ches:"],"inLanguage":"fr-FR"},{"@type":"WebPage","@id":"https:\/\/editionsbussiere.com\/blog\/le-miracle-de-la-neige-nous-rappelle-marie-et-la-merveille-de-la-grace-national-catholic-register-pour-prier-la-sainte-vierge\/","url":"https:\/\/editionsbussiere.com\/blog\/le-miracle-de-la-neige-nous-rappelle-marie-et-la-merveille-de-la-grace-national-catholic-register-pour-prier-la-sainte-vierge\/","name":"Le \u00ab miracle de la neige \u00bb nous rappelle Marie et la merveille de la gr\u00e2ce | National Catholic Register pour prier la Sainte Vierge . - EDITIONSBUSSIERE","isPartOf":{"@id":"https:\/\/editionsbussiere.com\/blog\/#website"},"primaryImageOfPage":{"@id":"https:\/\/editionsbussiere.com\/blog\/le-miracle-de-la-neige-nous-rappelle-marie-et-la-merveille-de-la-grace-national-catholic-register-pour-prier-la-sainte-vierge\/#primaryimage"},"image":{"@id":"https:\/\/editionsbussiere.com\/blog\/le-miracle-de-la-neige-nous-rappelle-marie-et-la-merveille-de-la-grace-national-catholic-register-pour-prier-la-sainte-vierge\/#primaryimage"},"thumbnailUrl":"https:\/\/editionsbussiere.com\/blog\/wp-content\/uploads\/2024\/08\/1722984078_Le-miracle-de-la-neige-nous-rappelle-Marie.jpg","datePublished":"2024-08-07T01:07:29+00:00","breadcrumb":{"@id":"https:\/\/editionsbussiere.com\/blog\/le-miracle-de-la-neige-nous-rappelle-marie-et-la-merveille-de-la-grace-national-catholic-register-pour-prier-la-sainte-vierge\/#breadcrumb"},"inLanguage":"fr-FR","potentialAction":[{"@type":"ReadAction","target":["https:\/\/editionsbussiere.com\/blog\/le-miracle-de-la-neige-nous-rappelle-marie-et-la-merveille-de-la-grace-national-catholic-register-pour-prier-la-sainte-vierge\/"]}]},{"@type":"ImageObject","inLanguage":"fr-FR","@id":"https:\/\/editionsbussiere.com\/blog\/le-miracle-de-la-neige-nous-rappelle-marie-et-la-merveille-de-la-grace-national-catholic-register-pour-prier-la-sainte-vierge\/#primaryimage","url":"https:\/\/editionsbussiere.com\/blog\/wp-content\/uploads\/2024\/08\/1722984078_Le-miracle-de-la-neige-nous-rappelle-Marie.jpg","contentUrl":"https:\/\/editionsbussiere.com\/blog\/wp-content\/uploads\/2024\/08\/1722984078_Le-miracle-de-la-neige-nous-rappelle-Marie.jpg","width":760,"height":507,"caption":"1722984078 Le miracle de la neige nous rappelle Marie"},{"@type":"BreadcrumbList","@id":"https:\/\/editionsbussiere.com\/blog\/le-miracle-de-la-neige-nous-rappelle-marie-et-la-merveille-de-la-grace-national-catholic-register-pour-prier-la-sainte-vierge\/#breadcrumb","itemListElement":[{"@type":"ListItem","position":1,"name":"Accueil","item":"https:\/\/editionsbussiere.com\/blog\/"},{"@type":"ListItem","position":2,"name":"Le \u00ab miracle de la neige \u00bb nous rappelle Marie et la merveille de la gr\u00e2ce | National Catholic Register pour prier la Sainte Vierge ."}]},{"@type":"WebSite","@id":"https:\/\/editionsbussiere.com\/blog\/#website","url":"https:\/\/editionsbussiere.com\/blog\/","name":"EDITIONSBUSSIERE","description":"Editions \u00e9sot\u00e9rique fond\u00e9e en 1927; site historique, A SAVOIR ET RETENIR.","publisher":{"@id":"https:\/\/editionsbussiere.com\/blog\/#organization"},"potentialAction":[{"@type":"SearchAction","target":{"@type":"EntryPoint","urlTemplate":"https:\/\/editionsbussiere.com\/blog\/?s={search_term_string}"},"query-input":{"@type":"PropertyValueSpecification","valueRequired":true,"valueName":"search_term_string"}}],"inLanguage":"fr-FR"},{"@type":"Organization","@id":"https:\/\/editionsbussiere.com\/blog\/#organization","name":"editionsbussiere","url":"https:\/\/editionsbussiere.com\/blog\/","logo":{"@type":"ImageObject","inLanguage":"fr-FR","@id":"https:\/\/editionsbussiere.com\/blog\/#\/schema\/logo\/image\/","url":"https:\/\/editionsbussiere.com\/blog\/wp-content\/uploads\/2023\/09\/cropped-buss.gif","contentUrl":"https:\/\/editionsbussiere.com\/blog\/wp-content\/uploads\/2023\/09\/cropped-buss.gif","width":298,"height":120,"caption":"editionsbussiere"},"image":{"@id":"https:\/\/editionsbussiere.com\/blog\/#\/schema\/logo\/image\/"}},{"@type":"Person","@id":"https:\/\/editionsbussiere.com\/blog\/#\/schema\/person\/ec90e102792148c97e46ab871010dd8f","name":"Marie BATICLE","image":{"@type":"ImageObject","inLanguage":"fr-FR","@id":"https:\/\/secure.gravatar.com\/avatar\/c923e52403b1b8137e2d929127211d21967e6aecaa053bd43b09da29f212e76e?s=96&d=mm&r=g","url":"https:\/\/secure.gravatar.com\/avatar\/c923e52403b1b8137e2d929127211d21967e6aecaa053bd43b09da29f212e76e?s=96&d=mm&r=g","contentUrl":"https:\/\/secure.gravatar.com\/avatar\/c923e52403b1b8137e2d929127211d21967e6aecaa053bd43b09da29f212e76e?s=96&d=mm&r=g","caption":"Marie BATICLE"},"url":"https:\/\/editionsbussiere.com\/blog\/author\/eremarie\/"}]}},"_links":{"self":[{"href":"https:\/\/editionsbussiere.com\/blog\/wp-json\/wp\/v2\/posts\/1102","targetHints":{"allow":["GET"]}}],"collection":[{"href":"https:\/\/editionsbussiere.com\/blog\/wp-json\/wp\/v2\/posts"}],"about":[{"href":"https:\/\/editionsbussiere.com\/blog\/wp-json\/wp\/v2\/types\/post"}],"author":[{"embeddable":true,"href":"https:\/\/editionsbussiere.com\/blog\/wp-json\/wp\/v2\/users\/3"}],"replies":[{"embeddable":true,"href":"https:\/\/editionsbussiere.com\/blog\/wp-json\/wp\/v2\/comments?post=1102"}],"version-history":[{"count":0,"href":"https:\/\/editionsbussiere.com\/blog\/wp-json\/wp\/v2\/posts\/1102\/revisions"}],"wp:featuredmedia":[{"embeddable":true,"href":"https:\/\/editionsbussiere.com\/blog\/wp-json\/wp\/v2\/media\/1103"}],"wp:attachment":[{"href":"https:\/\/editionsbussiere.com\/blog\/wp-json\/wp\/v2\/media?parent=1102"}],"wp:term":[{"taxonomy":"category","embeddable":true,"href":"https:\/\/editionsbussiere.com\/blog\/wp-json\/wp\/v2\/categories?post=1102"},{"taxonomy":"post_tag","embeddable":true,"href":"https:\/\/editionsbussiere.com\/blog\/wp-json\/wp\/v2\/tags?post=1102"}],"curies":[{"name":"wp","href":"https:\/\/api.w.org\/{rel}","templated":true}]}}