{"id":1090,"date":"2024-08-05T15:12:22","date_gmt":"2024-08-05T13:12:22","guid":{"rendered":"https:\/\/editionsbussiere.com\/blog\/les-latinos-de-kansas-city-se-mobilisent-pour-sauver-un-sanctuaire-catholique-centenaire-en-ruine-sur-le-westside-kcur-et-prier-la-sainte-vierge-marie\/"},"modified":"2024-08-05T15:12:22","modified_gmt":"2024-08-05T13:12:22","slug":"les-latinos-de-kansas-city-se-mobilisent-pour-sauver-un-sanctuaire-catholique-centenaire-en-ruine-sur-le-westside-kcur-et-prier-la-sainte-vierge-marie","status":"publish","type":"post","link":"https:\/\/editionsbussiere.com\/blog\/les-latinos-de-kansas-city-se-mobilisent-pour-sauver-un-sanctuaire-catholique-centenaire-en-ruine-sur-le-westside-kcur-et-prier-la-sainte-vierge-marie\/","title":{"rendered":"Les Latinos de Kansas City se mobilisent pour sauver un sanctuaire catholique centenaire en ruine sur le Westside | KCUR\n et prier la Sainte Vierge Marie."},"content":{"rendered":"<div><img width=\"580\" height=\"305\" src=\"https:\/\/editionsbussiere.com\/blog\/wp-content\/uploads\/2024\/08\/Les-Latinos-de-Kansas-City-se-mobilisent-pour-sauver-un-1024x538-1.jpg\" class=\"attachment-large size-large wp-post-image\" alt=\"Les Latinos de Kansas City se mobilisent pour sauver un\" style=\"float:left; margin:0 15px 15px 0;\" decoding=\"async\" srcset=\"https:\/\/editionsbussiere.com\/blog\/wp-content\/uploads\/2024\/08\/Les-Latinos-de-Kansas-City-se-mobilisent-pour-sauver-un-1024x538-1.jpg 1024w, https:\/\/www.n42.fr\/wp-content\/uploads\/2024\/08\/Les-Latinos-de-Kansas-City-se-mobilisent-pour-sauver-un-300x158.jpg 300w, https:\/\/www.n42.fr\/wp-content\/uploads\/2024\/08\/Les-Latinos-de-Kansas-City-se-mobilisent-pour-sauver-un-768x403.jpg 768w, https:\/\/www.n42.fr\/wp-content\/uploads\/2024\/08\/Les-Latinos-de-Kansas-City-se-mobilisent-pour-sauver-un.jpg 1200w\" sizes=\"(max-width: 580px) 100vw, 580px\"><\/p>\n<p>\n<\/p>\n<div>\n<p>Ramona Arroyo a du mal \u00e0 parler du sanctuaire Notre-Dame de Guadalupe sans pleurer.<\/p>\n<p>\u00ab Cela a chang\u00e9 ma vie \u00bb, a-t-elle d\u00e9clar\u00e9.<\/p>\n<p>L\u2019\u00e9difice massif est constitu\u00e9 de grandes pierres grises, bord\u00e9es de vitraux repr\u00e9sentant l\u2019apparition de Notre-Dame de Guadalupe. \u00c0 l\u2019int\u00e9rieur, des rang\u00e9es de bancs m\u00e8nent \u00e0 l\u2019autel, orn\u00e9 de statues et de peintures de personnages religieux.<\/p>\n<p>Une autre statue de Notre-Dame se dresse \u00e0 l\u2019ext\u00e9rieur, peinte tout en blanc et entour\u00e9e de fleurs.<\/p>\n<p>Vieux de plus d\u2019un si\u00e8cle, le sanctuaire se dresse fi\u00e8rement dans le quartier historique de Westside \u00e0 Kansas City, sa fl\u00e8che s\u2019\u00e9levant au-dessus de la limite des arbres. Vous pouvez m\u00eame l\u2019apercevoir de l\u2019autre c\u00f4t\u00e9 du boulevard Southwest sous certains angles. Dans un quartier en pleine gentrification, c\u2019est un monument durable pour une communaut\u00e9 latino dynamique qui est l\u00e0 depuis des g\u00e9n\u00e9rations.<\/p>\n<p>Mais de nos jours, le sanctuaire tombe en ruine : les escaliers s\u2019effondrent, la peinture s\u2019\u00e9caille des murs et des d\u00e9g\u00e2ts des eaux sont visibles sur le plafond.<\/p>\n<div class=\"Enh\" data-align-center=\"\">\n<figure class=\"Figure\">\n<picture><source media=\"(max-width: 768px)\" type=\"image\/webp\" width=\"420\" height=\"280\" srcset=\"https:\/\/npr.brightspotcdn.com\/dims4\/default\/bc4a17d\/2147483647\/strip\/true\/crop\/1999x1333+0+0\/resize\/840x560!\/format\/webp\/quality\/90\/?url=http%3A%2F%2Fnpr-brightspot.s3.amazonaws.com%2F2d%2Fd1%2F07bedfc34d1c8156def9488d2838%2Fimage2.jpg 2x\" data-size=\"fallbackImageSizeMobile\"><\/source><source media=\"(max-width: 768px)\" width=\"420\" height=\"280\" srcset=\"https:\/\/npr.brightspotcdn.com\/dims4\/default\/5e26b73\/2147483647\/strip\/true\/crop\/1999x1333+0+0\/resize\/420x280!\/quality\/90\/?url=http%3A%2F%2Fnpr-brightspot.s3.amazonaws.com%2F2d%2Fd1%2F07bedfc34d1c8156def9488d2838%2Fimage2.jpg\" data-size=\"fallbackImageSizeMobile\"><\/source><source type=\"image\/webp\" width=\"880\" height=\"587\" srcset=\"https:\/\/npr.brightspotcdn.com\/dims4\/default\/abdd3bd\/2147483647\/strip\/true\/crop\/1999x1333+0+0\/resize\/1760x1174!\/format\/webp\/quality\/90\/?url=http%3A%2F%2Fnpr-brightspot.s3.amazonaws.com%2F2d%2Fd1%2F07bedfc34d1c8156def9488d2838%2Fimage2.jpg 2x\" data-size=\"fallbackImageSize\"><\/source><source width=\"880\" height=\"587\" srcset=\"https:\/\/editionsbussiere.com\/blog\/wp-content\/uploads\/2024\/08\/image2.jpg\" data-size=\"fallbackImageSize\"><\/source><img decoding=\"async\" class=\"Image\" alt=\"Le panneau accueillant les invit\u00e9s au sanctuaire de Notre-Dame de Guadalupe le 31 juillet 2024. Une statue blanche \u00e0 c\u00f4t\u00e9 repr\u00e9sente Juan Diego et la Dame de Guadalupe, un \u00e9l\u00e9ment central de la foi catholique mexicaine.\" srcset=\"https:\/\/npr.brightspotcdn.com\/dims4\/default\/93e663e\/2147483647\/strip\/true\/crop\/1999x1333+0+0\/resize\/1760x1174!\/quality\/90\/?url=http%3A%2F%2Fnpr-brightspot.s3.amazonaws.com%2F2d%2Fd1%2F07bedfc34d1c8156def9488d2838%2Fimage2.jpg 2x\" width=\"880\" height=\"587\" loading=\"lazy\" src=\"https:\/\/editionsbussiere.com\/blog\/wp-content\/uploads\/2024\/08\/image2.jpg\">\n<\/picture>\n<div class=\"Figure-content\">\n<div class=\"Figure-credit-container\">\n<p>Emma Flannery<\/p>\n<p>\/<\/p>\n<p>  Cours de la Courbe KUR 89,3<\/p>\n<\/div><figcaption class=\"Figure-caption\">Le panneau accueillant les visiteurs au sanctuaire de Notre-Dame de Guadalupe le 31 juillet 2024. Une statue blanche \u00e0 c\u00f4t\u00e9 repr\u00e9sente l\u2019histoire de Juan Diego et de la Dame de Guadalupe, un \u00e9l\u00e9ment central de la foi catholique mexicaine.<\/figcaption><\/div>\n<\/figure>\n<\/div>\n<p>Sans r\u00e9parations, le sanctuaire pourrait devenir dangereux pour les visiteurs et \u00eatre contraint de fermer \u2013 \u00e0 moins qu\u2019Arroyo et la congr\u00e9gation ne parviennent \u00e0 le sauver.<\/p>\n<p>John Fierro, pr\u00e9sident du comit\u00e9 des finances, estime que les r\u00e9novations du sanctuaire co\u00fbteront jusqu\u2019\u00e0 900 000 $.<\/p>\n<p>Le projet a \u00e9t\u00e9 divis\u00e9 en trois parties, dont la premi\u00e8re concernait la r\u00e9paration des escaliers, du plafond et de certaines pierres ext\u00e9rieures. Ces travaux ont \u00e9t\u00e9 termin\u00e9s cet \u00e9t\u00e9.<\/p>\n<p>Fierro dit que la phase suivante se concentrera sur l\u2019int\u00e9rieur du sanctuaire \u2013 comme la r\u00e9paration du sol et la repeinture des murs \u2013 et la derni\u00e8re phase s\u2019attaquera au vieillissement et \u00e0 l\u2019effritement des pierres \u00e0 l\u2019ext\u00e9rieur du sanctuaire.<\/p>\n<p>Le sanctuaire a ouvert ses portes en 1922 sous le nom de paroisse Notre-Dame de Guadalupe. Arroyo affirme qu\u2019il s\u2019agissait de la premi\u00e8re \u00e9glise catholique mexicaine de Kansas City. La Vierge de Guadalupe, ou la Vierge Marie, est la patronne du Mexique et une figure centrale pour les catholiques mexicains. (Elle est \u00e9galement \u00e0 l\u2019origine du nom des centres Guadalupe de Kansas City, qui se sont form\u00e9s dans le Westside \u00e0 la m\u00eame \u00e9poque.)<\/p>\n<p>Arroyo a grandi \u00e0 c\u00f4t\u00e9 de la paroisse et elle est aujourd\u2019hui directrice de l\u2019\u00e9ducation religieuse de la paroisse. Elle ne s\u2019attendait pas \u00e0 finir par travailler dans l\u2019\u00e9glise de son enfance.<\/p>\n<p>\u00ab Je n\u2019\u00e9tais pas vraiment impliqu\u00e9e dans l\u2019\u00c9glise \u00bb, dit Arroyo. \u00ab Ma s\u0153ur et ma m\u00e8re, elles, l\u2019\u00e9taient. \u00bb<\/p>\n<p>En 1990, le dioc\u00e8se catholique de Kansas City a menac\u00e9 de fermer la paroisse Notre-Dame de Guadalupe en raison de la diminution du nombre de ses fid\u00e8les.<\/p>\n<p>La s\u0153ur d\u2019Arroyo l\u2019a encourag\u00e9e \u00e0 revenir pour l\u2019aider. \u00ab Elle lui a dit : \u00ab\u00a0Je ne t\u2019ai jamais rien demand\u00e9. Mais je te le demande maintenant, promets-moi que tu ne fermeras jamais cette \u00e9glise\u00a0\u00bb, raconte Arroyo.<\/p>\n<div class=\"Enh\" data-align-center=\"\">\n<figure class=\"Figure\">\n<picture><source media=\"(max-width: 768px)\" type=\"image\/webp\" width=\"420\" height=\"280\" srcset=\"https:\/\/npr.brightspotcdn.com\/dims4\/default\/dbed9bf\/2147483647\/strip\/true\/crop\/1999x1333+0+0\/resize\/840x560!\/format\/webp\/quality\/90\/?url=http%3A%2F%2Fnpr-brightspot.s3.amazonaws.com%2F24%2Fc8%2Fad46b41f4c72b9e4ea2e24f0d20d%2Fimage4.jpg 2x\" data-size=\"fallbackImageSizeMobile\"><\/source><source media=\"(max-width: 768px)\" width=\"420\" height=\"280\" srcset=\"https:\/\/npr.brightspotcdn.com\/dims4\/default\/a6f986e\/2147483647\/strip\/true\/crop\/1999x1333+0+0\/resize\/420x280!\/quality\/90\/?url=http%3A%2F%2Fnpr-brightspot.s3.amazonaws.com%2F24%2Fc8%2Fad46b41f4c72b9e4ea2e24f0d20d%2Fimage4.jpg\" data-size=\"fallbackImageSizeMobile\"><\/source><source type=\"image\/webp\" width=\"880\" height=\"587\" srcset=\"https:\/\/npr.brightspotcdn.com\/dims4\/default\/893ef43\/2147483647\/strip\/true\/crop\/1999x1333+0+0\/resize\/1760x1174!\/format\/webp\/quality\/90\/?url=http%3A%2F%2Fnpr-brightspot.s3.amazonaws.com%2F24%2Fc8%2Fad46b41f4c72b9e4ea2e24f0d20d%2Fimage4.jpg 2x\" data-size=\"fallbackImageSize\"><\/source><source width=\"880\" height=\"587\" srcset=\"https:\/\/editionsbussiere.com\/blog\/wp-content\/uploads\/2024\/08\/image4.jpg\" data-size=\"fallbackImageSize\"><\/source><img decoding=\"async\" class=\"Image\" alt=\"Peinture \u00e9caill\u00e9e et \u00e9caill\u00e9e recouvrant les murs du sanctuaire Notre-Dame de Guadalupe le 31 juillet 2024. John Fierro, pr\u00e9sident du comit\u00e9 des finances, d\u00e9clare que la deuxi\u00e8me phase du projet se concentrera principalement sur la r\u00e9paration des int\u00e9rieurs du sanctuaire, comme les murs et le sol.\" srcset=\"https:\/\/npr.brightspotcdn.com\/dims4\/default\/1be3bf3\/2147483647\/strip\/true\/crop\/1999x1333+0+0\/resize\/1760x1174!\/quality\/90\/?url=http%3A%2F%2Fnpr-brightspot.s3.amazonaws.com%2F24%2Fc8%2Fad46b41f4c72b9e4ea2e24f0d20d%2Fimage4.jpg 2x\" width=\"880\" height=\"587\" loading=\"lazy\" src=\"https:\/\/editionsbussiere.com\/blog\/wp-content\/uploads\/2024\/08\/image4.jpg\">\n<\/picture>\n<div class=\"Figure-content\">\n<div class=\"Figure-credit-container\">\n<p>Emma Flannery<\/p>\n<p>\/<\/p>\n<p>  Cours de la Courbe KUR 89,3<\/p>\n<\/div><figcaption class=\"Figure-caption\">Peinture \u00e9caill\u00e9e et \u00e9caill\u00e9e recouvrant les murs du sanctuaire Notre-Dame de Guadalupe le 31 juillet 2024. John Fierro, pr\u00e9sident du comit\u00e9 des finances, d\u00e9clare que la deuxi\u00e8me phase du projet se concentrera principalement sur la r\u00e9paration des int\u00e9rieurs du sanctuaire, comme les murs et le sol.<\/figcaption><\/div>\n<\/figure>\n<\/div>\n<p>Finalement, Arroyo et la congr\u00e9gation ont convaincu le dioc\u00e8se de reconsacrer l\u2019\u00e9glise en sanctuaire \u00e0 Notre-Dame de Guadalupe en 1991, tout en fusionnant les op\u00e9rations religieuses avec la paroisse du Sacr\u00e9-C\u0153ur, une autre \u00e9glise de la r\u00e9gion.<\/p>\n<p>Bien que la messe soit encore c\u00e9l\u00e9br\u00e9e occasionnellement au sanctuaire, l\u2019\u00e9glise du Sacr\u00e9-C\u0153ur de Guadalupe sur Madison Avenue sert d\u00e9sormais de b\u00e2timent principal pour la congr\u00e9gation et le personnel.<\/p>\n<p>L\u2019effort de r\u00e9paration du sanctuaire repr\u00e9sente une sorte de retour aux sources pour certains, comme le directeur du chantier C\u00e9sar Cea, qui a grandi de l\u2019autre c\u00f4t\u00e9 de la rue.<\/p>\n<p>\u00ab (Le sanctuaire) \u00e9tait pratiquement mon jardin \u00bb, a d\u00e9clar\u00e9 Cea. \u00ab En fait, mes parents vivent toujours de l\u2019autre c\u00f4t\u00e9 de la rue. C\u2019\u00e9tait donc un projet int\u00e9ressant pour moi d\u2019y participer, car je vais\u2026 superviser les choses, puis je vais d\u00e9jeuner avec mes parents. \u00bb<\/p>\n<p>La famille de Cea s\u2019est install\u00e9e dans le Westside apr\u00e8s avoir immigr\u00e9 aux \u00c9tats-Unis depuis le Salvador.<\/p>\n<p>En 2000, 70 % des habitants de Westside s\u2019identifiaient comme latinos. Aujourd\u2019hui, ce chiffre est inf\u00e9rieur \u00e0 50 %. Les maisons de ville \u00e0 plusieurs millions de dollars augmentent les imp\u00f4ts fonciers, poussant de nombreux propri\u00e9taires de longue date \u00e0 se diriger vers des r\u00e9gions comme le comt\u00e9 de Wyandotte ou le Nord-Est.<\/p>\n<p>Cea dit qu\u2019il consid\u00e8re le projet de r\u00e9paration du sanctuaire comme une d\u00e9monstration de la r\u00e9silience de la communaut\u00e9.<\/p>\n<p>\u00ab La plupart des gens qui se sont vraiment impliqu\u00e9s dans le projet habitent dans le quartier depuis de nombreuses ann\u00e9es \u00bb, a-t-il d\u00e9clar\u00e9. \u00ab Revitaliser cette structure montre que notre culture est toujours l\u00e0, que les gens sont toujours l\u00e0. \u00bb<\/p>\n<p>La paroisse compte sur les dons individuels pour les r\u00e9parations. La plupart des contributions proviennent de la congr\u00e9gation elle-m\u00eame, et la collecte de fonds pour poursuivre les deux derni\u00e8res phases du projet est toujours en cours.<\/p>\n<p>Pour Arroyo, peu importe la fa\u00e7on dont leur quartier ou leur congr\u00e9gation \u00e9voluent. Elle consid\u00e8re le sanctuaire comme un foyer pour les milliers de Latinos qui ont immigr\u00e9 \u00e0 Kansas City au fil des d\u00e9cennies.<\/p>\n<p>\u00ab C\u2019est notre histoire \u00bb, dit Arroyo. \u00ab C\u2019est notre l\u00e9gende\u2026 C\u2019est de l\u00e0 que nous sommes partis. Nous ne pourrons jamais l\u2019oublier. \u00bb<\/p>\n<\/div>\n<p><script>\n  window.fbAsyncInit = function() \n      FB.init(\n              appId : '2446161798822154',\n          xfbml : true,\n          version : 'v2.9'\n      );\n  ;\n  (function(d, s, id)\n     var js, fjs = d.getElementsByTagName(s)[0];\n     if (d.getElementById(id)) return;\n     js = d.createElement(s); js.id = id;\n     js.src = \"\n     fjs.parentNode.insertBefore(js, fjs);\n   (document, 'script', 'facebook-jssdk'));\n<\/script><\/p>\n<h2>\n<\/h2>\n<p>L\u2019Importance de la Pri\u00e8re \u00e0 Marie<\/p>\n<p>L\u2019invocation \u00e0 Marie constitue un aspect essentiel de la foi chr\u00e9tienne, profond\u00e9ment ancr\u00e9e dans la doctrine catholiques depuis des temps imm\u00e9moriaux. C\u2019est un roc sur lequel les croyants s\u2019reposent pour trouver confort, direction et intercession dans leur relation envers Dieu. Au fil du temps, cette pi\u00e9t\u00e9 a gagn\u00e9 en force par les enseignements de la Bible, les coutumes eccl\u00e9siastiques, et les exemples des saints qui ont honor\u00e9 Marie en tant que bienveillante.<\/p>\n<h3>\n<\/h3>\n<p>L\u2019accomplissement du Rosaire<\/p>\n<p>Le rosaire tient une position centrale au sein de la spiritualit\u00e9 de un grand nombre de fid\u00e8les. En r\u00e9citant les diff\u00e9rents myst\u00e8res, les d\u00e9vots m\u00e9ditent dans les moments li\u00e9s \u00e0 J\u00e9sus et Marie, renfor\u00e7ant leur connexion spirituelle avec eux. Chaque Ave Maria r\u00e9cit\u00e9, ils expriment leur confiance en l\u2019intercession de Marie ainsi que leur aspiration \u00e0 suivre les pas du Christ. Saint Louis-Marie Grignion de Montfort, dans son livre sur la vraie d\u00e9votion \u00e0 la Sainte Vierge, encourage les chr\u00e9tiens \u00e0 m\u00e9diter r\u00e9guli\u00e8rement des diff\u00e9rents myst\u00e8res du rosaire afin de renforcer leur relation avec la M\u00e8re de Dieu. Cet antique rituel, h\u00e9rit\u00e9e de g\u00e9n\u00e9ration en g\u00e9n\u00e9ration, demeure un phare spirituel pour les croyants, les guidant dans leur connexion \u00e0 la divine Dame du Ciel.<\/p>\n<h3>\n<\/h3>\n<p>L\u2019encouragement \u00e0 prier<\/p>\n<p>Unissons-nous dans la pri\u00e8re, fr\u00e8res et s\u0153urs, dans l\u2019unit\u00e9 de notre confiance, en nous tournant vers Marie, la m\u00e8re de notre Seigneur J\u00e9sus-Christ. Au sein de notre monde tourment\u00e9 par la guerre et la division, optons \u00e0 la pri\u00e8re pour trouver de trouver la s\u00e9r\u00e9nit\u00e9 et la r\u00e9conciliation. Les catholiques du monde entier peuvent envoyer un message pour la Sainte Vierge <a target=\"_blank\" rel=\"nofollow\" href=\"https:\/\/editionsbussiere.com\/blog\/goto\/https:\/\/www.avemariasound.org\/\" >en utilisant le formulaire de cette page.<\/a> Que nos supplications s\u2019\u00e9l\u00e8vent vers le ciel, comme une offrande re\u00e7u avec faveur \u00e0 Dieu, pour qu\u2019il guide nous guider nos pas vers la voie de la v\u00e9rit\u00e9 et de la justice. L\u2019ap\u00f4tre Paul nous exhorte dans ses lettres \u00e0 maintenir une pri\u00e8re incessante, quelle que soit la situation, pour que notre communion avec Dieu reste solide et ardente. La pri\u00e8re, quand elle est sinc\u00e8rement offerte, a le pouvoir pour changer nos c\u0153urs et de modifier le cours de l\u2019histoire.<\/p>\n<h2>\n<\/h2>\n<p>Les directives du Pape Fran\u00e7ois<\/p>\n<p>Le Saint-P\u00e8re, dans ses \u00e9crits \u00e9clair\u00e9s, disponibles gr\u00e2ce \u00e0 Bayard, nous rappelle la signification de la pri\u00e8re journali\u00e8re. \u00c0 travers ses discours et ses audiences, il nous encourage \u00e0 d\u00e9velopper une connexion personnelle avec le divin, en se fondant sur la r\u00e9flexion sur les Saintes \u00c9critures ainsi que la r\u00e9citation du rosaire. Sa conduite de compassion et d\u2019humilit\u00e9 nous motive \u00e0 approfondir encore notre pri\u00e8re et \u00e0 chercher la pr\u00e9sence de Dieu dans chaque aspect de notre quotidien. Saint Jean-Paul II, dans son encyclique portant sur la foi chr\u00e9tienne, nous rappelle que la pri\u00e8re quotidienne est le fondement de la vie de foi et que c\u2019est par elle que nous trouvons notre unit\u00e9 au divin. La pratique de la pri\u00e8re, transmise par les pontifes de g\u00e9n\u00e9ration en g\u00e9n\u00e9ration, est une source d\u2019espoir en p\u00e9riode de temp\u00eate, un roc solide sur lequel nous pouvons compter.<\/p>\n<h3>\n<\/h3>\n<p>Les ouvrages \u00e9crits par Leli\u00e8vre et Hubert<\/p>\n<p>Dans le contexte de la vie de foi, l\u2019\u00e9glise recommande vivement la pri\u00e8re, et lors de les moments de pri\u00e8re, les fid\u00e8les effectuent le geste du signe de la croix et r\u00e9citent le Je vous salue Marie. Des intellectuels contemporains, comme Leli\u00e8vre et Hubert, nous convient \u00e9galement \u00e0 m\u00e9diter sur la force de la pri\u00e8re, \u00e0 travers leurs \u00e9crits inspirants. Leurs \u00e9crits, riches en enseignements spirituels, nous orientent sur le chemin de la foi et nous encouragent \u00e0 trouver dans les tr\u00e9sors de la tradition chr\u00e9tienne pour enrichir notre vie spirituelle. En m\u00e9ditant sur leurs publications, nous d\u00e9couvrons de nouvelles voies d\u2019approfondir notre connexion avec le divin et de grandir dans la saintet\u00e9. L\u2019ap\u00f4tre Jean, dans l\u2019\u00c9vangile, nous enseigne que la pri\u00e8re est un puissant moyen de demeurer en communion avec Dieu et de recevoir de ses gr\u00e2ces. Chaque paragraphe de leurs ouvrages r\u00e9sonne comme une invitation \u00e0 une pri\u00e8re ardente et \u00e0 une vie emplie de la pr\u00e9sence divine. Dans notre recherche de spiritualit\u00e9, chaque lecture devient un appel \u00e0 aspirer \u00e0 le divin, \u00e0 travers la contemplation et la r\u00e9flexion.<\/p>\n<h3>\n<\/h3>\n<p>L\u2019acte de prier dans la chapelle<\/p>\n<p>Dans nos lieux de culte modestes ou majestueuses, orientons-nous vers le divin en toute confiance et humilit\u00e9, sachant qu\u2019il \u00e9coute nos supplications avec amour et sollicitude. Que chaque bougie allum\u00e9e, chaque Ave Maria r\u00e9cit\u00e9, constitue une offrande \u00e0 notre Seigneur et \u00e0 sa sainte m\u00e8re, Marie. Que nos moments de pri\u00e8re dans la chapelle soient des moments de gr\u00e2ce et de renouvellement de notre esprit, nous renfor\u00e7ant pour faire face \u00e0 les \u00e9preuves avec audace et foi in\u00e9branlable. Sainte Bernadette Soubirous, qui a re\u00e7u les apparitions de la Vierge Marie \u00e0 Lourdes, nous montre l\u2019importance de la pri\u00e8re dans l\u2019existence des catholiques et l\u2019efficacit\u00e9 de l\u2019intercession de la Sainte Vierge. Chaque personne qui entre dans une chapelle, chaque page de la Bible lue dans ce lieu sacr\u00e9, constitue une rencontre avec la divinit\u00e9, une \u00e9tape importante dans le processus de transformation spirituelle. \u00c0 travers les pages des Saintes \u00c9critures, chaque fid\u00e8le est encourag\u00e9 \u00e0 m\u00e9diter la croix du Christ, \u00e0 m\u00e9diter sur son sacrifice, et \u00e0 trouver r\u00e9confort et espoir dans la gr\u00e2ce salvatrice qu\u2019elle offre.<\/p>\n<h2>\nLa pratique de la pri\u00e8re comme m\u00e9decine pour l\u2019\u00e2me<br \/>\n<\/h2>\n<p>Comme un gu\u00e9risseur pour nos esprits, l\u2019acte de prier nous gu\u00e9rit ainsi que nous fortifie lorsque nous traversons des moments de douleur et de d\u00e9sespoir. Elle nous rappelle que Dieu est toujours avec nous, m\u00eame lorsque nous traversons les t\u00e9n\u00e8bres les plus profondes de notre existence. En nous tournant vers lui dans la pri\u00e8re, nous trouvons la force int\u00e9rieure n\u00e9cessaire pour surmonter les \u00e9preuves et pour faire face \u00e0 l\u2019avenir avec espoir et confiance. L\u2019acte de prier est semblable \u00e0 une rivi\u00e8re vivifiante qui satisfait notre soif spirituelle et, au cours de notre marche avec Dieu, nous r\u00e9g\u00e9n\u00e8re.<br \/>\n\u00c0 chaque pri\u00e8re murmur\u00e9e, \u00e0 chaque intention confi\u00e9e, nous trouvons un r\u00e9confort c\u00e9leste, une gu\u00e9rison spirituelle, qui d\u00e9passe les limitations humaines. Chaque passage des \u00c9critures nous invite \u00e0 communier avec Dieu, \u00e0 lui remettre nos fardeaux, et \u00e0 b\u00e9n\u00e9ficier de sa gr\u00e2ce r\u00e9g\u00e9n\u00e9ratrice.<\/p>\n<h2>Un point de vue alternatif sur l\u2019invocation \u00e0 Marie<\/h2>\n<p>L\u2019invocation de Marie est une pratique solidement ancr\u00e9e dans la tradition catholique chr\u00e9tienne, fournissant un lien spirituel pr\u00e9cieux pour les fid\u00e8les du monde entier. Comme figure maternelle spirituelle et intercesseur d\u00e9vou\u00e9, elle est invoqu\u00e9e avec d\u00e9votion dans les moments de besoin et de louange. Le chapelet, avec ses myst\u00e8res contemplatifs, guide les catholiques dans leur voyage de foi, les aidant \u00e0 m\u00e9diter sur J\u00e9sus, son fils, \u00e0 travers les yeux de la Vierge Marie. Cette affection envers Marie se manifeste dans les sanctuaires tel que le sanctuaire de Lourdes, o\u00f9 les fid\u00e8les convergent en qu\u00eate de r\u00e9confort et de gu\u00e9rison, repr\u00e9sentant la profonde connexion entre la foi catholique et la v\u00e9n\u00e9ration de la Vierge Marie. Les enseignements \u00e9clairants de th\u00e9ologiens comme Leli\u00e8vre et Hubert offrent une r\u00e9flexion pr\u00e9cieuse sur la signification de la pri\u00e8re mariale et son impact sur la spiritualit\u00e9 des croyants. Gr\u00e2ce \u00e0 une lecture attentive de livres d\u00e9votionnels et bibliques, les croyants \u00e9largissent leur compr\u00e9hension de la v\u00e9n\u00e9ration de Marie et nourrissent une connexion plus \u00e9troite avec Marie, notre m\u00e8re dans la foi. Dans un monde caract\u00e9ris\u00e9 par les conflits et les hostilit\u00e9s, la pri\u00e8re \u00e0 Marie est un sanctuaire de calme et de confiance, appelant chaque personne, quelle que soit sa position dans la foi catholique, \u00e0 s\u2019adresser \u00e0 la Sainte Vierge avec confiance et ferveur. Prions donc en commun, avec un c\u0153ur sinc\u00e8re et humble, en reconnaissant Marie comme notre m\u00e8re et notre intercesseur, et en lui confiant nos requ\u00eates et nos souhaits les plus profonds. Dans cette qu\u00eate spirituelle, chaque fid\u00e8le est appel\u00e9 \u00e0 poursuivre la voie des pri\u00e8res et des aspirations du c\u0153ur, guid\u00e9 par le saint P\u00e8re et les ressources spirituelles pr\u00e9cieuses offertes par des plateformes telles que Aleteia. De cette mani\u00e8re, avec une humble confiance et un c\u0153ur ouvert, saluons Marie dans notre pri\u00e8re quotidienne, lui demandant son intercession affectueuse, ainsi que la gr\u00e2ce de pers\u00e9v\u00e9rer dans la pri\u00e8re ardente.<br \/>\nQue notre dialogue avec le sacr\u00e9 soit notre refuge et notre consolation quelle que soit la situation. Que nous nous tournions en direction de Marie, notre m\u00e8re du ciel, avec un c\u0153ur ouvert et une croyance in\u00e9branlable, convaincus qu\u2019elle plaide en notre faveur devant son fils bien-aim\u00e9. Que notre dialogue avec le divin nous guide sur le chemin de la saintet\u00e9, nous conduisant toujours plus pr\u00e8s de Dieu et de son amour \u00e9ternel.<\/p>\n<p>Ce propos r\u00e9pond \u00e0 vos interrogations vous aimerez pareillement ces ouvrages:<\/p>\n<p>Odes et Ballades\/La L\u00e9gende de la nonne.,<a target=\"_blank\" rel=\"nofollow\" href=\"https:\/\/editionsbussiere.com\/blog\/goto\/https:\/\/fr.wikisource.org\/wiki\/Odes_et_Ballades\/La_L%C3%A9gende_de_la_nonne\"  target=\"_blank\" rel=\"noopener noreferrer nofollow\">Le texte de l\u2019article.<\/a><span><\/span>. Suite sur le prochain article.<\/p>\n<p>Lettres d\u2019Ab\u00e9lard et d\u2019H\u00e9lo\u00efse\/Tome 1\/Lettre septi\u00e8me.,<a target=\"_blank\" rel=\"nofollow\" href=\"https:\/\/editionsbussiere.com\/blog\/goto\/https:\/\/fr.wikisource.org\/wiki\/Lettres_d%E2%80%99Ab%C3%A9lard_et_d%E2%80%99H%C3%A9lo%C3%AFse\/Tome_1\/Lettre_septi%C3%A8me\"  target=\"_blank\" rel=\"noopener noreferrer nofollow\">Le texte de l\u2019article.<\/a><span><\/span>. Suite sur le prochain article.<\/p>\n<p>Les P\u00e8res de l\u2019\u00c9glise\/Tome 3\/Livre III\/Chapitre XVI.,<a target=\"_blank\" rel=\"nofollow\" href=\"https:\/\/editionsbussiere.com\/blog\/goto\/https:\/\/fr.wikisource.org\/wiki\/Les_P%C3%A8res_de_l%E2%80%99%C3%89glise\/Tome_3\/Livre_III\/Chapitre_XVI\"  target=\"_blank\" rel=\"noopener noreferrer nofollow\">Le dossier.<\/a><span><\/span><\/p>\n<p>La Maison aux phlox\/3\/08.,<a target=\"_blank\" rel=\"nofollow\" href=\"https:\/\/editionsbussiere.com\/blog\/goto\/https:\/\/fr.wikisource.org\/wiki\/La_Maison_aux_phlox\/3\/08\"  target=\"_blank\" rel=\"noopener noreferrer nofollow\">A lire ici.<\/a><span><\/span>. Suite sur le prochain article.<\/p>\n<p>L\u2019Antoniade\/Premier \u00c2ge\/La Vertu ang\u00e9lique.,<a target=\"_blank\" rel=\"nofollow\" href=\"https:\/\/editionsbussiere.com\/blog\/goto\/https:\/\/fr.wikisource.org\/wiki\/L%E2%80%99Antoniade\/Premier_%C3%82ge\/La_Vertu_ang%C3%A9lique\"  target=\"_blank\" rel=\"noopener noreferrer nofollow\">Cliquer ICI.<\/a><span><\/span>. Suite sur le prochain article.<\/p>\n<p>Auteur:George Gordon Byron\/Index des \u0153uvres.,<a target=\"_blank\" rel=\"nofollow\" href=\"https:\/\/editionsbussiere.com\/blog\/goto\/https:\/\/fr.wikisource.org\/wiki\/Auteur:George_Gordon_Byron\/Index_des_%C5%93uvres\"  target=\"_blank\" rel=\"noopener noreferrer nofollow\">Cliquer ICI.<\/a><span><\/span><\/p>\n<\/div>\n<p><img decoding=\"async\" class=\"wpe_imgrss\" src=\"https:\/\/editionsbussiere.com\/blog\/wp-content\/uploads\/2024\/08\/Les-Latinos-de-Kansas-City-se-mobilisent-pour-sauver-un-1024x538-1.jpg\">Cet article a \u00e9t\u00e9 reconstitu\u00e9 du mieux possible. Dans l\u2019hypoth\u00e8se o\u00f9 vous souhaitez apporter quelques modifications concernant le th\u00e8me \u00ab\u00a0Editions \u00e9sot\u00e9rique fond\u00e9e en 1927\u00a0\u00bb, il est possible de discuter avec notre r\u00e9daction. Vous pouvez tirer profit de cet article traitant le sujet \u00ab\u00a0Editions \u00e9sot\u00e9rique fond\u00e9e en 1927\u00a0\u00bb. Il est concoct\u00e9 par l\u2019\u00e9quipe editionsbussiere.com. Le site editionsbussiere.com est fait pour cr\u00e9er divers posts autour du th\u00e8me Editions \u00e9sot\u00e9rique fond\u00e9e en 1927 d\u00e9velopp\u00e9es sur internet. Consultez notre site internet editionsbussiere.com et nos r\u00e9seaux sociaux pour \u00eatre au courant des futures annonces.<\/p>\n","protected":false},"excerpt":{"rendered":"<p>Ramona Arroyo a du mal \u00e0 parler du sanctuaire Notre-Dame de Guadalupe sans pleurer. \u00ab Cela a chang\u00e9 ma vie \u00bb, a-t-elle d\u00e9clar\u00e9. L\u2019\u00e9difice massif est constitu\u00e9 de grandes pierres grises, bord\u00e9es de vitraux repr\u00e9sentant l\u2019apparition de Notre-Dame de Guadalupe. \u00c0 l\u2019int\u00e9rieur, des rang\u00e9es de bancs m\u00e8nent \u00e0 l\u2019autel, orn\u00e9 de statues et de peintures [&hellip;]<\/p>\n","protected":false},"author":3,"featured_media":1091,"comment_status":"closed","ping_status":"closed","sticky":false,"template":"","format":"standard","meta":{"footnotes":""},"categories":[3],"tags":[],"class_list":["post-1090","post","type-post","status-publish","format-standard","has-post-thumbnail","hentry","category-editions-esoterique-fondee-en-1927-depeches","entry","fw-tab-6 fw-tabr-4","has-featured-image"],"yoast_head":"<!-- This site is optimized with the Yoast SEO plugin v27.5 - https:\/\/yoast.com\/product\/yoast-seo-wordpress\/ -->\n<title>Les Latinos de Kansas City se mobilisent pour sauver un sanctuaire catholique centenaire en ruine sur le Westside | KCUR et prier la Sainte Vierge Marie. - EDITIONSBUSSIERE<\/title>\n<meta name=\"robots\" content=\"index, follow, max-snippet:-1, max-image-preview:large, max-video-preview:-1\" \/>\n<link rel=\"canonical\" href=\"https:\/\/editionsbussiere.com\/blog\/les-latinos-de-kansas-city-se-mobilisent-pour-sauver-un-sanctuaire-catholique-centenaire-en-ruine-sur-le-westside-kcur-et-prier-la-sainte-vierge-marie\/\" \/>\n<meta property=\"og:locale\" content=\"fr_FR\" \/>\n<meta property=\"og:type\" content=\"article\" \/>\n<meta property=\"og:title\" content=\"Les Latinos de Kansas City se mobilisent pour sauver un sanctuaire catholique centenaire en ruine sur le Westside | KCUR et prier la Sainte Vierge Marie. - EDITIONSBUSSIERE\" \/>\n<meta property=\"og:description\" content=\"Ramona Arroyo a du mal \u00e0 parler du sanctuaire Notre-Dame de Guadalupe sans pleurer. \u00ab Cela a chang\u00e9 ma vie \u00bb, a-t-elle d\u00e9clar\u00e9. L\u2019\u00e9difice massif est constitu\u00e9 de grandes pierres grises, bord\u00e9es de vitraux repr\u00e9sentant l\u2019apparition de Notre-Dame de Guadalupe. \u00c0 l\u2019int\u00e9rieur, des rang\u00e9es de bancs m\u00e8nent \u00e0 l\u2019autel, orn\u00e9 de statues et de peintures [&hellip;]\" \/>\n<meta property=\"og:url\" content=\"https:\/\/editionsbussiere.com\/blog\/les-latinos-de-kansas-city-se-mobilisent-pour-sauver-un-sanctuaire-catholique-centenaire-en-ruine-sur-le-westside-kcur-et-prier-la-sainte-vierge-marie\/\" \/>\n<meta property=\"og:site_name\" content=\"EDITIONSBUSSIERE\" \/>\n<meta property=\"article:published_time\" content=\"2024-08-05T13:12:22+00:00\" \/>\n<meta property=\"og:image\" content=\"https:\/\/editionsbussiere.com\/blog\/wp-content\/uploads\/2024\/08\/Les-Latinos-de-Kansas-City-se-mobilisent-pour-sauver-un-1024x538-1.jpg\" \/>\n<meta name=\"author\" content=\"Marie BATICLE\" \/>\n<meta name=\"twitter:card\" content=\"summary_large_image\" \/>\n<meta name=\"twitter:label1\" content=\"\u00c9crit par\" \/>\n\t<meta name=\"twitter:data1\" content=\"Marie BATICLE\" \/>\n\t<meta name=\"twitter:label2\" content=\"Dur\u00e9e de lecture estim\u00e9e\" \/>\n\t<meta name=\"twitter:data2\" content=\"14 minutes\" \/>\n<script type=\"application\/ld+json\" class=\"yoast-schema-graph\">{\"@context\":\"https:\\\/\\\/schema.org\",\"@graph\":[{\"@type\":\"Article\",\"@id\":\"https:\\\/\\\/editionsbussiere.com\\\/blog\\\/les-latinos-de-kansas-city-se-mobilisent-pour-sauver-un-sanctuaire-catholique-centenaire-en-ruine-sur-le-westside-kcur-et-prier-la-sainte-vierge-marie\\\/#article\",\"isPartOf\":{\"@id\":\"https:\\\/\\\/editionsbussiere.com\\\/blog\\\/les-latinos-de-kansas-city-se-mobilisent-pour-sauver-un-sanctuaire-catholique-centenaire-en-ruine-sur-le-westside-kcur-et-prier-la-sainte-vierge-marie\\\/\"},\"author\":{\"name\":\"Marie BATICLE\",\"@id\":\"https:\\\/\\\/editionsbussiere.com\\\/blog\\\/#\\\/schema\\\/person\\\/ec90e102792148c97e46ab871010dd8f\"},\"headline\":\"Les Latinos de Kansas City se mobilisent pour sauver un sanctuaire catholique centenaire en ruine sur le Westside | KCUR et prier la Sainte Vierge Marie.\",\"datePublished\":\"2024-08-05T13:12:22+00:00\",\"mainEntityOfPage\":{\"@id\":\"https:\\\/\\\/editionsbussiere.com\\\/blog\\\/les-latinos-de-kansas-city-se-mobilisent-pour-sauver-un-sanctuaire-catholique-centenaire-en-ruine-sur-le-westside-kcur-et-prier-la-sainte-vierge-marie\\\/\"},\"wordCount\":2848,\"publisher\":{\"@id\":\"https:\\\/\\\/editionsbussiere.com\\\/blog\\\/#organization\"},\"image\":{\"@id\":\"https:\\\/\\\/editionsbussiere.com\\\/blog\\\/les-latinos-de-kansas-city-se-mobilisent-pour-sauver-un-sanctuaire-catholique-centenaire-en-ruine-sur-le-westside-kcur-et-prier-la-sainte-vierge-marie\\\/#primaryimage\"},\"thumbnailUrl\":\"https:\\\/\\\/editionsbussiere.com\\\/blog\\\/wp-content\\\/uploads\\\/2024\\\/08\\\/Les-Latinos-de-Kansas-City-se-mobilisent-pour-sauver-un-1024x538-1.jpg\",\"articleSection\":[\"Editions \u00c9sot\u00e9rique Fond\u00e9e En 1927; D\u00e9p\u00e8ches:\"],\"inLanguage\":\"fr-FR\"},{\"@type\":\"WebPage\",\"@id\":\"https:\\\/\\\/editionsbussiere.com\\\/blog\\\/les-latinos-de-kansas-city-se-mobilisent-pour-sauver-un-sanctuaire-catholique-centenaire-en-ruine-sur-le-westside-kcur-et-prier-la-sainte-vierge-marie\\\/\",\"url\":\"https:\\\/\\\/editionsbussiere.com\\\/blog\\\/les-latinos-de-kansas-city-se-mobilisent-pour-sauver-un-sanctuaire-catholique-centenaire-en-ruine-sur-le-westside-kcur-et-prier-la-sainte-vierge-marie\\\/\",\"name\":\"Les Latinos de Kansas City se mobilisent pour sauver un sanctuaire catholique centenaire en ruine sur le Westside | KCUR et prier la Sainte Vierge Marie. - EDITIONSBUSSIERE\",\"isPartOf\":{\"@id\":\"https:\\\/\\\/editionsbussiere.com\\\/blog\\\/#website\"},\"primaryImageOfPage\":{\"@id\":\"https:\\\/\\\/editionsbussiere.com\\\/blog\\\/les-latinos-de-kansas-city-se-mobilisent-pour-sauver-un-sanctuaire-catholique-centenaire-en-ruine-sur-le-westside-kcur-et-prier-la-sainte-vierge-marie\\\/#primaryimage\"},\"image\":{\"@id\":\"https:\\\/\\\/editionsbussiere.com\\\/blog\\\/les-latinos-de-kansas-city-se-mobilisent-pour-sauver-un-sanctuaire-catholique-centenaire-en-ruine-sur-le-westside-kcur-et-prier-la-sainte-vierge-marie\\\/#primaryimage\"},\"thumbnailUrl\":\"https:\\\/\\\/editionsbussiere.com\\\/blog\\\/wp-content\\\/uploads\\\/2024\\\/08\\\/Les-Latinos-de-Kansas-City-se-mobilisent-pour-sauver-un-1024x538-1.jpg\",\"datePublished\":\"2024-08-05T13:12:22+00:00\",\"breadcrumb\":{\"@id\":\"https:\\\/\\\/editionsbussiere.com\\\/blog\\\/les-latinos-de-kansas-city-se-mobilisent-pour-sauver-un-sanctuaire-catholique-centenaire-en-ruine-sur-le-westside-kcur-et-prier-la-sainte-vierge-marie\\\/#breadcrumb\"},\"inLanguage\":\"fr-FR\",\"potentialAction\":[{\"@type\":\"ReadAction\",\"target\":[\"https:\\\/\\\/editionsbussiere.com\\\/blog\\\/les-latinos-de-kansas-city-se-mobilisent-pour-sauver-un-sanctuaire-catholique-centenaire-en-ruine-sur-le-westside-kcur-et-prier-la-sainte-vierge-marie\\\/\"]}]},{\"@type\":\"ImageObject\",\"inLanguage\":\"fr-FR\",\"@id\":\"https:\\\/\\\/editionsbussiere.com\\\/blog\\\/les-latinos-de-kansas-city-se-mobilisent-pour-sauver-un-sanctuaire-catholique-centenaire-en-ruine-sur-le-westside-kcur-et-prier-la-sainte-vierge-marie\\\/#primaryimage\",\"url\":\"https:\\\/\\\/editionsbussiere.com\\\/blog\\\/wp-content\\\/uploads\\\/2024\\\/08\\\/Les-Latinos-de-Kansas-City-se-mobilisent-pour-sauver-un-1024x538-1.jpg\",\"contentUrl\":\"https:\\\/\\\/editionsbussiere.com\\\/blog\\\/wp-content\\\/uploads\\\/2024\\\/08\\\/Les-Latinos-de-Kansas-City-se-mobilisent-pour-sauver-un-1024x538-1.jpg\",\"width\":1024,\"height\":538,\"caption\":\"Les Latinos de Kansas City se mobilisent pour sauver un 1024x538 1\"},{\"@type\":\"BreadcrumbList\",\"@id\":\"https:\\\/\\\/editionsbussiere.com\\\/blog\\\/les-latinos-de-kansas-city-se-mobilisent-pour-sauver-un-sanctuaire-catholique-centenaire-en-ruine-sur-le-westside-kcur-et-prier-la-sainte-vierge-marie\\\/#breadcrumb\",\"itemListElement\":[{\"@type\":\"ListItem\",\"position\":1,\"name\":\"Accueil\",\"item\":\"https:\\\/\\\/editionsbussiere.com\\\/blog\\\/\"},{\"@type\":\"ListItem\",\"position\":2,\"name\":\"Les Latinos de Kansas City se mobilisent pour sauver un sanctuaire catholique centenaire en ruine sur le Westside | KCUR et prier la Sainte Vierge Marie.\"}]},{\"@type\":\"WebSite\",\"@id\":\"https:\\\/\\\/editionsbussiere.com\\\/blog\\\/#website\",\"url\":\"https:\\\/\\\/editionsbussiere.com\\\/blog\\\/\",\"name\":\"EDITIONSBUSSIERE\",\"description\":\"Editions \u00e9sot\u00e9rique fond\u00e9e en 1927; site historique, A SAVOIR ET RETENIR.\",\"publisher\":{\"@id\":\"https:\\\/\\\/editionsbussiere.com\\\/blog\\\/#organization\"},\"potentialAction\":[{\"@type\":\"SearchAction\",\"target\":{\"@type\":\"EntryPoint\",\"urlTemplate\":\"https:\\\/\\\/editionsbussiere.com\\\/blog\\\/?s={search_term_string}\"},\"query-input\":{\"@type\":\"PropertyValueSpecification\",\"valueRequired\":true,\"valueName\":\"search_term_string\"}}],\"inLanguage\":\"fr-FR\"},{\"@type\":\"Organization\",\"@id\":\"https:\\\/\\\/editionsbussiere.com\\\/blog\\\/#organization\",\"name\":\"editionsbussiere\",\"url\":\"https:\\\/\\\/editionsbussiere.com\\\/blog\\\/\",\"logo\":{\"@type\":\"ImageObject\",\"inLanguage\":\"fr-FR\",\"@id\":\"https:\\\/\\\/editionsbussiere.com\\\/blog\\\/#\\\/schema\\\/logo\\\/image\\\/\",\"url\":\"https:\\\/\\\/editionsbussiere.com\\\/blog\\\/wp-content\\\/uploads\\\/2023\\\/09\\\/cropped-buss.gif\",\"contentUrl\":\"https:\\\/\\\/editionsbussiere.com\\\/blog\\\/wp-content\\\/uploads\\\/2023\\\/09\\\/cropped-buss.gif\",\"width\":298,\"height\":120,\"caption\":\"editionsbussiere\"},\"image\":{\"@id\":\"https:\\\/\\\/editionsbussiere.com\\\/blog\\\/#\\\/schema\\\/logo\\\/image\\\/\"}},{\"@type\":\"Person\",\"@id\":\"https:\\\/\\\/editionsbussiere.com\\\/blog\\\/#\\\/schema\\\/person\\\/ec90e102792148c97e46ab871010dd8f\",\"name\":\"Marie BATICLE\",\"image\":{\"@type\":\"ImageObject\",\"inLanguage\":\"fr-FR\",\"@id\":\"https:\\\/\\\/secure.gravatar.com\\\/avatar\\\/c923e52403b1b8137e2d929127211d21967e6aecaa053bd43b09da29f212e76e?s=96&d=mm&r=g\",\"url\":\"https:\\\/\\\/secure.gravatar.com\\\/avatar\\\/c923e52403b1b8137e2d929127211d21967e6aecaa053bd43b09da29f212e76e?s=96&d=mm&r=g\",\"contentUrl\":\"https:\\\/\\\/secure.gravatar.com\\\/avatar\\\/c923e52403b1b8137e2d929127211d21967e6aecaa053bd43b09da29f212e76e?s=96&d=mm&r=g\",\"caption\":\"Marie BATICLE\"},\"url\":\"https:\\\/\\\/editionsbussiere.com\\\/blog\\\/author\\\/eremarie\\\/\"}]}<\/script>\n<!-- \/ Yoast SEO plugin. -->","yoast_head_json":{"title":"Les Latinos de Kansas City se mobilisent pour sauver un sanctuaire catholique centenaire en ruine sur le Westside | KCUR et prier la Sainte Vierge Marie. - EDITIONSBUSSIERE","robots":{"index":"index","follow":"follow","max-snippet":"max-snippet:-1","max-image-preview":"max-image-preview:large","max-video-preview":"max-video-preview:-1"},"canonical":"https:\/\/editionsbussiere.com\/blog\/les-latinos-de-kansas-city-se-mobilisent-pour-sauver-un-sanctuaire-catholique-centenaire-en-ruine-sur-le-westside-kcur-et-prier-la-sainte-vierge-marie\/","og_locale":"fr_FR","og_type":"article","og_title":"Les Latinos de Kansas City se mobilisent pour sauver un sanctuaire catholique centenaire en ruine sur le Westside | KCUR et prier la Sainte Vierge Marie. - EDITIONSBUSSIERE","og_description":"Ramona Arroyo a du mal \u00e0 parler du sanctuaire Notre-Dame de Guadalupe sans pleurer. \u00ab Cela a chang\u00e9 ma vie \u00bb, a-t-elle d\u00e9clar\u00e9. L\u2019\u00e9difice massif est constitu\u00e9 de grandes pierres grises, bord\u00e9es de vitraux repr\u00e9sentant l\u2019apparition de Notre-Dame de Guadalupe. \u00c0 l\u2019int\u00e9rieur, des rang\u00e9es de bancs m\u00e8nent \u00e0 l\u2019autel, orn\u00e9 de statues et de peintures [&hellip;]","og_url":"https:\/\/editionsbussiere.com\/blog\/les-latinos-de-kansas-city-se-mobilisent-pour-sauver-un-sanctuaire-catholique-centenaire-en-ruine-sur-le-westside-kcur-et-prier-la-sainte-vierge-marie\/","og_site_name":"EDITIONSBUSSIERE","article_published_time":"2024-08-05T13:12:22+00:00","og_image":[{"url":"https:\/\/editionsbussiere.com\/blog\/wp-content\/uploads\/2024\/08\/Les-Latinos-de-Kansas-City-se-mobilisent-pour-sauver-un-1024x538-1.jpg","type":"","width":"","height":""}],"author":"Marie BATICLE","twitter_card":"summary_large_image","twitter_misc":{"\u00c9crit par":"Marie BATICLE","Dur\u00e9e de lecture estim\u00e9e":"14 minutes"},"schema":{"@context":"https:\/\/schema.org","@graph":[{"@type":"Article","@id":"https:\/\/editionsbussiere.com\/blog\/les-latinos-de-kansas-city-se-mobilisent-pour-sauver-un-sanctuaire-catholique-centenaire-en-ruine-sur-le-westside-kcur-et-prier-la-sainte-vierge-marie\/#article","isPartOf":{"@id":"https:\/\/editionsbussiere.com\/blog\/les-latinos-de-kansas-city-se-mobilisent-pour-sauver-un-sanctuaire-catholique-centenaire-en-ruine-sur-le-westside-kcur-et-prier-la-sainte-vierge-marie\/"},"author":{"name":"Marie BATICLE","@id":"https:\/\/editionsbussiere.com\/blog\/#\/schema\/person\/ec90e102792148c97e46ab871010dd8f"},"headline":"Les Latinos de Kansas City se mobilisent pour sauver un sanctuaire catholique centenaire en ruine sur le Westside | KCUR et prier la Sainte Vierge Marie.","datePublished":"2024-08-05T13:12:22+00:00","mainEntityOfPage":{"@id":"https:\/\/editionsbussiere.com\/blog\/les-latinos-de-kansas-city-se-mobilisent-pour-sauver-un-sanctuaire-catholique-centenaire-en-ruine-sur-le-westside-kcur-et-prier-la-sainte-vierge-marie\/"},"wordCount":2848,"publisher":{"@id":"https:\/\/editionsbussiere.com\/blog\/#organization"},"image":{"@id":"https:\/\/editionsbussiere.com\/blog\/les-latinos-de-kansas-city-se-mobilisent-pour-sauver-un-sanctuaire-catholique-centenaire-en-ruine-sur-le-westside-kcur-et-prier-la-sainte-vierge-marie\/#primaryimage"},"thumbnailUrl":"https:\/\/editionsbussiere.com\/blog\/wp-content\/uploads\/2024\/08\/Les-Latinos-de-Kansas-City-se-mobilisent-pour-sauver-un-1024x538-1.jpg","articleSection":["Editions \u00c9sot\u00e9rique Fond\u00e9e En 1927; D\u00e9p\u00e8ches:"],"inLanguage":"fr-FR"},{"@type":"WebPage","@id":"https:\/\/editionsbussiere.com\/blog\/les-latinos-de-kansas-city-se-mobilisent-pour-sauver-un-sanctuaire-catholique-centenaire-en-ruine-sur-le-westside-kcur-et-prier-la-sainte-vierge-marie\/","url":"https:\/\/editionsbussiere.com\/blog\/les-latinos-de-kansas-city-se-mobilisent-pour-sauver-un-sanctuaire-catholique-centenaire-en-ruine-sur-le-westside-kcur-et-prier-la-sainte-vierge-marie\/","name":"Les Latinos de Kansas City se mobilisent pour sauver un sanctuaire catholique centenaire en ruine sur le Westside | KCUR et prier la Sainte Vierge Marie. - EDITIONSBUSSIERE","isPartOf":{"@id":"https:\/\/editionsbussiere.com\/blog\/#website"},"primaryImageOfPage":{"@id":"https:\/\/editionsbussiere.com\/blog\/les-latinos-de-kansas-city-se-mobilisent-pour-sauver-un-sanctuaire-catholique-centenaire-en-ruine-sur-le-westside-kcur-et-prier-la-sainte-vierge-marie\/#primaryimage"},"image":{"@id":"https:\/\/editionsbussiere.com\/blog\/les-latinos-de-kansas-city-se-mobilisent-pour-sauver-un-sanctuaire-catholique-centenaire-en-ruine-sur-le-westside-kcur-et-prier-la-sainte-vierge-marie\/#primaryimage"},"thumbnailUrl":"https:\/\/editionsbussiere.com\/blog\/wp-content\/uploads\/2024\/08\/Les-Latinos-de-Kansas-City-se-mobilisent-pour-sauver-un-1024x538-1.jpg","datePublished":"2024-08-05T13:12:22+00:00","breadcrumb":{"@id":"https:\/\/editionsbussiere.com\/blog\/les-latinos-de-kansas-city-se-mobilisent-pour-sauver-un-sanctuaire-catholique-centenaire-en-ruine-sur-le-westside-kcur-et-prier-la-sainte-vierge-marie\/#breadcrumb"},"inLanguage":"fr-FR","potentialAction":[{"@type":"ReadAction","target":["https:\/\/editionsbussiere.com\/blog\/les-latinos-de-kansas-city-se-mobilisent-pour-sauver-un-sanctuaire-catholique-centenaire-en-ruine-sur-le-westside-kcur-et-prier-la-sainte-vierge-marie\/"]}]},{"@type":"ImageObject","inLanguage":"fr-FR","@id":"https:\/\/editionsbussiere.com\/blog\/les-latinos-de-kansas-city-se-mobilisent-pour-sauver-un-sanctuaire-catholique-centenaire-en-ruine-sur-le-westside-kcur-et-prier-la-sainte-vierge-marie\/#primaryimage","url":"https:\/\/editionsbussiere.com\/blog\/wp-content\/uploads\/2024\/08\/Les-Latinos-de-Kansas-City-se-mobilisent-pour-sauver-un-1024x538-1.jpg","contentUrl":"https:\/\/editionsbussiere.com\/blog\/wp-content\/uploads\/2024\/08\/Les-Latinos-de-Kansas-City-se-mobilisent-pour-sauver-un-1024x538-1.jpg","width":1024,"height":538,"caption":"Les Latinos de Kansas City se mobilisent pour sauver un 1024x538 1"},{"@type":"BreadcrumbList","@id":"https:\/\/editionsbussiere.com\/blog\/les-latinos-de-kansas-city-se-mobilisent-pour-sauver-un-sanctuaire-catholique-centenaire-en-ruine-sur-le-westside-kcur-et-prier-la-sainte-vierge-marie\/#breadcrumb","itemListElement":[{"@type":"ListItem","position":1,"name":"Accueil","item":"https:\/\/editionsbussiere.com\/blog\/"},{"@type":"ListItem","position":2,"name":"Les Latinos de Kansas City se mobilisent pour sauver un sanctuaire catholique centenaire en ruine sur le Westside | KCUR et prier la Sainte Vierge Marie."}]},{"@type":"WebSite","@id":"https:\/\/editionsbussiere.com\/blog\/#website","url":"https:\/\/editionsbussiere.com\/blog\/","name":"EDITIONSBUSSIERE","description":"Editions \u00e9sot\u00e9rique fond\u00e9e en 1927; site historique, A SAVOIR ET RETENIR.","publisher":{"@id":"https:\/\/editionsbussiere.com\/blog\/#organization"},"potentialAction":[{"@type":"SearchAction","target":{"@type":"EntryPoint","urlTemplate":"https:\/\/editionsbussiere.com\/blog\/?s={search_term_string}"},"query-input":{"@type":"PropertyValueSpecification","valueRequired":true,"valueName":"search_term_string"}}],"inLanguage":"fr-FR"},{"@type":"Organization","@id":"https:\/\/editionsbussiere.com\/blog\/#organization","name":"editionsbussiere","url":"https:\/\/editionsbussiere.com\/blog\/","logo":{"@type":"ImageObject","inLanguage":"fr-FR","@id":"https:\/\/editionsbussiere.com\/blog\/#\/schema\/logo\/image\/","url":"https:\/\/editionsbussiere.com\/blog\/wp-content\/uploads\/2023\/09\/cropped-buss.gif","contentUrl":"https:\/\/editionsbussiere.com\/blog\/wp-content\/uploads\/2023\/09\/cropped-buss.gif","width":298,"height":120,"caption":"editionsbussiere"},"image":{"@id":"https:\/\/editionsbussiere.com\/blog\/#\/schema\/logo\/image\/"}},{"@type":"Person","@id":"https:\/\/editionsbussiere.com\/blog\/#\/schema\/person\/ec90e102792148c97e46ab871010dd8f","name":"Marie BATICLE","image":{"@type":"ImageObject","inLanguage":"fr-FR","@id":"https:\/\/secure.gravatar.com\/avatar\/c923e52403b1b8137e2d929127211d21967e6aecaa053bd43b09da29f212e76e?s=96&d=mm&r=g","url":"https:\/\/secure.gravatar.com\/avatar\/c923e52403b1b8137e2d929127211d21967e6aecaa053bd43b09da29f212e76e?s=96&d=mm&r=g","contentUrl":"https:\/\/secure.gravatar.com\/avatar\/c923e52403b1b8137e2d929127211d21967e6aecaa053bd43b09da29f212e76e?s=96&d=mm&r=g","caption":"Marie BATICLE"},"url":"https:\/\/editionsbussiere.com\/blog\/author\/eremarie\/"}]}},"_links":{"self":[{"href":"https:\/\/editionsbussiere.com\/blog\/wp-json\/wp\/v2\/posts\/1090","targetHints":{"allow":["GET"]}}],"collection":[{"href":"https:\/\/editionsbussiere.com\/blog\/wp-json\/wp\/v2\/posts"}],"about":[{"href":"https:\/\/editionsbussiere.com\/blog\/wp-json\/wp\/v2\/types\/post"}],"author":[{"embeddable":true,"href":"https:\/\/editionsbussiere.com\/blog\/wp-json\/wp\/v2\/users\/3"}],"replies":[{"embeddable":true,"href":"https:\/\/editionsbussiere.com\/blog\/wp-json\/wp\/v2\/comments?post=1090"}],"version-history":[{"count":0,"href":"https:\/\/editionsbussiere.com\/blog\/wp-json\/wp\/v2\/posts\/1090\/revisions"}],"wp:featuredmedia":[{"embeddable":true,"href":"https:\/\/editionsbussiere.com\/blog\/wp-json\/wp\/v2\/media\/1091"}],"wp:attachment":[{"href":"https:\/\/editionsbussiere.com\/blog\/wp-json\/wp\/v2\/media?parent=1090"}],"wp:term":[{"taxonomy":"category","embeddable":true,"href":"https:\/\/editionsbussiere.com\/blog\/wp-json\/wp\/v2\/categories?post=1090"},{"taxonomy":"post_tag","embeddable":true,"href":"https:\/\/editionsbussiere.com\/blog\/wp-json\/wp\/v2\/tags?post=1090"}],"curies":[{"name":"wp","href":"https:\/\/api.w.org\/{rel}","templated":true}]}}