{"id":1085,"date":"2024-08-03T18:05:42","date_gmt":"2024-08-03T16:05:42","guid":{"rendered":"https:\/\/editionsbussiere.com\/blog\/dans-la-ville-lumiere-un-joyau-marial-brille-avec-une-requete-au-petit-jour\/"},"modified":"2024-08-03T18:05:42","modified_gmt":"2024-08-03T16:05:42","slug":"dans-la-ville-lumiere-un-joyau-marial-brille-avec-une-requete-au-petit-jour","status":"publish","type":"post","link":"https:\/\/editionsbussiere.com\/blog\/dans-la-ville-lumiere-un-joyau-marial-brille-avec-une-requete-au-petit-jour\/","title":{"rendered":"Dans la Ville Lumi\u00e8re, un joyau marial brille\n avec une requ\u00eate au petit jour."},"content":{"rendered":"<div><img width=\"580\" height=\"387\" src=\"https:\/\/editionsbussiere.com\/blog\/wp-content\/uploads\/2024\/08\/Dans-la-Ville-Lumiere-un-joyau-marial-brille-avec-une.jpg\" class=\"attachment-large size-large wp-post-image\" alt=\"Dans la Ville Lumi\u00e8re, un joyau marial brille avec une\" style=\"float:left; margin:0 15px 15px 0;\" decoding=\"async\" srcset=\"https:\/\/editionsbussiere.com\/blog\/wp-content\/uploads\/2024\/08\/Dans-la-Ville-Lumiere-un-joyau-marial-brille-avec-une.jpg 900w, https:\/\/www.n42.fr\/wp-content\/uploads\/2024\/08\/Dans-la-Ville-Lumiere-un-joyau-marial-brille-avec-une-300x200.jpg 300w, https:\/\/www.n42.fr\/wp-content\/uploads\/2024\/08\/Dans-la-Ville-Lumiere-un-joyau-marial-brille-avec-une-768x512.jpg 768w\" sizes=\"(max-width: 580px) 100vw, 580px\"><\/p>\n<p>\n<\/p>\n<div>\n<p>PARIS (OSV News) \u2014 Paris est connue comme la Ville Lumi\u00e8re, et ses lumi\u00e8res brillent encore plus fort ces jours-ci alors que des hommes et des femmes du monde entier participent aux 33e Jeux olympiques d\u2019\u00e9t\u00e9. En plus des 12,4 millions d\u2019habitants de la ville, 15,3 millions de visiteurs sont attendus dans la capitale fran\u00e7aise au cours des 16 jours de comp\u00e9tition.<\/p>\n<p>De telles foules repr\u00e9sentent une opportunit\u00e9 unique pour les lieux de p\u00e8lerinage de la ville \u2014 au premier rang desquels la c\u00e9l\u00e8bre basilique du Sacr\u00e9-C\u0153ur \u00e0 Montmartre, qui offre l\u2019adoration perp\u00e9tuelle du Saint-Sacrement depuis 1885.<\/p>\n<p>\u00ab Nous souhaitons la bienvenue aux nombreux visiteurs qui viendront d\u00e9couvrir le Sacr\u00e9 Coeur au sommet de la butte Montmartre \u00bb, annonce le site internet. De 15h \u00e0 19h tous les apr\u00e8s-midis pendant toute la dur\u00e9e des JO, la basilique propose son parcours \u00ab Jeux d\u2019\u00e9t\u00e9 2024 \u00bb, qui comprend des pistes de d\u00e9couverte de la basilique, des petits d\u00e9fis li\u00e9s au sport, des occasions de construire la fraternit\u00e9, d\u2019enflammer les c\u0153urs et de \u00ab remporter la m\u00e9daille qui vous sera offerte \u00bb.<\/p>\n<div class=\"wp-block-image\">\n<figure class=\"alignleft size-full is-resized\"><img loading=\"lazy\" decoding=\"async\" width=\"675\" height=\"900\" src=\"https:\/\/editionsbussiere.com\/blog\/wp-content\/uploads\/2024\/08\/miraculous-chapel-vert.jpg\" alt=\"\" class=\"wp-image-249657\" style=\"width:525px;height:auto\" srcset=\"https:\/\/editionsbussiere.com\/blog\/wp-content\/uploads\/2024\/08\/miraculous-chapel-vert.jpg 675w, https:\/\/catholicreview.org\/wp-content\/uploads\/2024\/08\/miraculous-chapel-vert-225x300.jpg 225w\" sizes=\"auto, (max-width: 675px) 100vw, 675px\"><figcaption class=\"wp-element-caption\">Des p\u00e8lerins prient \u00e0 la chapelle de la M\u00e9daille Miraculeuse \u00e0 Paris, le 27 janvier 2024. (Photo OSV News\/Gretchen Crowe)<\/figcaption><\/figure>\n<\/div>\n<p>En plus d\u2019offrir une grande vari\u00e9t\u00e9 de messes multilingues, la basilique distribue \u00e9galement des rosaires et des extraits de l\u2019\u00c9criture Sainte. Une chapelle \u00e0 l\u2019arri\u00e8re de la basilique, o\u00f9 les p\u00e8lerins peuvent allumer un cierge, a \u00e9t\u00e9 d\u00e9di\u00e9e \u00e0 la pri\u00e8re pour la paix et pour les sportifs.<\/p>\n<p>Mais \u00e0 4,5 kilom\u00e8tres au sud, dans la rue de Bac, sur la rive gauche, se trouve un lieu de p\u00e8lerinage catholique moins connu mais non moins important : la magnifique \u00ab chapelle \u00bb de Notre-Dame de la M\u00e9daille Miraculeuse, o\u00f9 Marie est apparue \u00e0 la Fille de la Charit\u00e9 sainte Catherine Labour\u00e9 trois fois de juillet \u00e0 d\u00e9cembre 1830.<\/p>\n<p>C\u2019est au cours d\u2019une de ces apparitions que Marie a communiqu\u00e9 son d\u00e9sir de faire frapper ce que l\u2019on appelle aujourd\u2019hui la M\u00e9daille Miraculeuse, port\u00e9e par des millions de catholiques \u00e0 travers le monde.<\/p>\n<p>La petite chapelle, qui accueille environ 2 \u00e0 3 millions de visiteurs chaque ann\u00e9e, est un v\u00e9ritable joyau cach\u00e9 dans la ville anim\u00e9e, auquel on acc\u00e8de par une grande porte en bois et par une ruelle. Le magnifique sanctuaire, riche en bleu et or, et rempli d\u2019\u0153uvres d\u2019art refl\u00e9tant les apparitions de Marie, abrite \u00e9galement les reliques de sainte Catherine (son corps est intact) et de sainte Louise de Marillac, cofondatrice des Filles de la Charit\u00e9 avec saint Vincent de Paul, dont le c\u0153ur est \u00e9galement pr\u00e9sent dans la chapelle. Plusieurs messes en fran\u00e7ais sont c\u00e9l\u00e9br\u00e9es chaque jour, les confessions sont entendues le matin et l\u2019apr\u00e8s-midi, et g\u00e9n\u00e9ralement un rosaire est r\u00e9cit\u00e9 l\u2019apr\u00e8s-midi.<\/p>\n<p>C\u2019est au pied de l\u2019autel de ce lieu sacr\u00e9 que Marie a dit \u00e0 sainte Catherine que \u00ab les gr\u00e2ces seront r\u00e9pandues sur tous ceux qui les demandent avec confiance \u00bb, a d\u00e9clar\u00e9 S\u0153ur Judith Mauser, Fille de la Charit\u00e9, \u00e0 OSV News plus t\u00f4t cette ann\u00e9e.<\/p>\n<p>OSV News s\u2019est entretenu avec S\u0153ur Judith \u2013 qui vit \u00e0 la maison m\u00e8re de l\u2019ordre \u00e0 Paris, \u00e0 c\u00f4t\u00e9 du sanctuaire, sert de traductrice \u00e0 la communaut\u00e9 mondiale et accueille les p\u00e8lerins \u00e0 la chapelle \u2013 sur les raisons pour lesquelles les visiteurs de Paris devraient mettre le sanctuaire de la M\u00e9daille Miraculeuse sur leur itin\u00e9raire.<\/p>\n<p>\u00ab Nous pouvons aller au pied de n\u2019importe quel autel et y trouver la pr\u00e9sence de J\u00e9sus \u00bb, a-t-elle d\u00e9clar\u00e9. \u00ab Mais il y a une pr\u00e9sence particuli\u00e8re qui demeure (au sanctuaire). \u00bb<\/p>\n<p>Les visiteurs trouvent au sanctuaire \u00ab un lieu de grande paix et de r\u00e9conciliation \u00bb en raison de la pr\u00e9sence des sacrements, dont de nombreuses confessions qui y sont entendues quotidiennement, a d\u00e9clar\u00e9 s\u0153ur Judith.<\/p>\n<p>Ils \u00ab ressentent \u00e9galement une relation plus \u00e9troite avec le Seigneur \u00bb, a-t-elle d\u00e9clar\u00e9, o\u00f9 ils peuvent \u00ab comprendre que les difficult\u00e9s qu\u2019ils peuvent \u00e9prouver dans leur vie sont n\u00e9anmoins entre les mains du Seigneur et de sa Sainte M\u00e8re \u00bb.<\/p>\n<p>\u00ab Avec cette confiance \u00bb, a-t-elle d\u00e9clar\u00e9, \u00ab ils peuvent avancer de mani\u00e8re plus sereine et faire face aux difficult\u00e9s qui subsistent peut-\u00eatre encore. \u00bb<\/p>\n<p>Mais, sans aucun doute, la raison la plus convaincante de visiter le sanctuaire est que Marie elle-m\u00eame l\u2019a visit\u00e9 en premier.<\/p>\n<p>En pri\u00e8re avec ses autres s\u0153urs, sainte Catherine \u00ab vit Marie, tenant d\u2019abord un globe surmont\u00e9 d\u2019une croix, qui repr\u00e9sentait le monde entier \u2013 la France en particulier, mais chaque individu qui le compose \u2013 offert \u00e0 Dieu, tenu dans les mains protectrices de Marie \u00bb, raconte s\u0153ur Judith. \u00ab Puis le globe disparut en quelque sorte, et des rayons de lumi\u00e8re jaillirent des doigts orn\u00e9s de pierres pr\u00e9cieuses de Marie, venant par Dieu comme des gr\u00e2ces qui se r\u00e9pandent sur ceux qui les demandent. Quelques pierres pr\u00e9cieuses ne d\u00e9gageaient aucune lumi\u00e8re, car ce sont des gr\u00e2ces que les gens oubliaient de demander. \u00bb<\/p>\n<p>Sainte Catherine a ensuite vu, autour de l\u2019image, l\u2019invocation d\u00e9sormais inscrite sur chaque M\u00e9daille miraculeuse : \u00ab \u00d4 Marie con\u00e7ue sans p\u00e9ch\u00e9, priez pour nous qui avons recours \u00e0 vous \u00bb, a dit s\u0153ur Judith. Elle a \u00e9galement vu les autres \u00e9l\u00e9ments de la m\u00e9daille : les c\u0153urs de J\u00e9sus et de Marie et une croix et un M entrelac\u00e9s, \u00ab montrant combien Marie est \u00e9troitement li\u00e9e \u00e0 l\u2019histoire du salut, combien elle y participe \u00bb, a dit s\u0153ur Judith.<\/p>\n<p>Les 12 \u00e9toiles au dos de la m\u00e9daille repr\u00e9sentent les douze ap\u00f4tres, l\u2019\u00c9glise et les fid\u00e8les en mission, a-t-elle ajout\u00e9.<\/p>\n<p>La m\u00e9daille fut r\u00e9alis\u00e9e, apr\u00e8s beaucoup de pers\u00e9v\u00e9rance, en 1832, et les fruits furent rapidement apparents.<\/p>\n<p>\u00ab Les gens \u00e9taient prot\u00e9g\u00e9s de grands dangers, gu\u00e9ris de maladies mortelles et convertis \u00e0 la foi \u00bb, a d\u00e9clar\u00e9 S\u0153ur Judith. \u00ab C\u2019est ainsi que les gens ont donn\u00e9 \u00e0 cette m\u00e9daille le nom de M\u00e9daille miraculeuse. \u00bb<\/p>\n<p>La m\u00e9daille, a averti S\u0153ur Judith, n\u2019est pas une amulette ou un talisman, ni \u00ab une protection magique contre toute souffrance \u00bb. Au contraire, \u00ab la m\u00e9daille est un rappel\u2026 de se tourner vers Marie \u00bb \u2013 et dans un objet simple, accessible et qui contient une pri\u00e8re facile \u00e0 m\u00e9moriser.<\/p>\n<p>\u00ab En obtenant, en portant ou en emportant avec soi une m\u00e9daille, on fait vraiment un acte de foi que Dieu veut notre bien, que Marie est l\u00e0 pour interc\u00e9der en notre faveur, que nous croyons au myst\u00e8re du salut et \u00e0 l\u2019Immacul\u00e9e Conception, et qu\u2019en portant, en priant cette invocation, nous renfor\u00e7ons alors cela en nous et pouvons mieux affronter les moments difficiles \u00bb, a d\u00e9clar\u00e9 S\u0153ur Judith.<\/p>\n<p>Des histoires continuent de circuler aujourd\u2019hui de personnes qui portent la M\u00e9daille Miraculeuse et qui sont prot\u00e9g\u00e9es du danger, ou \u00ab de couples \u00e0 qui on a dit qu\u2019il \u00e9tait impossible d\u2019avoir un enfant et qui sont venus pr\u00e9senter cet enfant \u00e0 la Sainte Vierge \u00bb, ou encore de gu\u00e9risons et de conversions inattendues.<\/p>\n<p>Et tout cela vient de la simple invitation de Marie \u00e0 sainte Catherine Labour\u00e9, et \u00e0 nous tous, \u00ab \u00e0 nous tourner vers elle avec confiance pour nous rapprocher de son fils dans une relation o\u00f9 nous sommes \u00e9galement li\u00e9s les uns aux autres, alors que nous interc\u00e9dons non seulement pour nos propres besoins, mais aussi pour ceux des autres \u00bb, a d\u00e9clar\u00e9 S\u0153ur Judith.<\/p>\n<p>\u00ab Cette opportunit\u00e9 de participer \u00e0 l\u2019invitation lanc\u00e9e par Marie, de le faire avec d\u2019autres, ainsi qu\u2019individuellement, et d\u2019\u00eatre unis dans le rassemblement international vraiment universel, qui est toujours la r\u00e9alit\u00e9 de la chapelle, sont vraiment quelques-unes des raisons majeures pour lesquelles quelqu\u2019un qui conna\u00eet la M\u00e9daille Miraculeuse ou qui est curieux, pourrait vouloir venir ici \u00bb, a-t-elle d\u00e9clar\u00e9.<\/p>\n<p>Les Jeux olympiques de Paris se terminent le 11 ao\u00fbt. \u00c0 l\u2019exception d\u2019une fermeture de trois semaines chaque mois de janvier pour nettoyage, la chapelle Notre-Dame de la M\u00e9daille Miraculeuse est ouverte toute l\u2019ann\u00e9e.<\/p>\n<section class=\"ab-block-post-grid featuredpost aligncenter\">\n<h2 class=\"ab-post-grid-section-title\">Lire la suite Jeux olympiques<\/h2>\n<\/section>\n<p class=\"post-copyright\">Droits d\u2019auteur \u00a9 2024 OSV News<\/p>\n<p class=\"print-friendly\"><img decoding=\"async\" class=\"WP-PrintIcon\" src=\"https:\/\/editionsbussiere.com\/blog\/wp-content\/uploads\/2024\/08\/printer_famfamfam-1.gif\" alt=\"Imprimer\" title=\"Imprimer\" style=\"border: 0px;\"> Imprimer<\/p>\n<p>\t\t\t<!--<rdf:RDF xmlns:rdf=\"http:\/\/www.w3.org\/1999\/02\/22-rdf-syntax-ns#\"\n\t\t\txmlns:dc=\"http:\/\/purl.org\/dc\/elements\/1.1\/\"\n\t\t\txmlns:trackback=\"http:\/\/madskills.com\/public\/xml\/rss\/module\/trackback\/\">\n\t\t<rdf:Description rdf:about=\"https:\/\/catholicreview.org\/in-the-city-of-light-a-marian-gem-shines\/\"\n    dc:identifier=\"https:\/\/catholicreview.org\/in-the-city-of-light-a-marian-gem-shines\/\"\n    dc:title=\"In the City of Light, a Marian gem shines\"\n    trackback:ping=\"https:\/\/catholicreview.org\/in-the-city-of-light-a-marian-gem-shines\/trackback\/\" \/>\n<\/rdf:RDF>-->\n<\/p>\n<\/div>\n<h2>Un moment de supplication intime afin de nous relier \u00e0 Dieu. <\/h2>\n<p>Adorable P\u00e8re c\u00e9leste, je me pr\u00e9sente en face de toi afin de te remercier pour cette in\u00e9dite journ\u00e9e. Je t\u2019adore en raison de ta bienveillance et ta fid\u00e9lit\u00e9 envers moi. Je te supplie de me remplir avec ta pr\u00e9sence et de m\u2019accorder la gr\u00e2ce d\u2019\u00e9prouver ta pr\u00e8s de moi tout au long de cette journ\u00e9e. Je d\u00e9pose entre tes mains toutes mes pr\u00e9occupations, mes plaisirs, mes peines, mes envies et mes esp\u00e9rances. Que ton Saint-Esprit illumine mon esprit et fortifie ma foi, afin que je puisse marcher dans ton chemin et r\u00e9aliser ta volont\u00e9. Octroie-moi la gr\u00e2ce de passer ma vie selon la compassion que tu nous as enseign\u00e9 l\u2019exemple \u00e0 travers ton Fils admir\u00e9, J\u00e9sus-Christ.<\/p>\n<h3> Note \u00e0 propos de compr\u00e9hension : <\/h3>\n<p>L\u2019acte de pri\u00e8re nous emm\u00e8ne dans le myst\u00e8re de la famille divine, o\u00f9 Dieu le Cr\u00e9ateur nous re\u00e7oit tel ses fils et filles bien-aim\u00e9s. \u00c0 travers cette connexion familial, nous trouvons la force et la consolation afin de surmonter les \u00e9preuves de ce monde. La pri\u00e8re nous rem\u00e9more les enseignements de l\u2019ap\u00f4tre Pierre, lequel incite les disciples du Christ \u00e0 rester fermes dans la foi, m\u00eame face \u00e0 dans le tumulte des tourments de la vie.<\/p>\n<h3>\nRenforcer notre lien \u00e0 J\u00e9sus d\u00e8s le matin<\/h3>\n<p>Nous sommes capables de r\u00e9fl\u00e9chir en ce qui concerne l\u2019un des \u00e9vangiles pour nous relier \u00e0 J\u00e9sus. Par exemple :<\/p>\n<h3>Jean 15, 9-17 : <\/h3>\n<p>\u00a0\u00bb<br \/>\nC\u2019est ici mon commandement: Aimez-vous les uns les autres, comme je vous ai aim\u00e9s. Il n\u2019y a pas de plus grand amour que de donner sa vie pour ses amis. Vous \u00eates mes amis, si vous faites ce que je vous commande. Je ne vous appelle plus serviteurs, parce que le serviteur ne sait pas ce que fait son ma\u00eetre; mais je vous ai appel\u00e9s amis, parce que je vous ai fait conna\u00eetre tout ce que j\u2019ai appris de mon P\u00e8re.\u00a0\u00bb<\/p>\n<h2> Demander indulgence \u00e0 Dieu en raison de nos p\u00e9ch\u00e9s <\/h2>\n<p>Ma\u00eetre J\u00e9sus, j\u2019arrive te supplier de pardonner mes propres p\u00e9ch\u00e9s. Je prends conscience que je ne suis pas irr\u00e9prochable et que j\u2019ai besoin de ton mis\u00e9ricorde. Je te demande de me affranchir de tout ce qui me s\u00e9pare de toi et de me donner la gr\u00e2ce pour vivre en conformit\u00e9 avec ta volont\u00e9. Que ta b\u00e9n\u00e9diction divine \u00e9claire les coins les plus sombres de mon c\u0153ur, purifiant mon \u00eatre et me m\u2019orientant sur la route de la saintet\u00e9. Amen.<\/p>\n<h3> Discussion avec le Seigneur de la m\u00eame mani\u00e8re que en compagnie de un ami. <\/h3>\n<p>Nous pouvons communiquer \u00e0 Dieu tel que envers un ami fid\u00e8le, lui confier nos joies et nos peines, lui demander de l\u2019aide dans nos d\u00e9fis quotidiens. Par exemple : Ma\u00eetre, gr\u00e2ce pour cette fra\u00eeche journ\u00e9e. Je viens te supplier de me soutenir \u00e0 \u00eatre tol\u00e9rant envers mes enfants et pour me donner la vigueur de faire face aux d\u00e9fis de la journ\u00e9e. Je te confie mes projets et mes soucis, et je sollicite de me indiquer comment je suis en mesure de te servir et t\u2019honorer aujourd\u2019hui. Accorde-moi, \u00f4 Seigneur, ta connaissance afin de prendre les bonnes d\u00e9cisions et ton soutien pour traverser les \u00e9preuves avec foi. Amen.<\/p>\n<h3> Un moment de tranquillit\u00e9 pour percevoir Dieu. <\/h3>\n<p>Apr\u00e8s cette pri\u00e8re et cette m\u00e9ditation, il est crucial de prendre un moment de silence afin de \u00e9couter sa voix de Dieu dans nos c\u0153urs. Dans ce silence, il nous ressentir sa pr\u00e9sence calme et accueillir ses inspirations afin de la journ\u00e9e qui se.<\/p>\n<h3> Se diriger vers le Christ afin de d\u00e9couvrir la paix int\u00e9rieure. <\/h3>\n<p>Nous sommes capables de prier J\u00e9sus de nous fournir sa paix et m\u2019assister nous assister \u00e0 \u00e9couter sa parole. Par exemple :<br \/>\nSeigneur J\u00e9sus, je me pr\u00e9sente te prier m\u2019assister remplir mon propre c\u0153ur de ta tendresse. Je te demande m\u2019assister me lib\u00e9rer de chaque pens\u00e9es et les inqui\u00e9tudes me perturbent. Aide-moi pour \u00e9couter ta parole et \u00e0 la mettre en pratique dans ma vie. Que ton Esprit Saint, \u00f4 Christ, soit ma force tout au long de cette journ\u00e9e. Amen.<\/p>\n<h3> Achever notre pri\u00e8re matinale en offrant notre journ\u00e9e pour Dieu. <\/h3>\n<p>Nous avons la capacit\u00e9 d\u2019offrir notre journ\u00e9e envers Dieu et lui demander pour la remplir de sa pr\u00e9sence ainsi que de sa b\u00e9n\u00e9diction. Par exemple :<br \/>\nSeigneur, je te confie cette journ\u00e9e entre ta mains. Que toutes de mes pas soit dirig\u00e9 par ta sagesse, que chacune de mes paroles soit inspir\u00e9e par ta amour. Que toutes mes actions soient accomplies selon ta divine volont\u00e9, pour ta gloire et tous bien. Que ta lumi\u00e8re \u00e9claire ma route et que tu habites mon c\u0153ur. Amen.<\/p>\n<h3> Invocation d\u2019intercession matinale. <\/h3>\n<p>La supplication du matin consiste \u00e0 prier pour les besoins des chr\u00e9tiennes et des chr\u00e9tiens. Nous pouvons prier pour les personnes dans le besoin, pour les malades, pour les personnes qui sont souffrent, pour les personnes qui se trouvent confront\u00e9es \u00e0 des difficult\u00e9s, pour les personnes d\u00e9courag\u00e9es et pour les personnes qui se trouvent dans l\u2019erreur.<\/p>\n<h3> Prier afin de chacun individus au sein de le besoin. <\/p>\n<h3>\n<\/h3>\n<\/h3>\n<p>\u00d4 Cr\u00e9ateur, dans votre grande mis\u00e9ricorde, nous te demandons en vue de toutes personnes qui traversent des difficult\u00e9s financi\u00e8res. Que tu leur accordes la force et aussi la pers\u00e9v\u00e9rance pour d\u00e9passer ces \u00e9preuves, et que lui leur apportes les ressources n\u00e9cessaires en vue de subvenir \u00e0 chaque leurs besoins. Accorde-leur, Grand, sa providence en vue de guider leur pas dans les t\u00e9n\u00e8bres de leurs soucis financiers.<\/p>\n<p>Nous autres te prions \u00e9galement afin de l\u2019ensemble des personnes qui luttent contre de probl\u00e8mes de sant\u00e9. Que ta main puissante se pose sur elles, Seigneur, pour les gu\u00e9rir et les r\u00e9conforter dans leur douleur. Accorde-leur, Grand, la force ainsi que le courage de faire face \u00e0 leurs d\u00e9fis de sant\u00e9 en ayant confiance en sa divine providence.<\/p>\n<p>On te prions aussi pour l\u2019ensemble des personnes qui sont confront\u00e9es vis-\u00e0-vis de d\u2019innombrables difficult\u00e9s dans leur vie, que ce que ce soit sur le domaine professionnel, relationnel ou encore \u00e9motionnel. Que sa gr\u00e2ce, Seigneur, reste leur soutien ainsi que leur r\u00e9confort dans ces moments d\u2019\u00e9preuve. Accorde-leur, \u00f4, ton Esprit Saint pour guider leur chemin ainsi que les guider vers la s\u00e9r\u00e9nit\u00e9.<\/p>\n<p>En conclusion, nous vous prions en vue de toutes personnes qui sont sans-abri, les personnes qui sont marginalis\u00e9es et exclues de la soci\u00e9t\u00e9. Que votre mis\u00e9ricorde, Seigneur, se r\u00e9pande sur elles comme la douce ros\u00e9e, leur apportant r\u00e9confort et espoir dans leur d\u00e9tresse. Accorde-leur, \u00f4, des mains g\u00e9n\u00e9reuses pour les aider ainsi que des c\u0153urs compatissants en vue de les accueillir dans leur communaut\u00e9.<\/p>\n<h3> explication sur la fameuse pri\u00e8re du matin. <\/h3>\n<p>Au cours de la pri\u00e8re, nous \u00e9voquons nos c\u0153urs envers le Ciel, suppliant la lumi\u00e8re de Dieu pour illuminer nos chemins t\u00e9n\u00e9breux. Marie, notre m\u00e8re, nous accompagne dans ce voyage, nous instruisant \u00e0 m\u00e9diter sur les myst\u00e8res de la vie de son divin enfant. Elle nous m\u00e8ne vers J\u00e9sus, le lumi\u00e8re du monde, qui illumine nos t\u00e9n\u00e8bres et nous guide vers la v\u00e9rit\u00e9.<br \/>\nLa pri\u00e8re nous relie aussi \u00e0 notre famille spirituelle spirituelle, la assembl\u00e9e des croyants, o\u00f9 nous partageons nos all\u00e9gresses et nos afflictions, nos esp\u00e9rances et nos craintes. Unis, nous formons le corps du Christ, d\u00e9sign\u00e9s \u00e0 attester de son amour. Par nos supplications, nous interc\u00e9dons pour les besoins des croyantes et des fid\u00e8les, offrant notre affection et notre mis\u00e9ricorde \u00e0 ceux qui \u00e9prouvent.<br \/>\nJoignons nos c\u0153urs dans la pri\u00e8re matinale, dans notre esp\u00e9rance, en nous tournant vers Marie, la m\u00e8re de J\u00e9sus. Dans notre monde tourment\u00e9 par les conflits et la discorde, recourons \u00e0 la pri\u00e8re comme un moyen pour retrouver la paix et la r\u00e9conciliation. Chacun exprimer un message pour la Sainte Vierge <a target=\"_blank\" rel=\"nofollow\" href=\"https:\/\/editionsbussiere.com\/blog\/goto\/https:\/\/www.avemariasound.org\/\" >sur le web.<\/a> Que nos pri\u00e8res montent vers le ciel, comme une offrande re\u00e7u avec faveur \u00e0 Dieu, pour qu\u2019il guide \u00e9clairer nos chemins vers la voie de la v\u00e9rit\u00e9 et de la justice. L\u2019ap\u00f4tre Paul nous dans ses lettres \u00e0 prier sans cesse, en toutes circonstances, pour que notre communion avec Dieu soit solide et ardente. La pri\u00e8re, quand elle est sinc\u00e8rement offerte, poss\u00e8de la capacit\u00e9 pour transformer nos c\u0153urs et de modifier le cours de l\u2019histoire.<\/p>\n<h2> \u00c9lever nos pri\u00e8res pour notre entourage au Seigneur matin.<\/h2>\n<p>Cette ultime section de la pri\u00e8re du matin consiste \u00e0 prier pour nos propres \u00eatres chers, nos famille, nos compagnons et nos communaut\u00e9. Nous pouvons prier pour leur bien-\u00eatre, leur prosp\u00e9rit\u00e9, leur tranquillit\u00e9, et leur prosp\u00e9rit\u00e9. Nous pouvons \u00e9galement prier pour nos d\u00e9tracteurs et pour ces individus qui nous ont bless\u00e9s, et demander \u00e0 Dieu de nous aider \u00e0 leur pardonner et \u00e0 leur exprimer la compassion.<\/p>\n<h3> Demander pour la vigueur et la s\u00fbret\u00e9 de nos \u00eatres chers.<\/h3>\n<p>Seigneur, nous te confions nos proches, nos familles ainsi que nos compagnons. Prot\u00e8ge, \u00d4 Dieu, sur eux, ainsi que pr\u00e9serve -les de tout p\u00e9ril et de toute affliction. Offre, Seigneur, une sant\u00e9 du corps avec de l\u2019esprit pour eux, et aussi la paix dans leur c\u0153ur. Puissante soit la volont\u00e9 pour que ta guidance forte les garde avec les personnes dirige chacun au long de cette journ\u00e9e, pour qu\u2019ils puissent vivre dans la tranquillit\u00e9 et aussi la paix.<\/p>\n<p>Nous te prions pareillement pour nos propres enfants, Seigneur, pour qu\u2019ils grandissent dans leur foi et dans l\u2019amour de ton b\u00e9ni nom. Donne, \u00f4 Dieu, une sagesse ainsi que la vigueur n\u00e9cessaires pour affronter les d\u00e9fis de la vie, et dirige leurs pas sur le chemin de la v\u00e9rit\u00e9 ainsi que de la justice.<\/p>\n<p>Enfin, nous autres te prions pour nos amis ainsi que nos voisins, Seigneur, afin qu\u2019ils connaissent la joie de ton amour ainsi que la paix de ton pardon. Accorde-leur, \u00f4 Dieu, de c\u0153urs pleins de g\u00e9n\u00e9rosit\u00e9 afin de partager avec ceux que dans le besoin, et des largement ouvertes en vue de accueillir ceux qui sont seuls et aussi abandonn\u00e9s.<\/p>\n<h3> Prier pour nos ennemis et ceux qui sont nous-m\u00eames ont offens\u00e9s. <\/h3>\n<p>Seigneur, le Christ, nous te prions pour notre ennemis et pour ceux qui sont nous-m\u00eames ont offens\u00e9s. Accorde-leur, \u00f4 Christ, ta mis\u00e9ricorde et aussi ton pardon, et aussi ouvre leur c\u0153ur \u00e0 la lumi\u00e8re des ta v\u00e9rit\u00e9. Aide-nous, Seigneur, \u00e0 leur montrer de la compassion et \u00e0 leur pardonner comme tu nous-m\u00eames as pardonn\u00e9. Que ta paix r\u00e8gne dans nos c\u0153urs et que votre amour guide les n\u00f4tres actions, pour que nous puissions vivre en harmonie avec tous ceux qui sont nous-m\u00eames entourent.<\/p>\n<h3> Saisir la pri\u00e8re : <\/h3>\n<p>Finalement, la pri\u00e8re nous souviens notre mission comme enfants de Dieu : se trouver des t\u00e9moins de sa clart\u00e9 et de son amour dans une \u00e9poque en proie aux t\u00e9n\u00e8bres. \u00c0 travers notre paroles et notre actions, nous propageons l\u2019\u00c9vangile de la paix et de la rapprochement, apportant l\u2019attente et la r\u00e9paration \u00e0 un milieu ab\u00eem\u00e9.<\/p>\n<p>\u00c0 l\u2019int\u00e9rieur de la foi chr\u00e9tienne, le aube adopte une valeur particuli\u00e8re, symbolisant le renouvellement et la reconstruction spirituelle. C\u2019est au d\u00e9but de chaque matin\u00e9e que le c\u0153ur se oriente vers l\u2019\u00c9ternel dans la pri\u00e8re, s\u2019effor\u00e7ant \u00e0 se trouver \u00e9clair\u00e9e par la lumi\u00e8re divine. La coutume des pri\u00e8res matinales se r\u00e9v\u00e8le essentiellement enracin\u00e9e dans la tradition chr\u00e9tienne, fournissant un instant privil\u00e9gi\u00e9 pour \u00e9tablir une connexion avec l\u2019\u00c9ternel et se pr\u00e9parer mentalement aux d\u00e9fis de la journ\u00e9e \u00e0 venir.<\/p>\n<p>\u00c0 au c\u0153ur de ces pri\u00e8res matinales se rep\u00e8re r\u00e9guli\u00e8rement une d\u00e9votion particuli\u00e8re \u00e0 l\u2019\u00e9gard de Marie, la maternelle de J\u00e9sus et ic\u00f4ne sainte respect\u00e9e par beaucoup fid\u00e8les. En qualit\u00e9 m\u00e8re interm\u00e9diaire parmi les hommes et Dieu, Marie est pri\u00e9e afin de interc\u00e9der pour nous, nous-m\u00eames guidant sur le chemin de la saintet\u00e9 et de la gr\u00e2ce divine. Sa pr\u00e9sence maternelle offre consolation et abri, entourant nos pri\u00e8re matinales d\u2019une d\u00e9licatesse c\u00e9leste.<\/p>\n<p>Au par les pri\u00e8res du matin, on est appel\u00e9s \u00e0 nous rallier \u00e0 Marie au sein de une approche pour b\u00e9atification personnelle. Dans m\u00e9ditant sur sa vie et ses vertus, nous recherchons pour imiter son humilit\u00e9, sa puret\u00e9 et sa ob\u00e9issance vers l\u2019 volont\u00e9 de Dieu. \u00c0 travers sa saintet\u00e9 parfaite, Marie se transforme en pour nous un mod\u00e8le pour vie chr\u00e9tienne, nous rappelant l\u2019importance de la pri\u00e8re et de la contemplation dans notre cheminement spirituel.<\/p>\n<p>La r\u00e9citation du matin est ainsi un temps favoris\u00e9 pour se consacrer \u00e0 Dieu avec l\u2019intercession de Marie, en pr\u00e9sentant nos louanges, nos reconnaissances et nos intentions les plus profondes. Au sein de l\u2019 qui\u00e9tude du l\u2019aurore, on est invit\u00e9s \u00e0 se tourner \u00e0 la m\u00e8re sainte, laquelle on guide avec affection sur le chemin de la foi ainsi que de l\u2019amour divin. \u00c0 travers associant notre voix \u00e0 cette derni\u00e8re du Marie, nous \u00e9levons nos pri\u00e8res matinales vers du tr\u00f4ne de la gr\u00e2ce, s\u00fbrs que nos supplications seront entendues et accueillies par du c\u0153ur mis\u00e9ricordieux de Dieu.<\/p>\n<p>A lire sur le m\u00eame propos:<\/p>\n<p>Valentines et autres vers\/Memorare.,<a target=\"_blank\" rel=\"nofollow\" href=\"https:\/\/editionsbussiere.com\/blog\/goto\/https:\/\/fr.wikisource.org\/wiki\/Valentines_et_autres_vers\/Memorare\"  target=\"_blank\" rel=\"noopener noreferrer nofollow\">A lire ici.<\/a><span><\/span><\/p>\n<p>Marie (Auguste Brizeux)\/Marie, V.,<a target=\"_blank\" rel=\"nofollow\" href=\"https:\/\/editionsbussiere.com\/blog\/goto\/https:\/\/fr.wikisource.org\/wiki\/Marie_(Auguste_Brizeux)\/Marie,_V\"  target=\"_blank\" rel=\"noopener noreferrer nofollow\">Le post d\u2019actualit\u00e9.<\/a><span><\/span>. Suite sur le prochain article.<\/p>\n<p>Les Foules de Lourdes\/Chapitre I.,<a target=\"_blank\" rel=\"nofollow\" href=\"https:\/\/editionsbussiere.com\/blog\/goto\/https:\/\/fr.wikisource.org\/wiki\/Les_Foules_de_Lourdes\/Chapitre_I\"  target=\"_blank\" rel=\"noopener noreferrer nofollow\">Le post d\u2019actualit\u00e9.<\/a><span><\/span>. Suite sur le prochain article.<\/p>\n<p>La vierge d\u2019ivoire\/11.,<a target=\"_blank\" rel=\"nofollow\" href=\"https:\/\/editionsbussiere.com\/blog\/goto\/https:\/\/fr.wikisource.org\/wiki\/La_vierge_d%E2%80%99ivoire\/11\"  target=\"_blank\" rel=\"noopener noreferrer nofollow\">L\u2019article ICI.<\/a><span><\/span>. Suite sur le prochain article.<\/p>\n<p>L\u2019Angelus des sentes (recueil)\/L\u2019Heure des Larmes.,<a target=\"_blank\" rel=\"nofollow\" href=\"https:\/\/editionsbussiere.com\/blog\/goto\/https:\/\/fr.wikisource.org\/wiki\/L%E2%80%99Angelus_des_sentes_(recueil)\/L%E2%80%99Heure_des_Larmes\"  target=\"_blank\" rel=\"noopener noreferrer nofollow\">L\u2019article ICI.<\/a><span><\/span>. Suite sur le prochain article.<\/p>\n<p>Dictionnaire de th\u00e9ologie catholique\/MARIE I. Privil\u00e8ges essentiels de la Vierge Marie I. Maternit\u00e9 divine et virginit\u00e9.,<a target=\"_blank\" rel=\"nofollow\" href=\"https:\/\/editionsbussiere.com\/blog\/goto\/https:\/\/fr.wikisource.org\/wiki\/Dictionnaire_de_th%C3%A9ologie_catholique\/MARIE_I._Privil%C3%A8ges_essentiels_de_la_Vierge_Marie_I._Maternit%C3%A9_divine_et_virginit%C3%A9\"  target=\"_blank\" rel=\"noopener noreferrer nofollow\">A lire ici.<\/a><span><\/span><\/p>\n<\/div>\n<p><img decoding=\"async\" class=\"wpe_imgrss\" src=\"https:\/\/editionsbussiere.com\/blog\/wp-content\/uploads\/2024\/08\/Dans-la-Ville-Lumiere-un-joyau-marial-brille-avec-une.jpg\">Cet article a \u00e9t\u00e9 reconstitu\u00e9 du mieux possible. Dans l\u2019hypoth\u00e8se o\u00f9 vous souhaitez apporter quelques modifications concernant le th\u00e8me \u00ab\u00a0Editions \u00e9sot\u00e9rique fond\u00e9e en 1927\u00a0\u00bb, il est possible de discuter avec notre r\u00e9daction. Vous pouvez tirer profit de cet article traitant le sujet \u00ab\u00a0Editions \u00e9sot\u00e9rique fond\u00e9e en 1927\u00a0\u00bb. Il est concoct\u00e9 par l\u2019\u00e9quipe editionsbussiere.com. Le site editionsbussiere.com est fait pour cr\u00e9er divers posts autour du th\u00e8me Editions \u00e9sot\u00e9rique fond\u00e9e en 1927 d\u00e9velopp\u00e9es sur internet. Consultez notre site internet editionsbussiere.com et nos r\u00e9seaux sociaux pour \u00eatre au courant des futures annonces.<\/p>\n","protected":false},"excerpt":{"rendered":"<p>PARIS (OSV News) \u2014 Paris est connue comme la Ville Lumi\u00e8re, et ses lumi\u00e8res brillent encore plus fort ces jours-ci alors que des hommes et des femmes du monde entier participent aux 33e Jeux olympiques d\u2019\u00e9t\u00e9. En plus des 12,4 millions d\u2019habitants de la ville, 15,3 millions de visiteurs sont attendus dans la capitale fran\u00e7aise [&hellip;]<\/p>\n","protected":false},"author":3,"featured_media":1086,"comment_status":"closed","ping_status":"closed","sticky":false,"template":"","format":"standard","meta":{"footnotes":""},"categories":[3],"tags":[],"class_list":["post-1085","post","type-post","status-publish","format-standard","has-post-thumbnail","hentry","category-editions-esoterique-fondee-en-1927-depeches","entry","fw-tab-6 fw-tabr-4","has-featured-image"],"yoast_head":"<!-- This site is optimized with the Yoast SEO plugin v27.5 - https:\/\/yoast.com\/product\/yoast-seo-wordpress\/ -->\n<title>Dans la Ville Lumi\u00e8re, un joyau marial brille avec une requ\u00eate au petit jour. - EDITIONSBUSSIERE<\/title>\n<meta name=\"robots\" content=\"index, follow, max-snippet:-1, max-image-preview:large, max-video-preview:-1\" \/>\n<link rel=\"canonical\" href=\"https:\/\/editionsbussiere.com\/blog\/dans-la-ville-lumiere-un-joyau-marial-brille-avec-une-requete-au-petit-jour\/\" \/>\n<meta property=\"og:locale\" content=\"fr_FR\" \/>\n<meta property=\"og:type\" content=\"article\" \/>\n<meta property=\"og:title\" content=\"Dans la Ville Lumi\u00e8re, un joyau marial brille avec une requ\u00eate au petit jour. - EDITIONSBUSSIERE\" \/>\n<meta property=\"og:description\" content=\"PARIS (OSV News) \u2014 Paris est connue comme la Ville Lumi\u00e8re, et ses lumi\u00e8res brillent encore plus fort ces jours-ci alors que des hommes et des femmes du monde entier participent aux 33e Jeux olympiques d\u2019\u00e9t\u00e9. En plus des 12,4 millions d\u2019habitants de la ville, 15,3 millions de visiteurs sont attendus dans la capitale fran\u00e7aise [&hellip;]\" \/>\n<meta property=\"og:url\" content=\"https:\/\/editionsbussiere.com\/blog\/dans-la-ville-lumiere-un-joyau-marial-brille-avec-une-requete-au-petit-jour\/\" \/>\n<meta property=\"og:site_name\" content=\"EDITIONSBUSSIERE\" \/>\n<meta property=\"article:published_time\" content=\"2024-08-03T16:05:42+00:00\" \/>\n<meta property=\"og:image\" content=\"https:\/\/editionsbussiere.com\/blog\/wp-content\/uploads\/2024\/08\/Dans-la-Ville-Lumiere-un-joyau-marial-brille-avec-une.jpg\" \/>\n<meta name=\"author\" content=\"Marie BATICLE\" \/>\n<meta name=\"twitter:card\" content=\"summary_large_image\" \/>\n<meta name=\"twitter:label1\" content=\"\u00c9crit par\" \/>\n\t<meta name=\"twitter:data1\" content=\"Marie BATICLE\" \/>\n\t<meta name=\"twitter:label2\" content=\"Dur\u00e9e de lecture estim\u00e9e\" \/>\n\t<meta name=\"twitter:data2\" content=\"20 minutes\" \/>\n<script type=\"application\/ld+json\" class=\"yoast-schema-graph\">{\"@context\":\"https:\\\/\\\/schema.org\",\"@graph\":[{\"@type\":\"Article\",\"@id\":\"https:\\\/\\\/editionsbussiere.com\\\/blog\\\/dans-la-ville-lumiere-un-joyau-marial-brille-avec-une-requete-au-petit-jour\\\/#article\",\"isPartOf\":{\"@id\":\"https:\\\/\\\/editionsbussiere.com\\\/blog\\\/dans-la-ville-lumiere-un-joyau-marial-brille-avec-une-requete-au-petit-jour\\\/\"},\"author\":{\"name\":\"Marie BATICLE\",\"@id\":\"https:\\\/\\\/editionsbussiere.com\\\/blog\\\/#\\\/schema\\\/person\\\/ec90e102792148c97e46ab871010dd8f\"},\"headline\":\"Dans la Ville Lumi\u00e8re, un joyau marial brille avec une requ\u00eate au petit jour.\",\"datePublished\":\"2024-08-03T16:05:42+00:00\",\"mainEntityOfPage\":{\"@id\":\"https:\\\/\\\/editionsbussiere.com\\\/blog\\\/dans-la-ville-lumiere-un-joyau-marial-brille-avec-une-requete-au-petit-jour\\\/\"},\"wordCount\":3978,\"publisher\":{\"@id\":\"https:\\\/\\\/editionsbussiere.com\\\/blog\\\/#organization\"},\"image\":{\"@id\":\"https:\\\/\\\/editionsbussiere.com\\\/blog\\\/dans-la-ville-lumiere-un-joyau-marial-brille-avec-une-requete-au-petit-jour\\\/#primaryimage\"},\"thumbnailUrl\":\"https:\\\/\\\/editionsbussiere.com\\\/blog\\\/wp-content\\\/uploads\\\/2024\\\/08\\\/Dans-la-Ville-Lumiere-un-joyau-marial-brille-avec-une.jpg\",\"articleSection\":[\"Editions \u00c9sot\u00e9rique Fond\u00e9e En 1927; D\u00e9p\u00e8ches:\"],\"inLanguage\":\"fr-FR\"},{\"@type\":\"WebPage\",\"@id\":\"https:\\\/\\\/editionsbussiere.com\\\/blog\\\/dans-la-ville-lumiere-un-joyau-marial-brille-avec-une-requete-au-petit-jour\\\/\",\"url\":\"https:\\\/\\\/editionsbussiere.com\\\/blog\\\/dans-la-ville-lumiere-un-joyau-marial-brille-avec-une-requete-au-petit-jour\\\/\",\"name\":\"Dans la Ville Lumi\u00e8re, un joyau marial brille avec une requ\u00eate au petit jour. - EDITIONSBUSSIERE\",\"isPartOf\":{\"@id\":\"https:\\\/\\\/editionsbussiere.com\\\/blog\\\/#website\"},\"primaryImageOfPage\":{\"@id\":\"https:\\\/\\\/editionsbussiere.com\\\/blog\\\/dans-la-ville-lumiere-un-joyau-marial-brille-avec-une-requete-au-petit-jour\\\/#primaryimage\"},\"image\":{\"@id\":\"https:\\\/\\\/editionsbussiere.com\\\/blog\\\/dans-la-ville-lumiere-un-joyau-marial-brille-avec-une-requete-au-petit-jour\\\/#primaryimage\"},\"thumbnailUrl\":\"https:\\\/\\\/editionsbussiere.com\\\/blog\\\/wp-content\\\/uploads\\\/2024\\\/08\\\/Dans-la-Ville-Lumiere-un-joyau-marial-brille-avec-une.jpg\",\"datePublished\":\"2024-08-03T16:05:42+00:00\",\"breadcrumb\":{\"@id\":\"https:\\\/\\\/editionsbussiere.com\\\/blog\\\/dans-la-ville-lumiere-un-joyau-marial-brille-avec-une-requete-au-petit-jour\\\/#breadcrumb\"},\"inLanguage\":\"fr-FR\",\"potentialAction\":[{\"@type\":\"ReadAction\",\"target\":[\"https:\\\/\\\/editionsbussiere.com\\\/blog\\\/dans-la-ville-lumiere-un-joyau-marial-brille-avec-une-requete-au-petit-jour\\\/\"]}]},{\"@type\":\"ImageObject\",\"inLanguage\":\"fr-FR\",\"@id\":\"https:\\\/\\\/editionsbussiere.com\\\/blog\\\/dans-la-ville-lumiere-un-joyau-marial-brille-avec-une-requete-au-petit-jour\\\/#primaryimage\",\"url\":\"https:\\\/\\\/editionsbussiere.com\\\/blog\\\/wp-content\\\/uploads\\\/2024\\\/08\\\/Dans-la-Ville-Lumiere-un-joyau-marial-brille-avec-une.jpg\",\"contentUrl\":\"https:\\\/\\\/editionsbussiere.com\\\/blog\\\/wp-content\\\/uploads\\\/2024\\\/08\\\/Dans-la-Ville-Lumiere-un-joyau-marial-brille-avec-une.jpg\",\"width\":900,\"height\":600,\"caption\":\"Dans la Ville Lumiere un joyau marial brille avec une\"},{\"@type\":\"BreadcrumbList\",\"@id\":\"https:\\\/\\\/editionsbussiere.com\\\/blog\\\/dans-la-ville-lumiere-un-joyau-marial-brille-avec-une-requete-au-petit-jour\\\/#breadcrumb\",\"itemListElement\":[{\"@type\":\"ListItem\",\"position\":1,\"name\":\"Accueil\",\"item\":\"https:\\\/\\\/editionsbussiere.com\\\/blog\\\/\"},{\"@type\":\"ListItem\",\"position\":2,\"name\":\"Dans la Ville Lumi\u00e8re, un joyau marial brille avec une requ\u00eate au petit jour.\"}]},{\"@type\":\"WebSite\",\"@id\":\"https:\\\/\\\/editionsbussiere.com\\\/blog\\\/#website\",\"url\":\"https:\\\/\\\/editionsbussiere.com\\\/blog\\\/\",\"name\":\"EDITIONSBUSSIERE\",\"description\":\"Editions \u00e9sot\u00e9rique fond\u00e9e en 1927; site historique, A SAVOIR ET RETENIR.\",\"publisher\":{\"@id\":\"https:\\\/\\\/editionsbussiere.com\\\/blog\\\/#organization\"},\"potentialAction\":[{\"@type\":\"SearchAction\",\"target\":{\"@type\":\"EntryPoint\",\"urlTemplate\":\"https:\\\/\\\/editionsbussiere.com\\\/blog\\\/?s={search_term_string}\"},\"query-input\":{\"@type\":\"PropertyValueSpecification\",\"valueRequired\":true,\"valueName\":\"search_term_string\"}}],\"inLanguage\":\"fr-FR\"},{\"@type\":\"Organization\",\"@id\":\"https:\\\/\\\/editionsbussiere.com\\\/blog\\\/#organization\",\"name\":\"editionsbussiere\",\"url\":\"https:\\\/\\\/editionsbussiere.com\\\/blog\\\/\",\"logo\":{\"@type\":\"ImageObject\",\"inLanguage\":\"fr-FR\",\"@id\":\"https:\\\/\\\/editionsbussiere.com\\\/blog\\\/#\\\/schema\\\/logo\\\/image\\\/\",\"url\":\"https:\\\/\\\/editionsbussiere.com\\\/blog\\\/wp-content\\\/uploads\\\/2023\\\/09\\\/cropped-buss.gif\",\"contentUrl\":\"https:\\\/\\\/editionsbussiere.com\\\/blog\\\/wp-content\\\/uploads\\\/2023\\\/09\\\/cropped-buss.gif\",\"width\":298,\"height\":120,\"caption\":\"editionsbussiere\"},\"image\":{\"@id\":\"https:\\\/\\\/editionsbussiere.com\\\/blog\\\/#\\\/schema\\\/logo\\\/image\\\/\"}},{\"@type\":\"Person\",\"@id\":\"https:\\\/\\\/editionsbussiere.com\\\/blog\\\/#\\\/schema\\\/person\\\/ec90e102792148c97e46ab871010dd8f\",\"name\":\"Marie BATICLE\",\"image\":{\"@type\":\"ImageObject\",\"inLanguage\":\"fr-FR\",\"@id\":\"https:\\\/\\\/secure.gravatar.com\\\/avatar\\\/c923e52403b1b8137e2d929127211d21967e6aecaa053bd43b09da29f212e76e?s=96&d=mm&r=g\",\"url\":\"https:\\\/\\\/secure.gravatar.com\\\/avatar\\\/c923e52403b1b8137e2d929127211d21967e6aecaa053bd43b09da29f212e76e?s=96&d=mm&r=g\",\"contentUrl\":\"https:\\\/\\\/secure.gravatar.com\\\/avatar\\\/c923e52403b1b8137e2d929127211d21967e6aecaa053bd43b09da29f212e76e?s=96&d=mm&r=g\",\"caption\":\"Marie BATICLE\"},\"url\":\"https:\\\/\\\/editionsbussiere.com\\\/blog\\\/author\\\/eremarie\\\/\"}]}<\/script>\n<!-- \/ Yoast SEO plugin. -->","yoast_head_json":{"title":"Dans la Ville Lumi\u00e8re, un joyau marial brille avec une requ\u00eate au petit jour. - EDITIONSBUSSIERE","robots":{"index":"index","follow":"follow","max-snippet":"max-snippet:-1","max-image-preview":"max-image-preview:large","max-video-preview":"max-video-preview:-1"},"canonical":"https:\/\/editionsbussiere.com\/blog\/dans-la-ville-lumiere-un-joyau-marial-brille-avec-une-requete-au-petit-jour\/","og_locale":"fr_FR","og_type":"article","og_title":"Dans la Ville Lumi\u00e8re, un joyau marial brille avec une requ\u00eate au petit jour. - EDITIONSBUSSIERE","og_description":"PARIS (OSV News) \u2014 Paris est connue comme la Ville Lumi\u00e8re, et ses lumi\u00e8res brillent encore plus fort ces jours-ci alors que des hommes et des femmes du monde entier participent aux 33e Jeux olympiques d\u2019\u00e9t\u00e9. En plus des 12,4 millions d\u2019habitants de la ville, 15,3 millions de visiteurs sont attendus dans la capitale fran\u00e7aise [&hellip;]","og_url":"https:\/\/editionsbussiere.com\/blog\/dans-la-ville-lumiere-un-joyau-marial-brille-avec-une-requete-au-petit-jour\/","og_site_name":"EDITIONSBUSSIERE","article_published_time":"2024-08-03T16:05:42+00:00","og_image":[{"url":"https:\/\/editionsbussiere.com\/blog\/wp-content\/uploads\/2024\/08\/Dans-la-Ville-Lumiere-un-joyau-marial-brille-avec-une.jpg","type":"","width":"","height":""}],"author":"Marie BATICLE","twitter_card":"summary_large_image","twitter_misc":{"\u00c9crit par":"Marie BATICLE","Dur\u00e9e de lecture estim\u00e9e":"20 minutes"},"schema":{"@context":"https:\/\/schema.org","@graph":[{"@type":"Article","@id":"https:\/\/editionsbussiere.com\/blog\/dans-la-ville-lumiere-un-joyau-marial-brille-avec-une-requete-au-petit-jour\/#article","isPartOf":{"@id":"https:\/\/editionsbussiere.com\/blog\/dans-la-ville-lumiere-un-joyau-marial-brille-avec-une-requete-au-petit-jour\/"},"author":{"name":"Marie BATICLE","@id":"https:\/\/editionsbussiere.com\/blog\/#\/schema\/person\/ec90e102792148c97e46ab871010dd8f"},"headline":"Dans la Ville Lumi\u00e8re, un joyau marial brille avec une requ\u00eate au petit jour.","datePublished":"2024-08-03T16:05:42+00:00","mainEntityOfPage":{"@id":"https:\/\/editionsbussiere.com\/blog\/dans-la-ville-lumiere-un-joyau-marial-brille-avec-une-requete-au-petit-jour\/"},"wordCount":3978,"publisher":{"@id":"https:\/\/editionsbussiere.com\/blog\/#organization"},"image":{"@id":"https:\/\/editionsbussiere.com\/blog\/dans-la-ville-lumiere-un-joyau-marial-brille-avec-une-requete-au-petit-jour\/#primaryimage"},"thumbnailUrl":"https:\/\/editionsbussiere.com\/blog\/wp-content\/uploads\/2024\/08\/Dans-la-Ville-Lumiere-un-joyau-marial-brille-avec-une.jpg","articleSection":["Editions \u00c9sot\u00e9rique Fond\u00e9e En 1927; D\u00e9p\u00e8ches:"],"inLanguage":"fr-FR"},{"@type":"WebPage","@id":"https:\/\/editionsbussiere.com\/blog\/dans-la-ville-lumiere-un-joyau-marial-brille-avec-une-requete-au-petit-jour\/","url":"https:\/\/editionsbussiere.com\/blog\/dans-la-ville-lumiere-un-joyau-marial-brille-avec-une-requete-au-petit-jour\/","name":"Dans la Ville Lumi\u00e8re, un joyau marial brille avec une requ\u00eate au petit jour. - EDITIONSBUSSIERE","isPartOf":{"@id":"https:\/\/editionsbussiere.com\/blog\/#website"},"primaryImageOfPage":{"@id":"https:\/\/editionsbussiere.com\/blog\/dans-la-ville-lumiere-un-joyau-marial-brille-avec-une-requete-au-petit-jour\/#primaryimage"},"image":{"@id":"https:\/\/editionsbussiere.com\/blog\/dans-la-ville-lumiere-un-joyau-marial-brille-avec-une-requete-au-petit-jour\/#primaryimage"},"thumbnailUrl":"https:\/\/editionsbussiere.com\/blog\/wp-content\/uploads\/2024\/08\/Dans-la-Ville-Lumiere-un-joyau-marial-brille-avec-une.jpg","datePublished":"2024-08-03T16:05:42+00:00","breadcrumb":{"@id":"https:\/\/editionsbussiere.com\/blog\/dans-la-ville-lumiere-un-joyau-marial-brille-avec-une-requete-au-petit-jour\/#breadcrumb"},"inLanguage":"fr-FR","potentialAction":[{"@type":"ReadAction","target":["https:\/\/editionsbussiere.com\/blog\/dans-la-ville-lumiere-un-joyau-marial-brille-avec-une-requete-au-petit-jour\/"]}]},{"@type":"ImageObject","inLanguage":"fr-FR","@id":"https:\/\/editionsbussiere.com\/blog\/dans-la-ville-lumiere-un-joyau-marial-brille-avec-une-requete-au-petit-jour\/#primaryimage","url":"https:\/\/editionsbussiere.com\/blog\/wp-content\/uploads\/2024\/08\/Dans-la-Ville-Lumiere-un-joyau-marial-brille-avec-une.jpg","contentUrl":"https:\/\/editionsbussiere.com\/blog\/wp-content\/uploads\/2024\/08\/Dans-la-Ville-Lumiere-un-joyau-marial-brille-avec-une.jpg","width":900,"height":600,"caption":"Dans la Ville Lumiere un joyau marial brille avec une"},{"@type":"BreadcrumbList","@id":"https:\/\/editionsbussiere.com\/blog\/dans-la-ville-lumiere-un-joyau-marial-brille-avec-une-requete-au-petit-jour\/#breadcrumb","itemListElement":[{"@type":"ListItem","position":1,"name":"Accueil","item":"https:\/\/editionsbussiere.com\/blog\/"},{"@type":"ListItem","position":2,"name":"Dans la Ville Lumi\u00e8re, un joyau marial brille avec une requ\u00eate au petit jour."}]},{"@type":"WebSite","@id":"https:\/\/editionsbussiere.com\/blog\/#website","url":"https:\/\/editionsbussiere.com\/blog\/","name":"EDITIONSBUSSIERE","description":"Editions \u00e9sot\u00e9rique fond\u00e9e en 1927; site historique, A SAVOIR ET RETENIR.","publisher":{"@id":"https:\/\/editionsbussiere.com\/blog\/#organization"},"potentialAction":[{"@type":"SearchAction","target":{"@type":"EntryPoint","urlTemplate":"https:\/\/editionsbussiere.com\/blog\/?s={search_term_string}"},"query-input":{"@type":"PropertyValueSpecification","valueRequired":true,"valueName":"search_term_string"}}],"inLanguage":"fr-FR"},{"@type":"Organization","@id":"https:\/\/editionsbussiere.com\/blog\/#organization","name":"editionsbussiere","url":"https:\/\/editionsbussiere.com\/blog\/","logo":{"@type":"ImageObject","inLanguage":"fr-FR","@id":"https:\/\/editionsbussiere.com\/blog\/#\/schema\/logo\/image\/","url":"https:\/\/editionsbussiere.com\/blog\/wp-content\/uploads\/2023\/09\/cropped-buss.gif","contentUrl":"https:\/\/editionsbussiere.com\/blog\/wp-content\/uploads\/2023\/09\/cropped-buss.gif","width":298,"height":120,"caption":"editionsbussiere"},"image":{"@id":"https:\/\/editionsbussiere.com\/blog\/#\/schema\/logo\/image\/"}},{"@type":"Person","@id":"https:\/\/editionsbussiere.com\/blog\/#\/schema\/person\/ec90e102792148c97e46ab871010dd8f","name":"Marie BATICLE","image":{"@type":"ImageObject","inLanguage":"fr-FR","@id":"https:\/\/secure.gravatar.com\/avatar\/c923e52403b1b8137e2d929127211d21967e6aecaa053bd43b09da29f212e76e?s=96&d=mm&r=g","url":"https:\/\/secure.gravatar.com\/avatar\/c923e52403b1b8137e2d929127211d21967e6aecaa053bd43b09da29f212e76e?s=96&d=mm&r=g","contentUrl":"https:\/\/secure.gravatar.com\/avatar\/c923e52403b1b8137e2d929127211d21967e6aecaa053bd43b09da29f212e76e?s=96&d=mm&r=g","caption":"Marie BATICLE"},"url":"https:\/\/editionsbussiere.com\/blog\/author\/eremarie\/"}]}},"_links":{"self":[{"href":"https:\/\/editionsbussiere.com\/blog\/wp-json\/wp\/v2\/posts\/1085","targetHints":{"allow":["GET"]}}],"collection":[{"href":"https:\/\/editionsbussiere.com\/blog\/wp-json\/wp\/v2\/posts"}],"about":[{"href":"https:\/\/editionsbussiere.com\/blog\/wp-json\/wp\/v2\/types\/post"}],"author":[{"embeddable":true,"href":"https:\/\/editionsbussiere.com\/blog\/wp-json\/wp\/v2\/users\/3"}],"replies":[{"embeddable":true,"href":"https:\/\/editionsbussiere.com\/blog\/wp-json\/wp\/v2\/comments?post=1085"}],"version-history":[{"count":0,"href":"https:\/\/editionsbussiere.com\/blog\/wp-json\/wp\/v2\/posts\/1085\/revisions"}],"wp:featuredmedia":[{"embeddable":true,"href":"https:\/\/editionsbussiere.com\/blog\/wp-json\/wp\/v2\/media\/1086"}],"wp:attachment":[{"href":"https:\/\/editionsbussiere.com\/blog\/wp-json\/wp\/v2\/media?parent=1085"}],"wp:term":[{"taxonomy":"category","embeddable":true,"href":"https:\/\/editionsbussiere.com\/blog\/wp-json\/wp\/v2\/categories?post=1085"},{"taxonomy":"post_tag","embeddable":true,"href":"https:\/\/editionsbussiere.com\/blog\/wp-json\/wp\/v2\/tags?post=1085"}],"curies":[{"name":"wp","href":"https:\/\/api.w.org\/{rel}","templated":true}]}}