{"id":1077,"date":"2024-08-02T21:20:53","date_gmt":"2024-08-02T19:20:53","guid":{"rendered":"https:\/\/editionsbussiere.com\/blog\/soeur-mary-cabrini-bonnett-ancienne-receptionniste-de-bon-secours-decede-a-97-ans-et-supplication-du-matin\/"},"modified":"2024-08-02T21:20:53","modified_gmt":"2024-08-02T19:20:53","slug":"soeur-mary-cabrini-bonnett-ancienne-receptionniste-de-bon-secours-decede-a-97-ans-et-supplication-du-matin","status":"publish","type":"post","link":"https:\/\/editionsbussiere.com\/blog\/soeur-mary-cabrini-bonnett-ancienne-receptionniste-de-bon-secours-decede-a-97-ans-et-supplication-du-matin\/","title":{"rendered":"S\u0153ur Mary Cabrini Bonnett, ancienne r\u00e9ceptionniste de Bon Secours, d\u00e9c\u00e8de \u00e0 97 ans\n et supplication du matin."},"content":{"rendered":"<div><img width=\"580\" height=\"387\" src=\"https:\/\/editionsbussiere.com\/blog\/wp-content\/uploads\/2024\/08\/Soeur-Mary-Cabrini-Bonnett-ancienne-receptionniste-de-Bon-Secours-decede.jpg\" class=\"attachment-large size-large wp-post-image\" alt=\"S\u0153ur Mary Cabrini Bonnett, ancienne r\u00e9ceptionniste de Bon Secours, d\u00e9c\u00e8de\" style=\"float:left; margin:0 15px 15px 0;\" decoding=\"async\" srcset=\"https:\/\/editionsbussiere.com\/blog\/wp-content\/uploads\/2024\/08\/Soeur-Mary-Cabrini-Bonnett-ancienne-receptionniste-de-Bon-Secours-decede.jpg 900w, https:\/\/www.n42.fr\/wp-content\/uploads\/2024\/08\/Soeur-Mary-Cabrini-Bonnett-ancienne-receptionniste-de-Bon-Secours-decede-300x200.jpg 300w, https:\/\/www.n42.fr\/wp-content\/uploads\/2024\/08\/Soeur-Mary-Cabrini-Bonnett-ancienne-receptionniste-de-Bon-Secours-decede-768x512.jpg 768w\" sizes=\"(max-width: 580px) 100vw, 580px\"><\/p>\n<p>\n<\/p>\n<div>\n<p>Une messe fun\u00e9raire pour la s\u0153ur du Bon Secours Mary Cabrini Bonnett sera c\u00e9l\u00e9br\u00e9e le 6 ao\u00fbt \u00e0 la chapelle de son ordre \u00e0 Marriottsville. S\u0153ur Cabrini est d\u00e9c\u00e9d\u00e9e le 30 juillet. Elle avait 97 ans et \u00e9tait membre professe des S\u0153urs du Bon Secours depuis 67 ans.<\/p>\n<p>N\u00e9e et \u00e9lev\u00e9e \u00e0 East Baltimore, elle \u00e9tait la deuxi\u00e8me des cinq enfants de William Bonnett, membre du conseil municipal de Baltimore. Sa m\u00e8re, Agnes, \u00e9tait connue pour nourrir les pauvres avec les restes de son restaurant.<\/p>\n<p>S\u0153ur Cabrini a travaill\u00e9 pendant plus de 20 ans comme r\u00e9ceptionniste au bureau du Bon Secours Health System \u00e0 Marriottsville. En 2007, le b\u00e2timent du d\u00e9partement informatique du syst\u00e8me de sant\u00e9 \u00e0 Richmond, en Virginie, a \u00e9t\u00e9 baptis\u00e9 Sister Mary Cabrini Building en reconnaissance de ses ann\u00e9es de service.<\/p>\n<p>Apr\u00e8s avoir obtenu son dipl\u00f4me du lyc\u00e9e Notre Dame du Maryland et de l\u2019\u00e9cole de secr\u00e9tariat Bard-Avon, s\u0153ur Cabrini a travaill\u00e9 \u00e0 la raffinerie Exxon de Baltimore. Mais elle voulait consacrer sa vie \u00e0 aider les autres et \u00e0 appliquer les valeurs religieuses qu\u2019elle avait apprises \u00e9tant enfant, selon une biographie des s\u0153urs du Bon Secours. Elle a entendu parler du travail de la congr\u00e9gation des s\u0153urs du Bon Secours en 1948 et est entr\u00e9e dans la congr\u00e9gation six semaines plus tard pour devenir infirmi\u00e8re.<\/p>\n<p>S\u0153ur Cabrini a obtenu son dipl\u00f4me de l\u2019\u00e9cole d\u2019infirmi\u00e8res de l\u2019h\u00f4pital Bon Secours en 1953 et a prononc\u00e9 ses v\u0153ux perp\u00e9tuels en 1957. Elle a exerc\u00e9 comme infirmi\u00e8re \u00e0 l\u2019h\u00f4pital Bon Secours de Baltimore, o\u00f9 elle \u00e9tait connue pour son travail dans les services de maternit\u00e9 et d\u2019urgence, et \u00e0 l\u2019h\u00f4pital Johns Hopkins. Elle a \u00e9galement exerc\u00e9 \u00e0 l\u2019h\u00f4pital Mount Sinai de New York et au foyer pour enfants St. Edmond de Philadelphie.<\/p>\n<p>En 1964, elle fut nomm\u00e9e sup\u00e9rieure et administratrice de la maison de convalescence Bon Secours Angelus \u00e0 Wildwood, dans le New Jersey, l\u2019une de ses missions pr\u00e9f\u00e9r\u00e9es. En reconnaissance de son travail dans cet \u00e9tablissement, elle fut nomm\u00e9e chef honoraire des pompiers et de la police et \u00e9lue \u00ab Femme de l\u2019ann\u00e9e \u00bb.<\/p>\n<p>S\u0153ur Rose Marie Jasinski, responsable de la congr\u00e9gation des S\u0153urs du Bon Secours, a d\u00e9clar\u00e9 : \u00ab S\u0153ur Cabrini a d\u00e9velopp\u00e9 de nombreuses amiti\u00e9s durables au cours de ses ann\u00e9es au sein du syst\u00e8me de sant\u00e9, dont beaucoup ont appris \u00e0 conna\u00eetre et \u00e0 appr\u00e9cier sa sagesse, son humour et sa perspicacit\u00e9 sur les myst\u00e8res de la vie. \u00bb<\/p>\n<p>S\u0153ur Pat Dowling, directrice internationale des vocations des S\u0153urs du Bon Secours, a d\u00e9clar\u00e9 : \u00ab D\u00e8s sa plus tendre enfance, S\u0153ur Cabrini a eu un amour pour les personnes dans le besoin et a appris que penser aux autres passait toujours en premier. \u00bb<\/p>\n<p>S\u0153ur Elaine Davia, responsable de la zone des S\u0153urs du Bon Secours aux \u00c9tats-Unis, a d\u00e9clar\u00e9 : \u00ab S\u0153ur Cabrini \u00e9tait connue pour son engagement \u00e0 aider les autres tout au long de sa vie, que ce soit en travaillant dans un h\u00f4pital ou en accueillant les gens \u00e0 la r\u00e9ception du Bon Secours Health System. Son accueil chaleureux et sa fa\u00e7on caract\u00e9ristique de \u00ab dire les choses comme elles sont \u00bb font encore sourire ceux qui la connaissaient. \u00bb<\/p>\n<p>S\u0153ur Cabrini laisse dans le deuil sa s\u0153ur, s\u0153ur Maris Bonnett de Holy Cross, Indiana, et son fr\u00e8re Jake.<\/p>\n<section class=\"ab-block-post-grid featuredpost aligncenter\">\n<h2 class=\"ab-post-grid-section-title\">Lire plus d\u2019avis n\u00e9crologiques<\/h2>\n<div class=\"ab-post-grid-items is-grid columns-3\">\n<article id=\"post-249430\" class=\"ab-post-grid-item post-249430 post type-post status-publish format-standard has-post-thumbnail category-journalism category-news category-obituaries category-world-news entry\">\n<div class=\"ab-block-post-grid-image\"><img loading=\"lazy\" decoding=\"async\" width=\"900\" height=\"600\" src=\"https:\/\/editionsbussiere.com\/blog\/wp-content\/uploads\/2024\/08\/spence-obit-franny.jpg\" class=\"attachment-full size-full\" alt=\"\" srcset=\"https:\/\/editionsbussiere.com\/blog\/wp-content\/uploads\/2024\/08\/spence-obit-franny.jpg 900w, https:\/\/catholicreview.org\/wp-content\/uploads\/2024\/07\/spence-obit-franny-300x200.jpg 300w, https:\/\/catholicreview.org\/wp-content\/uploads\/2024\/07\/spence-obit-franny-768x512.jpg 768w, https:\/\/catholicreview.org\/wp-content\/uploads\/2024\/07\/spence-obit-franny-600x400.jpg 600w\" sizes=\"auto, (max-width: 900px) 100vw, 900px\"><\/div>\n<div class=\"ab-block-post-grid-text\">\n<header class=\"ab-block-post-grid-header\">\n<h3 class=\"ab-block-post-grid-title\">Tony Spence, journaliste catholique chevronn\u00e9, d\u00e9c\u00e8de \u00e0 71 ans ; il a qualifi\u00e9 son travail de \u00ab vocation que j\u2019aime vraiment \u00bb<\/h3>\n<\/header>\n<\/div>\n<\/article>\n<article id=\"post-249257\" class=\"ab-post-grid-item post-249257 post type-post status-publish format-standard has-post-thumbnail category-feature category-local-news category-news category-obituaries entry\">\n<div class=\"ab-block-post-grid-image\"><img loading=\"lazy\" decoding=\"async\" width=\"700\" height=\"467\" src=\"https:\/\/editionsbussiere.com\/blog\/wp-content\/uploads\/2024\/08\/Hallacher-Janice-Marie-1952.jpg\" class=\"attachment-full size-full\" alt=\"\" srcset=\"https:\/\/editionsbussiere.com\/blog\/wp-content\/uploads\/2024\/08\/Hallacher-Janice-Marie-1952.jpg 700w, https:\/\/catholicreview.org\/wp-content\/uploads\/2024\/07\/Hallacher-Janice-Marie-1952-300x200.jpg 300w, https:\/\/catholicreview.org\/wp-content\/uploads\/2024\/07\/Hallacher-Janice-Marie-1952-600x400.jpg 600w\" sizes=\"auto, (max-width: 700px) 100vw, 700px\"><\/div>\n<div class=\"ab-block-post-grid-text\">\n<header class=\"ab-block-post-grid-header\">\n<h3 class=\"ab-block-post-grid-title\">S\u0153ur Janice Marie Hallacher, ancienne directrice du lyc\u00e9e catholique, d\u00e9c\u00e8de \u00e0 92 ans<\/h3>\n<\/header>\n<\/div>\n<\/article>\n<article id=\"post-249210\" class=\"ab-post-grid-item post-249210 post type-post status-publish format-standard has-post-thumbnail category-feature category-local-news category-news category-obituaries entry\">\n<div class=\"ab-block-post-grid-image\"><img loading=\"lazy\" decoding=\"async\" width=\"900\" height=\"600\" src=\"https:\/\/editionsbussiere.com\/blog\/wp-content\/uploads\/2024\/08\/bauermann-obit.jpg\" class=\"attachment-full size-full\" alt=\"\" srcset=\"https:\/\/editionsbussiere.com\/blog\/wp-content\/uploads\/2024\/08\/bauermann-obit.jpg 900w, https:\/\/catholicreview.org\/wp-content\/uploads\/2024\/07\/bauermann-obit-300x200.jpg 300w, https:\/\/catholicreview.org\/wp-content\/uploads\/2024\/07\/bauermann-obit-768x512.jpg 768w, https:\/\/catholicreview.org\/wp-content\/uploads\/2024\/07\/bauermann-obit-600x400.jpg 600w\" sizes=\"auto, (max-width: 900px) 100vw, 900px\"><\/div>\n<div class=\"ab-block-post-grid-text\">\n<header class=\"ab-block-post-grid-header\">\n<h3 class=\"ab-block-post-grid-title\">Charles Bauermann, d\u00e9fenseur des m\u00e9dias catholiques et des vocations religieuses, d\u00e9c\u00e8de \u00e0 91 ans<\/h3>\n<\/header>\n<\/div>\n<\/article>\n<article id=\"post-248907\" class=\"ab-post-grid-item post-248907 post type-post status-publish format-standard has-post-thumbnail category-deacons category-feature category-local-news category-news category-obituaries entry\">\n<div class=\"ab-block-post-grid-image\"><img loading=\"lazy\" decoding=\"async\" width=\"900\" height=\"600\" src=\"https:\/\/editionsbussiere.com\/blog\/wp-content\/uploads\/2024\/08\/Deacon-Manley-obit-cr.jpg\" class=\"attachment-full size-full\" alt=\"\" srcset=\"https:\/\/editionsbussiere.com\/blog\/wp-content\/uploads\/2024\/08\/Deacon-Manley-obit-cr.jpg 900w, https:\/\/catholicreview.org\/wp-content\/uploads\/2024\/07\/Deacon-Manley-obit-cr-300x200.jpg 300w, https:\/\/catholicreview.org\/wp-content\/uploads\/2024\/07\/Deacon-Manley-obit-cr-768x512.jpg 768w, https:\/\/catholicreview.org\/wp-content\/uploads\/2024\/07\/Deacon-Manley-obit-cr-600x400.jpg 600w\" sizes=\"auto, (max-width: 900px) 100vw, 900px\"><\/div>\n<div class=\"ab-block-post-grid-text\">\n<header class=\"ab-block-post-grid-header\">\n<h3 class=\"ab-block-post-grid-title\">John \u00ab Skip \u00bb Manley, l\u2019un des diacres les plus anciens de l\u2019archidioc\u00e8se, d\u00e9c\u00e8de \u00e0 l\u2019\u00e2ge de 84 ans<\/h3>\n<\/header>\n<\/div>\n<\/article>\n<article id=\"post-248614\" class=\"ab-post-grid-item post-248614 post type-post status-publish format-standard has-post-thumbnail category-local-news category-news category-obituaries entry\">\n<div class=\"ab-block-post-grid-image\"><img loading=\"lazy\" decoding=\"async\" width=\"900\" height=\"600\" src=\"https:\/\/editionsbussiere.com\/blog\/wp-content\/uploads\/2024\/08\/obit-sister-juliani.jpg\" class=\"attachment-full size-full\" alt=\"\" srcset=\"https:\/\/editionsbussiere.com\/blog\/wp-content\/uploads\/2024\/08\/obit-sister-juliani.jpg 900w, https:\/\/catholicreview.org\/wp-content\/uploads\/2024\/07\/obit-sister-juliani-300x200.jpg 300w, https:\/\/catholicreview.org\/wp-content\/uploads\/2024\/07\/obit-sister-juliani-768x512.jpg 768w, https:\/\/catholicreview.org\/wp-content\/uploads\/2024\/07\/obit-sister-juliani-600x400.jpg 600w\" sizes=\"auto, (max-width: 900px) 100vw, 900px\"><\/div>\n<div class=\"ab-block-post-grid-text\">\n<header class=\"ab-block-post-grid-header\">\n<h3 class=\"ab-block-post-grid-title\">S\u0153ur Leonora Juliani, enseignante dans les \u00e9coles de Baltimore, d\u00e9c\u00e8de \u00e0 l\u2019occasion de son 95e anniversaire<\/h3>\n<\/header>\n<\/div>\n<\/article>\n<article id=\"post-248466\" class=\"ab-post-grid-item post-248466 post type-post status-publish format-standard has-post-thumbnail category-feature category-local-news category-news category-obituaries entry\">\n<div class=\"ab-block-post-grid-image\"><img loading=\"lazy\" decoding=\"async\" width=\"900\" height=\"600\" src=\"https:\/\/editionsbussiere.com\/blog\/wp-content\/uploads\/2024\/08\/obit-morrisey-web.jpg\" class=\"attachment-full size-full\" alt=\"\" srcset=\"https:\/\/editionsbussiere.com\/blog\/wp-content\/uploads\/2024\/08\/obit-morrisey-web.jpg 900w, https:\/\/catholicreview.org\/wp-content\/uploads\/2024\/07\/obit-morrisey-web-300x200.jpg 300w, https:\/\/catholicreview.org\/wp-content\/uploads\/2024\/07\/obit-morrisey-web-768x512.jpg 768w, https:\/\/catholicreview.org\/wp-content\/uploads\/2024\/07\/obit-morrisey-web-600x400.jpg 600w\" sizes=\"auto, (max-width: 900px) 100vw, 900px\"><\/div>\n<div class=\"ab-block-post-grid-text\">\n<header class=\"ab-block-post-grid-header\">\n<h3 class=\"ab-block-post-grid-title\">S\u0153ur Catherine Morrissey, qui a exerc\u00e9 son minist\u00e8re dans l\u2019\u00e9ducation sp\u00e9cialis\u00e9e pendant 44 ans \u00e0 Baltimore, d\u00e9c\u00e8de \u00e0 98 ans<\/h3>\n<\/header>\n<\/div>\n<\/article>\n<\/div>\n<\/section>\n<p class=\"post-copyright\">Droits d\u2019auteur \u00a9 2024 Catholic Review Media<\/p>\n<p class=\"print-friendly\"><img decoding=\"async\" class=\"WP-PrintIcon\" src=\"https:\/\/editionsbussiere.com\/blog\/wp-content\/uploads\/2024\/08\/printer_famfamfam.gif\" alt=\"Imprimer\" title=\"Imprimer\" style=\"border: 0px;\"> Imprimer<\/p>\n<p>\t\t\t<!--<rdf:RDF xmlns:rdf=\"http:\/\/www.w3.org\/1999\/02\/22-rdf-syntax-ns#\"\n\t\t\txmlns:dc=\"http:\/\/purl.org\/dc\/elements\/1.1\/\"\n\t\t\txmlns:trackback=\"http:\/\/madskills.com\/public\/xml\/rss\/module\/trackback\/\">\n\t\t<rdf:Description rdf:about=\"https:\/\/catholicreview.org\/sister-mary-cabrini-bonnett-former-bon-secours-receptionist-dies-at-97\/\"\n    dc:identifier=\"https:\/\/catholicreview.org\/sister-mary-cabrini-bonnett-former-bon-secours-receptionist-dies-at-97\/\"\n    dc:title=\"Sister Mary Cabrini Bonnett, former Bon Secours receptionist, dies at 97\"\n    trackback:ping=\"https:\/\/catholicreview.org\/sister-mary-cabrini-bonnett-former-bon-secours-receptionist-dies-at-97\/trackback\/\" \/>\n<\/rdf:RDF>-->\n<\/p>\n<\/div>\n<h2>Un de pri\u00e8re intime afin de nous ouvrir envers Dieu. <\/h2>\n<p>Cher P\u00e8re divin, je me pr\u00e9sente face \u00e0 toi afin de te rendre gr\u00e2ce \u00e0 cause de cette in\u00e9dite journ\u00e9e. Je t\u2019adore en raison de ta bont\u00e9 ainsi que ta loyaut\u00e9 envers moi. Je te demande de me remplir de ta saintet\u00e9 et de m\u2019accorder la gr\u00e2ce d\u2019\u00e9prouver ta pr\u00e8s de moi pendant toute la dur\u00e9e de cette journ\u00e9e. Je te remets toutes mes soucis, mes joies, mes afflictions, mes aspirations et mes espoirs. Que ton Saint-Esprit \u00e9claire mon esprit et renforce ma foi, pour que je puisse cheminer dans tes voies et effectuer ta volont\u00e9. Accorde-moi la gr\u00e2ce de mener selon la compassion que tu nous as illustr\u00e9 l\u2019exemple \u00e0 travers ton Fils bien-aim\u00e9, J\u00e9sus-Christ.<\/p>\n<h3> Note \u00e0 propos de compr\u00e9hension : <\/h3>\n<p>L\u2019acte de pri\u00e8re nous plonge dans la famille c\u00e9leste, o\u00f9 le Seigneur le Cr\u00e9ateur nous prend comme ses prog\u00e9nitures bien-aim\u00e9s. \u00c0 travers cette relation familial, nous rencontrons le courage et aussi la consolation en vue de traverser les d\u00e9fis du. La pri\u00e8re nous renvoie \u00e0 la parole de l\u2019ap\u00f4tre Pierre, celui-ci exhorte les disciples du Christ \u00e0 demeurer fermes dans leur foi, m\u00eame face \u00e0 au milieu des tourments de ce monde.<\/p>\n<h3>\nRenforcer notre connexion envers J\u00e9sus d\u00e8s chaque matin<\/h3>\n<p>Nous sommes capables de ruminer sur l\u2019un des diff\u00e9rents \u00e9vangiles en vue de nous connecter avec J\u00e9sus. Par exemple :<\/p>\n<h3>Jean 15, 9-17 : <\/h3>\n<p>\u00a0\u00bb Ce n\u2019est pas vous qui m\u2019avez choisi; mais c\u2019est moi qui vous ai choisis, et qui vous ai \u00e9tablis, afin que vous alliez, et que vous portiez du fruit, et que votre fruit demeure, afin que ce que vous demanderez au P\u00e8re en mon nom, il vous le donne. Ce que je vous commande, c\u2019est de vous aimer les uns les autres.\u00a0\u00bb<\/p>\n<h2> Demander pardon \u00e0 Dieu \u00e0 cause de nos p\u00e9ch\u00e9s <\/h2>\n<p>Seigneur J\u00e9sus, j\u2019arrive te supplier de pardonner mes propres p\u00e9ch\u00e9s. Je suis que je ne suis pas sans d\u00e9faut et que j\u2019ai besoin de ta sainte mis\u00e9ricorde. Je te demande de me d\u00e9livrer de toute ce qui me d\u00e9tache de toi et de me accorder la gr\u00e2ce afin de vivre en conformit\u00e9 avec ta volont\u00e9. Que ta b\u00e9n\u00e9diction sacr\u00e9e illumine les endroits les plus sombres de mon c\u0153ur, purifiant mon \u00eatre et me conduisant sur le chemin de la saintet\u00e9. Amen.<\/p>\n<h3> Discussion envers le Seigneur comme parler avec un ami. <\/h3>\n<p>Nous avons la possibilit\u00e9 de parler envers Dieu de la m\u00eame mani\u00e8re que envers un ami intime, le Seigneur confier nos joies et nos peines, le Seigneur demander de l\u2019aide dans nos d\u00e9fis quotidiens. Par exemple : Ma\u00eetre, gr\u00e2ce pour cette fra\u00eeche journ\u00e9e. Je viens te prier de \u00e0 \u00eatre calme \u00e0 l\u2019\u00e9gard de mes enfants et pour me donner la puissance de faire face aux d\u00e9fis de la journ\u00e9e. Je te confie mes projets et mes soucis, et je supplie de me montrer de quelle fa\u00e7on je ai la capacit\u00e9 de te servir et t\u2019honorer aujourd\u2019hui. Accorde-moi, \u00f4 Seigneur, ta connaissance afin de prendre les bonnes d\u00e9cisions et ton soutien pour traverser les \u00e9preuves avec foi. Amen.<\/p>\n<h3> Un moment de tranquillit\u00e9 pour entendre Dieu. <\/h3>\n<p>Apr\u00e8s une pri\u00e8re et la m\u00e9ditation, il est important de prendre un bref moment de silence en vue de \u00e9couter la voix de Dieu dans nos propres c\u0153urs. Dans ce silence, on peut ressentir sa pr\u00e9sence sereine et accueillir ses inspirations afin de la journ\u00e9e qui vient.<\/p>\n<h3> Se orienter vers le Christ pour d\u00e9couvrir une paix int\u00e9rieure. <\/h3>\n<p>Nous sommes capables de prier J\u00e9sus m\u2019assister nous accorder sa paix et de nous aider \u00e0 \u00e9couter sa parole. Par exemple :<br \/>\nSeigneur J\u00e9sus, j\u2019arrive te prier m\u2019assister remplir mon c\u0153ur avec ta tendresse. Je te demande de me lib\u00e9rer de chaque pens\u00e9es et les diff\u00e9rentes inqui\u00e9tudes qui. Aide-moi en vue de \u00e9couter ta parole et \u00e0 la mettre en pratique dans ma vie. Que ton Esprit Saint, \u00f4 Christ, soit ma force pendant toute la dur\u00e9e de cette journ\u00e9e. Amen.<\/p>\n<h3> Achever notre pri\u00e8re matinale en consacrant notre journ\u00e9e pour Dieu. <\/h3>\n<p>Nous sommes en mesure d\u2019offrir la journ\u00e9e envers Dieu m\u00eame lui demander de la remplir de sa pr\u00e9sence et aussi de sa b\u00e9n\u00e9diction. Par exemple :<br \/>\nSeigneur, nous te confesse cette journ\u00e9e entre vos mains. Que chacun de mes pas soit dirig\u00e9 par ton sagesse, que toutes de mes paroles soit inspir\u00e9e par votre amour. Que toutes mes actions soient accomplies selon ta divine volont\u00e9, pour ton gloire et le bien. Que ton lumi\u00e8re \u00e9claire ma route et \u00e9galement que tu habites mon c\u0153ur. Amen.<\/p>\n<h3> Invocation de demande matinale. <\/h3>\n<p>La pri\u00e8re du matin consiste \u00e0 implorer pour les besoins de nos chr\u00e9tiennes et de tous les chr\u00e9tiens. Nous pouvons prier pour les personnes dans le besoin, pour les malades, pour les personnes qui sont souffrent, pour les personnes qui confront\u00e9es \u00e0 des difficult\u00e9s, pour les personnes d\u00e9courag\u00e9es et pour les personnes qui dans l\u2019erreur.<\/p>\n<h3> Prier pour chacun individus au sein de le besoin. <\/p>\n<h3>\n<\/h3>\n<\/h3>\n<p>Seigneur, dans ta grande mis\u00e9ricorde, je te supplions en vue de toutes personnes qui traversent de difficult\u00e9s financi\u00e8res. Que vous leur accordes la force et aussi la pers\u00e9v\u00e9rance en vue de affronter ces \u00e9preuves, ainsi que que tu leur apportes les ressources n\u00e9cessaires pour subvenir \u00e0 leurs besoins. Accorde-leur, Dieu Tout-Puissant, sa providence pour guider leur pas dans les t\u00e9n\u00e8bres de leurs soucis financiers.<\/p>\n<p>Nous te implorons \u00e9galement pour toutes personnes qui luttent vis-\u00e0-vis de d\u2019innombrables probl\u00e8mes de sant\u00e9. Que votre main puissante se pose sur elles, Seigneur, pour les gu\u00e9rir ainsi que les r\u00e9conforter dans leur douleur. Accorde-leur, Grand, la force ainsi que le courage de faire face \u00e0 leurs d\u00e9fis de sant\u00e9 en ayant confiance en votre divine providence.<\/p>\n<p>Nous te implorons aussi pour chaque personnes qui sont confront\u00e9es \u00e0 de difficult\u00e9s dans leur vie, quelle que soit ce soit sur le secteur professionnel, relationnel ou bien \u00e9motionnel. Que sa gr\u00e2ce, Seigneur, soit leur soutien ainsi que leur r\u00e9confort dans ces moments d\u2019\u00e9preuve. Accorde-leur, \u00f4, ton Esprit Saint pour guider leur chemin et aussi les guider vers la s\u00e9r\u00e9nit\u00e9.<\/p>\n<p>En conclusion, nous lui prions afin de l\u2019ensemble des personnes qui sont sans-abri, qui sont marginalis\u00e9es ainsi que exclues de la soci\u00e9t\u00e9. Que votre mis\u00e9ricorde, Seigneur, se r\u00e9pande sur elles comme une certaine douce ros\u00e9e, leur apportant r\u00e9confort et \u00e9galement espoir dans leur d\u00e9tresse. Accorde-leur, Dieu Tout-Puissant, des mains g\u00e9n\u00e9reuses pour les aider ainsi que des c\u0153urs compatissants afin de les accueillir dans leur communaut\u00e9.<\/p>\n<h3> d\u00e9veloppement sur la pri\u00e8re du matin. <\/h3>\n<p>Au cours de la pri\u00e8re, nous \u00e9voquons nos \u00e2mes envers le Ciel, implorant la lumi\u00e8re de Dieu pour \u00e9clairer nos chemins obscurs. Marie, notre m\u00e8re, nous soutient dans ce voyage, nous \u00e9duquant \u00e0 m\u00e9diter sur les myst\u00e8res de la vie de son divin enfant. Elle nous guide vers J\u00e9sus, le rayon du monde, qui illumine nos t\u00e9n\u00e8bres et nous conduit \u00e0 la v\u00e9rit\u00e9.<br \/>\nLa pri\u00e8re nous relie aussi \u00e0 notre communaut\u00e9 spirituelle, la assembl\u00e9e des croyants, o\u00f9 nous communiquons nos contentements et nos douleurs, nos espoirs et nos anxi\u00e9t\u00e9s. Collectivement, nous formons le corps du Christ, convoqu\u00e9s \u00e0 attester de son amour. Par nos supplications, nous sollicitons pour les besoins des croyantes et des fid\u00e8les, pr\u00e9sentant notre charit\u00e9 et notre compassion \u00e0 ceux qui souffrent.<br \/>\nJoignons nos c\u0153urs dans la pri\u00e8re du matin, dans l\u2019unit\u00e9 de notre foi, en Marie, la m\u00e8re de J\u00e9sus. Dans notre monde tourment\u00e9 par les conflits et la discorde, optons \u00e0 la pri\u00e8re pour trouver pour retrouver la paix et l\u2019harmonie. Tout chr\u00e9tien peut \u00e9crire une sollicitation pour la m\u00e8re de dieu <a target=\"_blank\" rel=\"nofollow\" href=\"https:\/\/editionsbussiere.com\/blog\/goto\/https:\/\/www.avemariasound.org\/\" >sur le web.<\/a> Que nos pri\u00e8res s\u2019\u00e9l\u00e8vent vers le ciel, comme une offrande re\u00e7u avec faveur \u00e0 Dieu, afin qu\u2019il puisse \u00e9clairer nos pas vers le chemin de la v\u00e9rit\u00e9 et de la justice. L\u2019ap\u00f4tre Paul nous exhorte dans ses lettres \u00e0 prier sans cesse, quelle que soit la situation, pour que notre communion \u00e0 Dieu reste solide et ardente. La pri\u00e8re, quand elle est sinc\u00e8rement offerte, a le pouvoir de transformer nos c\u0153urs et d\u2019influer le destin de l\u2019histoire.<\/p>\n<h2> \u00c9lever nos propres pri\u00e8res pour nos proches au Seigneur de bon matin.<\/h2>\n<p>L\u2019ultime ultime partie de la pri\u00e8re du matin consiste \u00e0 prier pour nos proches amis, notre famille, nos coll\u00e8gues et notre propre communaut\u00e9. Nous pouvons prier pour leur bien-\u00eatre, leur bonheur, leur s\u00fbret\u00e9, et leur abondance. Nous pouvons \u00e9galement prier pour nos ennemis et pour celles qui nous ont heurt\u00e9s, et demander \u00e0 Dieu de nous aider \u00e0 leur propre pardonner et \u00e0 leur d\u00e9montrer la compassion.<\/p>\n<h3> Implorer pour la sant\u00e9 et la tranquillit\u00e9 de nos familles.<\/h3>\n<p>Seigneur, nous te confions nos proches, nos familles avec nos amis. Veille, \u00d4 Dieu, au-dessus de eux, avec prot\u00e8ge -les de tout p\u00e9ril et de toute maladie. Accorde, \u00d4 Seigneur, la bien-\u00eatre du corps ainsi que de l\u2019esprit \u00e0 eux, et la paix dans leur c\u0153ur. Puissante soit la volont\u00e9 pour que ta main puissante les garde et les individus conduise tout au long de cette journ\u00e9e, pour qu\u2019ils puissent vivre dans une tranquillit\u00e9 et aussi la paix.<\/p>\n<p>Nous autres vers toi prions aussi pour notre enfants, Dieu, qu\u2019ils grandissent dans la foi ainsi que dans l\u2019amour de ton sacr\u00e9 nom. Offre, \u00d4 Dieu, une sagesse et le courage n\u00e9cessaires afin de faire face \u00e0 les d\u00e9fis de la vie, ainsi que guide leurs pas le long de le chemin de la v\u00e9rit\u00e9 et aussi de la justice.<\/p>\n<p>Enfin, nous te prions en vue de nos amis et nos voisins, Seigneur, pour qu\u2019ils connaissent la joie de ton amour et la paix de ton pardon. Accorde-leur, \u00f4 Dieu, des c\u0153urs g\u00e9n\u00e9reux en vue de partager avec ceux que dans le besoin, et aussi des accueillantes pour accueillir ceux qui seuls et abandonn\u00e9s.<\/p>\n<h3> Prier pour les n\u00f4tres ennemis et ceux qui sont nous-m\u00eames ont offens\u00e9s. <\/h3>\n<p>Seigneur Dieu, le Christ, nous t\u2019 prions pour les n\u00f4tres ennemis et pour ces que nous autres ont offens\u00e9s. Accorde-leur, \u00f4 J\u00e9sus, ta mis\u00e9ricorde et aussi votre pardon, ainsi que ouvre leur c\u0153ur \u00e0 la lumi\u00e8re des ta v\u00e9rit\u00e9. Aide-nous, Seigneur Dieu, \u00e0 leur montrer de la compassion et aussi \u00e0 leur pardonner comme tu nous autres as pardonn\u00e9. Que ta paix r\u00e8gne dans notre c\u0153urs et aussi que ton amour guide notre actions, pour que nous puissions vivre en harmonie avec tous ceux qui nous entourent.<\/p>\n<h3> Saisir l\u2019 pri\u00e8re : <\/h3>\n<p>Pour terminer, l\u2019 invocation nous reconna\u00eet notre mission tel que enfant de l\u2019\u00c9ternel : se trouver des t\u00e9moin de sa lumi\u00e8re et de ses affection dans une p\u00e9riode affect\u00e9e aux obscurit\u00e9s. \u00c0 travers nos mots et notre \u0153uvres, nous propageons le message de l\u2019 paix et de la r\u00e9conciliation, amenant l\u2019espoir et la cicatrisation \u00e0 un contexte ab\u00eem\u00e9.<\/p>\n<p>\u00c0 l\u2019int\u00e9rieur de la spiritualit\u00e9 chr\u00e9tienne, le lever du jour adopte une valeur distincte, repr\u00e9sentant l\u2019 rafra\u00eechissement et la reconstruction spirituelle. C\u2019est \u00e0 l\u2019aube de chaque journ\u00e9e que l\u2019esprit se tourne vers le Seigneur dans la pri\u00e8re, cherchant \u00e0 devenir \u00e9clair\u00e9e par la lumi\u00e8re divine. L\u2019habitude des pri\u00e8res matinales s\u2019av\u00e8re profond\u00e9ment enracin\u00e9e dans la tradition chr\u00e9tienne, offrant un moment particulier pour se connecter avec le Seigneur et se pr\u00e9parer int\u00e9rieurement aux \u00e9preuves de la journ\u00e9e qui s\u2019annonce.<\/p>\n<p>Au au sein de ces oraisons matinales s\u2019 trouve habituellement une d\u00e9votion sp\u00e9ciale pour Marie, maman maternelle de J\u00e9sus et aussi personnage sainte ador\u00e9e par de nombreux fid\u00e8les. En qualit\u00e9 m\u00e8re m\u00e9diatrice entre les hommes et Dieu, Marie est invoqu\u00e9e pour interc\u00e9der en notre nom, nous-m\u00eames guidant sur le sentier de la saintet\u00e9 ainsi que de la gr\u00e2ce divine. Sa pr\u00e9sentation parentale offre consolation et s\u00e9curit\u00e9, cercant nos pri\u00e8re matinales avec une douceur c\u00e9leste.<\/p>\n<p>En via l\u2019 pri\u00e8re du matin, on est appel\u00e9s \u00e0 nous rallier vers Marie au sein de une initiative de b\u00e9atification personnelle. En m\u00e9ditant sur sa vie et les vertus, on cherchons pour imiter son humilit\u00e9, sa puret\u00e9 et son ob\u00e9issance \u00e0 la volont\u00e9 de Dieu. Gr\u00e2ce \u00e0 sa saintet\u00e9 exemplaire, Marie est en nous un mod\u00e8le pour vie chr\u00e9tienne, on rappelant l\u2019importance de la pri\u00e8re et de la contemplation dans notre cheminement spirituel.<\/p>\n<p>La oraison du matin est ainsi un temps avantag\u00e9 pour se consacrer vers Dieu avec l\u2019intercession de Marie, en lui pr\u00e9sentant nos louanges, nos reconnaissances et nos intentions les plus intimes. Au sein de l\u2019 qui\u00e9tude de l\u2019aurore, on est invit\u00e9s \u00e0 tourner vers cette maman sacr\u00e9e, laquelle on guide avec tendresse sur le chemin de la croyance et de l\u2019amour divin. \u00c0 travers associant nos voix pour celle du Marie, nous \u00e9levons notre pri\u00e8res matinales vers le tr\u00f4ne du la gr\u00e2ce, confiants que nos supplications seront entendues ainsi que accueillies par le c\u0153ur mis\u00e9ricordieux de Dieu.<\/p>\n<p>A lire sur un objet proche:<\/p>\n<p>Nostradamus (Bonnellier)\/Tome 1\/Le Sachet.,<a target=\"_blank\" rel=\"nofollow\" href=\"https:\/\/editionsbussiere.com\/blog\/goto\/https:\/\/fr.wikisource.org\/wiki\/Nostradamus_(Bonnellier)\/Tome_1\/Le_Sachet\"  target=\"_blank\" rel=\"noopener noreferrer nofollow\">Article complet.<\/a><span><\/span><\/p>\n<p>Marie (Auguste Brizeux)\/Marie, V.,<a target=\"_blank\" rel=\"nofollow\" href=\"https:\/\/editionsbussiere.com\/blog\/goto\/https:\/\/fr.wikisource.org\/wiki\/Marie_(Auguste_Brizeux)\/Marie,_V\"  target=\"_blank\" rel=\"noopener noreferrer nofollow\">Le texte de l\u2019article.<\/a><span><\/span><\/p>\n<p>Les Contemplations\/Le Pont.,<a target=\"_blank\" rel=\"nofollow\" href=\"https:\/\/editionsbussiere.com\/blog\/goto\/https:\/\/fr.wikisource.org\/wiki\/Les_Contemplations\/Le_Pont\"  target=\"_blank\" rel=\"noopener noreferrer nofollow\">Ici.<\/a><span><\/span><\/p>\n<p>Le Nouveau Testament (Martin, 1861)\/Premi\u00e8re \u00c9p\u00eetre de Saint Paul, ap\u00f4tre, aux Corinthiens\/VII.,<a target=\"_blank\" rel=\"nofollow\" href=\"https:\/\/editionsbussiere.com\/blog\/goto\/https:\/\/fr.wikisource.org\/wiki\/Le_Nouveau_Testament_(Martin,_1861)\/Premi%C3%A8re_%C3%89p%C3%AEtre_de_Saint_Paul,_ap%C3%B4tre,_aux_Corinthiens\/VII\"  target=\"_blank\" rel=\"noopener noreferrer nofollow\">Le post d\u2019actualit\u00e9.<\/a><span><\/span><\/p>\n<p>G\u00e9nie du christianisme\/Partie 4\/Livre 1\/Chapitre XII.,<a target=\"_blank\" rel=\"nofollow\" href=\"https:\/\/editionsbussiere.com\/blog\/goto\/https:\/\/fr.wikisource.org\/wiki\/G%C3%A9nie_du_christianisme\/Partie_4\/Livre_1\/Chapitre_XII\"  target=\"_blank\" rel=\"noopener noreferrer nofollow\">Cliquer ICI.<\/a><span><\/span><\/p>\n<p>\u00c9vangile d\u2019une grand\u2019m\u00e8re\/59.,<a target=\"_blank\" rel=\"nofollow\" href=\"https:\/\/editionsbussiere.com\/blog\/goto\/https:\/\/fr.wikisource.org\/wiki\/%C3%89vangile_d%E2%80%99une_grand%E2%80%99m%C3%A8re\/59\"  target=\"_blank\" rel=\"noopener noreferrer nofollow\">Ici.<\/a><span><\/span><\/p>\n<\/div>\n<p><img decoding=\"async\" class=\"wpe_imgrss\" src=\"https:\/\/editionsbussiere.com\/blog\/wp-content\/uploads\/2024\/08\/Soeur-Mary-Cabrini-Bonnett-ancienne-receptionniste-de-Bon-Secours-decede.jpg\">Cet article a \u00e9t\u00e9 reconstitu\u00e9 du mieux possible. Dans l\u2019hypoth\u00e8se o\u00f9 vous souhaitez apporter quelques modifications concernant le th\u00e8me \u00ab\u00a0Editions \u00e9sot\u00e9rique fond\u00e9e en 1927\u00a0\u00bb, il est possible de discuter avec notre r\u00e9daction. Vous pouvez tirer profit de cet article traitant le sujet \u00ab\u00a0Editions \u00e9sot\u00e9rique fond\u00e9e en 1927\u00a0\u00bb. Il est concoct\u00e9 par l\u2019\u00e9quipe editionsbussiere.com. Le site editionsbussiere.com est fait pour cr\u00e9er divers posts autour du th\u00e8me Editions \u00e9sot\u00e9rique fond\u00e9e en 1927 d\u00e9velopp\u00e9es sur internet. Consultez notre site internet editionsbussiere.com et nos r\u00e9seaux sociaux pour \u00eatre au courant des futures annonces.<\/p>\n","protected":false},"excerpt":{"rendered":"<p>Une messe fun\u00e9raire pour la s\u0153ur du Bon Secours Mary Cabrini Bonnett sera c\u00e9l\u00e9br\u00e9e le 6 ao\u00fbt \u00e0 la chapelle de son ordre \u00e0 Marriottsville. S\u0153ur Cabrini est d\u00e9c\u00e9d\u00e9e le 30 juillet. Elle avait 97 ans et \u00e9tait membre professe des S\u0153urs du Bon Secours depuis 67 ans. N\u00e9e et \u00e9lev\u00e9e \u00e0 East Baltimore, elle [&hellip;]<\/p>\n","protected":false},"author":3,"featured_media":1078,"comment_status":"closed","ping_status":"closed","sticky":false,"template":"","format":"standard","meta":{"footnotes":""},"categories":[3],"tags":[],"class_list":["post-1077","post","type-post","status-publish","format-standard","has-post-thumbnail","hentry","category-editions-esoterique-fondee-en-1927-depeches","entry","fw-tab-6 fw-tabr-4","has-featured-image"],"yoast_head":"<!-- This site is optimized with the Yoast SEO plugin v27.5 - https:\/\/yoast.com\/product\/yoast-seo-wordpress\/ -->\n<title>S\u0153ur Mary Cabrini Bonnett, ancienne r\u00e9ceptionniste de Bon Secours, d\u00e9c\u00e8de \u00e0 97 ans et supplication du matin. - EDITIONSBUSSIERE<\/title>\n<meta name=\"robots\" content=\"index, follow, max-snippet:-1, max-image-preview:large, max-video-preview:-1\" \/>\n<link rel=\"canonical\" href=\"https:\/\/editionsbussiere.com\/blog\/soeur-mary-cabrini-bonnett-ancienne-receptionniste-de-bon-secours-decede-a-97-ans-et-supplication-du-matin\/\" \/>\n<meta property=\"og:locale\" content=\"fr_FR\" \/>\n<meta property=\"og:type\" content=\"article\" \/>\n<meta property=\"og:title\" content=\"S\u0153ur Mary Cabrini Bonnett, ancienne r\u00e9ceptionniste de Bon Secours, d\u00e9c\u00e8de \u00e0 97 ans et supplication du matin. - EDITIONSBUSSIERE\" \/>\n<meta property=\"og:description\" content=\"Une messe fun\u00e9raire pour la s\u0153ur du Bon Secours Mary Cabrini Bonnett sera c\u00e9l\u00e9br\u00e9e le 6 ao\u00fbt \u00e0 la chapelle de son ordre \u00e0 Marriottsville. S\u0153ur Cabrini est d\u00e9c\u00e9d\u00e9e le 30 juillet. Elle avait 97 ans et \u00e9tait membre professe des S\u0153urs du Bon Secours depuis 67 ans. N\u00e9e et \u00e9lev\u00e9e \u00e0 East Baltimore, elle [&hellip;]\" \/>\n<meta property=\"og:url\" content=\"https:\/\/editionsbussiere.com\/blog\/soeur-mary-cabrini-bonnett-ancienne-receptionniste-de-bon-secours-decede-a-97-ans-et-supplication-du-matin\/\" \/>\n<meta property=\"og:site_name\" content=\"EDITIONSBUSSIERE\" \/>\n<meta property=\"article:published_time\" content=\"2024-08-02T19:20:53+00:00\" \/>\n<meta property=\"og:image\" content=\"https:\/\/editionsbussiere.com\/blog\/wp-content\/uploads\/2024\/08\/Soeur-Mary-Cabrini-Bonnett-ancienne-receptionniste-de-Bon-Secours-decede.jpg\" \/>\n<meta name=\"author\" content=\"Marie BATICLE\" \/>\n<meta name=\"twitter:card\" content=\"summary_large_image\" \/>\n<meta name=\"twitter:label1\" content=\"\u00c9crit par\" \/>\n\t<meta name=\"twitter:data1\" content=\"Marie BATICLE\" \/>\n\t<meta name=\"twitter:label2\" content=\"Dur\u00e9e de lecture estim\u00e9e\" \/>\n\t<meta name=\"twitter:data2\" content=\"16 minutes\" \/>\n<script type=\"application\/ld+json\" class=\"yoast-schema-graph\">{\"@context\":\"https:\\\/\\\/schema.org\",\"@graph\":[{\"@type\":\"Article\",\"@id\":\"https:\\\/\\\/editionsbussiere.com\\\/blog\\\/soeur-mary-cabrini-bonnett-ancienne-receptionniste-de-bon-secours-decede-a-97-ans-et-supplication-du-matin\\\/#article\",\"isPartOf\":{\"@id\":\"https:\\\/\\\/editionsbussiere.com\\\/blog\\\/soeur-mary-cabrini-bonnett-ancienne-receptionniste-de-bon-secours-decede-a-97-ans-et-supplication-du-matin\\\/\"},\"author\":{\"name\":\"Marie BATICLE\",\"@id\":\"https:\\\/\\\/editionsbussiere.com\\\/blog\\\/#\\\/schema\\\/person\\\/ec90e102792148c97e46ab871010dd8f\"},\"headline\":\"S\u0153ur Mary Cabrini Bonnett, ancienne r\u00e9ceptionniste de Bon Secours, d\u00e9c\u00e8de \u00e0 97 ans et supplication du matin.\",\"datePublished\":\"2024-08-02T19:20:53+00:00\",\"mainEntityOfPage\":{\"@id\":\"https:\\\/\\\/editionsbussiere.com\\\/blog\\\/soeur-mary-cabrini-bonnett-ancienne-receptionniste-de-bon-secours-decede-a-97-ans-et-supplication-du-matin\\\/\"},\"wordCount\":3235,\"publisher\":{\"@id\":\"https:\\\/\\\/editionsbussiere.com\\\/blog\\\/#organization\"},\"image\":{\"@id\":\"https:\\\/\\\/editionsbussiere.com\\\/blog\\\/soeur-mary-cabrini-bonnett-ancienne-receptionniste-de-bon-secours-decede-a-97-ans-et-supplication-du-matin\\\/#primaryimage\"},\"thumbnailUrl\":\"https:\\\/\\\/editionsbussiere.com\\\/blog\\\/wp-content\\\/uploads\\\/2024\\\/08\\\/Soeur-Mary-Cabrini-Bonnett-ancienne-receptionniste-de-Bon-Secours-decede.jpg\",\"articleSection\":[\"Editions \u00c9sot\u00e9rique Fond\u00e9e En 1927; D\u00e9p\u00e8ches:\"],\"inLanguage\":\"fr-FR\"},{\"@type\":\"WebPage\",\"@id\":\"https:\\\/\\\/editionsbussiere.com\\\/blog\\\/soeur-mary-cabrini-bonnett-ancienne-receptionniste-de-bon-secours-decede-a-97-ans-et-supplication-du-matin\\\/\",\"url\":\"https:\\\/\\\/editionsbussiere.com\\\/blog\\\/soeur-mary-cabrini-bonnett-ancienne-receptionniste-de-bon-secours-decede-a-97-ans-et-supplication-du-matin\\\/\",\"name\":\"S\u0153ur Mary Cabrini Bonnett, ancienne r\u00e9ceptionniste de Bon Secours, d\u00e9c\u00e8de \u00e0 97 ans et supplication du matin. - EDITIONSBUSSIERE\",\"isPartOf\":{\"@id\":\"https:\\\/\\\/editionsbussiere.com\\\/blog\\\/#website\"},\"primaryImageOfPage\":{\"@id\":\"https:\\\/\\\/editionsbussiere.com\\\/blog\\\/soeur-mary-cabrini-bonnett-ancienne-receptionniste-de-bon-secours-decede-a-97-ans-et-supplication-du-matin\\\/#primaryimage\"},\"image\":{\"@id\":\"https:\\\/\\\/editionsbussiere.com\\\/blog\\\/soeur-mary-cabrini-bonnett-ancienne-receptionniste-de-bon-secours-decede-a-97-ans-et-supplication-du-matin\\\/#primaryimage\"},\"thumbnailUrl\":\"https:\\\/\\\/editionsbussiere.com\\\/blog\\\/wp-content\\\/uploads\\\/2024\\\/08\\\/Soeur-Mary-Cabrini-Bonnett-ancienne-receptionniste-de-Bon-Secours-decede.jpg\",\"datePublished\":\"2024-08-02T19:20:53+00:00\",\"breadcrumb\":{\"@id\":\"https:\\\/\\\/editionsbussiere.com\\\/blog\\\/soeur-mary-cabrini-bonnett-ancienne-receptionniste-de-bon-secours-decede-a-97-ans-et-supplication-du-matin\\\/#breadcrumb\"},\"inLanguage\":\"fr-FR\",\"potentialAction\":[{\"@type\":\"ReadAction\",\"target\":[\"https:\\\/\\\/editionsbussiere.com\\\/blog\\\/soeur-mary-cabrini-bonnett-ancienne-receptionniste-de-bon-secours-decede-a-97-ans-et-supplication-du-matin\\\/\"]}]},{\"@type\":\"ImageObject\",\"inLanguage\":\"fr-FR\",\"@id\":\"https:\\\/\\\/editionsbussiere.com\\\/blog\\\/soeur-mary-cabrini-bonnett-ancienne-receptionniste-de-bon-secours-decede-a-97-ans-et-supplication-du-matin\\\/#primaryimage\",\"url\":\"https:\\\/\\\/editionsbussiere.com\\\/blog\\\/wp-content\\\/uploads\\\/2024\\\/08\\\/Soeur-Mary-Cabrini-Bonnett-ancienne-receptionniste-de-Bon-Secours-decede.jpg\",\"contentUrl\":\"https:\\\/\\\/editionsbussiere.com\\\/blog\\\/wp-content\\\/uploads\\\/2024\\\/08\\\/Soeur-Mary-Cabrini-Bonnett-ancienne-receptionniste-de-Bon-Secours-decede.jpg\",\"width\":900,\"height\":600,\"caption\":\"Soeur Mary Cabrini Bonnett ancienne receptionniste de Bon Secours decede\"},{\"@type\":\"BreadcrumbList\",\"@id\":\"https:\\\/\\\/editionsbussiere.com\\\/blog\\\/soeur-mary-cabrini-bonnett-ancienne-receptionniste-de-bon-secours-decede-a-97-ans-et-supplication-du-matin\\\/#breadcrumb\",\"itemListElement\":[{\"@type\":\"ListItem\",\"position\":1,\"name\":\"Accueil\",\"item\":\"https:\\\/\\\/editionsbussiere.com\\\/blog\\\/\"},{\"@type\":\"ListItem\",\"position\":2,\"name\":\"S\u0153ur Mary Cabrini Bonnett, ancienne r\u00e9ceptionniste de Bon Secours, d\u00e9c\u00e8de \u00e0 97 ans et supplication du matin.\"}]},{\"@type\":\"WebSite\",\"@id\":\"https:\\\/\\\/editionsbussiere.com\\\/blog\\\/#website\",\"url\":\"https:\\\/\\\/editionsbussiere.com\\\/blog\\\/\",\"name\":\"EDITIONSBUSSIERE\",\"description\":\"Editions \u00e9sot\u00e9rique fond\u00e9e en 1927; site historique, A SAVOIR ET RETENIR.\",\"publisher\":{\"@id\":\"https:\\\/\\\/editionsbussiere.com\\\/blog\\\/#organization\"},\"potentialAction\":[{\"@type\":\"SearchAction\",\"target\":{\"@type\":\"EntryPoint\",\"urlTemplate\":\"https:\\\/\\\/editionsbussiere.com\\\/blog\\\/?s={search_term_string}\"},\"query-input\":{\"@type\":\"PropertyValueSpecification\",\"valueRequired\":true,\"valueName\":\"search_term_string\"}}],\"inLanguage\":\"fr-FR\"},{\"@type\":\"Organization\",\"@id\":\"https:\\\/\\\/editionsbussiere.com\\\/blog\\\/#organization\",\"name\":\"editionsbussiere\",\"url\":\"https:\\\/\\\/editionsbussiere.com\\\/blog\\\/\",\"logo\":{\"@type\":\"ImageObject\",\"inLanguage\":\"fr-FR\",\"@id\":\"https:\\\/\\\/editionsbussiere.com\\\/blog\\\/#\\\/schema\\\/logo\\\/image\\\/\",\"url\":\"https:\\\/\\\/editionsbussiere.com\\\/blog\\\/wp-content\\\/uploads\\\/2023\\\/09\\\/cropped-buss.gif\",\"contentUrl\":\"https:\\\/\\\/editionsbussiere.com\\\/blog\\\/wp-content\\\/uploads\\\/2023\\\/09\\\/cropped-buss.gif\",\"width\":298,\"height\":120,\"caption\":\"editionsbussiere\"},\"image\":{\"@id\":\"https:\\\/\\\/editionsbussiere.com\\\/blog\\\/#\\\/schema\\\/logo\\\/image\\\/\"}},{\"@type\":\"Person\",\"@id\":\"https:\\\/\\\/editionsbussiere.com\\\/blog\\\/#\\\/schema\\\/person\\\/ec90e102792148c97e46ab871010dd8f\",\"name\":\"Marie BATICLE\",\"image\":{\"@type\":\"ImageObject\",\"inLanguage\":\"fr-FR\",\"@id\":\"https:\\\/\\\/secure.gravatar.com\\\/avatar\\\/c923e52403b1b8137e2d929127211d21967e6aecaa053bd43b09da29f212e76e?s=96&d=mm&r=g\",\"url\":\"https:\\\/\\\/secure.gravatar.com\\\/avatar\\\/c923e52403b1b8137e2d929127211d21967e6aecaa053bd43b09da29f212e76e?s=96&d=mm&r=g\",\"contentUrl\":\"https:\\\/\\\/secure.gravatar.com\\\/avatar\\\/c923e52403b1b8137e2d929127211d21967e6aecaa053bd43b09da29f212e76e?s=96&d=mm&r=g\",\"caption\":\"Marie BATICLE\"},\"url\":\"https:\\\/\\\/editionsbussiere.com\\\/blog\\\/author\\\/eremarie\\\/\"}]}<\/script>\n<!-- \/ Yoast SEO plugin. -->","yoast_head_json":{"title":"S\u0153ur Mary Cabrini Bonnett, ancienne r\u00e9ceptionniste de Bon Secours, d\u00e9c\u00e8de \u00e0 97 ans et supplication du matin. - EDITIONSBUSSIERE","robots":{"index":"index","follow":"follow","max-snippet":"max-snippet:-1","max-image-preview":"max-image-preview:large","max-video-preview":"max-video-preview:-1"},"canonical":"https:\/\/editionsbussiere.com\/blog\/soeur-mary-cabrini-bonnett-ancienne-receptionniste-de-bon-secours-decede-a-97-ans-et-supplication-du-matin\/","og_locale":"fr_FR","og_type":"article","og_title":"S\u0153ur Mary Cabrini Bonnett, ancienne r\u00e9ceptionniste de Bon Secours, d\u00e9c\u00e8de \u00e0 97 ans et supplication du matin. - EDITIONSBUSSIERE","og_description":"Une messe fun\u00e9raire pour la s\u0153ur du Bon Secours Mary Cabrini Bonnett sera c\u00e9l\u00e9br\u00e9e le 6 ao\u00fbt \u00e0 la chapelle de son ordre \u00e0 Marriottsville. S\u0153ur Cabrini est d\u00e9c\u00e9d\u00e9e le 30 juillet. Elle avait 97 ans et \u00e9tait membre professe des S\u0153urs du Bon Secours depuis 67 ans. N\u00e9e et \u00e9lev\u00e9e \u00e0 East Baltimore, elle [&hellip;]","og_url":"https:\/\/editionsbussiere.com\/blog\/soeur-mary-cabrini-bonnett-ancienne-receptionniste-de-bon-secours-decede-a-97-ans-et-supplication-du-matin\/","og_site_name":"EDITIONSBUSSIERE","article_published_time":"2024-08-02T19:20:53+00:00","og_image":[{"url":"https:\/\/editionsbussiere.com\/blog\/wp-content\/uploads\/2024\/08\/Soeur-Mary-Cabrini-Bonnett-ancienne-receptionniste-de-Bon-Secours-decede.jpg","type":"","width":"","height":""}],"author":"Marie BATICLE","twitter_card":"summary_large_image","twitter_misc":{"\u00c9crit par":"Marie BATICLE","Dur\u00e9e de lecture estim\u00e9e":"16 minutes"},"schema":{"@context":"https:\/\/schema.org","@graph":[{"@type":"Article","@id":"https:\/\/editionsbussiere.com\/blog\/soeur-mary-cabrini-bonnett-ancienne-receptionniste-de-bon-secours-decede-a-97-ans-et-supplication-du-matin\/#article","isPartOf":{"@id":"https:\/\/editionsbussiere.com\/blog\/soeur-mary-cabrini-bonnett-ancienne-receptionniste-de-bon-secours-decede-a-97-ans-et-supplication-du-matin\/"},"author":{"name":"Marie BATICLE","@id":"https:\/\/editionsbussiere.com\/blog\/#\/schema\/person\/ec90e102792148c97e46ab871010dd8f"},"headline":"S\u0153ur Mary Cabrini Bonnett, ancienne r\u00e9ceptionniste de Bon Secours, d\u00e9c\u00e8de \u00e0 97 ans et supplication du matin.","datePublished":"2024-08-02T19:20:53+00:00","mainEntityOfPage":{"@id":"https:\/\/editionsbussiere.com\/blog\/soeur-mary-cabrini-bonnett-ancienne-receptionniste-de-bon-secours-decede-a-97-ans-et-supplication-du-matin\/"},"wordCount":3235,"publisher":{"@id":"https:\/\/editionsbussiere.com\/blog\/#organization"},"image":{"@id":"https:\/\/editionsbussiere.com\/blog\/soeur-mary-cabrini-bonnett-ancienne-receptionniste-de-bon-secours-decede-a-97-ans-et-supplication-du-matin\/#primaryimage"},"thumbnailUrl":"https:\/\/editionsbussiere.com\/blog\/wp-content\/uploads\/2024\/08\/Soeur-Mary-Cabrini-Bonnett-ancienne-receptionniste-de-Bon-Secours-decede.jpg","articleSection":["Editions \u00c9sot\u00e9rique Fond\u00e9e En 1927; D\u00e9p\u00e8ches:"],"inLanguage":"fr-FR"},{"@type":"WebPage","@id":"https:\/\/editionsbussiere.com\/blog\/soeur-mary-cabrini-bonnett-ancienne-receptionniste-de-bon-secours-decede-a-97-ans-et-supplication-du-matin\/","url":"https:\/\/editionsbussiere.com\/blog\/soeur-mary-cabrini-bonnett-ancienne-receptionniste-de-bon-secours-decede-a-97-ans-et-supplication-du-matin\/","name":"S\u0153ur Mary Cabrini Bonnett, ancienne r\u00e9ceptionniste de Bon Secours, d\u00e9c\u00e8de \u00e0 97 ans et supplication du matin. - EDITIONSBUSSIERE","isPartOf":{"@id":"https:\/\/editionsbussiere.com\/blog\/#website"},"primaryImageOfPage":{"@id":"https:\/\/editionsbussiere.com\/blog\/soeur-mary-cabrini-bonnett-ancienne-receptionniste-de-bon-secours-decede-a-97-ans-et-supplication-du-matin\/#primaryimage"},"image":{"@id":"https:\/\/editionsbussiere.com\/blog\/soeur-mary-cabrini-bonnett-ancienne-receptionniste-de-bon-secours-decede-a-97-ans-et-supplication-du-matin\/#primaryimage"},"thumbnailUrl":"https:\/\/editionsbussiere.com\/blog\/wp-content\/uploads\/2024\/08\/Soeur-Mary-Cabrini-Bonnett-ancienne-receptionniste-de-Bon-Secours-decede.jpg","datePublished":"2024-08-02T19:20:53+00:00","breadcrumb":{"@id":"https:\/\/editionsbussiere.com\/blog\/soeur-mary-cabrini-bonnett-ancienne-receptionniste-de-bon-secours-decede-a-97-ans-et-supplication-du-matin\/#breadcrumb"},"inLanguage":"fr-FR","potentialAction":[{"@type":"ReadAction","target":["https:\/\/editionsbussiere.com\/blog\/soeur-mary-cabrini-bonnett-ancienne-receptionniste-de-bon-secours-decede-a-97-ans-et-supplication-du-matin\/"]}]},{"@type":"ImageObject","inLanguage":"fr-FR","@id":"https:\/\/editionsbussiere.com\/blog\/soeur-mary-cabrini-bonnett-ancienne-receptionniste-de-bon-secours-decede-a-97-ans-et-supplication-du-matin\/#primaryimage","url":"https:\/\/editionsbussiere.com\/blog\/wp-content\/uploads\/2024\/08\/Soeur-Mary-Cabrini-Bonnett-ancienne-receptionniste-de-Bon-Secours-decede.jpg","contentUrl":"https:\/\/editionsbussiere.com\/blog\/wp-content\/uploads\/2024\/08\/Soeur-Mary-Cabrini-Bonnett-ancienne-receptionniste-de-Bon-Secours-decede.jpg","width":900,"height":600,"caption":"Soeur Mary Cabrini Bonnett ancienne receptionniste de Bon Secours decede"},{"@type":"BreadcrumbList","@id":"https:\/\/editionsbussiere.com\/blog\/soeur-mary-cabrini-bonnett-ancienne-receptionniste-de-bon-secours-decede-a-97-ans-et-supplication-du-matin\/#breadcrumb","itemListElement":[{"@type":"ListItem","position":1,"name":"Accueil","item":"https:\/\/editionsbussiere.com\/blog\/"},{"@type":"ListItem","position":2,"name":"S\u0153ur Mary Cabrini Bonnett, ancienne r\u00e9ceptionniste de Bon Secours, d\u00e9c\u00e8de \u00e0 97 ans et supplication du matin."}]},{"@type":"WebSite","@id":"https:\/\/editionsbussiere.com\/blog\/#website","url":"https:\/\/editionsbussiere.com\/blog\/","name":"EDITIONSBUSSIERE","description":"Editions \u00e9sot\u00e9rique fond\u00e9e en 1927; site historique, A SAVOIR ET RETENIR.","publisher":{"@id":"https:\/\/editionsbussiere.com\/blog\/#organization"},"potentialAction":[{"@type":"SearchAction","target":{"@type":"EntryPoint","urlTemplate":"https:\/\/editionsbussiere.com\/blog\/?s={search_term_string}"},"query-input":{"@type":"PropertyValueSpecification","valueRequired":true,"valueName":"search_term_string"}}],"inLanguage":"fr-FR"},{"@type":"Organization","@id":"https:\/\/editionsbussiere.com\/blog\/#organization","name":"editionsbussiere","url":"https:\/\/editionsbussiere.com\/blog\/","logo":{"@type":"ImageObject","inLanguage":"fr-FR","@id":"https:\/\/editionsbussiere.com\/blog\/#\/schema\/logo\/image\/","url":"https:\/\/editionsbussiere.com\/blog\/wp-content\/uploads\/2023\/09\/cropped-buss.gif","contentUrl":"https:\/\/editionsbussiere.com\/blog\/wp-content\/uploads\/2023\/09\/cropped-buss.gif","width":298,"height":120,"caption":"editionsbussiere"},"image":{"@id":"https:\/\/editionsbussiere.com\/blog\/#\/schema\/logo\/image\/"}},{"@type":"Person","@id":"https:\/\/editionsbussiere.com\/blog\/#\/schema\/person\/ec90e102792148c97e46ab871010dd8f","name":"Marie BATICLE","image":{"@type":"ImageObject","inLanguage":"fr-FR","@id":"https:\/\/secure.gravatar.com\/avatar\/c923e52403b1b8137e2d929127211d21967e6aecaa053bd43b09da29f212e76e?s=96&d=mm&r=g","url":"https:\/\/secure.gravatar.com\/avatar\/c923e52403b1b8137e2d929127211d21967e6aecaa053bd43b09da29f212e76e?s=96&d=mm&r=g","contentUrl":"https:\/\/secure.gravatar.com\/avatar\/c923e52403b1b8137e2d929127211d21967e6aecaa053bd43b09da29f212e76e?s=96&d=mm&r=g","caption":"Marie BATICLE"},"url":"https:\/\/editionsbussiere.com\/blog\/author\/eremarie\/"}]}},"_links":{"self":[{"href":"https:\/\/editionsbussiere.com\/blog\/wp-json\/wp\/v2\/posts\/1077","targetHints":{"allow":["GET"]}}],"collection":[{"href":"https:\/\/editionsbussiere.com\/blog\/wp-json\/wp\/v2\/posts"}],"about":[{"href":"https:\/\/editionsbussiere.com\/blog\/wp-json\/wp\/v2\/types\/post"}],"author":[{"embeddable":true,"href":"https:\/\/editionsbussiere.com\/blog\/wp-json\/wp\/v2\/users\/3"}],"replies":[{"embeddable":true,"href":"https:\/\/editionsbussiere.com\/blog\/wp-json\/wp\/v2\/comments?post=1077"}],"version-history":[{"count":0,"href":"https:\/\/editionsbussiere.com\/blog\/wp-json\/wp\/v2\/posts\/1077\/revisions"}],"wp:featuredmedia":[{"embeddable":true,"href":"https:\/\/editionsbussiere.com\/blog\/wp-json\/wp\/v2\/media\/1078"}],"wp:attachment":[{"href":"https:\/\/editionsbussiere.com\/blog\/wp-json\/wp\/v2\/media?parent=1077"}],"wp:term":[{"taxonomy":"category","embeddable":true,"href":"https:\/\/editionsbussiere.com\/blog\/wp-json\/wp\/v2\/categories?post=1077"},{"taxonomy":"post_tag","embeddable":true,"href":"https:\/\/editionsbussiere.com\/blog\/wp-json\/wp\/v2\/tags?post=1077"}],"curies":[{"name":"wp","href":"https:\/\/api.w.org\/{rel}","templated":true}]}}