{"id":1075,"date":"2024-08-02T21:20:48","date_gmt":"2024-08-02T19:20:48","guid":{"rendered":"https:\/\/editionsbussiere.com\/blog\/elenita-de-jesus-importante-pour-leglise-portoricaine-mais-elle-nest-pas-la-vierge-marie-pour-prier-la-vierge-marie\/"},"modified":"2024-08-02T21:20:48","modified_gmt":"2024-08-02T19:20:48","slug":"elenita-de-jesus-importante-pour-leglise-portoricaine-mais-elle-nest-pas-la-vierge-marie-pour-prier-la-vierge-marie","status":"publish","type":"post","link":"https:\/\/editionsbussiere.com\/blog\/elenita-de-jesus-importante-pour-leglise-portoricaine-mais-elle-nest-pas-la-vierge-marie-pour-prier-la-vierge-marie\/","title":{"rendered":"Elenita de Jes\u00fas : importante pour l\u2019\u00c9glise portoricaine, mais elle n\u2019est pas la Vierge Marie\n pour prier la Vierge Marie."},"content":{"rendered":"<div><img width=\"580\" height=\"326\" src=\"https:\/\/editionsbussiere.com\/blog\/wp-content\/uploads\/2024\/08\/Le-Dicastere-pour-la-doctrine-de-la-foi-confirme-sa-1024x576-1.jpeg\" class=\"attachment-large size-large wp-post-image\" alt=\"Le Dicast\u00e8re pour la doctrine de la foi confirme sa\" style=\"float:left; margin:0 15px 15px 0;\" decoding=\"async\" loading=\"lazy\" srcset=\"https:\/\/editionsbussiere.com\/blog\/wp-content\/uploads\/2024\/08\/Le-Dicastere-pour-la-doctrine-de-la-foi-confirme-sa-1024x576-1.jpeg 1024w, https:\/\/www.n42.fr\/wp-content\/uploads\/2024\/06\/Le-Dicastere-pour-la-doctrine-de-la-foi-confirme-sa-300x169.jpeg 300w, https:\/\/www.n42.fr\/wp-content\/uploads\/2024\/06\/Le-Dicastere-pour-la-doctrine-de-la-foi-confirme-sa-768x432.jpeg 768w, https:\/\/www.n42.fr\/wp-content\/uploads\/2024\/06\/Le-Dicastere-pour-la-doctrine-de-la-foi-confirme-sa-1200x675.jpeg 1200w, https:\/\/www.n42.fr\/wp-content\/uploads\/2024\/06\/Le-Dicastere-pour-la-doctrine-de-la-foi-confirme-sa.jpeg 1500w\" sizes=\"auto, (max-width: 580px) 100vw, 580px\"><\/p>\n<p><img decoding=\"async\" src=\"https:\/\/editionsbussiere.com\/blog\/wp-content\/uploads\/2024\/08\/cq5dam.thumbnail.cropped.750.422.jpeg\"><\/p>\n<p>Le pr\u00e9fet du dicast\u00e8re pour la doctrine de la foi a rendu une d\u00e9cision d\u00e9finitive concernant les pr\u00e9tendus \u00e9v\u00e9nements surnaturels li\u00e9s au sanctuaire de la Sainte Montagne \u00e0 Porto Rico. Face aux tentatives d\u2019attribuer \u00e0 Elenita de Jes\u00fas l\u2019identit\u00e9 de J\u00e9sus ou de la Vierge, le jugement est \u00ab constat de non supernaturalitate \u00bb.<\/p>\n<div>\n<p><b>Par Vatican News<\/b><\/p>\n<p>\u00ab On ne peut nier que la figure d\u2019Elenita de Jes\u00fas est d\u2019une grande valeur pour l\u2019\u00c9glise de Porto Rico et doit \u00eatre consid\u00e9r\u00e9e comme un stimulant \u00e0 la cons\u00e9cration totale au Royaume de Dieu. \u00bb<\/p>\n<p>Mais \u00ab ceux qui l\u2019aiment \u00bb doivent la consid\u00e9rer comme une motivation pour se donner \u00e0 Dieu seul et \u00e9viter de lui adresser les gestes de d\u00e9votion qui correspondent \u00e0 la M\u00e8re de J\u00e9sus-Christ. Il vaut mieux ne pas endommager ce tr\u00e9sor en d\u00e9naturant son sens originel.<\/p>\n<p>Le cardinal Victor Manuel Fern\u00e1ndez, pr\u00e9fet du Dicast\u00e8re pour la doctrine de la foi, a apport\u00e9 cette pr\u00e9cision dans une lettre dat\u00e9e du 1er ao\u00fbt, approuv\u00e9e par le pape Fran\u00e7ois et envoy\u00e9e \u00e0 l\u2019\u00e9v\u00eaque de Caguas, \u00e0 Porto Rico, Eusebio Ramos Morales.<\/p>\n<p>La lettre traitait d\u2019\u00e9v\u00e9nements surnaturels pr\u00e9sum\u00e9s li\u00e9s au sanctuaire de la Sainte Montagne, dans le sud-est de l\u2019\u00eele, et concernant Elenita de Jes\u00fas, une cat\u00e9chiste missionnaire qui a v\u00e9cu \u00e0 la fin des ann\u00e9es 1800 et au d\u00e9but des ann\u00e9es 1900.<\/p>\n<h2>\u00ab\u00a0Constat de non surnaturalit\u00e9\u00a0\u00bb<\/h2>\n<p>\u00ab Apr\u00e8s avoir lu avec grande attention la documentation \u00bb envoy\u00e9e par Mgr Ramos, \u00ab qui rassemble diverses \u00e9tudes faites par des personnes ayant des points de vue diff\u00e9rents \u00bb et consid\u00e9rant son \u00ab opinion r\u00e9fl\u00e9chie \u00bb en tant qu\u2019\u00e9v\u00eaque, le cardinal Fern\u00e1ndez a jug\u00e9 n\u00e9cessaire, pour le soin de la foi des fid\u00e8les catholiques, d\u2019\u00e9crire \u00ab une mise au point d\u00e9finitive \u00bb.<\/p>\n<p>Dans la lettre, le cardinal pr\u00e9fet affirme que \u00ab toute identification d\u2019Elenita avec Notre Seigneur J\u00e9sus-Christ, unique R\u00e9dempteur, ou avec la Vierge Marie, premi\u00e8re coop\u00e9ratrice dans l\u2019\u0153uvre de son Fils, doit \u00eatre <i>totalement<\/i> \u00e9vit\u00e9e. Face \u00e0 toute tentative d\u2019attribuer \u00e0 Elenita de Jes\u00fas l\u2019identit\u00e9 du Seigneur, ou de la Tr\u00e8s Sainte Vierge Marie, le jugement ne peut \u00eatre autre que \u00ab<i>constat de non surnaturalit\u00e9<\/i>\u00bb.  Elenita de Jes\u00fas n\u2019est pas la Vierge Marie.\u00a0\u00bb<\/p>\n<p>Par cons\u00e9quent, l\u2019\u00e9v\u00eaque de Caguas est autoris\u00e9 \u00e0 \u00ab \u00e9mettre le d\u00e9cret correspondant avec les dispositions qu\u2019il juge n\u00e9cessaires \u00bb (cf. DICAST\u00c8RE POUR LA DOCTRINE DE LA FOI, Normes pour proc\u00e9der au discernement des pr\u00e9tendus ph\u00e9nom\u00e8nes surnaturels, 17 mai 2024, art. 21 \u00a71).<\/p>\n<p>\u00ab Cela s\u2019applique \u00e9galement aux apparitions non authentiques ou au sang, qui ne doivent pas \u00eatre v\u00e9n\u00e9r\u00e9s \u00bb, a ajout\u00e9 le cardinal Fern\u00e1ndez.<\/p>\n<p>Selon l\u2019article 21 \u00a71 des nouvelles normes sur le discernement des ph\u00e9nom\u00e8nes surnaturels pr\u00e9sum\u00e9s, \u00ab Apr\u00e8s avoir re\u00e7u la r\u00e9ponse du Dicast\u00e8re, sauf indication contraire, l\u2019\u00c9v\u00eaque dioc\u00e9sain, en accord avec le Dicast\u00e8re, fera conna\u00eetre clairement au Peuple de Dieu le jugement sur les \u00e9v\u00e9nements en question. \u00bb<\/p>\n<p>Dans ce cas, la d\u00e9cision finale est une \u00ab<i>D\u00e9claration de non surnaturalit\u00e9<\/i>ce qui signifie que \u00ab l\u2019\u00e9v\u00eaque dioc\u00e9sain est autoris\u00e9 par la Congr\u00e9gation \u00e0 d\u00e9clarer que le ph\u00e9nom\u00e8ne est reconnu comme non surnaturel \u00bb.<\/p>\n<h2>Elenita a v\u00e9cu dans la charit\u00e9 et dans l\u2019annonce de l\u2019\u00c9vangile<\/h2>\n<p>Ayant apport\u00e9 cette pr\u00e9cision, le Pr\u00e9fet du Dicast\u00e8re pour la Doctrine de la Foi a d\u00e9fini Elenita de Jes\u00fas comme une femme \u00ab qui a v\u00e9cu sous l\u2019influence de l\u2019Esprit Saint, dans la charit\u00e9 et dans l\u2019annonce de l\u2019\u00c9vangile, inspir\u00e9e par un profond amour pour notre M\u00e8re C\u00e9leste, la Vierge Marie \u00bb.<\/p>\n<p>Il a d\u00e9clar\u00e9 qu\u2019elle \u00e9tait une cat\u00e9chiste qui a servi l\u2019\u00c9glise \u00ab \u00e0 un moment d\u00e9cisif de l\u2019histoire, o\u00f9 la foi catholique \u00e9tait s\u00e9rieusement menac\u00e9e \u00bb, s\u2019identifiant \u00ab \u00e0 son peuple souffrant \u00bb.<\/p>\n<p>Le cardinal Fern\u00e1ndez a ensuite cit\u00e9 les paroles de l\u2019\u00e9v\u00eaque Ramos, selon lesquelles Elenita marchait parmi un peuple tr\u00e8s pauvre \u00ab comme disciple de J\u00e9sus et sous le manteau de la Vierge Marie \u00bb, assumant \u00ab la faim et les besoins des gens humbles \u00bb, ainsi que leurs \u00ab angoisses de foi et d\u2019esp\u00e9rance \u00bb.<\/p>\n<p>On l\u2019appelait \u00ab m\u00e8re \u00bb pour les belles qualit\u00e9s qu\u2019on voyait en elle : simplicit\u00e9, vertus chr\u00e9tiennes, aust\u00e9rit\u00e9 de vie, spiritualit\u00e9, capacit\u00e9 cat\u00e9ch\u00e9tique, a not\u00e9 le cardinal.<\/p>\n<h2>\u00c9vitez les expressions qui g\u00e9n\u00e8rent de la confusion<\/h2>\n<p>\u00ab Elenita, a soulign\u00e9 le cardinal Fern\u00e1ndez, avait une grande d\u00e9votion \u00e0 la Vierge Marie. On dit qu\u2019elle portait avec elle une image de la Vierge, qu\u2019elle envoyait chercher une en Espagne, qu\u2019elle faisait construire plusieurs chapelles mariales et qu\u2019elle promouvait la d\u00e9votion \u00e0 la Vierge du Mont Carmel. \u00bb<\/p>\n<p>\u00ab Il est vrai, a-t-il ajout\u00e9, que dans sa vie nous trouvons des signes de sa grande union avec J\u00e9sus-Christ souffrant, et que beaucoup de ses gestes faisaient \u00e9cho \u00e0 l\u2019affection de Marie, la M\u00e8re du Ciel. Divers t\u00e9moignages disent qu\u2019elle ressemblait \u00e0 la Vierge et certains, dans un exc\u00e8s d\u2019admiration, ont commis l\u2019erreur d\u2019affirmer qu\u2019elle \u00e9tait la Vierge. Certaines expressions qu\u2019elle utilisait peut-\u00eatre elle-m\u00eame pouvaient pr\u00eater \u00e0 confusion, mais, \u00e0 cette \u00e9poque, lorsque les cat\u00e9chistes missionnaires de ces lieux se sentaient \u00e9troitement identifi\u00e9s \u00e0 un saint, ils utilisaient des mots qui signifiaient en r\u00e9alit\u00e9 \u00ab j\u2019appartiens \u00e0 \u00bb, \u00ab je m\u2019identifie \u00e0 \u00bb. Aujourd\u2019hui, nous ne parlons plus de cette mani\u00e8re car cela peut pr\u00eater \u00e0 confusion. C\u2019est pourquoi toute expression d\u2019appr\u00e9ciation envers Elenita doit \u00e9viter de donner l\u2019impression d\u2019affirmer qu\u2019elle \u00e9tait la Vierge Marie \u00bb.<\/p>\n<h2>\u00abQue la Sainte Montagne soit un lieu o\u00f9 l\u2019on adore J\u00e9sus-Christ\u00bb<\/h2>\n<p>\u00ab La figure d\u2019Elenita \u2013 a affirm\u00e9 le cardinal Fern\u00e1ndez \u2013 nous parle d\u2019amour pour J\u00e9sus-Christ et Marie, de dignit\u00e9 de la femme, de d\u00e9vouement g\u00e9n\u00e9reux, d\u2019engagement, d\u2019aust\u00e9rit\u00e9. Elle nous parle aussi de mani\u00e8re tr\u00e8s \u00e9loquente du soin et de la d\u00e9fense des pauvres. \u00bb<\/p>\n<p>Et il conclut : \u00ab Que Dieu veuille que, \u00e9vitant tout ce qui pourrait cr\u00e9er la confusion, nous tournions nos oreilles et nos c\u0153urs vers l\u2019\u00c9vangile, qui doit r\u00e9sonner jour apr\u00e8s jour sur la Sainte Montagne, afin qu\u2019elle soit un lieu o\u00f9 J\u00e9sus-Christ, l\u2019unique Seigneur et R\u00e9dempteur, soit ador\u00e9, comme l\u2019aurait s\u00fbrement souhait\u00e9 Elenita de Jes\u00fas, humble et pauvre parmi les pauvres. \u00bb<\/p>\n<\/div>\n<h2>\n<\/h2>\n<p>Le R\u00f4le de l\u2019Intercession de Marie<\/p>\n<p>La pri\u00e8re \u00e0 Marie repr\u00e9sente un aspect essentiel de la foi chr\u00e9tienne, profond\u00e9ment ancr\u00e9e dans la doctrine catholique depuis des si\u00e8cles. C\u2019est un fondement sur lequel les fid\u00e8les s\u2019appuient pour trouver confort, guidance et intervention dans leur relation envers Dieu. \u00c0 travers les \u00e2ges, cette pratique de d\u00e9votion a \u00e9t\u00e9 renforc\u00e9e par les enseignements de la Bible, les coutumes eccl\u00e9siastiques, ainsi que le mod\u00e8le des saints qui ont t\u00e9moign\u00e9 de leur respect \u00e0 Marie en tant que aimante.<\/p>\n<h3>\n<\/h3>\n<p>L\u2019usage du Chapelet<\/p>\n<p>Le rosaire occupe une place centrale dans la vie spirituelle de un grand nombre de fid\u00e8les. En r\u00e9citant les diff\u00e9rents myst\u00e8res, les d\u00e9vots m\u00e9ditent dans les \u00e9v\u00e9nements li\u00e9s \u00e0 J\u00e9sus et Marie, renfor\u00e7ant leur lien spirituel avec eux. Chaque Ave Maria r\u00e9cit\u00e9, ils expriment leur confiance en l\u2019intercession de Marie et leur d\u00e9sir de suivre les enseignements du Christ. Saint Louis-Marie Grignion de Montfort, dans son ouvrage sur la d\u00e9votion authentique \u00e0 la Vierge Marie, invite les fid\u00e8les \u00e0 m\u00e9diter r\u00e9guli\u00e8rement des diff\u00e9rents myst\u00e8res du rosaire pour approfondir leur lien avec la M\u00e8re de Dieu. Cet antique rituel, transmise de g\u00e9n\u00e9ration en g\u00e9n\u00e9ration, reste une source d\u2019illumination spirituelle pour les croyants, les aidant \u00e0 se connecter avec la divine Dame du Ciel.<\/p>\n<h3>\n<\/h3>\n<p>L\u2019exhortation \u00e0 la pri\u00e8re<\/p>\n<p>Prions ensemble, en tant que fr\u00e8res et s\u0153urs, fr\u00e8res et s\u0153urs, dans l\u2019unit\u00e9 de notre foi, en Marie, la m\u00e8re de notre Seigneur J\u00e9sus-Christ. Au sein de notre monde troubl\u00e9 par la guerre et la division, recourons \u00e0 la pri\u00e8re pour trouver de retrouver la paix et l\u2019harmonie. Tout chr\u00e9tien peut faire d\u00e9poser une demande pour la m\u00e8re de dieu <a target=\"_blank\" rel=\"nofollow\" href=\"https:\/\/editionsbussiere.com\/blog\/goto\/https:\/\/www.avemariasound.org\/\" >sur ce lien.<\/a> Que nos supplications s\u2019\u00e9l\u00e8vent vers le ciel, comme une offrande agr\u00e9able \u00e0 Dieu, afin qu\u2019il puisse \u00e9clairer nos chemins sur le chemin de la justice et de la v\u00e9rit\u00e9. L\u2019ap\u00f4tre Paul nous exhorte dans ses lettres \u00e0 prier sans cesse, quelle que soit la situation, afin que notre connexion avec Dieu reste constante et passionn\u00e9e. La pri\u00e8re, lorsqu\u2019elle est offerte sinc\u00e8rement, poss\u00e8de la capacit\u00e9 de transformer nos c\u0153urs et de modifier le cours de l\u2019histoire.<\/p>\n<h2>\n<\/h2>\n<p>L\u2019enseignement du Souverain Pontife<\/p>\n<p>Le pape Fran\u00e7ois, dans ses enseignements \u00e9clair\u00e9s, disponibles gr\u00e2ce \u00e0 Bayard, nous rappelle la signification de la pri\u00e8re quotidienne. \u00c0 travers ses discours et ses audiences, il nous encourage \u00e0 d\u00e9velopper un lien personnel avec Dieu, en se fondant sur la m\u00e9ditation de la Parole biblique ainsi que la pratique du Rosaire. Sa mani\u00e8re d\u2019\u00eatre de compassion et d\u2019humilit\u00e9 nous encourage \u00e0 approfondir davantage notre pri\u00e8re et \u00e0 rechercher la pr\u00e9sence de Dieu dans chaque aspect de notre quotidien. Le Souverain Pontife Jean-Paul II, dans son \u00e9crit sur la foi chr\u00e9tienne, nous rappelle que la pratique de la pri\u00e8re est la base de la vie spirituelle et par elle que nous nous unissons \u00e0 Dieu. La pratique de la pri\u00e8re, transmise par les pontifes de g\u00e9n\u00e9ration en g\u00e9n\u00e9ration, est une source d\u2019espoir en p\u00e9riode de temp\u00eate, un fondement solide auquel nous pouvons nous appuyer.<\/p>\n<h3>\n<\/h3>\n<p>Les ouvrages provenant de Leli\u00e8vre et Hubert<\/p>\n<p>Au sein de la pratique religieuse, l\u2019\u00e9glise recommande vivement le recours \u00e0 la pri\u00e8re, et lors de la pri\u00e8re, les croyants accomplissent le signe de croix et r\u00e9citent le Je vous salue Marie. Des th\u00e9ologiens modernes, comme Leli\u00e8vre et Hubert, nous convient \u00e9galement \u00e0 r\u00e9fl\u00e9chir sur la force de la pri\u00e8re, \u00e0 travers leurs \u00e9crits inspirants. Leurs ouvrages, riches en enseignements spirituels, nous orientent sur le chemin de la foi et nous invitent \u00e0 trouver dans les richesses de la tradition chr\u00e9tienne pour nourrir notre spiritualit\u00e9. En m\u00e9ditant sur leurs publications, nous trouvons de nouvelles mani\u00e8res de d\u00e9velopper notre relation avec Dieu et de grandir dans la saintet\u00e9. L\u2019ap\u00f4tre Jean, dans son \u00e9vangile, nous enseigne que la pri\u00e8re est une puissante voie de demeurer en communion avec Dieu et de b\u00e9n\u00e9ficier ses b\u00e9n\u00e9dictions. Chaque passage de leurs \u00e9crits r\u00e9sonne comme un appel \u00e0 une pri\u00e8re fervente et \u00e0 une existence impr\u00e9gn\u00e9e de la pr\u00e9sence divine. Dans notre qu\u00eate de spiritualit\u00e9, chaque \u0153uvre lue devient un appel \u00e0 s\u2019\u00e9lever vers le divin, par le biais de la m\u00e9ditation et la contemplation.<\/p>\n<h3>\n<\/h3>\n<p>L\u2019acte de prier dans la chapelle<\/p>\n<p>Dans nos chapelles simples ou grandioses, tournons-nous vers Dieu en toute confiance et humilit\u00e9, car nous savons qu\u2019il \u00e9coute nos supplications avec une affection infinie. Que chaque flamme vacillante, chaque chapelet r\u00e9cit\u00e9, soit une offrande \u00e0 notre Seigneur et \u00e0 sa sainte m\u00e8re, Marie. Que nos instants de d\u00e9votion dans la chapelle soient des occasions de gr\u00e2ce et de renouvellement de notre esprit, nous renfor\u00e7ant pour affronter les challenges avec audace et foi in\u00e9branlable. Sainte Bernadette Soubirous, \u00e0 qui la Vierge Marie est apparue \u00e0 Lourdes, nous d\u00e9montre la valeur de la pri\u00e8re dans la vie des fid\u00e8les et l\u2019efficacit\u00e9 de l\u2019intercession de la Sainte Vierge. Chaque personne qui entre dans une chapelle, chaque page de la Bible lue dans ce lieu sacr\u00e9, constitue une rencontre avec la divinit\u00e9, une \u00e9tape cruciale sur le chemin de la transformation int\u00e9rieure. \u00c0 travers les textes sacr\u00e9s, tout disciple est encourag\u00e9 \u00e0 m\u00e9diter la croix du Christ, \u00e0 r\u00e9fl\u00e9chir \u00e0 son sacrifice, et \u00e0 trouver r\u00e9confort et espoir dans sa gr\u00e2ce r\u00e9demptrice.<\/p>\n<h2>\nLa pri\u00e8re comme m\u00e9decine pour l\u2019int\u00e9rieur<br \/>\n<\/h2>\n<p>Tel un th\u00e9rapeute pour notre \u00eatre int\u00e9rieur, la pri\u00e8re nous r\u00e9conforte ainsi que nous fortifie lorsque nous traversons des moments de douleur et de d\u00e9sespoir. Elle nous fait souvenir que la pr\u00e9sence divine ne nous quitte jamais, m\u00eame dans les moments les plus sombres de notre existence. En nous tournant vers lui \u00e0 travers la pri\u00e8re, nous d\u00e9couvrons la force int\u00e9rieure dont nous avons besoin pour surmonter les \u00e9preuves et pour affronter l\u2019avenir avec espoir et confiance. La pri\u00e8re est comme une rivi\u00e8re vivifiante qui satisfait notre soif spirituelle et qui, sur notre chemin de foi, nous r\u00e9g\u00e9n\u00e8re.<br \/>\n\u00c0 chaque pri\u00e8re murmur\u00e9e, \u00e0 chaque intention confi\u00e9e, notre \u00e2me trouve un r\u00e9confort c\u00e9leste, une gu\u00e9rison c\u00e9leste, qui d\u00e9passe les limitations humaines. Chaque passage des \u00c9critures est une invitation \u00e0 \u00e9changer avec Dieu, \u00e0 lui confier nos fardeaux, et \u00e0 recevoir sa gr\u00e2ce transformante.<\/p>\n<h2>Un point de vue alternatif sur l\u2019invocation \u00e0 Marie<\/h2>\n<p>L\u2019invocation de Marie est une pratique \u00e9troitement enracin\u00e9e dans la tradition catholique chr\u00e9tienne, fournissant un lien spirituel pr\u00e9cieux pour les croyants \u00e0 travers le globe. En tant que figure maternelle spirituelle et intercesseur d\u00e9vou\u00e9, Marie est invoqu\u00e9e avec d\u00e9votion lors des instants de n\u00e9cessit\u00e9 et de louange. Le chapelet, avec ses myst\u00e8res m\u00e9ditatifs, dirige les fid\u00e8les dans leur cheminement spirituel, les aidant \u00e0 m\u00e9diter sur J\u00e9sus, son fils, \u00e0 travers le prisme de la Vierge Marie. Cette affection envers Marie se refl\u00e8te dans les sanctuaires tel que le sanctuaire de Lourdes, o\u00f9 les p\u00e8lerins affluent pour rechercher r\u00e9confort et gu\u00e9rison, symbolisant la forte connexion entre la foi catholique et la d\u00e9votion mariale. Les enseignements \u00e9clairants de th\u00e9ologiens tels que Leli\u00e8vre et Hubert proposent une r\u00e9flexion pr\u00e9cieuse sur la valeur de la pri\u00e8re \u00e0 Marie et son r\u00f4le dans la vie spirituelle des croyants. Par le biais d\u2019une lecture approfondie de livres d\u00e9votionnels et bibliques, les adeptes approfondissent leur compr\u00e9hension de la v\u00e9n\u00e9ration de Marie et nourrissent une relation plus profonde avec Marie, notre m\u00e8re dans la foi. Dans un monde caract\u00e9ris\u00e9 par la guerre et les conflits, la d\u00e9votion \u00e0 Marie offre un refuge de calme et de confiance, incitant chaque individu, quelle que soit sa position dans la foi catholique, \u00e0 se tourner vers la Vierge Marie avec une foi profonde et une d\u00e9votion sinc\u00e8re. Prions donc ensemble, avec un c\u0153ur sinc\u00e8re et humble, en reconnaissant Marie comme notre m\u00e8re et notre intercesseur, et en lui confiant nos pri\u00e8res et nos d\u00e9sirs les plus profonds. Dans cette qu\u00eate spirituelle, tout adepte est convi\u00e9 \u00e0 poursuivre la voie des pri\u00e8res et des aspirations du c\u0153ur, sous la direction du saint P\u00e8re et les ressources spirituelles pr\u00e9cieuses fournies par des plateformes comme Aleteia. De cette mani\u00e8re, avec une humble confiance et un c\u0153ur ouvert, adressons notre pri\u00e8re quotidienne \u00e0 Marie, lui demandant de nous interc\u00e9der, et la gr\u00e2ce de pers\u00e9v\u00e9rer dans la pri\u00e8re fervente.<br \/>\nQue la pri\u00e8re soit notre refuge et notre consolation dans toutes les circonstances. Que nous nous inclinions vers Marie, notre m\u00e8re c\u00e9leste, avec un c\u0153ur ouvert et une foi in\u00e9branlable, convaincus qu\u2019elle plaide en notre faveur devant son fils bien-aim\u00e9. Que notre dialogue avec le divin nous m\u00e8ne sur le chemin de la saintet\u00e9, nous rapprochant toujours plus de Dieu et de son amour sans limites.<\/p>\n<p>Publications sur un propos comparable:<\/p>\n<p>Po\u00e9sie \u2013 Les Vitraux de la cath\u00e9drale \u2013 Le Consentement d\u2019Apia.,<a target=\"_blank\" rel=\"nofollow\" href=\"https:\/\/editionsbussiere.com\/blog\/goto\/https:\/\/fr.wikisource.org\/wiki\/Po%C3%A9sie_-_Les_Vitraux_de_la_cath%C3%A9drale_-_Le_Consentement_d%27Apia\"  target=\"_blank\" rel=\"noopener noreferrer nofollow\">L\u2019article ICI.<\/a><span><\/span><\/p>\n<p>Les vitraux du Moyen \u00e2ge et de la Renaissance dans la r\u00e9gion lyonnaise\/1.02.,<a target=\"_blank\" rel=\"nofollow\" href=\"https:\/\/editionsbussiere.com\/blog\/goto\/https:\/\/fr.wikisource.org\/wiki\/Les_vitraux_du_Moyen_%C3%A2ge_et_de_la_Renaissance_dans_la_r%C3%A9gion_lyonnaise\/1.02\"  target=\"_blank\" rel=\"noopener noreferrer nofollow\">L\u2019article ICI.<\/a><span><\/span>. Suite sur le prochain article.<\/p>\n<p>Les Consolations (Sainte-Beuve)\/La Harpe \u00e9olienne.,<a target=\"_blank\" rel=\"nofollow\" href=\"https:\/\/editionsbussiere.com\/blog\/goto\/https:\/\/fr.wikisource.org\/wiki\/Les_Consolations_(Sainte-Beuve)\/La_Harpe_%C3%A9olienne\"  target=\"_blank\" rel=\"noopener noreferrer nofollow\">Le texte de l\u2019article.<\/a><span><\/span><\/p>\n<p>Le Livre des mille nuits et une nuit\/Tome 11\/Histoire merveilleuse du miroir des vierges.,<a target=\"_blank\" rel=\"nofollow\" href=\"https:\/\/editionsbussiere.com\/blog\/goto\/https:\/\/fr.wikisource.org\/wiki\/Le_Livre_des_mille_nuits_et_une_nuit\/Tome_11\/Histoire_merveilleuse_du_miroir_des_vierges\"  target=\"_blank\" rel=\"noopener noreferrer nofollow\">Ici.<\/a><span><\/span>. Suite sur le prochain article.<\/p>\n<p>Hymne \u00e0 la Vierge de Vesoul.,<a target=\"_blank\" rel=\"nofollow\" href=\"https:\/\/editionsbussiere.com\/blog\/goto\/https:\/\/fr.wikisource.org\/wiki\/Hymne_%C3%A0_la_Vierge_de_Vesoul\"  target=\"_blank\" rel=\"noopener noreferrer nofollow\">L\u2019article de presse.<\/a><span><\/span><\/p>\n<p>Bouquets et pri\u00e8res\/Les Amiti\u00e9s de la Jeunesse.,<a target=\"_blank\" rel=\"nofollow\" href=\"https:\/\/editionsbussiere.com\/blog\/goto\/https:\/\/fr.wikisource.org\/wiki\/Bouquets_et_pri%C3%A8res\/Les_Amiti%C3%A9s_de_la_Jeunesse\"  target=\"_blank\" rel=\"noopener noreferrer nofollow\">Le texte de l\u2019article.<\/a><span><\/span>. Suite sur le prochain article.<\/p>\n<\/div>\n<p><img decoding=\"async\" class=\"wpe_imgrss\" src=\"https:\/\/editionsbussiere.com\/blog\/wp-content\/uploads\/2024\/08\/Le-Dicastere-pour-la-doctrine-de-la-foi-confirme-sa-1024x576-1.jpeg\">Cet article a \u00e9t\u00e9 reconstitu\u00e9 du mieux possible. Dans l\u2019hypoth\u00e8se o\u00f9 vous souhaitez apporter quelques modifications concernant le th\u00e8me \u00ab\u00a0Editions \u00e9sot\u00e9rique fond\u00e9e en 1927\u00a0\u00bb, il est possible de discuter avec notre r\u00e9daction. Vous pouvez tirer profit de cet article traitant le sujet \u00ab\u00a0Editions \u00e9sot\u00e9rique fond\u00e9e en 1927\u00a0\u00bb. Il est concoct\u00e9 par l\u2019\u00e9quipe editionsbussiere.com. Le site editionsbussiere.com est fait pour cr\u00e9er divers posts autour du th\u00e8me Editions \u00e9sot\u00e9rique fond\u00e9e en 1927 d\u00e9velopp\u00e9es sur internet. Consultez notre site internet editionsbussiere.com et nos r\u00e9seaux sociaux pour \u00eatre au courant des futures annonces.<\/p>\n","protected":false},"excerpt":{"rendered":"<p>Le pr\u00e9fet du dicast\u00e8re pour la doctrine de la foi a rendu une d\u00e9cision d\u00e9finitive concernant les pr\u00e9tendus \u00e9v\u00e9nements surnaturels li\u00e9s au sanctuaire de la Sainte Montagne \u00e0 Porto Rico. Face aux tentatives d\u2019attribuer \u00e0 Elenita de Jes\u00fas l\u2019identit\u00e9 de J\u00e9sus ou de la Vierge, le jugement est \u00ab constat de non supernaturalitate \u00bb. Par [&hellip;]<\/p>\n","protected":false},"author":3,"featured_media":1076,"comment_status":"closed","ping_status":"closed","sticky":false,"template":"","format":"standard","meta":{"footnotes":""},"categories":[3],"tags":[],"class_list":["post-1075","post","type-post","status-publish","format-standard","has-post-thumbnail","hentry","category-editions-esoterique-fondee-en-1927-depeches","entry","fw-tab-6 fw-tabr-4","has-featured-image"],"yoast_head":"<!-- This site is optimized with the Yoast SEO plugin v27.5 - https:\/\/yoast.com\/product\/yoast-seo-wordpress\/ -->\n<title>Elenita de Jes\u00fas : importante pour l\u2019\u00c9glise portoricaine, mais elle n\u2019est pas la Vierge Marie pour prier la Vierge Marie. - EDITIONSBUSSIERE<\/title>\n<meta name=\"robots\" content=\"index, follow, max-snippet:-1, max-image-preview:large, max-video-preview:-1\" \/>\n<link rel=\"canonical\" href=\"https:\/\/editionsbussiere.com\/blog\/elenita-de-jesus-importante-pour-leglise-portoricaine-mais-elle-nest-pas-la-vierge-marie-pour-prier-la-vierge-marie\/\" \/>\n<meta property=\"og:locale\" content=\"fr_FR\" \/>\n<meta property=\"og:type\" content=\"article\" \/>\n<meta property=\"og:title\" content=\"Elenita de Jes\u00fas : importante pour l\u2019\u00c9glise portoricaine, mais elle n\u2019est pas la Vierge Marie pour prier la Vierge Marie. - EDITIONSBUSSIERE\" \/>\n<meta property=\"og:description\" content=\"Le pr\u00e9fet du dicast\u00e8re pour la doctrine de la foi a rendu une d\u00e9cision d\u00e9finitive concernant les pr\u00e9tendus \u00e9v\u00e9nements surnaturels li\u00e9s au sanctuaire de la Sainte Montagne \u00e0 Porto Rico. Face aux tentatives d\u2019attribuer \u00e0 Elenita de Jes\u00fas l\u2019identit\u00e9 de J\u00e9sus ou de la Vierge, le jugement est \u00ab constat de non supernaturalitate \u00bb. Par [&hellip;]\" \/>\n<meta property=\"og:url\" content=\"https:\/\/editionsbussiere.com\/blog\/elenita-de-jesus-importante-pour-leglise-portoricaine-mais-elle-nest-pas-la-vierge-marie-pour-prier-la-vierge-marie\/\" \/>\n<meta property=\"og:site_name\" content=\"EDITIONSBUSSIERE\" \/>\n<meta property=\"article:published_time\" content=\"2024-08-02T19:20:48+00:00\" \/>\n<meta property=\"og:image\" content=\"https:\/\/editionsbussiere.com\/blog\/wp-content\/uploads\/2024\/08\/Le-Dicastere-pour-la-doctrine-de-la-foi-confirme-sa-1024x576-1.jpeg\" \/>\n<meta name=\"author\" content=\"Marie BATICLE\" \/>\n<meta name=\"twitter:card\" content=\"summary_large_image\" \/>\n<meta name=\"twitter:label1\" content=\"\u00c9crit par\" \/>\n\t<meta name=\"twitter:data1\" content=\"Marie BATICLE\" \/>\n\t<meta name=\"twitter:label2\" content=\"Dur\u00e9e de lecture estim\u00e9e\" \/>\n\t<meta name=\"twitter:data2\" content=\"15 minutes\" \/>\n<script type=\"application\/ld+json\" class=\"yoast-schema-graph\">{\"@context\":\"https:\\\/\\\/schema.org\",\"@graph\":[{\"@type\":\"Article\",\"@id\":\"https:\\\/\\\/editionsbussiere.com\\\/blog\\\/elenita-de-jesus-importante-pour-leglise-portoricaine-mais-elle-nest-pas-la-vierge-marie-pour-prier-la-vierge-marie\\\/#article\",\"isPartOf\":{\"@id\":\"https:\\\/\\\/editionsbussiere.com\\\/blog\\\/elenita-de-jesus-importante-pour-leglise-portoricaine-mais-elle-nest-pas-la-vierge-marie-pour-prier-la-vierge-marie\\\/\"},\"author\":{\"name\":\"Marie BATICLE\",\"@id\":\"https:\\\/\\\/editionsbussiere.com\\\/blog\\\/#\\\/schema\\\/person\\\/ec90e102792148c97e46ab871010dd8f\"},\"headline\":\"Elenita de Jes\u00fas : importante pour l\u2019\u00c9glise portoricaine, mais elle n\u2019est pas la Vierge Marie pour prier la Vierge Marie.\",\"datePublished\":\"2024-08-02T19:20:48+00:00\",\"mainEntityOfPage\":{\"@id\":\"https:\\\/\\\/editionsbussiere.com\\\/blog\\\/elenita-de-jesus-importante-pour-leglise-portoricaine-mais-elle-nest-pas-la-vierge-marie-pour-prier-la-vierge-marie\\\/\"},\"wordCount\":2957,\"publisher\":{\"@id\":\"https:\\\/\\\/editionsbussiere.com\\\/blog\\\/#organization\"},\"image\":{\"@id\":\"https:\\\/\\\/editionsbussiere.com\\\/blog\\\/elenita-de-jesus-importante-pour-leglise-portoricaine-mais-elle-nest-pas-la-vierge-marie-pour-prier-la-vierge-marie\\\/#primaryimage\"},\"thumbnailUrl\":\"https:\\\/\\\/editionsbussiere.com\\\/blog\\\/wp-content\\\/uploads\\\/2024\\\/08\\\/Le-Dicastere-pour-la-doctrine-de-la-foi-confirme-sa-1024x576-1.jpeg\",\"articleSection\":[\"Editions \u00c9sot\u00e9rique Fond\u00e9e En 1927; D\u00e9p\u00e8ches:\"],\"inLanguage\":\"fr-FR\"},{\"@type\":\"WebPage\",\"@id\":\"https:\\\/\\\/editionsbussiere.com\\\/blog\\\/elenita-de-jesus-importante-pour-leglise-portoricaine-mais-elle-nest-pas-la-vierge-marie-pour-prier-la-vierge-marie\\\/\",\"url\":\"https:\\\/\\\/editionsbussiere.com\\\/blog\\\/elenita-de-jesus-importante-pour-leglise-portoricaine-mais-elle-nest-pas-la-vierge-marie-pour-prier-la-vierge-marie\\\/\",\"name\":\"Elenita de Jes\u00fas : importante pour l\u2019\u00c9glise portoricaine, mais elle n\u2019est pas la Vierge Marie pour prier la Vierge Marie. - EDITIONSBUSSIERE\",\"isPartOf\":{\"@id\":\"https:\\\/\\\/editionsbussiere.com\\\/blog\\\/#website\"},\"primaryImageOfPage\":{\"@id\":\"https:\\\/\\\/editionsbussiere.com\\\/blog\\\/elenita-de-jesus-importante-pour-leglise-portoricaine-mais-elle-nest-pas-la-vierge-marie-pour-prier-la-vierge-marie\\\/#primaryimage\"},\"image\":{\"@id\":\"https:\\\/\\\/editionsbussiere.com\\\/blog\\\/elenita-de-jesus-importante-pour-leglise-portoricaine-mais-elle-nest-pas-la-vierge-marie-pour-prier-la-vierge-marie\\\/#primaryimage\"},\"thumbnailUrl\":\"https:\\\/\\\/editionsbussiere.com\\\/blog\\\/wp-content\\\/uploads\\\/2024\\\/08\\\/Le-Dicastere-pour-la-doctrine-de-la-foi-confirme-sa-1024x576-1.jpeg\",\"datePublished\":\"2024-08-02T19:20:48+00:00\",\"breadcrumb\":{\"@id\":\"https:\\\/\\\/editionsbussiere.com\\\/blog\\\/elenita-de-jesus-importante-pour-leglise-portoricaine-mais-elle-nest-pas-la-vierge-marie-pour-prier-la-vierge-marie\\\/#breadcrumb\"},\"inLanguage\":\"fr-FR\",\"potentialAction\":[{\"@type\":\"ReadAction\",\"target\":[\"https:\\\/\\\/editionsbussiere.com\\\/blog\\\/elenita-de-jesus-importante-pour-leglise-portoricaine-mais-elle-nest-pas-la-vierge-marie-pour-prier-la-vierge-marie\\\/\"]}]},{\"@type\":\"ImageObject\",\"inLanguage\":\"fr-FR\",\"@id\":\"https:\\\/\\\/editionsbussiere.com\\\/blog\\\/elenita-de-jesus-importante-pour-leglise-portoricaine-mais-elle-nest-pas-la-vierge-marie-pour-prier-la-vierge-marie\\\/#primaryimage\",\"url\":\"https:\\\/\\\/editionsbussiere.com\\\/blog\\\/wp-content\\\/uploads\\\/2024\\\/08\\\/Le-Dicastere-pour-la-doctrine-de-la-foi-confirme-sa-1024x576-1.jpeg\",\"contentUrl\":\"https:\\\/\\\/editionsbussiere.com\\\/blog\\\/wp-content\\\/uploads\\\/2024\\\/08\\\/Le-Dicastere-pour-la-doctrine-de-la-foi-confirme-sa-1024x576-1.jpeg\",\"width\":1024,\"height\":576,\"caption\":\"Le Dicastere pour la doctrine de la foi confirme sa 1024x576 1\"},{\"@type\":\"BreadcrumbList\",\"@id\":\"https:\\\/\\\/editionsbussiere.com\\\/blog\\\/elenita-de-jesus-importante-pour-leglise-portoricaine-mais-elle-nest-pas-la-vierge-marie-pour-prier-la-vierge-marie\\\/#breadcrumb\",\"itemListElement\":[{\"@type\":\"ListItem\",\"position\":1,\"name\":\"Accueil\",\"item\":\"https:\\\/\\\/editionsbussiere.com\\\/blog\\\/\"},{\"@type\":\"ListItem\",\"position\":2,\"name\":\"Elenita de Jes\u00fas : importante pour l\u2019\u00c9glise portoricaine, mais elle n\u2019est pas la Vierge Marie pour prier la Vierge Marie.\"}]},{\"@type\":\"WebSite\",\"@id\":\"https:\\\/\\\/editionsbussiere.com\\\/blog\\\/#website\",\"url\":\"https:\\\/\\\/editionsbussiere.com\\\/blog\\\/\",\"name\":\"EDITIONSBUSSIERE\",\"description\":\"Editions \u00e9sot\u00e9rique fond\u00e9e en 1927; site historique, A SAVOIR ET RETENIR.\",\"publisher\":{\"@id\":\"https:\\\/\\\/editionsbussiere.com\\\/blog\\\/#organization\"},\"potentialAction\":[{\"@type\":\"SearchAction\",\"target\":{\"@type\":\"EntryPoint\",\"urlTemplate\":\"https:\\\/\\\/editionsbussiere.com\\\/blog\\\/?s={search_term_string}\"},\"query-input\":{\"@type\":\"PropertyValueSpecification\",\"valueRequired\":true,\"valueName\":\"search_term_string\"}}],\"inLanguage\":\"fr-FR\"},{\"@type\":\"Organization\",\"@id\":\"https:\\\/\\\/editionsbussiere.com\\\/blog\\\/#organization\",\"name\":\"editionsbussiere\",\"url\":\"https:\\\/\\\/editionsbussiere.com\\\/blog\\\/\",\"logo\":{\"@type\":\"ImageObject\",\"inLanguage\":\"fr-FR\",\"@id\":\"https:\\\/\\\/editionsbussiere.com\\\/blog\\\/#\\\/schema\\\/logo\\\/image\\\/\",\"url\":\"https:\\\/\\\/editionsbussiere.com\\\/blog\\\/wp-content\\\/uploads\\\/2023\\\/09\\\/cropped-buss.gif\",\"contentUrl\":\"https:\\\/\\\/editionsbussiere.com\\\/blog\\\/wp-content\\\/uploads\\\/2023\\\/09\\\/cropped-buss.gif\",\"width\":298,\"height\":120,\"caption\":\"editionsbussiere\"},\"image\":{\"@id\":\"https:\\\/\\\/editionsbussiere.com\\\/blog\\\/#\\\/schema\\\/logo\\\/image\\\/\"}},{\"@type\":\"Person\",\"@id\":\"https:\\\/\\\/editionsbussiere.com\\\/blog\\\/#\\\/schema\\\/person\\\/ec90e102792148c97e46ab871010dd8f\",\"name\":\"Marie BATICLE\",\"image\":{\"@type\":\"ImageObject\",\"inLanguage\":\"fr-FR\",\"@id\":\"https:\\\/\\\/secure.gravatar.com\\\/avatar\\\/c923e52403b1b8137e2d929127211d21967e6aecaa053bd43b09da29f212e76e?s=96&d=mm&r=g\",\"url\":\"https:\\\/\\\/secure.gravatar.com\\\/avatar\\\/c923e52403b1b8137e2d929127211d21967e6aecaa053bd43b09da29f212e76e?s=96&d=mm&r=g\",\"contentUrl\":\"https:\\\/\\\/secure.gravatar.com\\\/avatar\\\/c923e52403b1b8137e2d929127211d21967e6aecaa053bd43b09da29f212e76e?s=96&d=mm&r=g\",\"caption\":\"Marie BATICLE\"},\"url\":\"https:\\\/\\\/editionsbussiere.com\\\/blog\\\/author\\\/eremarie\\\/\"}]}<\/script>\n<!-- \/ Yoast SEO plugin. -->","yoast_head_json":{"title":"Elenita de Jes\u00fas : importante pour l\u2019\u00c9glise portoricaine, mais elle n\u2019est pas la Vierge Marie pour prier la Vierge Marie. - EDITIONSBUSSIERE","robots":{"index":"index","follow":"follow","max-snippet":"max-snippet:-1","max-image-preview":"max-image-preview:large","max-video-preview":"max-video-preview:-1"},"canonical":"https:\/\/editionsbussiere.com\/blog\/elenita-de-jesus-importante-pour-leglise-portoricaine-mais-elle-nest-pas-la-vierge-marie-pour-prier-la-vierge-marie\/","og_locale":"fr_FR","og_type":"article","og_title":"Elenita de Jes\u00fas : importante pour l\u2019\u00c9glise portoricaine, mais elle n\u2019est pas la Vierge Marie pour prier la Vierge Marie. - EDITIONSBUSSIERE","og_description":"Le pr\u00e9fet du dicast\u00e8re pour la doctrine de la foi a rendu une d\u00e9cision d\u00e9finitive concernant les pr\u00e9tendus \u00e9v\u00e9nements surnaturels li\u00e9s au sanctuaire de la Sainte Montagne \u00e0 Porto Rico. Face aux tentatives d\u2019attribuer \u00e0 Elenita de Jes\u00fas l\u2019identit\u00e9 de J\u00e9sus ou de la Vierge, le jugement est \u00ab constat de non supernaturalitate \u00bb. Par [&hellip;]","og_url":"https:\/\/editionsbussiere.com\/blog\/elenita-de-jesus-importante-pour-leglise-portoricaine-mais-elle-nest-pas-la-vierge-marie-pour-prier-la-vierge-marie\/","og_site_name":"EDITIONSBUSSIERE","article_published_time":"2024-08-02T19:20:48+00:00","og_image":[{"url":"https:\/\/editionsbussiere.com\/blog\/wp-content\/uploads\/2024\/08\/Le-Dicastere-pour-la-doctrine-de-la-foi-confirme-sa-1024x576-1.jpeg","type":"","width":"","height":""}],"author":"Marie BATICLE","twitter_card":"summary_large_image","twitter_misc":{"\u00c9crit par":"Marie BATICLE","Dur\u00e9e de lecture estim\u00e9e":"15 minutes"},"schema":{"@context":"https:\/\/schema.org","@graph":[{"@type":"Article","@id":"https:\/\/editionsbussiere.com\/blog\/elenita-de-jesus-importante-pour-leglise-portoricaine-mais-elle-nest-pas-la-vierge-marie-pour-prier-la-vierge-marie\/#article","isPartOf":{"@id":"https:\/\/editionsbussiere.com\/blog\/elenita-de-jesus-importante-pour-leglise-portoricaine-mais-elle-nest-pas-la-vierge-marie-pour-prier-la-vierge-marie\/"},"author":{"name":"Marie BATICLE","@id":"https:\/\/editionsbussiere.com\/blog\/#\/schema\/person\/ec90e102792148c97e46ab871010dd8f"},"headline":"Elenita de Jes\u00fas : importante pour l\u2019\u00c9glise portoricaine, mais elle n\u2019est pas la Vierge Marie pour prier la Vierge Marie.","datePublished":"2024-08-02T19:20:48+00:00","mainEntityOfPage":{"@id":"https:\/\/editionsbussiere.com\/blog\/elenita-de-jesus-importante-pour-leglise-portoricaine-mais-elle-nest-pas-la-vierge-marie-pour-prier-la-vierge-marie\/"},"wordCount":2957,"publisher":{"@id":"https:\/\/editionsbussiere.com\/blog\/#organization"},"image":{"@id":"https:\/\/editionsbussiere.com\/blog\/elenita-de-jesus-importante-pour-leglise-portoricaine-mais-elle-nest-pas-la-vierge-marie-pour-prier-la-vierge-marie\/#primaryimage"},"thumbnailUrl":"https:\/\/editionsbussiere.com\/blog\/wp-content\/uploads\/2024\/08\/Le-Dicastere-pour-la-doctrine-de-la-foi-confirme-sa-1024x576-1.jpeg","articleSection":["Editions \u00c9sot\u00e9rique Fond\u00e9e En 1927; D\u00e9p\u00e8ches:"],"inLanguage":"fr-FR"},{"@type":"WebPage","@id":"https:\/\/editionsbussiere.com\/blog\/elenita-de-jesus-importante-pour-leglise-portoricaine-mais-elle-nest-pas-la-vierge-marie-pour-prier-la-vierge-marie\/","url":"https:\/\/editionsbussiere.com\/blog\/elenita-de-jesus-importante-pour-leglise-portoricaine-mais-elle-nest-pas-la-vierge-marie-pour-prier-la-vierge-marie\/","name":"Elenita de Jes\u00fas : importante pour l\u2019\u00c9glise portoricaine, mais elle n\u2019est pas la Vierge Marie pour prier la Vierge Marie. - EDITIONSBUSSIERE","isPartOf":{"@id":"https:\/\/editionsbussiere.com\/blog\/#website"},"primaryImageOfPage":{"@id":"https:\/\/editionsbussiere.com\/blog\/elenita-de-jesus-importante-pour-leglise-portoricaine-mais-elle-nest-pas-la-vierge-marie-pour-prier-la-vierge-marie\/#primaryimage"},"image":{"@id":"https:\/\/editionsbussiere.com\/blog\/elenita-de-jesus-importante-pour-leglise-portoricaine-mais-elle-nest-pas-la-vierge-marie-pour-prier-la-vierge-marie\/#primaryimage"},"thumbnailUrl":"https:\/\/editionsbussiere.com\/blog\/wp-content\/uploads\/2024\/08\/Le-Dicastere-pour-la-doctrine-de-la-foi-confirme-sa-1024x576-1.jpeg","datePublished":"2024-08-02T19:20:48+00:00","breadcrumb":{"@id":"https:\/\/editionsbussiere.com\/blog\/elenita-de-jesus-importante-pour-leglise-portoricaine-mais-elle-nest-pas-la-vierge-marie-pour-prier-la-vierge-marie\/#breadcrumb"},"inLanguage":"fr-FR","potentialAction":[{"@type":"ReadAction","target":["https:\/\/editionsbussiere.com\/blog\/elenita-de-jesus-importante-pour-leglise-portoricaine-mais-elle-nest-pas-la-vierge-marie-pour-prier-la-vierge-marie\/"]}]},{"@type":"ImageObject","inLanguage":"fr-FR","@id":"https:\/\/editionsbussiere.com\/blog\/elenita-de-jesus-importante-pour-leglise-portoricaine-mais-elle-nest-pas-la-vierge-marie-pour-prier-la-vierge-marie\/#primaryimage","url":"https:\/\/editionsbussiere.com\/blog\/wp-content\/uploads\/2024\/08\/Le-Dicastere-pour-la-doctrine-de-la-foi-confirme-sa-1024x576-1.jpeg","contentUrl":"https:\/\/editionsbussiere.com\/blog\/wp-content\/uploads\/2024\/08\/Le-Dicastere-pour-la-doctrine-de-la-foi-confirme-sa-1024x576-1.jpeg","width":1024,"height":576,"caption":"Le Dicastere pour la doctrine de la foi confirme sa 1024x576 1"},{"@type":"BreadcrumbList","@id":"https:\/\/editionsbussiere.com\/blog\/elenita-de-jesus-importante-pour-leglise-portoricaine-mais-elle-nest-pas-la-vierge-marie-pour-prier-la-vierge-marie\/#breadcrumb","itemListElement":[{"@type":"ListItem","position":1,"name":"Accueil","item":"https:\/\/editionsbussiere.com\/blog\/"},{"@type":"ListItem","position":2,"name":"Elenita de Jes\u00fas : importante pour l\u2019\u00c9glise portoricaine, mais elle n\u2019est pas la Vierge Marie pour prier la Vierge Marie."}]},{"@type":"WebSite","@id":"https:\/\/editionsbussiere.com\/blog\/#website","url":"https:\/\/editionsbussiere.com\/blog\/","name":"EDITIONSBUSSIERE","description":"Editions \u00e9sot\u00e9rique fond\u00e9e en 1927; site historique, A SAVOIR ET RETENIR.","publisher":{"@id":"https:\/\/editionsbussiere.com\/blog\/#organization"},"potentialAction":[{"@type":"SearchAction","target":{"@type":"EntryPoint","urlTemplate":"https:\/\/editionsbussiere.com\/blog\/?s={search_term_string}"},"query-input":{"@type":"PropertyValueSpecification","valueRequired":true,"valueName":"search_term_string"}}],"inLanguage":"fr-FR"},{"@type":"Organization","@id":"https:\/\/editionsbussiere.com\/blog\/#organization","name":"editionsbussiere","url":"https:\/\/editionsbussiere.com\/blog\/","logo":{"@type":"ImageObject","inLanguage":"fr-FR","@id":"https:\/\/editionsbussiere.com\/blog\/#\/schema\/logo\/image\/","url":"https:\/\/editionsbussiere.com\/blog\/wp-content\/uploads\/2023\/09\/cropped-buss.gif","contentUrl":"https:\/\/editionsbussiere.com\/blog\/wp-content\/uploads\/2023\/09\/cropped-buss.gif","width":298,"height":120,"caption":"editionsbussiere"},"image":{"@id":"https:\/\/editionsbussiere.com\/blog\/#\/schema\/logo\/image\/"}},{"@type":"Person","@id":"https:\/\/editionsbussiere.com\/blog\/#\/schema\/person\/ec90e102792148c97e46ab871010dd8f","name":"Marie BATICLE","image":{"@type":"ImageObject","inLanguage":"fr-FR","@id":"https:\/\/secure.gravatar.com\/avatar\/c923e52403b1b8137e2d929127211d21967e6aecaa053bd43b09da29f212e76e?s=96&d=mm&r=g","url":"https:\/\/secure.gravatar.com\/avatar\/c923e52403b1b8137e2d929127211d21967e6aecaa053bd43b09da29f212e76e?s=96&d=mm&r=g","contentUrl":"https:\/\/secure.gravatar.com\/avatar\/c923e52403b1b8137e2d929127211d21967e6aecaa053bd43b09da29f212e76e?s=96&d=mm&r=g","caption":"Marie BATICLE"},"url":"https:\/\/editionsbussiere.com\/blog\/author\/eremarie\/"}]}},"_links":{"self":[{"href":"https:\/\/editionsbussiere.com\/blog\/wp-json\/wp\/v2\/posts\/1075","targetHints":{"allow":["GET"]}}],"collection":[{"href":"https:\/\/editionsbussiere.com\/blog\/wp-json\/wp\/v2\/posts"}],"about":[{"href":"https:\/\/editionsbussiere.com\/blog\/wp-json\/wp\/v2\/types\/post"}],"author":[{"embeddable":true,"href":"https:\/\/editionsbussiere.com\/blog\/wp-json\/wp\/v2\/users\/3"}],"replies":[{"embeddable":true,"href":"https:\/\/editionsbussiere.com\/blog\/wp-json\/wp\/v2\/comments?post=1075"}],"version-history":[{"count":0,"href":"https:\/\/editionsbussiere.com\/blog\/wp-json\/wp\/v2\/posts\/1075\/revisions"}],"wp:featuredmedia":[{"embeddable":true,"href":"https:\/\/editionsbussiere.com\/blog\/wp-json\/wp\/v2\/media\/1076"}],"wp:attachment":[{"href":"https:\/\/editionsbussiere.com\/blog\/wp-json\/wp\/v2\/media?parent=1075"}],"wp:term":[{"taxonomy":"category","embeddable":true,"href":"https:\/\/editionsbussiere.com\/blog\/wp-json\/wp\/v2\/categories?post=1075"},{"taxonomy":"post_tag","embeddable":true,"href":"https:\/\/editionsbussiere.com\/blog\/wp-json\/wp\/v2\/tags?post=1075"}],"curies":[{"name":"wp","href":"https:\/\/api.w.org\/{rel}","templated":true}]}}