{"id":1069,"date":"2024-08-02T03:10:58","date_gmt":"2024-08-02T01:10:58","guid":{"rendered":"https:\/\/editionsbussiere.com\/blog\/un-boxeur-avec-des-chromosomes-masculins-bat-une-boxeuse-en-46-secondes-aux-jeux-olympiques-catholic-world-report-et-priere-pour-commencer-la-journee\/"},"modified":"2024-08-02T03:10:58","modified_gmt":"2024-08-02T01:10:58","slug":"un-boxeur-avec-des-chromosomes-masculins-bat-une-boxeuse-en-46-secondes-aux-jeux-olympiques-catholic-world-report-et-priere-pour-commencer-la-journee","status":"publish","type":"post","link":"https:\/\/editionsbussiere.com\/blog\/un-boxeur-avec-des-chromosomes-masculins-bat-une-boxeuse-en-46-secondes-aux-jeux-olympiques-catholic-world-report-et-priere-pour-commencer-la-journee\/","title":{"rendered":"Un boxeur avec des chromosomes masculins bat une boxeuse en 46 secondes aux Jeux olympiques \u2013 Catholic World Report\n et pri\u00e8re pour commencer la journ\u00e9e."},"content":{"rendered":"<div><img width=\"580\" height=\"387\" src=\"https:\/\/editionsbussiere.com\/blog\/wp-content\/uploads\/2024\/08\/Un-boxeur-avec-des-chromosomes-masculins-bat-une-boxeuse-en.jpg\" class=\"attachment-large size-large wp-post-image\" alt=\"Un boxeur avec des chromosomes masculins bat une boxeuse en\" style=\"float:left; margin:0 15px 15px 0;\" decoding=\"async\" srcset=\"https:\/\/editionsbussiere.com\/blog\/wp-content\/uploads\/2024\/08\/Un-boxeur-avec-des-chromosomes-masculins-bat-une-boxeuse-en.jpg 800w, https:\/\/www.n42.fr\/wp-content\/uploads\/2024\/08\/Un-boxeur-avec-des-chromosomes-masculins-bat-une-boxeuse-en-300x200.jpg 300w, https:\/\/www.n42.fr\/wp-content\/uploads\/2024\/08\/Un-boxeur-avec-des-chromosomes-masculins-bat-une-boxeuse-en-768x513.jpg 768w\" sizes=\"(max-width: 580px) 100vw, 580px\"><\/p>\n<p>\n<\/p>\n<div>\n<div style=\"width: 100%; margin-bottom: 25px;\">\n<figure style=\"width: 800px\" class=\"wp-caption alignnone\"><figcaption class=\"wp-caption-text\">L\u2019Alg\u00e9rienne Imane Khelif (en rouge) frappe l\u2019Italienne Angela Carini lors des huiti\u00e8mes de finale de boxe f\u00e9minine des 66 kg lors des Jeux Olympiques de Paris 2024 \u00e0 la North Paris Arena de Villepinte le 1er ao\u00fbt 2024. \/ Cr\u00e9dit : MOHD RASFAN\/AFP via Getty Images<\/figcaption><\/figure>\n<\/div>\n<p>Salle de presse de Washington, DC, 1er ao\u00fbt 2024 \/ 16h46 (CNA).<\/p>\n<p>Un boxeur alg\u00e9rien avec des chromosomes masculins a battu une boxeuse italienne lors d\u2019un match de boxe olympique jeudi apr\u00e8s avoir port\u00e9 un coup d\u00e9vastateur au visage de la femme dans le bref combat de 46 secondes.<\/p>\n<p>La boxeuse gagnante \u2014 Imane Khelif \u2014 poss\u00e8de des chromosomes XY, selon un test d\u2019\u00e9ligibilit\u00e9 de l\u2019Association internationale de boxe de 2023 qui a valu \u00e0 la boxeuse d\u2019\u00eatre disqualifi\u00e9e des Championnats du monde cette ann\u00e9e-l\u00e0.<\/p>\n<p>En r\u00e8gle g\u00e9n\u00e9rale, les hommes ont des chromosomes XY et les femmes des chromosomes XX, mais une personne n\u00e9e avec un trouble du d\u00e9veloppement sexuel peut parfois avoir \u00e0 la fois des caract\u00e9ristiques sexuelles masculines et f\u00e9minines, par exemple une personne n\u00e9e avec le syndrome de Swyer ayant des chromosomes XY et des organes g\u00e9nitaux f\u00e9minins.<\/p>\n<p>Khelif ne s\u2019est jamais identifi\u00e9 publiquement comme transgenre et n\u2019a r\u00e9v\u00e9l\u00e9 aucun trouble du d\u00e9veloppement sexuel, la raison du r\u00e9sultat du test n\u2019est donc pas claire. La boxeuse ta\u00efwanaise Lin Yu-ting, qui a \u00e9galement \u00e9t\u00e9 disqualifi\u00e9e des Championnats du monde 2023 pour des tests r\u00e9v\u00e9lant des chromosomes XY, concourra \u00e9galement contre des femmes aux Jeux olympiques de 2024.<\/p>\n<p>Khelif et Lin ont \u00e9galement tous deux particip\u00e9 aux Jeux olympiques de 2020, avant la publication de ces tests.<\/p>\n<p>Angela Carini, qui a perdu le combat contre Khelif, a quitt\u00e9 le ring en pleurs et a refus\u00e9 de lui serrer la main. Toujours sur le ring, elle aurait cri\u00e9 \u00ab c\u2019est injuste \u00bb, selon le New York Post.<\/p>\n<p>Dans une interview d\u2019apr\u00e8s-combat, Carini a d\u00e9clar\u00e9 qu\u2019elle n\u2019avait \u00ab jamais \u00e9t\u00e9 frapp\u00e9e aussi fort de sa vie \u00bb, selon le Post. Selon Yahoo Sports, elle s\u2019est excus\u00e9e aupr\u00e8s de son pays apr\u00e8s le match pour n\u2019avoir tenu que 46 secondes dans le combat.<\/p>\n<p>\u00ab J\u2019\u00e9tais mont\u00e9 sur le ring pour me battre \u00bb, a d\u00e9clar\u00e9 Carini, selon Yahoo. \u00ab Je n\u2019ai pas abandonn\u00e9, mais un coup de poing m\u2019a fait trop mal et j\u2019ai donc dit stop. Je sors la t\u00eate haute. \u00bb<\/p>\n<p>L\u2019article rapporte \u00e9galement que l\u2019entra\u00eeneur de Carini, Emanuel Renzini, a d\u00e9clar\u00e9 apr\u00e8s le combat que de nombreuses personnes l\u2019avaient d\u00e9courag\u00e9e de participer au combat, lui disant : \u00ab N\u2019y va pas, n\u2019y va pas, s\u2019il te pla\u00eet. C\u2019est un homme. C\u2019est dangereux pour toi. \u00bb<\/p>\n<p>Mary Rice Hasson, directrice du projet Person and Identity au Centre d\u2019\u00e9thique et de politique publique conservateur, a d\u00e9clar\u00e9 \u00e0 CNA qu\u2019un trouble du d\u00e9veloppement sexuel \u00ab ne fait pas de quelqu\u2019un un homme \u00bb et que \u00ab la g\u00e9n\u00e9tique ne ment pas \u00bb.<\/p>\n<p>\u00ab\u00a0Le [International Olympic Committee\u2019s] \u00ab La d\u00e9cision de permettre aux hommes qui s\u2019identifient comme des \u00ab femmes \u00bb de participer \u00e0 des sports f\u00e9minins \u2013 en particulier un sport physiquement brutal comme la boxe \u2013 est inadmissible \u00bb, a d\u00e9clar\u00e9 Hasson. \u00ab La boxeuse italienne a arr\u00eat\u00e9 le match parce qu\u2019elle sentait que sa vie \u00e9tait en danger, apr\u00e8s avoir \u00e9t\u00e9 rou\u00e9e de coups par le boxeur alg\u00e9rien pendant moins d\u2019une minute. \u00bb<\/p>\n<p>Hasson a d\u00e9clar\u00e9 que la situation \u00ab expose, sur la sc\u00e8ne mondiale, la nature ridicule de la mascarade \u00ab transgenre \u00bb \u00bb et a ajout\u00e9 que \u00ab les hommes et les femmes sont biologiquement diff\u00e9rents, d\u00e8s la conception, et le sexe ne peut pas changer. \u00bb Elle a d\u00e9clar\u00e9 que \u00ab l\u2019\u00e9tat d\u2019esprit \u00bb du comit\u00e9 viole \u00ab le v\u00e9ritable esprit olympique de comp\u00e9tition \u00e9quitable [and] \u2026 d\u00e9grade et met en danger les comp\u00e9titrices. \u00bb<\/p>\n<p>L\u2019ancien nageur Riley Gaines \u2014 qui a concouru contre la nageuse transgenre biologiquement masculine Lia Thomas \u00e0 l\u2019universit\u00e9 \u2014 <a target=\"_blank\" rel=\"nofollow\" href=\"https:\/\/editionsbussiere.com\/blog\/goto\/https:\/\/twitter.com\/Riley_Gaines_\/status\/1818970744316899585\" rel=\"nofollow noopener\" target=\"_blank\" class=\"null\" >dit dans un post sur X<\/a> que le combat olympique \u00ab glorifie la violence masculine contre les femmes \u00bb.<\/p>\n<p>\u00ab Appelez-moi folle, mais c\u2019est presque comme si les femmes ne voulaient pas \u00eatre frapp\u00e9es au visage par un homme pendant que le monde regarde et applaudit \u00bb, a d\u00e9clar\u00e9 Gaines.<\/p>\n<p>Le prochain match olympique de Khelif est pr\u00e9vu samedi contre le boxeur hongrois Luca Anna Hamori. Le premier match de Lin est pr\u00e9vu vendredi contre la boxeuse ouzb\u00e8ke Sitora Turdibekova.<\/p>\n<div class=\"post-donation-box\">\n<hr>\n<p>Si vous appr\u00e9ciez les informations et les points de vue fournis par Catholic World Report, pensez \u00e0 faire un don pour soutenir nos efforts. Votre contribution nous aidera \u00e0 continuer \u00e0 mettre CWR \u00e0 la disposition de tous les lecteurs du monde entier, gratuitement, sans abonnement. Merci pour votre g\u00e9n\u00e9rosit\u00e9 !<\/p>\n<p>Cliquez ici pour plus d\u2019informations sur les dons au CWR. Cliquez ici pour vous inscrire \u00e0 notre newsletter.<\/p>\n<hr style=\"margin-bottom: 25px;\">\n      <\/div>\n<\/div>\n<p><script async src=\"\/\/platform.twitter.com\/widgets.js\" charset=\"utf-8\"><\/script><script>\n!function(f,b,e,v,n,t,s)\nif(f.fbq)return;n=f.fbq=function()n.callMethod?\nn.callMethod.apply(n,arguments):n.queue.push(arguments);\nif(!f._fbq)f._fbq=n;n.push=n;n.loaded=!0;n.version='2.0';\nn.queue=[];t=b.createElement(e);t.async=!0;\nt.src=v;s=b.getElementsByTagName(e)[0];\ns.parentNode.insertBefore(t,s)(window, document,'script',\n'\nfbq('init', '860643031454650');\nfbq('track', 'PageView');\n<\/script><script>\n\t\t\t\t(function(d, s, id)\n\t\t\t\t\tvar js, fjs = d.getElementsByTagName(s)[0];\n\t\t\t\t\tif (d.getElementById(id)) return;\n\t\t\t\t\tjs = d.createElement(s); js.id = id;\n\t\t\t\t\tjs.src = \"\/\/connect.facebook.net\/en_US\/sdk.js#xfbml=1&version=v2.6\";\n\t\t\t\t\tfjs.parentNode.insertBefore(js, fjs);\n\t\t\t\t(document, 'script', 'facebook-jssdk'));\n\t\t\t<\/script><\/p>\n<h2> \u00c9lever nos propres et les pri\u00e8res pour notre entourage au Seigneur matin.<\/h2>\n<p>Cette derni\u00e8re section de la pri\u00e8re du matin consiste \u00e0 prier pour nos familles \u00eatres chers, nos famille, nos connaissances et notre communaut\u00e9. Nous pouvons prier pour leur propre, leur bonheur, leur protection, et leur r\u00e9ussite. Nous pouvons \u00e9galement prier pour nos ennemis et pour ces individus qui nous ont heurt\u00e9s, et demander \u00e0 Dieu de nous aider \u00e0 leur propre pardonner et \u00e0 leur t\u00e9moigner de la compassion.<\/p>\n<h3> Demander pour la vigueur et la protection de nos amis.<\/h3>\n<p>\u00d4 Seigneur, nous tous te confions nos proches, nos propres familles et nos connaissances. Garde, cher Dieu, sur eux, ainsi que sauvegarde -les de tout p\u00e9ril et de toute affliction. Donne, \u00d4 Seigneur, une bien-\u00eatre du corps et de l\u2019esprit pour eux, et aussi la paix au sein de leur c\u0153ur. Puissante soit la volont\u00e9 pour que ta b\u00e9n\u00e9diction puissante les \u00e2mes garde ainsi que les individus conduise tout au long de cette journ\u00e9e, afin qu\u2019ils puissent vivre dans la tranquillit\u00e9 et aussi la qui\u00e9tude.<\/p>\n<p>Nous \u00e0 toi prions \u00e9galement pour nos enfants, Dieu, afin qu\u2019ils grandissent dans leur foi ainsi que dans l\u2019amour de ton sacr\u00e9 nom. Accorde, \u00f4 Dieu, la sagesse ainsi que la vigueur n\u00e9cessaires pour faire face \u00e0 les d\u00e9fis de la vie, et conduise leurs pas le long de le chemin de la v\u00e9rit\u00e9 et de la justice.<\/p>\n<p>Enfin, nous te prions pour nos amis et nos voisins, Seigneur, afin qu\u2019ils connaissent la joie de ton amour avec la tranquillit\u00e9 de ton pardon. Accorde-leur, \u00d4 Dieu, de c\u0153urs g\u00e9n\u00e9reux en vue de partager avec ceux qui sont dans le besoin, et aussi mains accueillantes afin de accueillir ceux qui sont seuls et abandonn\u00e9s.<\/p>\n<h3> Prier pour les n\u00f4tres ennemis et ceux qui sont nous ont offens\u00e9s. <\/h3>\n<p>Seigneur Dieu, J\u00e9sus, nous te prions pour les n\u00f4tres ennemis ainsi que pour ceux qui sont nous-m\u00eames ont offens\u00e9s. Accorde-leur, \u00f4 Christ, votre mis\u00e9ricorde et votre pardon, ainsi que ouvre leur c\u0153ur \u00e0 la lumi\u00e8re de ta v\u00e9rit\u00e9. Aide-nous, Seigneur, \u00e0 leur montrer de la compassion ainsi que \u00e0 leur pardonner comme tu nous as pardonn\u00e9. Que ta paix r\u00e8gne dans nos c\u0153urs et que ton amour guide notre actions, pour que nous puissions vivre en harmonie avec tous ceux qui sont nous-m\u00eames entourent.<\/p>\n<h3> Comprendre l\u2019 pri\u00e8re : <\/h3>\n<p>Pour terminer, l\u2019 invocation nous reconna\u00eet notre mission comme prog\u00e9niture de Dieu : se trouver des t\u00e9moin de sa lumi\u00e8re et de son attachement dans une p\u00e9riode affect\u00e9e aux obscurit\u00e9s. \u00c0 travers notre discours et nos actes, nous propageons le message de la paix et de la rapprochement, amenant l\u2019attente et la cicatrisation \u00e0 un contexte endommag\u00e9.<\/p>\n<p>Dans l\u2019 spiritualit\u00e9 chr\u00e9tienne, l\u2019 aube rev\u00eat une importance sp\u00e9ciale, repr\u00e9sentant le renouvellement et la renaissance int\u00e9rieure. C\u2019est \u00e0 l\u2019aube de chaque jour que l\u2019esprit se oriente vers le Seigneur dans l\u2019oraison, recherchant \u00e0 se trouver \u00e9clair\u00e9e par la clart\u00e9 divine. L\u2019habitude des pri\u00e8res matinales s\u2019av\u00e8re essentiellement enracin\u00e9e dans le patrimoine chr\u00e9tienne, fournissant un moment exclusif pour communier avec le Seigneur et se disposer int\u00e9rieurement aux d\u00e9fis de la journ\u00e9e qui s\u2019annonce.<\/p>\n<p>Au au c\u0153ur au sein de ces pri\u00e8re matinales se trouve habituellement une d\u00e9votion particuli\u00e8re envers Marie, maman maternelle de J\u00e9sus et figure sainte ador\u00e9e par un grand nombre fid\u00e8les. En qualit\u00e9 d\u2019 interm\u00e9diaire au milieu de les hommes et Dieu, Marie est sollicit\u00e9e pour intervenir en notre faveur, nous orientant sur le sentier vers la saintet\u00e9 et de la gr\u00e2ce divine. Sa pr\u00e9sence maternelle donne consolation ainsi que abri, cercant nos oraisons matinales avec une tendresse c\u00e9leste.<\/p>\n<p>Au travers les pri\u00e8res du matin, nous sommes invit\u00e9s \u00e0 nous unir vers Marie dans une initiative de b\u00e9atification personnelle. Par m\u00e9ditant sur sa vie et les vertus, nous recherchons \u00e0 imiter son humilit\u00e9, la puret\u00e9 et son ob\u00e9issance \u00e0 la volont\u00e9 de Dieu. Par le biais de la saintet\u00e9 parfaite, Marie devient pour nous un mod\u00e8le de vie chr\u00e9tienne, nous rem\u00e9morant l\u2019importance de la pri\u00e8re et de la contemplation dans notre cheminement spirituel.<\/p>\n<p>Unissons nos voix dans la pri\u00e8re du matin, dans notre foi, en Marie, la m\u00e8re de J\u00e9sus. Dans notre monde tourment\u00e9 par les conflits et la division, optons \u00e0 la pri\u00e8re comme un moyen de retrouver la s\u00e9r\u00e9nit\u00e9 et l\u2019harmonie. Les chr\u00e9tiens ont la possibilit\u00e9 envoyer un message pour Marie <a target=\"_blank\" rel=\"nofollow\" href=\"https:\/\/editionsbussiere.com\/blog\/goto\/https:\/\/www.avemariasound.org\/\" >sur cette page.<\/a> Que nos pri\u00e8res s\u2019\u00e9l\u00e8vent vers le ciel, comme un hommage agr\u00e9able \u00e0 Dieu, pour qu\u2019il guide \u00e9clairer nos pas vers le chemin de la justice et de la v\u00e9rit\u00e9. L\u2019ap\u00f4tre Paul nous dans ses lettres \u00e0 prier sans cesse, en toutes circonstances, pour que notre connexion \u00e0 Dieu reste solide et passionn\u00e9e. La pri\u00e8re, lorsqu\u2019elle est offerte sinc\u00e8rement, a le pouvoir pour transformer les c\u0153urs et de modifier le destin de l\u2019histoire.<\/p>\n<p>La pri\u00e8re du matin se trouve \u00eatre un moment favoris\u00e9 pour nous consacrer vers Dieu avec l\u2019intercession de Marie, en lui offrant nos adorations, nos remerciements et nos intentions les plus profondes. Au sein de la qui\u00e9tude de l\u2019aurore, on se trouve invit\u00e9s \u00e0 tourner \u00e0 cette m\u00e8re divine, laquelle nous guide par affection au sujet de du chemin de la foi et l\u2019amour divin. En associant nos voix \u00e0 celle-ci du Marie, nous haussant nos pri\u00e8res matinales envers du tr\u00f4ne de du don divin, assur\u00e9s que nos supplications seront entendues et accueillies par du c\u0153ur mis\u00e9ricordieux de Dieu.<\/p>\n<h2> Pri\u00e8re pour le d\u00e9but de journ\u00e9e avec dieu et Marie la Vierge<\/h2>\n<p>\u00d4 Tout-Puissant et Mis\u00e9ricordieux Seigneur, en ce jour qui se l\u00e8ve sous la clart\u00e9 de ta divine lumi\u00e8re, je viens \u00e0 toi avec c\u0153ur rempli de confiance et d\u2019humilit\u00e9. Que cette jour qui commence soit consacr\u00e9e \u00e0 ta gloire sainte, que chaque pulsation de mon \u00eatre |chaque regard de mes yeux|chacune de mes paroles|chacun de mes gestes} te soit offert en sacrifice. Que chaque souffle qui anime mon corps soit un soupir de d\u00e9votion |un souffle vers toi|un souffle de vie en toi}. Priez, suppliez, priez, que nos \u00e2mes se confient, suppliez.<\/p>\n<p>\u00c0 l\u2019instar de Marie, la sainte m\u00e8re qui a port\u00e9 en son sein l\u2019enfant J\u00e9sus, guide-moi dans ce voyage de foi et de d\u00e9votion. Que je puisse, \u00e0 travers les pages de l\u2019\u00c9vangile, d\u00e9couvrir la lueur pour \u00e9clairer mes pas et renforcer ma foi. Comme Pierre, accorde-moi la puissance et l\u2019audace de surmonter les \u00e9preuves de ce monde avec une foi in\u00e9branlable en ta divine providence.<\/p>\n<p>Dans ce p\u00e9riode de Car\u00eame, o\u00f9 les fid\u00e8les et les chr\u00e9tiennes se pr\u00e9parent \u00e0 honorer la r\u00e9surrection de J\u00e9sus-Christ, octroie-moi, Seigneur, la gr\u00e2ce du r\u00e9veil spirituel. Que mon \u00e2me soit purifi\u00e9 de tout ce qui le souille, afin qu\u2019il devienne un lieu sacr\u00e9 o\u00f9 tu r\u00e9sides. Que ma pri\u00e8re, suivant l\u2019exemple de Fran\u00e7ois d\u2019Assise, r\u00e9sonne comme une m\u00e9lodie de louanges \u00e0 travers les si\u00e8cles.<br \/>\nDieu Tout-Puissant, que ma journ\u00e9e soit impr\u00e9gn\u00e9 de ta gr\u00e2ce, que tous les moments soit une occasion de entrer en communion avec toi et de te servir dans mes semblables. Que mon chemin soit un t\u00e9moignage vivant de ta tendresse infinie pour l\u2019humanit\u00e9. Puissent les mots de la pri\u00e8re de Hozana monter vers toi comme un doux parfum, enveloppant toute ma journ\u00e9e dans une ambiance de paix. Priez, \u00c9glise, Fran\u00e7ois, Hozana.<\/p>\n<p>Que mon c\u0153ur, \u00d4 Seigneur, devienne une manifestation du tien, rempli d\u2019amour, de compassion et de mis\u00e9ricorde envers mes semblables. Que toutes mes pens\u00e9es et mes actions soient conduites par le Saint-Esprit, afin que je puisse contribuer \u00e0 l\u2019av\u00e8nement de ton r\u00e8gne de justice sur cette terre.<\/p>\n<p>Que cette journ\u00e9e soit une nouvelle \u00e9tape dans mon cheminement spirituel, un moment de grandir dans la foi. Seigneur, prends possession de mon c\u0153ur, \u00e9tablis-le comme ton sanctuaire, o\u00f9 ta pr\u00e9sence se manifeste \u00e0 chaque instant. Que chacun de mes battements de c\u0153ur se transforme en un chant \u00e0 ta gloire, \u00f4 Seigneur, pour les si\u00e8cles des si\u00e8cles. Amen.<\/p>\n<p>Dans l\u2019\u00e9veil spiritualiste de tout \u00e2me chr\u00e9tienne, la supplication joue. C\u2019est le lien profonde entre le fid\u00e8le divin et sa m\u00e8re c\u00e9leste, la Sainte M\u00e8re, la sainte interc\u00e8de pour nous aupr\u00e8s de son c\u00e9leste Fils. \u00c0 travers la pri\u00e8re, les croyants entrons au c\u0153ur de la brillance de l\u2019\u00c9vangile, dirig\u00e9s avec l\u2019Esprit Saint, pour trouver la vraie nature et la gr\u00e2ce que J\u00e9sus nous offre.<\/p>\n<h2>Contemplation de la divine Parole divine : <\/h2>\n<p>Il nous est possible de pouvons contempler en ce qui concerne un extrait religieux lequel nous enseigne de la tendresse du Seigneur. \u00c0 titre illustratif :<\/p>\n<h3>1 Corinthiens 13, 1-8 : <\/h3>\n<p>\u00ab\u00a0Quand je parlerais les langues des hommes et des anges, si je n\u2019ai pas l\u2019amour, je suis un airain qui r\u00e9sonne ou une cymbale qui retentit. Et quand j\u2019aurais le don de proph\u00e9tie, la science de tous les myst\u00e8res et toute la connaissance, quand j\u2019aurais m\u00eame toute la foi jusqu\u2019\u00e0 transporter des montagnes, si je n\u2019ai pas l\u2019amour, je ne suis rien. .\u00a0\u00bb<\/p>\n<p>Ouvrages sur le m\u00eame th\u00e8me:<\/p>\n<p>Raz de Sein\/01.,<a target=\"_blank\" rel=\"nofollow\" href=\"https:\/\/editionsbussiere.com\/blog\/goto\/https:\/\/fr.wikisource.org\/wiki\/Raz_de_Sein\/01\"  target=\"_blank\" rel=\"noopener noreferrer nofollow\">L\u2019article de presse.<\/a><span><\/span>. Suite sur le prochain article.<\/p>\n<p>Mirages \u2013 L\u2019Ond\u00e9e \u2013 \u00c2me simple\u2026.,<a target=\"_blank\" rel=\"nofollow\" href=\"https:\/\/editionsbussiere.com\/blog\/goto\/https:\/\/fr.wikisource.org\/wiki\/Mirages_-_L%E2%80%99Ond%C3%A9e_-_%C3%82me_simple...\"  target=\"_blank\" rel=\"noopener noreferrer nofollow\">Cliquer ICI.<\/a><span><\/span>. Suite sur le prochain article.<\/p>\n<p>Les Foules de Lourdes\/Chapitre II.,<a target=\"_blank\" rel=\"nofollow\" href=\"https:\/\/editionsbussiere.com\/blog\/goto\/https:\/\/fr.wikisource.org\/wiki\/Les_Foules_de_Lourdes\/Chapitre_II\"  target=\"_blank\" rel=\"noopener noreferrer nofollow\">L\u2019article ICI.<\/a><span><\/span><\/p>\n<p>Le Parnasse contemporain\/1866\/Ekhidna.,<a target=\"_blank\" rel=\"nofollow\" href=\"https:\/\/editionsbussiere.com\/blog\/goto\/https:\/\/fr.wikisource.org\/wiki\/Le_Parnasse_contemporain\/1866\/Ekhidna\"  target=\"_blank\" rel=\"noopener noreferrer nofollow\">Le dossier.<\/a><span><\/span>. Suite sur le prochain article.<\/p>\n<p>Grand-Louis l\u2019innocent\/12.,<a target=\"_blank\" rel=\"nofollow\" href=\"https:\/\/editionsbussiere.com\/blog\/goto\/https:\/\/fr.wikisource.org\/wiki\/Grand-Louis_l%E2%80%99innocent\/12\"  target=\"_blank\" rel=\"noopener noreferrer nofollow\">Le post d\u2019actualit\u00e9.<\/a><span><\/span><\/p>\n<p>Contes de l\u2019Ille-et-Vilaine\/Sainte Onenna.,<a target=\"_blank\" rel=\"nofollow\" href=\"https:\/\/editionsbussiere.com\/blog\/goto\/https:\/\/fr.wikisource.org\/wiki\/Contes_de_l%E2%80%99Ille-et-Vilaine\/Sainte_Onenna\"  target=\"_blank\" rel=\"noopener noreferrer nofollow\">Le dossier.<\/a><span><\/span><\/p>\n<\/div>\n<p><img decoding=\"async\" class=\"wpe_imgrss\" src=\"https:\/\/editionsbussiere.com\/blog\/wp-content\/uploads\/2024\/08\/Un-boxeur-avec-des-chromosomes-masculins-bat-une-boxeuse-en.jpg\">Cet article a \u00e9t\u00e9 reconstitu\u00e9 du mieux possible. Dans l\u2019hypoth\u00e8se o\u00f9 vous souhaitez apporter quelques modifications concernant le th\u00e8me \u00ab\u00a0Editions \u00e9sot\u00e9rique fond\u00e9e en 1927\u00a0\u00bb, il est possible de discuter avec notre r\u00e9daction. Vous pouvez tirer profit de cet article traitant le sujet \u00ab\u00a0Editions \u00e9sot\u00e9rique fond\u00e9e en 1927\u00a0\u00bb. Il est concoct\u00e9 par l\u2019\u00e9quipe editionsbussiere.com. Le site editionsbussiere.com est fait pour cr\u00e9er divers posts autour du th\u00e8me Editions \u00e9sot\u00e9rique fond\u00e9e en 1927 d\u00e9velopp\u00e9es sur internet. Consultez notre site internet editionsbussiere.com et nos r\u00e9seaux sociaux pour \u00eatre au courant des futures annonces.<\/p>\n","protected":false},"excerpt":{"rendered":"<p>L\u2019Alg\u00e9rienne Imane Khelif (en rouge) frappe l\u2019Italienne Angela Carini lors des huiti\u00e8mes de finale de boxe f\u00e9minine des 66 kg lors des Jeux Olympiques de Paris 2024 \u00e0 la North Paris Arena de Villepinte le 1er ao\u00fbt 2024. \/ Cr\u00e9dit : MOHD RASFAN\/AFP via Getty Images Salle de presse de Washington, DC, 1er ao\u00fbt 2024 [&hellip;]<\/p>\n","protected":false},"author":3,"featured_media":1070,"comment_status":"closed","ping_status":"closed","sticky":false,"template":"","format":"standard","meta":{"footnotes":""},"categories":[3],"tags":[],"class_list":["post-1069","post","type-post","status-publish","format-standard","has-post-thumbnail","hentry","category-editions-esoterique-fondee-en-1927-depeches","entry","fw-tab-6 fw-tabr-4","has-featured-image"],"yoast_head":"<!-- This site is optimized with the Yoast SEO plugin v27.5 - https:\/\/yoast.com\/product\/yoast-seo-wordpress\/ -->\n<title>Un boxeur avec des chromosomes masculins bat une boxeuse en 46 secondes aux Jeux olympiques \u2013 Catholic World Report et pri\u00e8re pour commencer la journ\u00e9e. - EDITIONSBUSSIERE<\/title>\n<meta name=\"robots\" content=\"index, follow, max-snippet:-1, max-image-preview:large, max-video-preview:-1\" \/>\n<link rel=\"canonical\" href=\"https:\/\/editionsbussiere.com\/blog\/un-boxeur-avec-des-chromosomes-masculins-bat-une-boxeuse-en-46-secondes-aux-jeux-olympiques-catholic-world-report-et-priere-pour-commencer-la-journee\/\" \/>\n<meta property=\"og:locale\" content=\"fr_FR\" \/>\n<meta property=\"og:type\" content=\"article\" \/>\n<meta property=\"og:title\" content=\"Un boxeur avec des chromosomes masculins bat une boxeuse en 46 secondes aux Jeux olympiques \u2013 Catholic World Report et pri\u00e8re pour commencer la journ\u00e9e. - EDITIONSBUSSIERE\" \/>\n<meta property=\"og:description\" content=\"L\u2019Alg\u00e9rienne Imane Khelif (en rouge) frappe l\u2019Italienne Angela Carini lors des huiti\u00e8mes de finale de boxe f\u00e9minine des 66 kg lors des Jeux Olympiques de Paris 2024 \u00e0 la North Paris Arena de Villepinte le 1er ao\u00fbt 2024. \/ Cr\u00e9dit : MOHD RASFAN\/AFP via Getty Images Salle de presse de Washington, DC, 1er ao\u00fbt 2024 [&hellip;]\" \/>\n<meta property=\"og:url\" content=\"https:\/\/editionsbussiere.com\/blog\/un-boxeur-avec-des-chromosomes-masculins-bat-une-boxeuse-en-46-secondes-aux-jeux-olympiques-catholic-world-report-et-priere-pour-commencer-la-journee\/\" \/>\n<meta property=\"og:site_name\" content=\"EDITIONSBUSSIERE\" \/>\n<meta property=\"article:published_time\" content=\"2024-08-02T01:10:58+00:00\" \/>\n<meta property=\"og:image\" content=\"https:\/\/editionsbussiere.com\/blog\/wp-content\/uploads\/2024\/08\/Un-boxeur-avec-des-chromosomes-masculins-bat-une-boxeuse-en.jpg\" \/>\n<meta name=\"author\" content=\"Marie BATICLE\" \/>\n<meta name=\"twitter:card\" content=\"summary_large_image\" \/>\n<meta name=\"twitter:label1\" content=\"\u00c9crit par\" \/>\n\t<meta name=\"twitter:data1\" content=\"Marie BATICLE\" \/>\n\t<meta name=\"twitter:label2\" content=\"Dur\u00e9e de lecture estim\u00e9e\" \/>\n\t<meta name=\"twitter:data2\" content=\"13 minutes\" \/>\n<script type=\"application\/ld+json\" class=\"yoast-schema-graph\">{\"@context\":\"https:\\\/\\\/schema.org\",\"@graph\":[{\"@type\":\"Article\",\"@id\":\"https:\\\/\\\/editionsbussiere.com\\\/blog\\\/un-boxeur-avec-des-chromosomes-masculins-bat-une-boxeuse-en-46-secondes-aux-jeux-olympiques-catholic-world-report-et-priere-pour-commencer-la-journee\\\/#article\",\"isPartOf\":{\"@id\":\"https:\\\/\\\/editionsbussiere.com\\\/blog\\\/un-boxeur-avec-des-chromosomes-masculins-bat-une-boxeuse-en-46-secondes-aux-jeux-olympiques-catholic-world-report-et-priere-pour-commencer-la-journee\\\/\"},\"author\":{\"name\":\"Marie BATICLE\",\"@id\":\"https:\\\/\\\/editionsbussiere.com\\\/blog\\\/#\\\/schema\\\/person\\\/ec90e102792148c97e46ab871010dd8f\"},\"headline\":\"Un boxeur avec des chromosomes masculins bat une boxeuse en 46 secondes aux Jeux olympiques \u2013 Catholic World Report et pri\u00e8re pour commencer la journ\u00e9e.\",\"datePublished\":\"2024-08-02T01:10:58+00:00\",\"mainEntityOfPage\":{\"@id\":\"https:\\\/\\\/editionsbussiere.com\\\/blog\\\/un-boxeur-avec-des-chromosomes-masculins-bat-une-boxeuse-en-46-secondes-aux-jeux-olympiques-catholic-world-report-et-priere-pour-commencer-la-journee\\\/\"},\"wordCount\":2667,\"publisher\":{\"@id\":\"https:\\\/\\\/editionsbussiere.com\\\/blog\\\/#organization\"},\"image\":{\"@id\":\"https:\\\/\\\/editionsbussiere.com\\\/blog\\\/un-boxeur-avec-des-chromosomes-masculins-bat-une-boxeuse-en-46-secondes-aux-jeux-olympiques-catholic-world-report-et-priere-pour-commencer-la-journee\\\/#primaryimage\"},\"thumbnailUrl\":\"https:\\\/\\\/editionsbussiere.com\\\/blog\\\/wp-content\\\/uploads\\\/2024\\\/08\\\/Un-boxeur-avec-des-chromosomes-masculins-bat-une-boxeuse-en.jpg\",\"articleSection\":[\"Editions \u00c9sot\u00e9rique Fond\u00e9e En 1927; D\u00e9p\u00e8ches:\"],\"inLanguage\":\"fr-FR\"},{\"@type\":\"WebPage\",\"@id\":\"https:\\\/\\\/editionsbussiere.com\\\/blog\\\/un-boxeur-avec-des-chromosomes-masculins-bat-une-boxeuse-en-46-secondes-aux-jeux-olympiques-catholic-world-report-et-priere-pour-commencer-la-journee\\\/\",\"url\":\"https:\\\/\\\/editionsbussiere.com\\\/blog\\\/un-boxeur-avec-des-chromosomes-masculins-bat-une-boxeuse-en-46-secondes-aux-jeux-olympiques-catholic-world-report-et-priere-pour-commencer-la-journee\\\/\",\"name\":\"Un boxeur avec des chromosomes masculins bat une boxeuse en 46 secondes aux Jeux olympiques \u2013 Catholic World Report et pri\u00e8re pour commencer la journ\u00e9e. - EDITIONSBUSSIERE\",\"isPartOf\":{\"@id\":\"https:\\\/\\\/editionsbussiere.com\\\/blog\\\/#website\"},\"primaryImageOfPage\":{\"@id\":\"https:\\\/\\\/editionsbussiere.com\\\/blog\\\/un-boxeur-avec-des-chromosomes-masculins-bat-une-boxeuse-en-46-secondes-aux-jeux-olympiques-catholic-world-report-et-priere-pour-commencer-la-journee\\\/#primaryimage\"},\"image\":{\"@id\":\"https:\\\/\\\/editionsbussiere.com\\\/blog\\\/un-boxeur-avec-des-chromosomes-masculins-bat-une-boxeuse-en-46-secondes-aux-jeux-olympiques-catholic-world-report-et-priere-pour-commencer-la-journee\\\/#primaryimage\"},\"thumbnailUrl\":\"https:\\\/\\\/editionsbussiere.com\\\/blog\\\/wp-content\\\/uploads\\\/2024\\\/08\\\/Un-boxeur-avec-des-chromosomes-masculins-bat-une-boxeuse-en.jpg\",\"datePublished\":\"2024-08-02T01:10:58+00:00\",\"breadcrumb\":{\"@id\":\"https:\\\/\\\/editionsbussiere.com\\\/blog\\\/un-boxeur-avec-des-chromosomes-masculins-bat-une-boxeuse-en-46-secondes-aux-jeux-olympiques-catholic-world-report-et-priere-pour-commencer-la-journee\\\/#breadcrumb\"},\"inLanguage\":\"fr-FR\",\"potentialAction\":[{\"@type\":\"ReadAction\",\"target\":[\"https:\\\/\\\/editionsbussiere.com\\\/blog\\\/un-boxeur-avec-des-chromosomes-masculins-bat-une-boxeuse-en-46-secondes-aux-jeux-olympiques-catholic-world-report-et-priere-pour-commencer-la-journee\\\/\"]}]},{\"@type\":\"ImageObject\",\"inLanguage\":\"fr-FR\",\"@id\":\"https:\\\/\\\/editionsbussiere.com\\\/blog\\\/un-boxeur-avec-des-chromosomes-masculins-bat-une-boxeuse-en-46-secondes-aux-jeux-olympiques-catholic-world-report-et-priere-pour-commencer-la-journee\\\/#primaryimage\",\"url\":\"https:\\\/\\\/editionsbussiere.com\\\/blog\\\/wp-content\\\/uploads\\\/2024\\\/08\\\/Un-boxeur-avec-des-chromosomes-masculins-bat-une-boxeuse-en.jpg\",\"contentUrl\":\"https:\\\/\\\/editionsbussiere.com\\\/blog\\\/wp-content\\\/uploads\\\/2024\\\/08\\\/Un-boxeur-avec-des-chromosomes-masculins-bat-une-boxeuse-en.jpg\",\"width\":800,\"height\":534,\"caption\":\"Un boxeur avec des chromosomes masculins bat une boxeuse en\"},{\"@type\":\"BreadcrumbList\",\"@id\":\"https:\\\/\\\/editionsbussiere.com\\\/blog\\\/un-boxeur-avec-des-chromosomes-masculins-bat-une-boxeuse-en-46-secondes-aux-jeux-olympiques-catholic-world-report-et-priere-pour-commencer-la-journee\\\/#breadcrumb\",\"itemListElement\":[{\"@type\":\"ListItem\",\"position\":1,\"name\":\"Accueil\",\"item\":\"https:\\\/\\\/editionsbussiere.com\\\/blog\\\/\"},{\"@type\":\"ListItem\",\"position\":2,\"name\":\"Un boxeur avec des chromosomes masculins bat une boxeuse en 46 secondes aux Jeux olympiques \u2013 Catholic World Report et pri\u00e8re pour commencer la journ\u00e9e.\"}]},{\"@type\":\"WebSite\",\"@id\":\"https:\\\/\\\/editionsbussiere.com\\\/blog\\\/#website\",\"url\":\"https:\\\/\\\/editionsbussiere.com\\\/blog\\\/\",\"name\":\"EDITIONSBUSSIERE\",\"description\":\"Editions \u00e9sot\u00e9rique fond\u00e9e en 1927; site historique, A SAVOIR ET RETENIR.\",\"publisher\":{\"@id\":\"https:\\\/\\\/editionsbussiere.com\\\/blog\\\/#organization\"},\"potentialAction\":[{\"@type\":\"SearchAction\",\"target\":{\"@type\":\"EntryPoint\",\"urlTemplate\":\"https:\\\/\\\/editionsbussiere.com\\\/blog\\\/?s={search_term_string}\"},\"query-input\":{\"@type\":\"PropertyValueSpecification\",\"valueRequired\":true,\"valueName\":\"search_term_string\"}}],\"inLanguage\":\"fr-FR\"},{\"@type\":\"Organization\",\"@id\":\"https:\\\/\\\/editionsbussiere.com\\\/blog\\\/#organization\",\"name\":\"editionsbussiere\",\"url\":\"https:\\\/\\\/editionsbussiere.com\\\/blog\\\/\",\"logo\":{\"@type\":\"ImageObject\",\"inLanguage\":\"fr-FR\",\"@id\":\"https:\\\/\\\/editionsbussiere.com\\\/blog\\\/#\\\/schema\\\/logo\\\/image\\\/\",\"url\":\"https:\\\/\\\/editionsbussiere.com\\\/blog\\\/wp-content\\\/uploads\\\/2023\\\/09\\\/cropped-buss.gif\",\"contentUrl\":\"https:\\\/\\\/editionsbussiere.com\\\/blog\\\/wp-content\\\/uploads\\\/2023\\\/09\\\/cropped-buss.gif\",\"width\":298,\"height\":120,\"caption\":\"editionsbussiere\"},\"image\":{\"@id\":\"https:\\\/\\\/editionsbussiere.com\\\/blog\\\/#\\\/schema\\\/logo\\\/image\\\/\"}},{\"@type\":\"Person\",\"@id\":\"https:\\\/\\\/editionsbussiere.com\\\/blog\\\/#\\\/schema\\\/person\\\/ec90e102792148c97e46ab871010dd8f\",\"name\":\"Marie BATICLE\",\"image\":{\"@type\":\"ImageObject\",\"inLanguage\":\"fr-FR\",\"@id\":\"https:\\\/\\\/secure.gravatar.com\\\/avatar\\\/c923e52403b1b8137e2d929127211d21967e6aecaa053bd43b09da29f212e76e?s=96&d=mm&r=g\",\"url\":\"https:\\\/\\\/secure.gravatar.com\\\/avatar\\\/c923e52403b1b8137e2d929127211d21967e6aecaa053bd43b09da29f212e76e?s=96&d=mm&r=g\",\"contentUrl\":\"https:\\\/\\\/secure.gravatar.com\\\/avatar\\\/c923e52403b1b8137e2d929127211d21967e6aecaa053bd43b09da29f212e76e?s=96&d=mm&r=g\",\"caption\":\"Marie BATICLE\"},\"url\":\"https:\\\/\\\/editionsbussiere.com\\\/blog\\\/author\\\/eremarie\\\/\"}]}<\/script>\n<!-- \/ Yoast SEO plugin. -->","yoast_head_json":{"title":"Un boxeur avec des chromosomes masculins bat une boxeuse en 46 secondes aux Jeux olympiques \u2013 Catholic World Report et pri\u00e8re pour commencer la journ\u00e9e. - EDITIONSBUSSIERE","robots":{"index":"index","follow":"follow","max-snippet":"max-snippet:-1","max-image-preview":"max-image-preview:large","max-video-preview":"max-video-preview:-1"},"canonical":"https:\/\/editionsbussiere.com\/blog\/un-boxeur-avec-des-chromosomes-masculins-bat-une-boxeuse-en-46-secondes-aux-jeux-olympiques-catholic-world-report-et-priere-pour-commencer-la-journee\/","og_locale":"fr_FR","og_type":"article","og_title":"Un boxeur avec des chromosomes masculins bat une boxeuse en 46 secondes aux Jeux olympiques \u2013 Catholic World Report et pri\u00e8re pour commencer la journ\u00e9e. - EDITIONSBUSSIERE","og_description":"L\u2019Alg\u00e9rienne Imane Khelif (en rouge) frappe l\u2019Italienne Angela Carini lors des huiti\u00e8mes de finale de boxe f\u00e9minine des 66 kg lors des Jeux Olympiques de Paris 2024 \u00e0 la North Paris Arena de Villepinte le 1er ao\u00fbt 2024. \/ Cr\u00e9dit : MOHD RASFAN\/AFP via Getty Images Salle de presse de Washington, DC, 1er ao\u00fbt 2024 [&hellip;]","og_url":"https:\/\/editionsbussiere.com\/blog\/un-boxeur-avec-des-chromosomes-masculins-bat-une-boxeuse-en-46-secondes-aux-jeux-olympiques-catholic-world-report-et-priere-pour-commencer-la-journee\/","og_site_name":"EDITIONSBUSSIERE","article_published_time":"2024-08-02T01:10:58+00:00","og_image":[{"url":"https:\/\/editionsbussiere.com\/blog\/wp-content\/uploads\/2024\/08\/Un-boxeur-avec-des-chromosomes-masculins-bat-une-boxeuse-en.jpg","type":"","width":"","height":""}],"author":"Marie BATICLE","twitter_card":"summary_large_image","twitter_misc":{"\u00c9crit par":"Marie BATICLE","Dur\u00e9e de lecture estim\u00e9e":"13 minutes"},"schema":{"@context":"https:\/\/schema.org","@graph":[{"@type":"Article","@id":"https:\/\/editionsbussiere.com\/blog\/un-boxeur-avec-des-chromosomes-masculins-bat-une-boxeuse-en-46-secondes-aux-jeux-olympiques-catholic-world-report-et-priere-pour-commencer-la-journee\/#article","isPartOf":{"@id":"https:\/\/editionsbussiere.com\/blog\/un-boxeur-avec-des-chromosomes-masculins-bat-une-boxeuse-en-46-secondes-aux-jeux-olympiques-catholic-world-report-et-priere-pour-commencer-la-journee\/"},"author":{"name":"Marie BATICLE","@id":"https:\/\/editionsbussiere.com\/blog\/#\/schema\/person\/ec90e102792148c97e46ab871010dd8f"},"headline":"Un boxeur avec des chromosomes masculins bat une boxeuse en 46 secondes aux Jeux olympiques \u2013 Catholic World Report et pri\u00e8re pour commencer la journ\u00e9e.","datePublished":"2024-08-02T01:10:58+00:00","mainEntityOfPage":{"@id":"https:\/\/editionsbussiere.com\/blog\/un-boxeur-avec-des-chromosomes-masculins-bat-une-boxeuse-en-46-secondes-aux-jeux-olympiques-catholic-world-report-et-priere-pour-commencer-la-journee\/"},"wordCount":2667,"publisher":{"@id":"https:\/\/editionsbussiere.com\/blog\/#organization"},"image":{"@id":"https:\/\/editionsbussiere.com\/blog\/un-boxeur-avec-des-chromosomes-masculins-bat-une-boxeuse-en-46-secondes-aux-jeux-olympiques-catholic-world-report-et-priere-pour-commencer-la-journee\/#primaryimage"},"thumbnailUrl":"https:\/\/editionsbussiere.com\/blog\/wp-content\/uploads\/2024\/08\/Un-boxeur-avec-des-chromosomes-masculins-bat-une-boxeuse-en.jpg","articleSection":["Editions \u00c9sot\u00e9rique Fond\u00e9e En 1927; D\u00e9p\u00e8ches:"],"inLanguage":"fr-FR"},{"@type":"WebPage","@id":"https:\/\/editionsbussiere.com\/blog\/un-boxeur-avec-des-chromosomes-masculins-bat-une-boxeuse-en-46-secondes-aux-jeux-olympiques-catholic-world-report-et-priere-pour-commencer-la-journee\/","url":"https:\/\/editionsbussiere.com\/blog\/un-boxeur-avec-des-chromosomes-masculins-bat-une-boxeuse-en-46-secondes-aux-jeux-olympiques-catholic-world-report-et-priere-pour-commencer-la-journee\/","name":"Un boxeur avec des chromosomes masculins bat une boxeuse en 46 secondes aux Jeux olympiques \u2013 Catholic World Report et pri\u00e8re pour commencer la journ\u00e9e. - EDITIONSBUSSIERE","isPartOf":{"@id":"https:\/\/editionsbussiere.com\/blog\/#website"},"primaryImageOfPage":{"@id":"https:\/\/editionsbussiere.com\/blog\/un-boxeur-avec-des-chromosomes-masculins-bat-une-boxeuse-en-46-secondes-aux-jeux-olympiques-catholic-world-report-et-priere-pour-commencer-la-journee\/#primaryimage"},"image":{"@id":"https:\/\/editionsbussiere.com\/blog\/un-boxeur-avec-des-chromosomes-masculins-bat-une-boxeuse-en-46-secondes-aux-jeux-olympiques-catholic-world-report-et-priere-pour-commencer-la-journee\/#primaryimage"},"thumbnailUrl":"https:\/\/editionsbussiere.com\/blog\/wp-content\/uploads\/2024\/08\/Un-boxeur-avec-des-chromosomes-masculins-bat-une-boxeuse-en.jpg","datePublished":"2024-08-02T01:10:58+00:00","breadcrumb":{"@id":"https:\/\/editionsbussiere.com\/blog\/un-boxeur-avec-des-chromosomes-masculins-bat-une-boxeuse-en-46-secondes-aux-jeux-olympiques-catholic-world-report-et-priere-pour-commencer-la-journee\/#breadcrumb"},"inLanguage":"fr-FR","potentialAction":[{"@type":"ReadAction","target":["https:\/\/editionsbussiere.com\/blog\/un-boxeur-avec-des-chromosomes-masculins-bat-une-boxeuse-en-46-secondes-aux-jeux-olympiques-catholic-world-report-et-priere-pour-commencer-la-journee\/"]}]},{"@type":"ImageObject","inLanguage":"fr-FR","@id":"https:\/\/editionsbussiere.com\/blog\/un-boxeur-avec-des-chromosomes-masculins-bat-une-boxeuse-en-46-secondes-aux-jeux-olympiques-catholic-world-report-et-priere-pour-commencer-la-journee\/#primaryimage","url":"https:\/\/editionsbussiere.com\/blog\/wp-content\/uploads\/2024\/08\/Un-boxeur-avec-des-chromosomes-masculins-bat-une-boxeuse-en.jpg","contentUrl":"https:\/\/editionsbussiere.com\/blog\/wp-content\/uploads\/2024\/08\/Un-boxeur-avec-des-chromosomes-masculins-bat-une-boxeuse-en.jpg","width":800,"height":534,"caption":"Un boxeur avec des chromosomes masculins bat une boxeuse en"},{"@type":"BreadcrumbList","@id":"https:\/\/editionsbussiere.com\/blog\/un-boxeur-avec-des-chromosomes-masculins-bat-une-boxeuse-en-46-secondes-aux-jeux-olympiques-catholic-world-report-et-priere-pour-commencer-la-journee\/#breadcrumb","itemListElement":[{"@type":"ListItem","position":1,"name":"Accueil","item":"https:\/\/editionsbussiere.com\/blog\/"},{"@type":"ListItem","position":2,"name":"Un boxeur avec des chromosomes masculins bat une boxeuse en 46 secondes aux Jeux olympiques \u2013 Catholic World Report et pri\u00e8re pour commencer la journ\u00e9e."}]},{"@type":"WebSite","@id":"https:\/\/editionsbussiere.com\/blog\/#website","url":"https:\/\/editionsbussiere.com\/blog\/","name":"EDITIONSBUSSIERE","description":"Editions \u00e9sot\u00e9rique fond\u00e9e en 1927; site historique, A SAVOIR ET RETENIR.","publisher":{"@id":"https:\/\/editionsbussiere.com\/blog\/#organization"},"potentialAction":[{"@type":"SearchAction","target":{"@type":"EntryPoint","urlTemplate":"https:\/\/editionsbussiere.com\/blog\/?s={search_term_string}"},"query-input":{"@type":"PropertyValueSpecification","valueRequired":true,"valueName":"search_term_string"}}],"inLanguage":"fr-FR"},{"@type":"Organization","@id":"https:\/\/editionsbussiere.com\/blog\/#organization","name":"editionsbussiere","url":"https:\/\/editionsbussiere.com\/blog\/","logo":{"@type":"ImageObject","inLanguage":"fr-FR","@id":"https:\/\/editionsbussiere.com\/blog\/#\/schema\/logo\/image\/","url":"https:\/\/editionsbussiere.com\/blog\/wp-content\/uploads\/2023\/09\/cropped-buss.gif","contentUrl":"https:\/\/editionsbussiere.com\/blog\/wp-content\/uploads\/2023\/09\/cropped-buss.gif","width":298,"height":120,"caption":"editionsbussiere"},"image":{"@id":"https:\/\/editionsbussiere.com\/blog\/#\/schema\/logo\/image\/"}},{"@type":"Person","@id":"https:\/\/editionsbussiere.com\/blog\/#\/schema\/person\/ec90e102792148c97e46ab871010dd8f","name":"Marie BATICLE","image":{"@type":"ImageObject","inLanguage":"fr-FR","@id":"https:\/\/secure.gravatar.com\/avatar\/c923e52403b1b8137e2d929127211d21967e6aecaa053bd43b09da29f212e76e?s=96&d=mm&r=g","url":"https:\/\/secure.gravatar.com\/avatar\/c923e52403b1b8137e2d929127211d21967e6aecaa053bd43b09da29f212e76e?s=96&d=mm&r=g","contentUrl":"https:\/\/secure.gravatar.com\/avatar\/c923e52403b1b8137e2d929127211d21967e6aecaa053bd43b09da29f212e76e?s=96&d=mm&r=g","caption":"Marie BATICLE"},"url":"https:\/\/editionsbussiere.com\/blog\/author\/eremarie\/"}]}},"_links":{"self":[{"href":"https:\/\/editionsbussiere.com\/blog\/wp-json\/wp\/v2\/posts\/1069","targetHints":{"allow":["GET"]}}],"collection":[{"href":"https:\/\/editionsbussiere.com\/blog\/wp-json\/wp\/v2\/posts"}],"about":[{"href":"https:\/\/editionsbussiere.com\/blog\/wp-json\/wp\/v2\/types\/post"}],"author":[{"embeddable":true,"href":"https:\/\/editionsbussiere.com\/blog\/wp-json\/wp\/v2\/users\/3"}],"replies":[{"embeddable":true,"href":"https:\/\/editionsbussiere.com\/blog\/wp-json\/wp\/v2\/comments?post=1069"}],"version-history":[{"count":0,"href":"https:\/\/editionsbussiere.com\/blog\/wp-json\/wp\/v2\/posts\/1069\/revisions"}],"wp:featuredmedia":[{"embeddable":true,"href":"https:\/\/editionsbussiere.com\/blog\/wp-json\/wp\/v2\/media\/1070"}],"wp:attachment":[{"href":"https:\/\/editionsbussiere.com\/blog\/wp-json\/wp\/v2\/media?parent=1069"}],"wp:term":[{"taxonomy":"category","embeddable":true,"href":"https:\/\/editionsbussiere.com\/blog\/wp-json\/wp\/v2\/categories?post=1069"},{"taxonomy":"post_tag","embeddable":true,"href":"https:\/\/editionsbussiere.com\/blog\/wp-json\/wp\/v2\/tags?post=1069"}],"curies":[{"name":"wp","href":"https:\/\/api.w.org\/{rel}","templated":true}]}}