{"id":1062,"date":"2024-08-01T15:04:43","date_gmt":"2024-08-01T13:04:43","guid":{"rendered":"https:\/\/editionsbussiere.com\/blog\/guide-de-poche-pour-la-priere-avec-une-priere-matinale\/"},"modified":"2024-08-01T15:04:43","modified_gmt":"2024-08-01T13:04:43","slug":"guide-de-poche-pour-la-priere-avec-une-priere-matinale","status":"publish","type":"post","link":"https:\/\/editionsbussiere.com\/blog\/guide-de-poche-pour-la-priere-avec-une-priere-matinale\/","title":{"rendered":"Guide de poche pour la pri\u00e8re\n avec une pri\u00e8re matinale."},"content":{"rendered":"<div><img width=\"580\" height=\"290\" src=\"https:\/\/editionsbussiere.com\/blog\/wp-content\/uploads\/2024\/08\/Guide-de-poche-pour-la-priere-avec-une-priere-matinale.png\" class=\"attachment-large size-large wp-post-image\" alt=\"Guide de poche pour la pri\u00e8re avec une pri\u00e8re matinale.\" style=\"float:left; margin:0 15px 15px 0;\" decoding=\"async\" srcset=\"https:\/\/editionsbussiere.com\/blog\/wp-content\/uploads\/2024\/08\/Guide-de-poche-pour-la-priere-avec-une-priere-matinale.png 1024w, https:\/\/www.n42.fr\/wp-content\/uploads\/2024\/08\/Guide-de-poche-pour-la-priere-avec-une-priere-matinale-300x150.png 300w, https:\/\/www.n42.fr\/wp-content\/uploads\/2024\/08\/Guide-de-poche-pour-la-priere-avec-une-priere-matinale-768x384.png 768w\" sizes=\"(max-width: 580px) 100vw, 580px\"><\/p>\n<p>\n<\/p>\n<div id=\"post-body\">\n                  <span id=\"hs_cos_wrapper_post_body\" class=\"hs_cos_wrapper hs_cos_wrapper_meta_field hs_cos_wrapper_type_rich_text\" style=\"\" data-hs-cos-general-type=\"meta_field\" data-hs-cos-type=\"rich_text\"><\/p>\n<p>Alexis Dallara-Marsh passe en revue un guide de pri\u00e8re facile \u00e0 utiliser, r\u00e9cemment publi\u00e9 par Ascension Press.<\/p>\n<p><span id=\"more-184550\"><\/span><\/p>\n<hr>\n<p>par le Dr Edward Sri, Beth Sri et le p\u00e8re Mark-Mary Ames, CFR<br \/>Publi\u00e9 par Ascension Press<\/p>\n<blockquote>\n<p>La meilleure chose que les \u00e9poux, les p\u00e8res et les m\u00e8res puissent faire l\u2019un pour l\u2019autre et pour leurs enfants, c\u2019est de devenir des saints, des hommes et des femmes de pri\u00e8re ardente. L\u2019impact de leurs paroles et de leurs actes n\u2019est pas seulement plus fort, il est \u00e9ternel. (P\u00e8re Thomas Dubay, cit\u00e9 dans <em>Guide de poche pour la pri\u00e8re<\/em>) <\/p>\n<\/blockquote>\n<p>J\u2019ai toujours eu du mal \u00e0 savoir comment prier. En tant que catholique, j\u2019ai appris ces pri\u00e8res que nous devrions tous conna\u00eetre, comme le Notre P\u00e8re ou le Je vous salue Marie, mais ouvrir spontan\u00e9ment mon c\u0153ur \u00e0 Celui que j\u2019ai souvent du mal \u00e0 entendre est une t\u00e2che ardue dans ma vie quotidienne distraite et sans repos. <\/p>\n<p><img decoding=\"async\" src=\"https:\/\/editionsbussiere.com\/blog\/wp-content\/uploads\/2024\/08\/Screenshot25202024-07-192520105012.png3Fwidth3D83626height3D98226name3DScreenshot25202024-07-192520105012.png\" width=\"836\" height=\"982\" loading=\"lazy\" alt=\"nul\" style=\"height: auto; max-width: 100%; width: 836px;\" srcset=\"https:\/\/www.catholicmom.com\/hs-fs\/hubfs\/Screenshot%202024-07-19%20105012.png?width=418&amp;height=491&amp;name=Screenshot%202024-07-19%20105012.png 418w, https:\/\/editionsbussiere.com\/blog\/wp-content\/uploads\/2024\/08\/Screenshot25202024-07-192520105012.png3Fwidth3D83626height3D98226name3DScreenshot25202024-07-192520105012.png 836w, https:\/\/www.catholicmom.com\/hs-fs\/hubfs\/Screenshot%202024-07-19%20105012.png?width=1254&amp;height=1473&amp;name=Screenshot%202024-07-19%20105012.png 1254w, https:\/\/www.catholicmom.com\/hs-fs\/hubfs\/Screenshot%202024-07-19%20105012.png?width=1672&amp;height=1964&amp;name=Screenshot%202024-07-19%20105012.png 1672w, https:\/\/www.catholicmom.com\/hs-fs\/hubfs\/Screenshot%202024-07-19%20105012.png?width=2090&amp;height=2455&amp;name=Screenshot%202024-07-19%20105012.png 2090w, https:\/\/www.catholicmom.com\/hs-fs\/hubfs\/Screenshot%202024-07-19%20105012.png?width=2508&amp;height=2946&amp;name=Screenshot%202024-07-19%20105012.png 2508w\" sizes=\"auto, (max-width: 836px) 100vw, 836px\"><\/p>\n<h2>Une feuille de route pour savoir par o\u00f9 commencer avec la pri\u00e8re<\/h2>\n<p>Le <span style=\"font-weight: bold;\"><em>Guide de poche pour la pri\u00e8re<\/em><\/span>  par le Dr Edward Sri, Beth Sri et le p\u00e8re Mark-Mary Ames, CFR, est vraiment une bou\u00e9e de sauvetage, servant de feuille de route pour savoir par o\u00f9 commencer avec un aper\u00e7u tr\u00e8s efficace des outils dont j\u2019ai besoin. C\u2019est un petit manuel que je peux facilement glisser dans un sac \u00e0 main, \u00e9quip\u00e9 m\u00eame d\u2019un marque-page en ruban pour rester organis\u00e9. J\u2019aime le fait qu\u2019il y ait d\u2019innombrables r\u00e9f\u00e9rences aux enseignements de la <em>Cat\u00e9chisme<\/em> et les saints.<\/p>\n<p>Ce qui est peut-\u00eatre le plus rassurant, c\u2019est que plut\u00f4t que de para\u00eetre intimidant, ce livre commence par reconna\u00eetre mon d\u00e9sir de prier comme le d\u00e9but de la pri\u00e8re (comme l\u2019enseigne saint Thomas d\u2019Aquin). Quel r\u00e9confort pour quelqu\u2019un qui a \u00e9t\u00e9 si d\u00e9chir\u00e9 par le fait de savoir par o\u00f9 commencer !  <\/p>\n<p>Ce petit livre, mais extr\u00eamement puissant, comprend : <\/p>\n<ul>\n<li>raisons pour lesquelles on devrait prier et comment se pr\u00e9parer, coordonner correctement un moment et un lieu et \u00e9liminer les distractions <\/li>\n<li>donner un format de pri\u00e8re \u00e0 travers l\u2019acronyme ACTS (Adoration. Confession. Action de gr\u00e2ce et Supplication, qui comprend la demande \u00e0 Dieu d\u2019interc\u00e9der pour les autres ainsi que la p\u00e9tition pour nos <span style=\"background-color: transparent;\">d\u00e9sirs)<\/span><span style=\"background-color: transparent;\"> <\/span><\/li>\n<li>r\u00e9vision des types de pri\u00e8re : Vocale, M\u00e9ditation (<span style=\"background-color: transparent;\">c\u2019est \u00e0 dire<\/span><span style=\"background-color: transparent;\">  les \u00e9tapes de la Lectio Divina, ou pri\u00e8re ignatienne, en s\u2019imaginant pr\u00e9sent pour un passage biblique particulier), la Contemplation (une forme de pri\u00e8re plus profonde que Dieu nous accorde pour le conna\u00eetre \u00e0 un niveau plus intime)<\/span><span style=\"background-color: transparent;\"> <\/span><\/li>\n<li>comment vaincre les difficult\u00e9s telles que les distractions (\u00ab L\u00e0 o\u00f9 est ton tr\u00e9sor, l\u00e0 aussi sera ton c\u0153ur \u00bb : Matthieu 6:21), la s\u00e9cheresse (\u00ab Pers\u00e9v\u00e8re. Aime \u00bb) <span style=\"background-color: transparent;\">r\u00e9side<\/span><span style=\"background-color: transparent;\">  \u00ab dans la volont\u00e9, pas dans les sentiments \u00bb), ou encore comment int\u00e9grer sa famille.<\/span><span style=\"background-color: transparent;\"> <\/span><\/li>\n<li>des ressources telles que sur la messe, le rosaire, les sacrements, les pri\u00e8res pour certaines p\u00e9riodes de temps et diverses pri\u00e8res catholiques traditionnelles<span style=\"background-color: transparent;\"> <\/span><\/li>\n<\/ul>\n<p>En fin de compte, le Dr Sri nous rassure : la pri\u00e8re n\u2019est pas cens\u00e9e \u00eatre une parole parfaite, mais doit \u00e9maner du c\u0153ur humble qui cherche Dieu. Sainte Catherine de Sienne, docteur de l\u2019\u00c9glise, a enseign\u00e9 que la pri\u00e8re est simplement l\u2019union de deux d\u00e9sirs infinis : le d\u00e9sir infini de Dieu pour nous et notre d\u00e9sir infini pour Lui.<\/p>\n<p>Je suis tr\u00e8s reconnaissant pour cette ressource que je peux facilement emporter avec moi pour m\u2019aider \u00e0 mieux me guider sur le chemin de l\u2019amour et du service de notre Seigneur. <\/p>\n<p>Demander <em>Guide de poche pour la pri\u00e8re<\/em> chez votre libraire catholique local, ou commandez en ligne sur <em><strong>Amazon.com<\/strong><\/em>  ou l\u2019\u00e9diteur, <strong>Presse de l\u2019Ascension.<\/strong><\/p>\n<p style=\"font-weight: bold;\">Ce livre vous int\u00e9resse ? Partagez vos impressions avec la communaut\u00e9 Catholic Mom ! Vous trouverez la zone de commentaires sous la biographie de l\u2019auteur et la liste des articles recommand\u00e9s.<\/p>\n<p style=\"font-weight: bold;\">\n<p style=\"font-weight: bold;\"><img decoding=\"async\" src=\"https:\/\/editionsbussiere.com\/blog\/wp-content\/uploads\/2024\/08\/202408012520ADMarsh25202520BOOK.png3Fwidth3D108026height3D108026name3D202408012520ADMarsh25202520BOOK.png\" width=\"1080\" height=\"1080\" loading=\"lazy\" alt=\"nul\" style=\"height: auto; max-width: 100%; width: 1080px;\" srcset=\"https:\/\/www.catholicmom.com\/hs-fs\/hubfs\/20240801%20ADMarsh%20%20BOOK.png?width=540&amp;height=540&amp;name=20240801%20ADMarsh%20%20BOOK.png 540w, https:\/\/editionsbussiere.com\/blog\/wp-content\/uploads\/2024\/08\/202408012520ADMarsh25202520BOOK.png3Fwidth3D108026height3D108026name3D202408012520ADMarsh25202520BOOK.png 1080w, https:\/\/www.catholicmom.com\/hs-fs\/hubfs\/20240801%20ADMarsh%20%20BOOK.png?width=1620&amp;height=1620&amp;name=20240801%20ADMarsh%20%20BOOK.png 1620w, https:\/\/www.catholicmom.com\/hs-fs\/hubfs\/20240801%20ADMarsh%20%20BOOK.png?width=2160&amp;height=2160&amp;name=20240801%20ADMarsh%20%20BOOK.png 2160w, https:\/\/www.catholicmom.com\/hs-fs\/hubfs\/20240801%20ADMarsh%20%20BOOK.png?width=2700&amp;height=2700&amp;name=20240801%20ADMarsh%20%20BOOK.png 2700w, https:\/\/www.catholicmom.com\/hs-fs\/hubfs\/20240801%20ADMarsh%20%20BOOK.png?width=3240&amp;height=3240&amp;name=20240801%20ADMarsh%20%20BOOK.png 3240w\" sizes=\"auto, (max-width: 1080px) 100vw, 1080px\"><\/p>\n<hr>\n<p>Droits d\u2019auteur 2024 Alexis Dallara-Marsh<br \/>Images : Canva<\/p>\n<\/p>\n<p><\/span>\n                <\/div>\n<p><script>(function(d, s, id) \n  var js, fjs = d.getElementsByTagName(s)[0];\n  if (d.getElementById(id)) return;\n  js = d.createElement(s); js.id = id;\n  js.src = \"\/\/connect.facebook.net\/en_GB\/sdk.js#xfbml=1&version=v3.0\";\n  fjs.parentNode.insertBefore(js, fjs);\n (document, 'script', 'facebook-jssdk'));<\/script><\/p>\n<h2>Un moment de supplication individuelle pour nous relier envers Dieu. <\/h2>\n<p>Bien-aim\u00e9 P\u00e8re divin, je me pr\u00e9sente devant toi pour te rendre gr\u00e2ce pour cette nouvelle journ\u00e9e. Je te loue en raison de ta bont\u00e9 et ton engagement envers moi. Je te demande de me remplir de ta pr\u00e9sence et de m\u2019accorder la gr\u00e2ce d\u2019\u00e9prouver ta pr\u00e8s de moi tout au long de cette journ\u00e9e. Je d\u00e9pose entre tes mains toutes mes pr\u00e9occupations, mes joies, mes chagrins, mes envies et mes espoirs. Que ton Esprit Saint illumine mon esprit et renforce ma foi, de sorte que je puisse cheminer dans ta voie et accomplir ta volont\u00e9. Donne-moi la gr\u00e2ce de passer ma vie selon la compassion que tu nous as montr\u00e9 l\u2019exemple \u00e0 travers ton Fils bien-aim\u00e9, J\u00e9sus-Christ.<\/p>\n<h3> Note de compr\u00e9hension : <\/h3>\n<p>La pratique de pri\u00e8re nous emm\u00e8ne dans la famille sacr\u00e9e, l\u00e0 o\u00f9 Dieu le Cr\u00e9ateur nous prend comme ses enfants bien-aim\u00e9s. Au sein de ce lien familial, nous trouvons la force et aussi le r\u00e9confort en vue de surmonter les d\u00e9fis du. Elle nous renvoie \u00e0 les enseignements de l\u2019ap\u00f4tre Pierre, lequel exhorte les chr\u00e9tiennes et les chr\u00e9tiens \u00e0 demeurer fermes dans foi, m\u00eame dans le tumulte des temp\u00eates de la vie.<\/p>\n<h3>\nRenforcer notre connexion \u00e0 J\u00e9sus d\u00e8s le matin<\/h3>\n<p>Nous avons la possibilit\u00e9 de m\u00e9diter sur l\u2019un des diff\u00e9rents \u00e9vangiles pour nous ouvrir avec J\u00e9sus. Par exemple :<\/p>\n<h3>Jean 15, 9-17 : <\/h3>\n<p>\u00ab\u00a0Comme le P\u00e8re m\u2019a aim\u00e9, je vous ai aussi aim\u00e9s. Demeurez dans mon amour. Si vous gardez mes commandements, vous demeurerez dans mon amour, de m\u00eame que j\u2019ai gard\u00e9 les commandements de mon P\u00e8re et que je demeure dans son amour. Je vous ai dit ces choses, afin que ma joie soit en vous, et que votre joie soit parfaite.\u00a0\u00bb<\/p>\n<h2> Demander r\u00e9mission \u00e0 Dieu en raison de nos p\u00e9ch\u00e9s <\/h2>\n<p>Seigneur J\u00e9sus, j\u2019arrive te prier de pardonner mes propres p\u00e9ch\u00e9s. Je reconnais que je ne suis pas sans d\u00e9faut et que j\u2019ai besoin de ton mis\u00e9ricorde. Je te demande de me lib\u00e9rer de toute ce qui me s\u00e9pare de toi et de me donner la gr\u00e2ce pour vivre en conformit\u00e9 avec ta volont\u00e9. Que ta b\u00e9n\u00e9diction sacr\u00e9e illumine les coins les plus sombres de mon c\u0153ur, purifiant mon \u00eatre et me conduisant sur le chemin de la saintet\u00e9. Amen.<\/p>\n<h3> Discussion avec le Seigneur tel que parler avec un ami. <\/h3>\n<p>Nous avons la possibilit\u00e9 de parler avec Dieu comme envers un ami intime, le Seigneur confier nos joies et nos peines, le Seigneur demander de l\u2019aide dans nos d\u00e9fis quotidiens. Par exemple : Seigneur, b\u00e9n\u00e9diction \u00e0 cause de cette nouvelle journ\u00e9e. Je me pr\u00e9sente te implorer de \u00e0 \u00eatre patient \u00e0 l\u2019\u00e9gard de mes enfants et pour me accorder la puissance de surmonter aux d\u00e9fis de la journ\u00e9e. Je te remets mes projets et mes soucis, et je supplie de me r\u00e9v\u00e9ler de quelle fa\u00e7on je peux te servir et t\u2019honorer aujourd\u2019hui. Accorde-moi, \u00f4 Seigneur, ta sagesse pour prendre les bonnes d\u00e9cisions et ta faveur pour traverser les \u00e9preuves avec foi. Amen.<\/p>\n<h3> Un moment de silence pour \u00e9couter Dieu. <\/h3>\n<p>Apr\u00e8s cette pri\u00e8re et cette m\u00e9ditation, il est important de prendre un moment de silence afin de \u00e9couter la voix de Dieu dans nos propres c\u0153urs. Dans ce silence, on peut ressentir sa pr\u00e9sence sereine et accueillir ses inspirations pour la journ\u00e9e qui vient.<\/p>\n<h3> Se diriger \u00e0 le Christ en vue de trouver une paix int\u00e9rieure. <\/h3>\n<p>Nous sommes capables de prier J\u00e9sus m\u2019assister nous accorder sa paix et de nous assister \u00e0 \u00e9couter sa parole. Par exemple :<br \/>\nSeigneur J\u00e9sus, je me pr\u00e9sente te implorer de remplir mon c\u0153ur de ta tendresse. Je te demande de me d\u00e9livrer de toutes pens\u00e9es et les diverses inqui\u00e9tudes me perturbent. Aide-moi pour \u00e9couter ta parole et en vue de la mettre en pratique dans ma vie. Que ton Esprit Saint, \u00f4 Christ, se transforme en ma force durant de cette journ\u00e9e. Amen.<\/p>\n<h3> Achever cette pri\u00e8re matinale en offrant notre journ\u00e9e pour Dieu. <\/h3>\n<p>Nous sommes en mesure d\u2019offrir notre journ\u00e9e envers Dieu et lui demander afin de la remplir de sa pr\u00e9sence ainsi que de sa b\u00e9n\u00e9diction. Par exemple :<br \/>\nSeigneur, je te confie cette journ\u00e9e entre tes mains. Que toutes de mes pas soit dirig\u00e9 par ta sagesse, que chacune de mes paroles soit inspir\u00e9e par ton amour. Que toutes mes actions soient accomplies selon ta divine volont\u00e9, pour ta gloire et le bien. Que ta lumi\u00e8re \u00e9claire ma route ainsi que que tu habites mon c\u0153ur. Amen.<\/p>\n<h3> Invocation d\u2019intercession matinale. <\/h3>\n<p>La pri\u00e8re du matin consiste \u00e0 solliciter pour les besoins de nos chr\u00e9tiennes et des chr\u00e9tiens. Nous pouvons prier pour les personnes dans le besoin, pour les malades, pour les personnes qui souffrent, pour les personnes qui sont confront\u00e9es \u00e0 des difficult\u00e9s, pour les personnes d\u00e9courag\u00e9es et pour les personnes qui se trouvent dans l\u2019erreur.<\/p>\n<h3> Prier afin de l\u2019ensemble des individus dans le besoin. <\/p>\n<h3>\n<\/h3>\n<\/h3>\n<p>Divin, dans ta grande mis\u00e9ricorde, tu te implorons afin de l\u2019ensemble des personnes qui traversent d\u2019innombrables difficult\u00e9s financi\u00e8res. Que vous leur accordes la force et aussi la pers\u00e9v\u00e9rance en vue de affronter ces \u00e9preuves, et \u00e9galement que tu leur apportes les ressources n\u00e9cessaires pour subvenir \u00e0 chaque leurs besoins. Accorde-leur, \u00f4, ta providence afin de \u00e9clairer leur pas dans l\u2019obscurit\u00e9 de leurs soucis financiers.<\/p>\n<p>Nous autres te implorons \u00e9galement afin de toutes personnes qui luttent contre d\u2019innombrables probl\u00e8mes de sant\u00e9. Que sa main puissante se pose sur elles, Seigneur, pour les gu\u00e9rir et les r\u00e9conforter dans leur douleur. Accorde-leur, \u00f4, la force et le courage pour faire face \u00e0 leurs d\u00e9fis de sant\u00e9 avec confiance en votre divine providence.<\/p>\n<p>On te implorons encore en vue de toutes personnes qui sont confront\u00e9es \u00e0 d\u2019innombrables difficult\u00e9s dans leur vie, que ce que ce soit sur le secteur professionnel, relationnel ou encore \u00e9motionnel. Que ta gr\u00e2ce, Seigneur, devienne leur soutien et aussi leur r\u00e9confort dans ces moments d\u2019\u00e9preuve. Accorde-leur, Grand, ton Esprit Saint afin de illuminer leur chemin ainsi que les guider vers la s\u00e9r\u00e9nit\u00e9.<\/p>\n<p>Enfin, nous lui prions afin de chacune des personnes qui sont sans-abri, celles qui sont marginalis\u00e9es ainsi que exclues de la soci\u00e9t\u00e9. Que sa mis\u00e9ricorde, Seigneur, se r\u00e9pande sur elles comme la douce ros\u00e9e, leur apportant r\u00e9confort et espoir dans leur d\u00e9tresse. Accorde-leur, Dieu Tout-Puissant, des mains g\u00e9n\u00e9reuses pour les aider et des c\u0153urs compatissants afin de les accueillir dans leur communaut\u00e9.<\/p>\n<h3> d\u00e9veloppement sur cette pri\u00e8re du matin. <\/h3>\n<p>Durant la pri\u00e8re, nous tournons nos esprits vers le Ciel, suppliant la lumi\u00e8re de Dieu pour illuminer nos chemins obscurs. Marie, notre m\u00e8re, nous guide dans ce cheminement, nous \u00e9duquant \u00e0 contempler sur les myst\u00e8res de la vie de son divin enfant. Elle nous guide vers J\u00e9sus, le rayon du monde, qui lumine nos t\u00e9n\u00e8bres et nous conduit \u00e0 la v\u00e9rit\u00e9.<br \/>\nLa supplication nous relie aussi \u00e0 notre communaut\u00e9 c\u00e9leste, la famille des croyants, o\u00f9 nous \u00e9changeons nos all\u00e9gresses et nos peines, nos esp\u00e9rances et nos anxi\u00e9t\u00e9s. Ensemble, nous formons le corps du Christ, d\u00e9sign\u00e9s \u00e0 t\u00e9moigner de son amour. Par nos pri\u00e8res, nous sollicitons pour les besoins des croyantes et des fid\u00e8les, offrant notre amour et notre mis\u00e9ricorde \u00e0 ceux qui \u00e9prouvent.<br \/>\nPrions ensemble un pri\u00e8re matinale, dans notre esp\u00e9rance, en nous tournant vers Marie, la m\u00e8re de J\u00e9sus. Au sein de notre monde troubl\u00e9 par les conflits et la discorde, recourons \u00e0 la pri\u00e8re comme un moyen pour trouver la paix et la r\u00e9conciliation. Chacun envoyer une intention de pri\u00e8re pour Marie <a target=\"_blank\" rel=\"nofollow\" href=\"https:\/\/editionsbussiere.com\/blog\/goto\/https:\/\/www.avemariasound.org\/\" >en sollicitant les b\u00e9n\u00e9voles.<\/a> Que nos pri\u00e8res montent vers le ciel, comme une offrande re\u00e7u avec faveur \u00e0 Dieu, afin qu\u2019il guide \u00e9clairer nos pas vers la voie de la v\u00e9rit\u00e9 et de la justice. Saint Paul nous dans ses \u00e9p\u00eetres \u00e0 prier sans cesse, en toutes circonstances, afin que notre communion \u00e0 Dieu soit solide et passionn\u00e9e. La pri\u00e8re, quand elle est sinc\u00e8rement offerte, a la capacit\u00e9 de changer nos c\u0153urs et de modifier le destin de l\u2019histoire.<\/p>\n<h2> \u00c9lever nos propres pri\u00e8res pour notre entourage au Seigneur matin.<\/h2>\n<p>L\u2019ultime ultime partie de la pri\u00e8re du matin consiste \u00e0 prier pour nos proches amis, notre famille, nos compagnons et notre propre communaut\u00e9. Nous pouvons prier pour leur propre, leur bien-\u00eatre, leur s\u00e9curit\u00e9, et leur prosp\u00e9rit\u00e9. Nous pouvons \u00e9galement prier pour ceux qui nous ont nui et pour celles qui nous ont l\u00e9s\u00e9s, et demander \u00e0 Dieu de nous aider \u00e0 leur pardonner et \u00e0 leur montrer la compassion.<\/p>\n<h3> Prier pour la sant\u00e9 et la protection de nos \u00eatres chers.<\/h3>\n<p>Dieu tout-puissant, nous autres te confions nos familles, nos propres familles ainsi que nos compagnons. Garde, \u00d4 Dieu, au-dessus de eux, ainsi que sauvegarde -les de tout danger et de toute maladie. Donne, Dieu mis\u00e9ricordieux, la vigueur du corps avec de l\u2019esprit pour eux, et aussi la paix dans leur c\u0153ur. Puissante soit la volont\u00e9 pour que ta main omnipotente les prot\u00e8ge ainsi que les personnes guide tout au long de cette journ\u00e9e, pour qu\u2019il puissent puissent vivre dans une tranquillit\u00e9 et aussi la qui\u00e9tude.<\/p>\n<p>Nous autres vers toi prions aussi pour notre enfants, Dieu, qu\u2019ils grandissent dans la foi ainsi que dans l\u2019amour de ton b\u00e9ni nom. Accorde, cher Dieu, la sagesse ainsi que le courage n\u00e9cessaires en vue de affronter les obstacles de la vie, ainsi que dirige leurs pas sur le chemin de la v\u00e9rit\u00e9 et aussi de la justice.<\/p>\n<p>Enfin, nous autres te prions pour nos amis et nos voisins, Seigneur, afin qu\u2019ils connaissent la joie de ton amour ainsi que la paix de ton pardon. Donne-leur, \u00d4 Dieu, de c\u0153urs g\u00e9n\u00e9reux afin de partager avec ceux qui dans le besoin, et mains largement ouvertes en vue de accueillir ceux qui sont seuls et abandonn\u00e9s.<\/p>\n<h3> Prier pour les n\u00f4tres ennemis ainsi que ceux qui nous-m\u00eames ont offens\u00e9s. <\/h3>\n<p>Seigneur, J\u00e9sus, nous te prions pour les n\u00f4tres ennemis et aussi pour ceux-ci qui nous-m\u00eames ont offens\u00e9s. Accorde-leur, \u00f4 Christ, votre mis\u00e9ricorde et votre pardon, et aussi ouvre leur c\u0153ur \u00e0 la lumi\u00e8re de ta v\u00e9rit\u00e9. Aide-nous, Seigneur, \u00e0 leur montrer de la compassion et \u00e0 leur pardonner comme tu nous-m\u00eames as pardonn\u00e9. Que ta paix r\u00e8gne dans notre c\u0153urs et que votre amour guide nos actions, pour que nous puissions vivre en harmonie avec tous ceux qui sont nous autres entourent.<\/p>\n<h3> Saisir l\u2019 pri\u00e8re : <\/h3>\n<p>En conclusion, la oraison nous souviens notre mission tel que enfant de Dieu : \u00eatre des t\u00e9moins de sa clart\u00e9 et de son attachement dans l\u2019 p\u00e9riode touch\u00e9e aux t\u00e9n\u00e8bres. \u00c0 travers nos discours et notre actes, nous r\u00e9pandons la bonne nouvelle de la tranquillit\u00e9 et de la r\u00e9conciliation, offrant l\u2019attente et la gu\u00e9rison \u00e0 un milieu ab\u00eem\u00e9.<\/p>\n<p>Au sein de la foi chr\u00e9tienne, l\u2019 matin porte l\u2019 valeur distincte, symbolisant le renouvellement et la renaissance int\u00e9rieure. C\u2019est \u00e0 l\u2019aube de chaque jour que l\u2019\u00e2me se tourne vers Dieu dans la pri\u00e8re, s\u2019effor\u00e7ant \u00e0 devenir \u00e9clair\u00e9e par la lumi\u00e8re surnaturelle. La pratique des pri\u00e8res matinales se r\u00e9v\u00e8le profond\u00e9ment enracin\u00e9e dans le patrimoine chr\u00e9tienne, offrant une p\u00e9riode exclusif pour \u00e9tablir une connexion avec le Seigneur et se pr\u00e9parer int\u00e9rieurement aux d\u00e9fis de la journ\u00e9e qui s\u2019annonce.<\/p>\n<p>Au au c\u0153ur de ces oraisons matinales se trouve r\u00e9guli\u00e8rement une d\u00e9votion distincte envers Marie, maman maternelle de J\u00e9sus et personnage sainte ador\u00e9e par un grand nombre fid\u00e8les. En tant m\u00e8re interm\u00e9diaire entre les hommes et Dieu, Marie est sollicit\u00e9e pour intervenir pour nous, nous guidant sur le sentier de la saintet\u00e9 et ainsi que la gr\u00e2ce divine. Ses apparition maternelle fournit apaisement et abri, enveloppant nos pri\u00e8re matinales d\u2019une tendresse c\u00e9leste.<\/p>\n<p>En travers l\u2019 oraisons du matin, on est appel\u00e9s \u00e0 nous rallier \u00e0 Marie dans une initiative pour sanctification personnelle. Dans m\u00e9ditant sur sa vie ainsi que les vertus, nous cherchons \u00e0 imiter son humilit\u00e9, sa puret\u00e9 et son ob\u00e9issance vers l\u2019 volont\u00e9 du Dieu. \u00c0 travers sa saintet\u00e9 mod\u00e8le, Marie se transforme en en nous une mod\u00e8le de vie chr\u00e9tienne, nous souvenant l\u2019importance du pri\u00e8re et de la contemplation dans nos cheminement spirituel.<\/p>\n<p>La r\u00e9citation du matin se trouve \u00eatre un temps avantag\u00e9 pour nous consacrer \u00e0 Dieu avec l\u2019intercession de Marie, en pr\u00e9sentant nos adorations, nos actions de gr\u00e2ce et nos intentions les plus profondes. \u00c0 travers la qui\u00e9tude de l\u2019aurore, nous sommes invit\u00e9s pour tourner \u00e0 cette m\u00e8re sainte, laquelle nous guide avec affection sur le chemin de la foi ainsi que du sentiment amoureux divin. \u00c0 travers associant nos voix pour celle-ci du Marie, nous augmentons nos pri\u00e8res matinales vers le tr\u00f4ne du du don divin, assur\u00e9s que notre supplications seront entendues et accueillies par le c\u0153ur mis\u00e9ricordieux de Dieu.<\/p>\n<p>A lire sur le m\u00eame objet:<\/p>\n<p>Vie de M\u00e9lanie, berg\u00e8re de la Salette\/Notes compl\u00e9mentaires par les Religieuses de Correnc.,<a target=\"_blank\" rel=\"nofollow\" href=\"https:\/\/editionsbussiere.com\/blog\/goto\/https:\/\/fr.wikisource.org\/wiki\/Vie_de_M%C3%A9lanie,_berg%C3%A8re_de_la_Salette\/Notes_compl%C3%A9mentaires_par_les_Religieuses_de_Correnc\"  target=\"_blank\" rel=\"noopener noreferrer nofollow\">A lire ici.<\/a><span><\/span>. Suite sur le prochain article.<\/p>\n<p>Les vies des plus excellents peintres, sculpteurs, et architectes\/Niccolo di PIERO.,<a target=\"_blank\" rel=\"nofollow\" href=\"https:\/\/editionsbussiere.com\/blog\/goto\/https:\/\/fr.wikisource.org\/wiki\/Les_vies_des_plus_excellents_peintres,_sculpteurs,_et_architectes\/Niccolo_di_PIERO\"  target=\"_blank\" rel=\"noopener noreferrer nofollow\">Le post d\u2019actualit\u00e9.<\/a><span><\/span><\/p>\n<p>Les Plaines\/L\u2019Incendiaire.,<a target=\"_blank\" rel=\"nofollow\" href=\"https:\/\/editionsbussiere.com\/blog\/goto\/https:\/\/fr.wikisource.org\/wiki\/Les_Plaines\/L%E2%80%99Incendiaire\"  target=\"_blank\" rel=\"noopener noreferrer nofollow\">Le texte de l\u2019article.<\/a><span><\/span>. Suite sur le prochain article.<\/p>\n<p>La Reine du bal.,<a target=\"_blank\" rel=\"nofollow\" href=\"https:\/\/editionsbussiere.com\/blog\/goto\/https:\/\/fr.wikisource.org\/wiki\/La_Reine_du_bal\"  target=\"_blank\" rel=\"noopener noreferrer nofollow\">Le post d\u2019actualit\u00e9.<\/a><span><\/span>. Suite sur le prochain article.<\/p>\n<p>L\u2019Imitation de J\u00e9sus-Christ (Lamennais)\/Livre premier\/18.,<a target=\"_blank\" rel=\"nofollow\" href=\"https:\/\/editionsbussiere.com\/blog\/goto\/https:\/\/fr.wikisource.org\/wiki\/L%E2%80%99Imitation_de_J%C3%A9sus-Christ_(Lamennais)\/Livre_premier\/18\"  target=\"_blank\" rel=\"noopener noreferrer nofollow\">Le post d\u2019actualit\u00e9.<\/a><span><\/span><\/p>\n<p>Almanach (Verhaeren)\/05.,<a target=\"_blank\" rel=\"nofollow\" href=\"https:\/\/editionsbussiere.com\/blog\/goto\/https:\/\/fr.wikisource.org\/wiki\/Almanach_(Verhaeren)\/05\"  target=\"_blank\" rel=\"noopener noreferrer nofollow\">Le post d\u2019actualit\u00e9.<\/a><span><\/span><\/p>\n<\/div>\n<p><img decoding=\"async\" class=\"wpe_imgrss\" src=\"https:\/\/editionsbussiere.com\/blog\/wp-content\/uploads\/2024\/08\/Guide-de-poche-pour-la-priere-avec-une-priere-matinale.png\">Cet article a \u00e9t\u00e9 reconstitu\u00e9 du mieux possible. Dans l\u2019hypoth\u00e8se o\u00f9 vous souhaitez apporter quelques modifications concernant le th\u00e8me \u00ab\u00a0Editions \u00e9sot\u00e9rique fond\u00e9e en 1927\u00a0\u00bb, il est possible de discuter avec notre r\u00e9daction. Vous pouvez tirer profit de cet article traitant le sujet \u00ab\u00a0Editions \u00e9sot\u00e9rique fond\u00e9e en 1927\u00a0\u00bb. Il est concoct\u00e9 par l\u2019\u00e9quipe editionsbussiere.com. Le site editionsbussiere.com est fait pour cr\u00e9er divers posts autour du th\u00e8me Editions \u00e9sot\u00e9rique fond\u00e9e en 1927 d\u00e9velopp\u00e9es sur internet. Consultez notre site internet editionsbussiere.com et nos r\u00e9seaux sociaux pour \u00eatre au courant des futures annonces.<\/p>\n","protected":false},"excerpt":{"rendered":"<p>Alexis Dallara-Marsh passe en revue un guide de pri\u00e8re facile \u00e0 utiliser, r\u00e9cemment publi\u00e9 par Ascension Press. par le Dr Edward Sri, Beth Sri et le p\u00e8re Mark-Mary Ames, CFRPubli\u00e9 par Ascension Press La meilleure chose que les \u00e9poux, les p\u00e8res et les m\u00e8res puissent faire l\u2019un pour l\u2019autre et pour leurs enfants, c\u2019est de [&hellip;]<\/p>\n","protected":false},"author":3,"featured_media":1063,"comment_status":"closed","ping_status":"closed","sticky":false,"template":"","format":"standard","meta":{"footnotes":""},"categories":[3],"tags":[],"class_list":["post-1062","post","type-post","status-publish","format-standard","has-post-thumbnail","hentry","category-editions-esoterique-fondee-en-1927-depeches","entry","fw-tab-6 fw-tabr-4","has-featured-image"],"yoast_head":"<!-- This site is optimized with the Yoast SEO plugin v27.5 - https:\/\/yoast.com\/product\/yoast-seo-wordpress\/ -->\n<title>Guide de poche pour la pri\u00e8re avec une pri\u00e8re matinale. - EDITIONSBUSSIERE<\/title>\n<meta name=\"robots\" content=\"index, follow, max-snippet:-1, max-image-preview:large, max-video-preview:-1\" \/>\n<link rel=\"canonical\" href=\"https:\/\/editionsbussiere.com\/blog\/guide-de-poche-pour-la-priere-avec-une-priere-matinale\/\" \/>\n<meta property=\"og:locale\" content=\"fr_FR\" \/>\n<meta property=\"og:type\" content=\"article\" \/>\n<meta property=\"og:title\" content=\"Guide de poche pour la pri\u00e8re avec une pri\u00e8re matinale. - EDITIONSBUSSIERE\" \/>\n<meta property=\"og:description\" content=\"Alexis Dallara-Marsh passe en revue un guide de pri\u00e8re facile \u00e0 utiliser, r\u00e9cemment publi\u00e9 par Ascension Press. par le Dr Edward Sri, Beth Sri et le p\u00e8re Mark-Mary Ames, CFRPubli\u00e9 par Ascension Press La meilleure chose que les \u00e9poux, les p\u00e8res et les m\u00e8res puissent faire l\u2019un pour l\u2019autre et pour leurs enfants, c\u2019est de [&hellip;]\" \/>\n<meta property=\"og:url\" content=\"https:\/\/editionsbussiere.com\/blog\/guide-de-poche-pour-la-priere-avec-une-priere-matinale\/\" \/>\n<meta property=\"og:site_name\" content=\"EDITIONSBUSSIERE\" \/>\n<meta property=\"article:published_time\" content=\"2024-08-01T13:04:43+00:00\" \/>\n<meta property=\"og:image\" content=\"https:\/\/editionsbussiere.com\/blog\/wp-content\/uploads\/2024\/08\/Guide-de-poche-pour-la-priere-avec-une-priere-matinale.png\" \/>\n<meta name=\"author\" content=\"Marie BATICLE\" \/>\n<meta name=\"twitter:card\" content=\"summary_large_image\" \/>\n<meta name=\"twitter:label1\" content=\"\u00c9crit par\" \/>\n\t<meta name=\"twitter:data1\" content=\"Marie BATICLE\" \/>\n\t<meta name=\"twitter:label2\" content=\"Dur\u00e9e de lecture estim\u00e9e\" \/>\n\t<meta name=\"twitter:data2\" content=\"16 minutes\" \/>\n<script type=\"application\/ld+json\" class=\"yoast-schema-graph\">{\"@context\":\"https:\\\/\\\/schema.org\",\"@graph\":[{\"@type\":\"Article\",\"@id\":\"https:\\\/\\\/editionsbussiere.com\\\/blog\\\/guide-de-poche-pour-la-priere-avec-une-priere-matinale\\\/#article\",\"isPartOf\":{\"@id\":\"https:\\\/\\\/editionsbussiere.com\\\/blog\\\/guide-de-poche-pour-la-priere-avec-une-priere-matinale\\\/\"},\"author\":{\"name\":\"Marie BATICLE\",\"@id\":\"https:\\\/\\\/editionsbussiere.com\\\/blog\\\/#\\\/schema\\\/person\\\/ec90e102792148c97e46ab871010dd8f\"},\"headline\":\"Guide de poche pour la pri\u00e8re avec une pri\u00e8re matinale.\",\"datePublished\":\"2024-08-01T13:04:43+00:00\",\"mainEntityOfPage\":{\"@id\":\"https:\\\/\\\/editionsbussiere.com\\\/blog\\\/guide-de-poche-pour-la-priere-avec-une-priere-matinale\\\/\"},\"wordCount\":3229,\"publisher\":{\"@id\":\"https:\\\/\\\/editionsbussiere.com\\\/blog\\\/#organization\"},\"image\":{\"@id\":\"https:\\\/\\\/editionsbussiere.com\\\/blog\\\/guide-de-poche-pour-la-priere-avec-une-priere-matinale\\\/#primaryimage\"},\"thumbnailUrl\":\"https:\\\/\\\/editionsbussiere.com\\\/blog\\\/wp-content\\\/uploads\\\/2024\\\/08\\\/Guide-de-poche-pour-la-priere-avec-une-priere-matinale.png\",\"articleSection\":[\"Editions \u00c9sot\u00e9rique Fond\u00e9e En 1927; D\u00e9p\u00e8ches:\"],\"inLanguage\":\"fr-FR\"},{\"@type\":\"WebPage\",\"@id\":\"https:\\\/\\\/editionsbussiere.com\\\/blog\\\/guide-de-poche-pour-la-priere-avec-une-priere-matinale\\\/\",\"url\":\"https:\\\/\\\/editionsbussiere.com\\\/blog\\\/guide-de-poche-pour-la-priere-avec-une-priere-matinale\\\/\",\"name\":\"Guide de poche pour la pri\u00e8re avec une pri\u00e8re matinale. - EDITIONSBUSSIERE\",\"isPartOf\":{\"@id\":\"https:\\\/\\\/editionsbussiere.com\\\/blog\\\/#website\"},\"primaryImageOfPage\":{\"@id\":\"https:\\\/\\\/editionsbussiere.com\\\/blog\\\/guide-de-poche-pour-la-priere-avec-une-priere-matinale\\\/#primaryimage\"},\"image\":{\"@id\":\"https:\\\/\\\/editionsbussiere.com\\\/blog\\\/guide-de-poche-pour-la-priere-avec-une-priere-matinale\\\/#primaryimage\"},\"thumbnailUrl\":\"https:\\\/\\\/editionsbussiere.com\\\/blog\\\/wp-content\\\/uploads\\\/2024\\\/08\\\/Guide-de-poche-pour-la-priere-avec-une-priere-matinale.png\",\"datePublished\":\"2024-08-01T13:04:43+00:00\",\"breadcrumb\":{\"@id\":\"https:\\\/\\\/editionsbussiere.com\\\/blog\\\/guide-de-poche-pour-la-priere-avec-une-priere-matinale\\\/#breadcrumb\"},\"inLanguage\":\"fr-FR\",\"potentialAction\":[{\"@type\":\"ReadAction\",\"target\":[\"https:\\\/\\\/editionsbussiere.com\\\/blog\\\/guide-de-poche-pour-la-priere-avec-une-priere-matinale\\\/\"]}]},{\"@type\":\"ImageObject\",\"inLanguage\":\"fr-FR\",\"@id\":\"https:\\\/\\\/editionsbussiere.com\\\/blog\\\/guide-de-poche-pour-la-priere-avec-une-priere-matinale\\\/#primaryimage\",\"url\":\"https:\\\/\\\/editionsbussiere.com\\\/blog\\\/wp-content\\\/uploads\\\/2024\\\/08\\\/Guide-de-poche-pour-la-priere-avec-une-priere-matinale.png\",\"contentUrl\":\"https:\\\/\\\/editionsbussiere.com\\\/blog\\\/wp-content\\\/uploads\\\/2024\\\/08\\\/Guide-de-poche-pour-la-priere-avec-une-priere-matinale.png\",\"width\":1024,\"height\":512,\"caption\":\"Guide de poche pour la priere avec une priere matinale\"},{\"@type\":\"BreadcrumbList\",\"@id\":\"https:\\\/\\\/editionsbussiere.com\\\/blog\\\/guide-de-poche-pour-la-priere-avec-une-priere-matinale\\\/#breadcrumb\",\"itemListElement\":[{\"@type\":\"ListItem\",\"position\":1,\"name\":\"Accueil\",\"item\":\"https:\\\/\\\/editionsbussiere.com\\\/blog\\\/\"},{\"@type\":\"ListItem\",\"position\":2,\"name\":\"Guide de poche pour la pri\u00e8re avec une pri\u00e8re matinale.\"}]},{\"@type\":\"WebSite\",\"@id\":\"https:\\\/\\\/editionsbussiere.com\\\/blog\\\/#website\",\"url\":\"https:\\\/\\\/editionsbussiere.com\\\/blog\\\/\",\"name\":\"EDITIONSBUSSIERE\",\"description\":\"Editions \u00e9sot\u00e9rique fond\u00e9e en 1927; site historique, A SAVOIR ET RETENIR.\",\"publisher\":{\"@id\":\"https:\\\/\\\/editionsbussiere.com\\\/blog\\\/#organization\"},\"potentialAction\":[{\"@type\":\"SearchAction\",\"target\":{\"@type\":\"EntryPoint\",\"urlTemplate\":\"https:\\\/\\\/editionsbussiere.com\\\/blog\\\/?s={search_term_string}\"},\"query-input\":{\"@type\":\"PropertyValueSpecification\",\"valueRequired\":true,\"valueName\":\"search_term_string\"}}],\"inLanguage\":\"fr-FR\"},{\"@type\":\"Organization\",\"@id\":\"https:\\\/\\\/editionsbussiere.com\\\/blog\\\/#organization\",\"name\":\"editionsbussiere\",\"url\":\"https:\\\/\\\/editionsbussiere.com\\\/blog\\\/\",\"logo\":{\"@type\":\"ImageObject\",\"inLanguage\":\"fr-FR\",\"@id\":\"https:\\\/\\\/editionsbussiere.com\\\/blog\\\/#\\\/schema\\\/logo\\\/image\\\/\",\"url\":\"https:\\\/\\\/editionsbussiere.com\\\/blog\\\/wp-content\\\/uploads\\\/2023\\\/09\\\/cropped-buss.gif\",\"contentUrl\":\"https:\\\/\\\/editionsbussiere.com\\\/blog\\\/wp-content\\\/uploads\\\/2023\\\/09\\\/cropped-buss.gif\",\"width\":298,\"height\":120,\"caption\":\"editionsbussiere\"},\"image\":{\"@id\":\"https:\\\/\\\/editionsbussiere.com\\\/blog\\\/#\\\/schema\\\/logo\\\/image\\\/\"}},{\"@type\":\"Person\",\"@id\":\"https:\\\/\\\/editionsbussiere.com\\\/blog\\\/#\\\/schema\\\/person\\\/ec90e102792148c97e46ab871010dd8f\",\"name\":\"Marie BATICLE\",\"image\":{\"@type\":\"ImageObject\",\"inLanguage\":\"fr-FR\",\"@id\":\"https:\\\/\\\/secure.gravatar.com\\\/avatar\\\/c923e52403b1b8137e2d929127211d21967e6aecaa053bd43b09da29f212e76e?s=96&d=mm&r=g\",\"url\":\"https:\\\/\\\/secure.gravatar.com\\\/avatar\\\/c923e52403b1b8137e2d929127211d21967e6aecaa053bd43b09da29f212e76e?s=96&d=mm&r=g\",\"contentUrl\":\"https:\\\/\\\/secure.gravatar.com\\\/avatar\\\/c923e52403b1b8137e2d929127211d21967e6aecaa053bd43b09da29f212e76e?s=96&d=mm&r=g\",\"caption\":\"Marie BATICLE\"},\"url\":\"https:\\\/\\\/editionsbussiere.com\\\/blog\\\/author\\\/eremarie\\\/\"}]}<\/script>\n<!-- \/ Yoast SEO plugin. -->","yoast_head_json":{"title":"Guide de poche pour la pri\u00e8re avec une pri\u00e8re matinale. - EDITIONSBUSSIERE","robots":{"index":"index","follow":"follow","max-snippet":"max-snippet:-1","max-image-preview":"max-image-preview:large","max-video-preview":"max-video-preview:-1"},"canonical":"https:\/\/editionsbussiere.com\/blog\/guide-de-poche-pour-la-priere-avec-une-priere-matinale\/","og_locale":"fr_FR","og_type":"article","og_title":"Guide de poche pour la pri\u00e8re avec une pri\u00e8re matinale. - EDITIONSBUSSIERE","og_description":"Alexis Dallara-Marsh passe en revue un guide de pri\u00e8re facile \u00e0 utiliser, r\u00e9cemment publi\u00e9 par Ascension Press. par le Dr Edward Sri, Beth Sri et le p\u00e8re Mark-Mary Ames, CFRPubli\u00e9 par Ascension Press La meilleure chose que les \u00e9poux, les p\u00e8res et les m\u00e8res puissent faire l\u2019un pour l\u2019autre et pour leurs enfants, c\u2019est de [&hellip;]","og_url":"https:\/\/editionsbussiere.com\/blog\/guide-de-poche-pour-la-priere-avec-une-priere-matinale\/","og_site_name":"EDITIONSBUSSIERE","article_published_time":"2024-08-01T13:04:43+00:00","og_image":[{"url":"https:\/\/editionsbussiere.com\/blog\/wp-content\/uploads\/2024\/08\/Guide-de-poche-pour-la-priere-avec-une-priere-matinale.png","type":"","width":"","height":""}],"author":"Marie BATICLE","twitter_card":"summary_large_image","twitter_misc":{"\u00c9crit par":"Marie BATICLE","Dur\u00e9e de lecture estim\u00e9e":"16 minutes"},"schema":{"@context":"https:\/\/schema.org","@graph":[{"@type":"Article","@id":"https:\/\/editionsbussiere.com\/blog\/guide-de-poche-pour-la-priere-avec-une-priere-matinale\/#article","isPartOf":{"@id":"https:\/\/editionsbussiere.com\/blog\/guide-de-poche-pour-la-priere-avec-une-priere-matinale\/"},"author":{"name":"Marie BATICLE","@id":"https:\/\/editionsbussiere.com\/blog\/#\/schema\/person\/ec90e102792148c97e46ab871010dd8f"},"headline":"Guide de poche pour la pri\u00e8re avec une pri\u00e8re matinale.","datePublished":"2024-08-01T13:04:43+00:00","mainEntityOfPage":{"@id":"https:\/\/editionsbussiere.com\/blog\/guide-de-poche-pour-la-priere-avec-une-priere-matinale\/"},"wordCount":3229,"publisher":{"@id":"https:\/\/editionsbussiere.com\/blog\/#organization"},"image":{"@id":"https:\/\/editionsbussiere.com\/blog\/guide-de-poche-pour-la-priere-avec-une-priere-matinale\/#primaryimage"},"thumbnailUrl":"https:\/\/editionsbussiere.com\/blog\/wp-content\/uploads\/2024\/08\/Guide-de-poche-pour-la-priere-avec-une-priere-matinale.png","articleSection":["Editions \u00c9sot\u00e9rique Fond\u00e9e En 1927; D\u00e9p\u00e8ches:"],"inLanguage":"fr-FR"},{"@type":"WebPage","@id":"https:\/\/editionsbussiere.com\/blog\/guide-de-poche-pour-la-priere-avec-une-priere-matinale\/","url":"https:\/\/editionsbussiere.com\/blog\/guide-de-poche-pour-la-priere-avec-une-priere-matinale\/","name":"Guide de poche pour la pri\u00e8re avec une pri\u00e8re matinale. - EDITIONSBUSSIERE","isPartOf":{"@id":"https:\/\/editionsbussiere.com\/blog\/#website"},"primaryImageOfPage":{"@id":"https:\/\/editionsbussiere.com\/blog\/guide-de-poche-pour-la-priere-avec-une-priere-matinale\/#primaryimage"},"image":{"@id":"https:\/\/editionsbussiere.com\/blog\/guide-de-poche-pour-la-priere-avec-une-priere-matinale\/#primaryimage"},"thumbnailUrl":"https:\/\/editionsbussiere.com\/blog\/wp-content\/uploads\/2024\/08\/Guide-de-poche-pour-la-priere-avec-une-priere-matinale.png","datePublished":"2024-08-01T13:04:43+00:00","breadcrumb":{"@id":"https:\/\/editionsbussiere.com\/blog\/guide-de-poche-pour-la-priere-avec-une-priere-matinale\/#breadcrumb"},"inLanguage":"fr-FR","potentialAction":[{"@type":"ReadAction","target":["https:\/\/editionsbussiere.com\/blog\/guide-de-poche-pour-la-priere-avec-une-priere-matinale\/"]}]},{"@type":"ImageObject","inLanguage":"fr-FR","@id":"https:\/\/editionsbussiere.com\/blog\/guide-de-poche-pour-la-priere-avec-une-priere-matinale\/#primaryimage","url":"https:\/\/editionsbussiere.com\/blog\/wp-content\/uploads\/2024\/08\/Guide-de-poche-pour-la-priere-avec-une-priere-matinale.png","contentUrl":"https:\/\/editionsbussiere.com\/blog\/wp-content\/uploads\/2024\/08\/Guide-de-poche-pour-la-priere-avec-une-priere-matinale.png","width":1024,"height":512,"caption":"Guide de poche pour la priere avec une priere matinale"},{"@type":"BreadcrumbList","@id":"https:\/\/editionsbussiere.com\/blog\/guide-de-poche-pour-la-priere-avec-une-priere-matinale\/#breadcrumb","itemListElement":[{"@type":"ListItem","position":1,"name":"Accueil","item":"https:\/\/editionsbussiere.com\/blog\/"},{"@type":"ListItem","position":2,"name":"Guide de poche pour la pri\u00e8re avec une pri\u00e8re matinale."}]},{"@type":"WebSite","@id":"https:\/\/editionsbussiere.com\/blog\/#website","url":"https:\/\/editionsbussiere.com\/blog\/","name":"EDITIONSBUSSIERE","description":"Editions \u00e9sot\u00e9rique fond\u00e9e en 1927; site historique, A SAVOIR ET RETENIR.","publisher":{"@id":"https:\/\/editionsbussiere.com\/blog\/#organization"},"potentialAction":[{"@type":"SearchAction","target":{"@type":"EntryPoint","urlTemplate":"https:\/\/editionsbussiere.com\/blog\/?s={search_term_string}"},"query-input":{"@type":"PropertyValueSpecification","valueRequired":true,"valueName":"search_term_string"}}],"inLanguage":"fr-FR"},{"@type":"Organization","@id":"https:\/\/editionsbussiere.com\/blog\/#organization","name":"editionsbussiere","url":"https:\/\/editionsbussiere.com\/blog\/","logo":{"@type":"ImageObject","inLanguage":"fr-FR","@id":"https:\/\/editionsbussiere.com\/blog\/#\/schema\/logo\/image\/","url":"https:\/\/editionsbussiere.com\/blog\/wp-content\/uploads\/2023\/09\/cropped-buss.gif","contentUrl":"https:\/\/editionsbussiere.com\/blog\/wp-content\/uploads\/2023\/09\/cropped-buss.gif","width":298,"height":120,"caption":"editionsbussiere"},"image":{"@id":"https:\/\/editionsbussiere.com\/blog\/#\/schema\/logo\/image\/"}},{"@type":"Person","@id":"https:\/\/editionsbussiere.com\/blog\/#\/schema\/person\/ec90e102792148c97e46ab871010dd8f","name":"Marie BATICLE","image":{"@type":"ImageObject","inLanguage":"fr-FR","@id":"https:\/\/secure.gravatar.com\/avatar\/c923e52403b1b8137e2d929127211d21967e6aecaa053bd43b09da29f212e76e?s=96&d=mm&r=g","url":"https:\/\/secure.gravatar.com\/avatar\/c923e52403b1b8137e2d929127211d21967e6aecaa053bd43b09da29f212e76e?s=96&d=mm&r=g","contentUrl":"https:\/\/secure.gravatar.com\/avatar\/c923e52403b1b8137e2d929127211d21967e6aecaa053bd43b09da29f212e76e?s=96&d=mm&r=g","caption":"Marie BATICLE"},"url":"https:\/\/editionsbussiere.com\/blog\/author\/eremarie\/"}]}},"_links":{"self":[{"href":"https:\/\/editionsbussiere.com\/blog\/wp-json\/wp\/v2\/posts\/1062","targetHints":{"allow":["GET"]}}],"collection":[{"href":"https:\/\/editionsbussiere.com\/blog\/wp-json\/wp\/v2\/posts"}],"about":[{"href":"https:\/\/editionsbussiere.com\/blog\/wp-json\/wp\/v2\/types\/post"}],"author":[{"embeddable":true,"href":"https:\/\/editionsbussiere.com\/blog\/wp-json\/wp\/v2\/users\/3"}],"replies":[{"embeddable":true,"href":"https:\/\/editionsbussiere.com\/blog\/wp-json\/wp\/v2\/comments?post=1062"}],"version-history":[{"count":0,"href":"https:\/\/editionsbussiere.com\/blog\/wp-json\/wp\/v2\/posts\/1062\/revisions"}],"wp:featuredmedia":[{"embeddable":true,"href":"https:\/\/editionsbussiere.com\/blog\/wp-json\/wp\/v2\/media\/1063"}],"wp:attachment":[{"href":"https:\/\/editionsbussiere.com\/blog\/wp-json\/wp\/v2\/media?parent=1062"}],"wp:term":[{"taxonomy":"category","embeddable":true,"href":"https:\/\/editionsbussiere.com\/blog\/wp-json\/wp\/v2\/categories?post=1062"},{"taxonomy":"post_tag","embeddable":true,"href":"https:\/\/editionsbussiere.com\/blog\/wp-json\/wp\/v2\/tags?post=1062"}],"curies":[{"name":"wp","href":"https:\/\/api.w.org\/{rel}","templated":true}]}}