{"id":1057,"date":"2024-08-01T00:04:17","date_gmt":"2024-07-31T22:04:17","guid":{"rendered":"https:\/\/editionsbussiere.com\/blog\/celebration-de-marie-au-mois-daout-et-prier-la-sainte-vierge\/"},"modified":"2024-08-01T00:04:17","modified_gmt":"2024-07-31T22:04:17","slug":"celebration-de-marie-au-mois-daout-et-prier-la-sainte-vierge","status":"publish","type":"post","link":"https:\/\/editionsbussiere.com\/blog\/celebration-de-marie-au-mois-daout-et-prier-la-sainte-vierge\/","title":{"rendered":"C\u00e9l\u00e9bration de Marie au mois d\u2019ao\u00fbt\n et prier la Sainte Vierge ."},"content":{"rendered":"<div><img width=\"550\" height=\"361\" src=\"https:\/\/editionsbussiere.com\/blog\/wp-content\/uploads\/2024\/08\/Celebration-de-Marie-au-mois-daout-et-prier-la-Sainte.jpg\" class=\"attachment-large size-large wp-post-image\" alt=\"C\u00e9l\u00e9bration de Marie au mois d'ao\u00fbt et prier la Sainte\" style=\"float:left; margin:0 15px 15px 0;\" decoding=\"async\" srcset=\"https:\/\/editionsbussiere.com\/blog\/wp-content\/uploads\/2024\/08\/Celebration-de-Marie-au-mois-daout-et-prier-la-Sainte.jpg 550w, https:\/\/www.n42.fr\/wp-content\/uploads\/2024\/07\/Celebration-de-Marie-au-mois-daout-et-prier-la-Sainte-300x197.jpg 300w\" sizes=\"(max-width: 550px) 100vw, 550px\"><\/p>\n<p>\n<\/p>\n<div>\n<figure id=\"attachment_127193\" aria-describedby=\"caption-attachment-127193\" style=\"width: 550px\" class=\"wp-caption aligncenter\"><img fetchpriority=\"high\" decoding=\"async\" data-attachment-id=\"127193\" src=\"https:\/\/thecatholicspirit.com\/faith\/faith-alive\/celebrating-mary-in-the-month-of-august\/attachment\/istock-iurii-kuzo_mary\/\" data-orig-file=\"https:\/\/thecatholicspirit.com\/wp-content\/uploads\/2024\/07\/iStock-Iurii-Kuzo_Mary.jpg\" data-orig-size=\"550,361\" data-comments-opened=\"0\" data-image-meta='\"aperture\":\"0\",\"credit\":\"\",\"camera\":\"\",\"caption\":\"\",\"created_timestamp\":\"0\",\"copyright\":\"\",\"focal_length\":\"0\",\"iso\":\"0\",\"shutter_speed\":\"0\",\"title\":\"\",\"orientation\":\"0\"' data-image-title=\"iStock-Iurii Kuzo_Mary\" data-image-description=\"&lt;p&gt;Blessed Virgin Mary&lt;\/p&gt;\n\" data-image-caption=\"&lt;p&gt;iStock\/Iurii &lt;\/p&gt;\n\" data-medium-file=\"https:\/\/thecatholicspirit.com\/wp-content\/uploads\/2024\/07\/iStock-Iurii-Kuzo_Mary-300x197.jpg\" data-large-file=\"https:\/\/thecatholicspirit.com\/wp-content\/uploads\/2024\/07\/iStock-Iurii-Kuzo_Mary.jpg\" class=\"size-full wp-image-127193\" alt=\"Bienheureuse Vierge Marie\" width=\"550\" height=\"361\" srcset=\"https:\/\/thecatholicspirit.com\/wp-content\/uploads\/2024\/07\/iStock-Iurii-Kuzo_Mary.jpg 550w, https:\/\/thecatholicspirit.com\/wp-content\/uploads\/2024\/07\/iStock-Iurii-Kuzo_Mary-300x197.jpg 300w, https:\/\/thecatholicspirit.com\/wp-content\/uploads\/2024\/07\/iStock-Iurii-Kuzo_Mary-150x98.jpg 150w\" sizes=\"(max-width: 550px) 100vw, 550px\"><figcaption id=\"caption-attachment-127193\" class=\"wp-caption-text\">iStock\/Iurii<\/figcaption><\/figure>\n<h3>Si on leur demandait d\u2019\u00e9num\u00e9rer les f\u00eates mariales du mois d\u2019ao\u00fbt, la plupart des catholiques r\u00e9pondraient simplement \u00ab l\u2019Assomption \u00bb.<\/h3>\n<p>Si l\u2019on demandait aux catholiques quelles autres f\u00eates mariales sont c\u00e9l\u00e9br\u00e9es en ao\u00fbt, ils ne sauraient dire grand-chose. C\u2019est probablement parce que l\u2019Assomption de la Sainte Vierge Marie est un jour de f\u00eate obligatoire aux \u00c9tats-Unis, et que notre attention est donc attir\u00e9e sur elle parce que nous sommes tenus d\u2019aller \u00e0 la messe ce jour-l\u00e0.<\/p>\n<p>Mais il y a d\u2019autres f\u00eates de Marie tout au long du mois que nous ne voulons pas n\u00e9gliger.<\/p>\n<p>Les journ\u00e9es sp\u00e9ciales en l\u2019honneur de Marie font partie de la tradition catholique depuis la fin du premier si\u00e8cle.<\/p>\n<p>Des fresques de Marie avec et sans le Christ ont \u00e9t\u00e9 d\u00e9couvertes dans les catacombes romaines.<\/p>\n<p>Depuis lors, la d\u00e9votion \u00e0 Marie s\u2019est \u00e9tendue aux jours saints que nous observons habituellement au cours de l\u2019ann\u00e9e liturgique. Les f\u00eates mariales rel\u00e8vent de la doctrine de la communion des saints, dans laquelle nous sommes appel\u00e9s \u00e0 honorer ceux qui ont \u00e9t\u00e9 \u00e9lev\u00e9s \u00e0 la perfection.<\/p>\n<p>Le r\u00f4le de Marie est primordial par rapport \u00e0 celui des saints, et c\u2019est pourquoi l\u2019\u00c9glise attribue des f\u00eates en son honneur pour souligner son r\u00f4le dans l\u2019histoire du salut.<\/p>\n<p>Les f\u00eates mariales du mois d\u2019ao\u00fbt nous donnent un aper\u00e7u de la vie de Marie et de son r\u00f4le de M\u00e8re de Dieu.<\/p>\n<p>Il existe de nombreuses fa\u00e7ons de comm\u00e9morer les f\u00eates de Marie : en assistant \u00e0 la messe, en c\u00e9l\u00e9brant une heure sainte ou simplement en r\u00e9citant un chapelet suppl\u00e9mentaire. Nous pouvons m\u00eame c\u00e9l\u00e9brer cela avec un d\u00eener ou un dessert sp\u00e9cial.<\/p>\n<p><strong>\u2014 2 ao\u00fbt : Notre-Dame des Anges<\/strong><\/p>\n<p>Aujourd\u2019hui, nous comm\u00e9morons la d\u00e9dicace de l\u2019\u00e9glise de Portuincula (petit bout de terre), pr\u00e8s d\u2019Assise, en Italie. Du vivant de saint Fran\u00e7ois, se trouvait \u00e0 cet endroit une petite \u00e9glise ancienne qui remontait au VIe si\u00e8cle. Saint Fran\u00e7ois aimait cette \u00e9glise parce que c\u2019est l\u00e0 qu\u2019il a reconnu sa vocation.<\/p>\n<p>En 1211, saint Fran\u00e7ois acquit l\u2019\u00e9glise des B\u00e9n\u00e9dictins, la r\u00e9para et en fit la premi\u00e8re \u00e9glise de l\u2019ordre franciscain. Comme on y entendait souvent de merveilleuses voix ang\u00e9liques, on l\u2019appela Notre-Dame des Anges. Cinq ans plus tard, saint Fran\u00e7ois re\u00e7ut du pape Honorius l\u2019indulgence de la Portuincula en guise de cadeau pour la d\u00e9dicace de la chapelle.<\/p>\n<p>Sur son lit de mort, saint Fran\u00e7ois confia l\u2019\u00e9glise aux soins particuliers de ses confr\u00e8res franciscains et, au XVIe si\u00e8cle, la petite chapelle fut consacr\u00e9e basilique Sainte-Marie-des-Anges. En 1921, le pape Beno\u00eet XV accorda le privil\u00e8ge de l\u2019indulgence \u00e0 tous les visiteurs pendant un an, et une l\u00e9gislation ult\u00e9rieure accorda l\u2019indulgence \u00e0 tous les fid\u00e8les le 2 ao\u00fbt de chaque ann\u00e9e (ou le dimanche suivant) avec la permission de l\u2019\u00e9v\u00eaque local.<\/p>\n<p><strong>\u2014 5 ao\u00fbt : Notre-Dame des Neiges<\/strong><\/p>\n<p>Ce jour marque la d\u00e9dicace de la basilique Sainte-Marie-Majeure de Rome, \u00e9galement connue sous le nom de Notre-Dame-des-Neiges. Le m\u00e9morial comm\u00e9more la d\u00e9dicace de la basilique \u00e9rig\u00e9e \u00e0 l\u2019origine sur la colline de l\u2019Esquilin \u00e0 Rome par le pape Lib\u00e8re au IVe si\u00e8cle. Quelques ann\u00e9es plus tard, le pape saint Sixte III d\u00e9dia l\u2019\u00e9glise \u00e0 Notre-Dame car la maternit\u00e9 divine de Marie venait d\u2019\u00eatre proclam\u00e9e comme article de foi lors du concile d\u2019\u00c9ph\u00e8se. La basilique Sainte-Marie-Majeure est la cath\u00e9drale mariale la plus importante du monde occidental.<\/p>\n<p>Le titre de Notre-Dame des Neiges remonte \u00e0 une l\u00e9gende du Moyen-\u00c2ge qui raconte l\u2019histoire d\u2019un couple riche et sans enfants qui d\u00e9sirait faire de Marie l\u2019h\u00e9riti\u00e8re de leur fortune. Ils priaient sans cesse pour d\u00e9couvrir le souhait de Marie \u00e0 leur \u00e9gard.<\/p>\n<p>Dans la nuit du 4 ao\u00fbt, la Sainte Vierge fit part de son souhait au couple et au pape Lib\u00e8re : qu\u2019un sanctuaire soit construit \u00e0 cet endroit, sur la colline de l\u2019Esquilin, afin qu\u2019ils le voient couvert de neige le lendemain matin. Accompagn\u00e9 de clercs et de la\u00efcs, le pape se rendit en procession sur place et trouva un site recouvert de neige, malgr\u00e9 la chaleur intense du mois d\u2019ao\u00fbt \u00e0 Rome. Le pape Lib\u00e8re ordonna imm\u00e9diatement la construction de l\u2019\u00e9glise mariale \u00e0 cet endroit.<\/p>\n<p>Le pape saint Sixte III fit remplacer l\u2019\u00e9glise primitive par une plus r\u00e9cente et plus grande en 432, et la c\u00e9l\u00e9bration de la f\u00eate de Notre-Dame des Neiges commen\u00e7a dans cette \u00e9glise en 435. D\u00e8s lors, la f\u00eate fut \u00e9tendue \u00e0 toute la Rome, et en 1568, le pape Pie V l\u2019\u00e9tendit \u00e0 l\u2019\u00c9glise universelle.<\/p>\n<p>\u00c0 l\u2019int\u00e9rieur de la basilique se trouve l\u2019une des plus anciennes images de Marie, Salus Populi Romani (\u00ab Salut du peuple romain \u00bb), que le pape Fran\u00e7ois visite souvent.<\/p>\n<p>La tradition attribue ce tableau \u00e0 saint Luc et des r\u00e9pliques en ont fait le tour du monde. Il est \u00e9galement install\u00e9 comme image de gr\u00e2ce \u00e0 Ingolstadt, en Allemagne, sous le titre \u00ab M\u00e8re trois fois admirable \u00bb.<\/p>\n<p><strong>\u2014 13 ao\u00fbt : Notre-Dame, refuge des p\u00e9cheurs<\/strong><\/p>\n<p>Cette f\u00eate remonte \u00e0 l\u2019\u00e9poque de saint Germain de Constantinople au VIIIe si\u00e8cle.<\/p>\n<p>Ce titre d\u00e9peint Marie comme la nouvelle \u00c8ve. \u00c8ve fut l\u2019instrument de la chute des humains dans le p\u00e9ch\u00e9 originel et de leurs souffrances ult\u00e9rieures. Marie, en revanche, est l\u2019instrument du salut des humains et de leur gu\u00e9rison par son accord de devenir la m\u00e8re du R\u00e9dempteur.<\/p>\n<p>La position de Marie en tant que m\u00e8re de J\u00e9sus lui conf\u00e8re des capacit\u00e9s d\u2019intercession particuli\u00e8res, notamment pour interc\u00e9der pour sa mis\u00e9ricorde envers les p\u00e9cheurs.<\/p>\n<p><strong>\u2014 15 ao\u00fbt : L\u2019Assomption de la Bienheureuse Vierge Marie<\/strong><\/p>\n<p>D\u00e8s le cinqui\u00e8me si\u00e8cle, l\u2019\u00c9glise de J\u00e9rusalem c\u00e9l\u00e9brait la f\u00eate de Marie le 15 ao\u00fbt, qui devint connue dans l\u2019\u00c9glise d\u2019Orient comme \u00ab le jour o\u00f9 Marie expira \u00bb. Au septi\u00e8me si\u00e8cle, elle fut introduite dans l\u2019\u00c9glise d\u2019Occident sous le nom d\u2019Assomption de la bienheureuse Vierge Marie. C\u2019est l\u2019une des plus anciennes f\u00eates de Marie et elle comm\u00e9more sa mort et son assomption, corps et \u00e2me, au ciel.<\/p>\n<p>Bien que la mort de Marie ne soit pas document\u00e9e (et certains sp\u00e9cialistes soutiennent qu\u2019elle a \u00e9t\u00e9 \u00e9lev\u00e9e au ciel juste avant sa mort), la tradition veut qu\u2019elle soit morte \u00e0 l\u2019\u00e2ge de 72 ans, soit \u00e0 \u00c9ph\u00e8se, soit \u00e0 J\u00e9rusalem. Le pape Pie XII a proclam\u00e9 le dogme de l\u2019Assomption le 1er novembre 1950. Une l\u00e9gende raconte que les ap\u00f4tres auraient trouv\u00e9 des fleurs en ouvrant le tombeau de Marie.<\/p>\n<p><strong>\u2014 22 ao\u00fbt : Reine de Marie<\/strong><\/p>\n<p>Le pape Pie XII a d\u00e9cr\u00e9t\u00e9 et institu\u00e9 la f\u00eate de la Reine Marie le 11 octobre 1954 dans son encyclique \u00ab Ad Caeli Reginam \u00bb (\u00ab \u00c0 la Reine du Ciel \u00bb). \u00c0 l\u2019origine, la f\u00eate \u00e9tait c\u00e9l\u00e9br\u00e9e le 31 mai, mais elle a \u00e9t\u00e9 report\u00e9e au 22 ao\u00fbt dans le calendrier romain r\u00e9vis\u00e9 de 1969.<\/p>\n<p>\u00ab Marie aussi, en tant que m\u00e8re du divin Christ, en tant que sa compagne dans la r\u00e9demption, dans la lutte contre ses ennemis et dans sa victoire finale sur eux, participe, quoique de fa\u00e7on limit\u00e9e et analogue, \u00e0 sa dignit\u00e9 royale. En effet, de son union avec le Christ, elle atteint une \u00e9minence rayonnante qui d\u00e9passe celle de toute autre cr\u00e9ature ; de son union avec le Christ, elle re\u00e7oit le droit royal de disposer des tr\u00e9sors du Royaume du divin R\u00e9dempteur ; de son union avec le Christ d\u00e9rive enfin l\u2019in\u00e9puisable efficacit\u00e9 de son intercession maternelle aupr\u00e8s du Fils et de son P\u00e8re \u00bb, \u00e9crit le pape Pie XII.<\/p>\n<p>Que nous c\u00e9l\u00e9brions les f\u00eates mariales du mois d\u2019ao\u00fbt en grande ou en petite pompe, prendre le temps de r\u00e9fl\u00e9chir \u00e0 leur histoire et \u00e0 leur signification peut nous aider \u00e0 mieux comprendre le r\u00f4le vital de Marie dans notre salut. Passer du temps avec elle, en r\u00e9flexion priv\u00e9e ou en pri\u00e8re formelle, peut accro\u00eetre notre amour pour elle et nous obtenir des gr\u00e2ces pour notre sanctification.<\/p>\n<p><em>Marge Fenelon \u00e9crit depuis le Wisconsin.<\/em><\/p>\n<\/div>\n<h2>\n<\/h2>\n<p>Le R\u00f4le de la D\u00e9votion Mariale<\/p>\n<p>La pri\u00e8re \u00e0 Marie repr\u00e9sente un \u00e9l\u00e9ment crucial de la spiritualit\u00e9 chr\u00e9tienne, profond\u00e9ment ancr\u00e9e dans la doctrine catholique depuis des si\u00e8cles. C\u2019est un roc sur lequel les croyants s\u2019appuient pour trouver r\u00e9confort, guidance et intervention dans leur relation envers Dieu. Au fil du temps, cette pratique de d\u00e9votion a gagn\u00e9 en force par les enseignements de la Bible, les traditions de l\u2019\u00c9glise, ainsi que le mod\u00e8le des saints et saintes qui ont t\u00e9moign\u00e9 de leur respect \u00e0 Marie en tant que aimante.<\/p>\n<h3>\n<\/h3>\n<p>L\u2019accomplissement du Chapelet<\/p>\n<p>Cette pri\u00e8re traditionnelle mariale occupe une place centrale dans la vie spirituelle de un grand nombre de fid\u00e8les. En r\u00e9citant les myst\u00e8res joyeux, douloureux, lumineux et glorieux, les d\u00e9vots m\u00e9ditent dans les \u00e9v\u00e9nements li\u00e9s \u00e0 J\u00e9sus et Marie, renfor\u00e7ant leur connexion spirituelle avec eux. Chaque Ave Maria r\u00e9cit\u00e9, ils manifestent leur foi en l\u2019intercession de Marie et leur d\u00e9sir de suivre les enseignements du Christ. Saint Louis-Marie Grignion de Montfort, dans son ouvrage sur la d\u00e9votion authentique \u00e0 la Vierge Marie, encourage les chr\u00e9tiens \u00e0 pratiquer r\u00e9guli\u00e8rement la m\u00e9ditation sur les myst\u00e8res du rosaire pour approfondir leur lien avec la M\u00e8re de Dieu. Cette pratique ancienne, h\u00e9rit\u00e9e de g\u00e9n\u00e9ration en g\u00e9n\u00e9ration, demeure un phare spirituel pour ceux qui ont la foi, les aidant \u00e0 se connecter avec la divine Dame du Ciel.<\/p>\n<h3>\n<\/h3>\n<p>L\u2019encouragement \u00e0 prier<\/p>\n<p>Unissons-nous dans la pri\u00e8re, fr\u00e8res et s\u0153urs, dans notre confiance, en Marie, la m\u00e8re de notre Seigneur J\u00e9sus-Christ. Dans notre monde tourment\u00e9 par les conflits et la discorde, optons \u00e0 la pri\u00e8re pour trouver de retrouver la paix et l\u2019harmonie. Les catholiques du monde entier peuvent exprimer une sollicitation pour la Vierge Marie <a target=\"_blank\" rel=\"nofollow\" href=\"https:\/\/editionsbussiere.com\/blog\/goto\/https:\/\/www.avemariasound.org\/\" >gr\u00e2ce \u00e0 notre site.<\/a> Que nos pri\u00e8res montent vers le ciel, comme une offrande re\u00e7u avec faveur par Dieu, afin qu\u2019il guide nous guider nos pas sur la voie de la v\u00e9rit\u00e9 et de la justice. L\u2019ap\u00f4tre Paul nous exhorte dans ses lettres \u00e0 prier sans cesse, en toutes circonstances, afin que notre connexion avec Dieu reste solide et passionn\u00e9e. La pri\u00e8re, lorsqu\u2019elle est offerte sinc\u00e8rement, poss\u00e8de la capacit\u00e9 de transformer les c\u0153urs et de modifier le destin de l\u2019histoire.<\/p>\n<h2>\n<\/h2>\n<p>Les le\u00e7ons du Souverain Pontife<\/p>\n<p>Le Saint-P\u00e8re, \u00e0 travers ses \u00e9crits inspir\u00e9s, disponibles gr\u00e2ce \u00e0 Bayard, nous souligne la valeur de la pri\u00e8re journali\u00e8re. \u00c0 travers ses discours et ses audiences, il nous encourage \u00e0 cultiver une relation personnelle avec le divin, en s\u2019appuyant sur la m\u00e9ditation de la Parole biblique et la r\u00e9citation du rosaire. Sa conduite d\u2019humilit\u00e9 et de compassion nous inspire \u00e0 approfondir davantage notre pri\u00e8re et \u00e0 rechercher la pr\u00e9sence divine dans chaque aspect de notre vie. Saint Jean-Paul II, dans son \u00e9crit sur la foi chr\u00e9tienne, nous rappelle que la pri\u00e8re quotidienne constitue le fondement de la vie de foi et c\u2019est par elle que nous nous unissons au divin. La pri\u00e8re, transmise par les pontifes de g\u00e9n\u00e9ration en g\u00e9n\u00e9ration, est une bou\u00e9e d\u2019espoir dans les temp\u00eates, un roc solide sur lequel les \u00e2mes peuvent s\u2019appuyer.<\/p>\n<h3>\n<\/h3>\n<p>Les publications \u00e9crits par Leli\u00e8vre et Hubert<\/p>\n<p>Au sein de la pratique religieuse, l\u2019\u00e9glise pr\u00e9conise la pri\u00e8re, et lors de les moments de pri\u00e8re, les croyants accomplissent le signe de croix tout en r\u00e9citant l\u2019Ave Maria. Des th\u00e9ologiens modernes, comme Leli\u00e8vre et Hubert, nous convient \u00e9galement \u00e0 r\u00e9fl\u00e9chir sur la puissance de la pri\u00e8re, \u00e0 travers leurs \u00e9crits inspirants. Leurs ouvrages, abondant en enseignements spirituels, nous guident sur le chemin de la foi et nous invitent \u00e0 puiser dans les richesses de la tradition chr\u00e9tienne pour nourrir notre vie spirituelle. En r\u00e9fl\u00e9chissant sur leurs ouvrages, nous explorons de nouvelles mani\u00e8res d\u2019approfondir notre relation avec Dieu et de progresser dans notre cheminement vers la saintet\u00e9. Saint Jean, dans l\u2019\u00c9vangile, nous rappelle que la pri\u00e8re est un puissant moyen pour rester en communion avec Dieu et de recevoir de ses gr\u00e2ces. Chaque page de leurs \u00e9crits ressemble \u00e0 un appel \u00e0 une pri\u00e8re ardente et \u00e0 une vie impr\u00e9gn\u00e9e de la pr\u00e9sence divine. Dans notre qu\u00eate de spiritualit\u00e9, chaque \u0153uvre lue devient un appel \u00e0 s\u2019\u00e9lever vers le divin, \u00e0 travers la r\u00e9flexion et la m\u00e9ditation.<\/p>\n<h3>\n<\/h3>\n<p>La d\u00e9votion dans la chapelle<\/p>\n<p>Dans nos lieux de culte simples ou grandioses, tournons-nous vers Dieu en toute confiance et humilit\u00e9, sachant qu\u2019il \u00e9coute nos supplications avec amour et sollicitude. Que chaque flamme vacillante, chaque Ave Maria r\u00e9cit\u00e9, soit une offrande \u00e0 notre Seigneur et \u00e0 sa sainte m\u00e8re, Marie. Que nos moments de pri\u00e8re dans la chapelle soient des occasions de gr\u00e2ce et de renouvellement spirituel, nous renfor\u00e7ant pour faire face \u00e0 les challenges avec courage et foi. La sainte Bernadette Soubirous, \u00e0 qui la Vierge Marie est apparue \u00e0 Lourdes, nous enseigne l\u2019importance de la pri\u00e8re dans la vie des fid\u00e8les et l\u2019efficacit\u00e9 de l\u2019intercession de la Sainte Vierge. Chaque personne qui entre dans une chapelle, chaque page de la Bible lue dans ce lieu sacr\u00e9, constitue une rencontre avec le divin, une \u00e9tape cruciale dans le processus de transformation spirituelle. \u00c0 travers les textes sacr\u00e9s, chaque fid\u00e8le est encourag\u00e9 \u00e0 m\u00e9diter sur la croix du Christ, \u00e0 m\u00e9diter sur son sacrifice, et \u00e0 trouver consolation et esp\u00e9rance dans la gr\u00e2ce salvatrice qu\u2019elle offre.<\/p>\n<h2>\nL\u2019acte de prier comme m\u00e9decine pour l\u2019\u00e2me<br \/>\n<\/h2>\n<p>Tel un m\u00e9decin pour nos \u00e2mes, la pri\u00e8re nous r\u00e9conforte ainsi que nous renforce au cours des p\u00e9riodes de douleur et de d\u00e9sespoir. La pri\u00e8re nous fait souvenir que Dieu est toujours avec nous, m\u00eame dans les moments les plus sombres de notre existence. En nous penchant vers lui dans la pri\u00e8re, nous d\u00e9couvrons la force int\u00e9rieure n\u00e9cessaire pour traverser les \u00e9preuves et pour faire face \u00e0 l\u2019avenir avec esp\u00e9rance et confiance. La pri\u00e8re est comme une source d\u2019eau vive qui satisfait notre soif spirituelle et, sur notre chemin de foi, nous r\u00e9g\u00e9n\u00e8re.<br \/>\n\u00c0 chaque pri\u00e8re murmur\u00e9e, \u00e0 chaque intention port\u00e9e, nous trouvons un r\u00e9confort c\u00e9leste, une gu\u00e9rison c\u00e9leste, qui d\u00e9passe les limites de notre condition terrestre. Chaque verset de la Bible nous invite \u00e0 dialoguer avec Dieu, \u00e0 lui remettre nos fardeaux, et \u00e0 recevoir sa gr\u00e2ce transformante.<\/p>\n<h2>Un regard diff\u00e9rent sur l\u2019acte de prier Marie<\/h2>\n<p>L\u2019invocation de Marie repr\u00e9sente une coutume \u00e9troitement enracin\u00e9e dans la tradition religieuse catholique chr\u00e9tienne, fournissant un lien spirituel pr\u00e9cieux pour les croyants \u00e0 travers le globe. Comme m\u00e8re spirituelle aimante et intercesseur d\u00e9vou\u00e9, elle est invoqu\u00e9e avec d\u00e9votion dans les moments de d\u00e9tresse et de louange. Le chapelet, avec ses myst\u00e8res m\u00e9ditatifs, dirige les fid\u00e8les dans leur parcours religieux, les aidant \u00e0 m\u00e9diter sur J\u00e9sus, son fils, \u00e0 travers le prisme de la Vierge Marie. Cette affection envers Marie se manifeste dans les sites sacr\u00e9s comme le sanctuaire de Lourdes, o\u00f9 les fid\u00e8les convergent \u00e0 la recherche de consolation et de gu\u00e9rison, symbolisant le lien profond entre la foi catholique et la v\u00e9n\u00e9ration de la Vierge Marie. Les \u00e9crits inspirants de th\u00e9ologiens tels que Leli\u00e8vre et Hubert fournissent une r\u00e9flexion pr\u00e9cieuse sur l\u2019importance de la pri\u00e8re \u00e0 Marie et son r\u00f4le dans la vie spirituelle des croyants. \u00c0 travers la lecture attentive de textes de d\u00e9votion et des \u00c9critures, les croyants \u00e9largissent leur compr\u00e9hension de la v\u00e9n\u00e9ration de Marie et cultivent une connexion plus \u00e9troite avec Marie, notre m\u00e8re spirituelle. Dans un monde marqu\u00e9 par les conflits et les hostilit\u00e9s, l\u2019invocation de Marie est un sanctuaire de tranquillit\u00e9 et d\u2019espoir, appelant chaque personne, quelle que soit sa position dans la foi catholique, \u00e0 s\u2019adresser \u00e0 la Sainte Vierge avec confiance et d\u00e9votion. Prions donc ensemble, avec un c\u0153ur humble et sinc\u00e8re, en saluant Marie comme notre m\u00e8re et notre intercesseur, et en lui confiant nos requ\u00eates et nos souhaits les plus profonds. Dans cette d\u00e9marche vers Dieu, chaque croyant est invit\u00e9 \u00e0 poursuivre la voie des pri\u00e8res et des aspirations du c\u0153ur, sous la conduite du Pape et les pr\u00e9cieuses ressources spirituelles fournies par des plateformes comme Aleteia. Par cons\u00e9quent, avec une humble confiance et un c\u0153ur ouvert, \u00e9levons notre pri\u00e8re quotidienne vers Marie, lui demandant de nous interc\u00e9der, et la gr\u00e2ce de pers\u00e9v\u00e9rer dans la pri\u00e8re fervente.<br \/>\nQue la pri\u00e8re constitue notre refuge et notre r\u00e9confort quelle que soit la situation. Que nous nous inclinions vers Marie, notre m\u00e8re c\u00e9leste, avec une foi in\u00e9branlable et un c\u0153ur ouvert, en ayant conscience qu\u2019elle interc\u00e8de pour nous devant son fils bien-aim\u00e9. Que notre d\u00e9votion nous guide dans notre qu\u00eate de saintet\u00e9, nous approchant toujours plus de Dieu et de son amour \u00e9ternel.<\/p>\n<p>Publications sur un sujet concordant:<\/p>\n<p>Petits Po\u00e8mes d\u2019Automne\/Je ne sais plus par quelle contr\u00e9e.,<a target=\"_blank\" rel=\"nofollow\" href=\"https:\/\/editionsbussiere.com\/blog\/goto\/https:\/\/fr.wikisource.org\/wiki\/Petits_Po%C3%A8mes_d%E2%80%99Automne\/Je_ne_sais_plus_par_quelle_contr%C3%A9e\"  target=\"_blank\" rel=\"noopener noreferrer nofollow\">Ici.<\/a><span><\/span>. Suite sur le prochain article.<\/p>\n<p>Liturgie de saint Jean Chrysostome\/Proscomidie.,<a target=\"_blank\" rel=\"nofollow\" href=\"https:\/\/editionsbussiere.com\/blog\/goto\/https:\/\/fr.wikisource.org\/wiki\/Liturgie_de_saint_Jean_Chrysostome\/Proscomidie\"  target=\"_blank\" rel=\"noopener noreferrer nofollow\">Le texte de l\u2019article.<\/a><span><\/span><\/p>\n<p>Les Caresses (Richepin)\/Flor\u00e9al\/Sonnet romain.,<a target=\"_blank\" rel=\"nofollow\" href=\"https:\/\/editionsbussiere.com\/blog\/goto\/https:\/\/fr.wikisource.org\/wiki\/Les_Caresses_(Richepin)\/Flor%C3%A9al\/Sonnet_romain\"  target=\"_blank\" rel=\"noopener noreferrer nofollow\">Ici.<\/a><span><\/span><\/p>\n<p>Le Nouveau Testament (Martin, 1861)\/Premi\u00e8re \u00c9p\u00eetre de Saint Paul, ap\u00f4tre, aux Corinthiens\/VII.,<a target=\"_blank\" rel=\"nofollow\" href=\"https:\/\/editionsbussiere.com\/blog\/goto\/https:\/\/fr.wikisource.org\/wiki\/Le_Nouveau_Testament_(Martin,_1861)\/Premi%C3%A8re_%C3%89p%C3%AEtre_de_Saint_Paul,_ap%C3%B4tre,_aux_Corinthiens\/VII\"  target=\"_blank\" rel=\"noopener noreferrer nofollow\">Le dossier.<\/a><span><\/span><\/p>\n<p>L\u2019Encyclop\u00e9die\/1re \u00e9dition\/BARDESANISTES.,<a target=\"_blank\" rel=\"nofollow\" href=\"https:\/\/editionsbussiere.com\/blog\/goto\/https:\/\/fr.wikisource.org\/wiki\/L%E2%80%99Encyclop%C3%A9die\/1re_%C3%A9dition\/BARDESANISTES\"  target=\"_blank\" rel=\"noopener noreferrer nofollow\">Le dossier.<\/a><span><\/span><\/p>\n<p>Augustin d\u2019Hippone\/Deuxi\u00e8me s\u00e9rie\/Solennit\u00e9s et pan\u00e9gyriques\/Sermon CLXXXVI. Pour le jour de No\u00ebl. III. Le Fis de Dieu devenu Fils de l\u2019homme.,<a target=\"_blank\" rel=\"nofollow\" href=\"https:\/\/editionsbussiere.com\/blog\/goto\/https:\/\/fr.wikisource.org\/wiki\/Augustin_d%E2%80%99Hippone\/Deuxi%C3%A8me_s%C3%A9rie\/Solennit%C3%A9s_et_pan%C3%A9gyriques\/Sermon_CLXXXVI._Pour_le_jour_de_No%C3%ABl._III._Le_Fis_de_Dieu_devenu_Fils_de_l%E2%80%99homme\"  target=\"_blank\" rel=\"noopener noreferrer nofollow\">L\u2019article ICI.<\/a><span><\/span>. Suite sur le prochain article.<\/p>\n<\/div>\n<p><img decoding=\"async\" class=\"wpe_imgrss\" src=\"https:\/\/editionsbussiere.com\/blog\/wp-content\/uploads\/2024\/08\/Celebration-de-Marie-au-mois-daout-et-prier-la-Sainte.jpg\">Cet article a \u00e9t\u00e9 reconstitu\u00e9 du mieux possible. Dans l\u2019hypoth\u00e8se o\u00f9 vous souhaitez apporter quelques modifications concernant le th\u00e8me \u00ab\u00a0Editions \u00e9sot\u00e9rique fond\u00e9e en 1927\u00a0\u00bb, il est possible de discuter avec notre r\u00e9daction. Vous pouvez tirer profit de cet article traitant le sujet \u00ab\u00a0Editions \u00e9sot\u00e9rique fond\u00e9e en 1927\u00a0\u00bb. Il est concoct\u00e9 par l\u2019\u00e9quipe editionsbussiere.com. Le site editionsbussiere.com est fait pour cr\u00e9er divers posts autour du th\u00e8me Editions \u00e9sot\u00e9rique fond\u00e9e en 1927 d\u00e9velopp\u00e9es sur internet. Consultez notre site internet editionsbussiere.com et nos r\u00e9seaux sociaux pour \u00eatre au courant des futures annonces.<\/p>\n","protected":false},"excerpt":{"rendered":"<p>iStock\/Iurii Si on leur demandait d\u2019\u00e9num\u00e9rer les f\u00eates mariales du mois d\u2019ao\u00fbt, la plupart des catholiques r\u00e9pondraient simplement \u00ab l\u2019Assomption \u00bb. Si l\u2019on demandait aux catholiques quelles autres f\u00eates mariales sont c\u00e9l\u00e9br\u00e9es en ao\u00fbt, ils ne sauraient dire grand-chose. C\u2019est probablement parce que l\u2019Assomption de la Sainte Vierge Marie est un jour de f\u00eate obligatoire [&hellip;]<\/p>\n","protected":false},"author":3,"featured_media":1058,"comment_status":"closed","ping_status":"closed","sticky":false,"template":"","format":"standard","meta":{"footnotes":""},"categories":[3],"tags":[],"class_list":["post-1057","post","type-post","status-publish","format-standard","has-post-thumbnail","hentry","category-editions-esoterique-fondee-en-1927-depeches","entry","fw-tab-6 fw-tabr-4","has-featured-image"],"yoast_head":"<!-- This site is optimized with the Yoast SEO plugin v27.5 - https:\/\/yoast.com\/product\/yoast-seo-wordpress\/ -->\n<title>C\u00e9l\u00e9bration de Marie au mois d\u2019ao\u00fbt et prier la Sainte Vierge . - EDITIONSBUSSIERE<\/title>\n<meta name=\"robots\" content=\"index, follow, max-snippet:-1, max-image-preview:large, max-video-preview:-1\" \/>\n<link rel=\"canonical\" href=\"https:\/\/editionsbussiere.com\/blog\/celebration-de-marie-au-mois-daout-et-prier-la-sainte-vierge\/\" \/>\n<meta property=\"og:locale\" content=\"fr_FR\" \/>\n<meta property=\"og:type\" content=\"article\" \/>\n<meta property=\"og:title\" content=\"C\u00e9l\u00e9bration de Marie au mois d\u2019ao\u00fbt et prier la Sainte Vierge . - EDITIONSBUSSIERE\" \/>\n<meta property=\"og:description\" content=\"iStock\/Iurii Si on leur demandait d\u2019\u00e9num\u00e9rer les f\u00eates mariales du mois d\u2019ao\u00fbt, la plupart des catholiques r\u00e9pondraient simplement \u00ab l\u2019Assomption \u00bb. Si l\u2019on demandait aux catholiques quelles autres f\u00eates mariales sont c\u00e9l\u00e9br\u00e9es en ao\u00fbt, ils ne sauraient dire grand-chose. C\u2019est probablement parce que l\u2019Assomption de la Sainte Vierge Marie est un jour de f\u00eate obligatoire [&hellip;]\" \/>\n<meta property=\"og:url\" content=\"https:\/\/editionsbussiere.com\/blog\/celebration-de-marie-au-mois-daout-et-prier-la-sainte-vierge\/\" \/>\n<meta property=\"og:site_name\" content=\"EDITIONSBUSSIERE\" \/>\n<meta property=\"article:published_time\" content=\"2024-07-31T22:04:17+00:00\" \/>\n<meta property=\"og:image\" content=\"https:\/\/editionsbussiere.com\/blog\/wp-content\/uploads\/2024\/08\/Celebration-de-Marie-au-mois-daout-et-prier-la-Sainte.jpg\" \/>\n<meta name=\"author\" content=\"Marie BATICLE\" \/>\n<meta name=\"twitter:card\" content=\"summary_large_image\" \/>\n<meta name=\"twitter:label1\" content=\"\u00c9crit par\" \/>\n\t<meta name=\"twitter:data1\" content=\"Marie BATICLE\" \/>\n\t<meta name=\"twitter:label2\" content=\"Dur\u00e9e de lecture estim\u00e9e\" \/>\n\t<meta name=\"twitter:data2\" content=\"16 minutes\" \/>\n<script type=\"application\/ld+json\" class=\"yoast-schema-graph\">{\"@context\":\"https:\\\/\\\/schema.org\",\"@graph\":[{\"@type\":\"Article\",\"@id\":\"https:\\\/\\\/editionsbussiere.com\\\/blog\\\/celebration-de-marie-au-mois-daout-et-prier-la-sainte-vierge\\\/#article\",\"isPartOf\":{\"@id\":\"https:\\\/\\\/editionsbussiere.com\\\/blog\\\/celebration-de-marie-au-mois-daout-et-prier-la-sainte-vierge\\\/\"},\"author\":{\"name\":\"Marie BATICLE\",\"@id\":\"https:\\\/\\\/editionsbussiere.com\\\/blog\\\/#\\\/schema\\\/person\\\/ec90e102792148c97e46ab871010dd8f\"},\"headline\":\"C\u00e9l\u00e9bration de Marie au mois d\u2019ao\u00fbt et prier la Sainte Vierge .\",\"datePublished\":\"2024-07-31T22:04:17+00:00\",\"mainEntityOfPage\":{\"@id\":\"https:\\\/\\\/editionsbussiere.com\\\/blog\\\/celebration-de-marie-au-mois-daout-et-prier-la-sainte-vierge\\\/\"},\"wordCount\":3266,\"publisher\":{\"@id\":\"https:\\\/\\\/editionsbussiere.com\\\/blog\\\/#organization\"},\"image\":{\"@id\":\"https:\\\/\\\/editionsbussiere.com\\\/blog\\\/celebration-de-marie-au-mois-daout-et-prier-la-sainte-vierge\\\/#primaryimage\"},\"thumbnailUrl\":\"https:\\\/\\\/editionsbussiere.com\\\/blog\\\/wp-content\\\/uploads\\\/2024\\\/08\\\/Celebration-de-Marie-au-mois-daout-et-prier-la-Sainte.jpg\",\"articleSection\":[\"Editions \u00c9sot\u00e9rique Fond\u00e9e En 1927; D\u00e9p\u00e8ches:\"],\"inLanguage\":\"fr-FR\"},{\"@type\":\"WebPage\",\"@id\":\"https:\\\/\\\/editionsbussiere.com\\\/blog\\\/celebration-de-marie-au-mois-daout-et-prier-la-sainte-vierge\\\/\",\"url\":\"https:\\\/\\\/editionsbussiere.com\\\/blog\\\/celebration-de-marie-au-mois-daout-et-prier-la-sainte-vierge\\\/\",\"name\":\"C\u00e9l\u00e9bration de Marie au mois d\u2019ao\u00fbt et prier la Sainte Vierge . - EDITIONSBUSSIERE\",\"isPartOf\":{\"@id\":\"https:\\\/\\\/editionsbussiere.com\\\/blog\\\/#website\"},\"primaryImageOfPage\":{\"@id\":\"https:\\\/\\\/editionsbussiere.com\\\/blog\\\/celebration-de-marie-au-mois-daout-et-prier-la-sainte-vierge\\\/#primaryimage\"},\"image\":{\"@id\":\"https:\\\/\\\/editionsbussiere.com\\\/blog\\\/celebration-de-marie-au-mois-daout-et-prier-la-sainte-vierge\\\/#primaryimage\"},\"thumbnailUrl\":\"https:\\\/\\\/editionsbussiere.com\\\/blog\\\/wp-content\\\/uploads\\\/2024\\\/08\\\/Celebration-de-Marie-au-mois-daout-et-prier-la-Sainte.jpg\",\"datePublished\":\"2024-07-31T22:04:17+00:00\",\"breadcrumb\":{\"@id\":\"https:\\\/\\\/editionsbussiere.com\\\/blog\\\/celebration-de-marie-au-mois-daout-et-prier-la-sainte-vierge\\\/#breadcrumb\"},\"inLanguage\":\"fr-FR\",\"potentialAction\":[{\"@type\":\"ReadAction\",\"target\":[\"https:\\\/\\\/editionsbussiere.com\\\/blog\\\/celebration-de-marie-au-mois-daout-et-prier-la-sainte-vierge\\\/\"]}]},{\"@type\":\"ImageObject\",\"inLanguage\":\"fr-FR\",\"@id\":\"https:\\\/\\\/editionsbussiere.com\\\/blog\\\/celebration-de-marie-au-mois-daout-et-prier-la-sainte-vierge\\\/#primaryimage\",\"url\":\"https:\\\/\\\/editionsbussiere.com\\\/blog\\\/wp-content\\\/uploads\\\/2024\\\/08\\\/Celebration-de-Marie-au-mois-daout-et-prier-la-Sainte.jpg\",\"contentUrl\":\"https:\\\/\\\/editionsbussiere.com\\\/blog\\\/wp-content\\\/uploads\\\/2024\\\/08\\\/Celebration-de-Marie-au-mois-daout-et-prier-la-Sainte.jpg\",\"width\":550,\"height\":361,\"caption\":\"Celebration de Marie au mois daout et prier la Sainte\"},{\"@type\":\"BreadcrumbList\",\"@id\":\"https:\\\/\\\/editionsbussiere.com\\\/blog\\\/celebration-de-marie-au-mois-daout-et-prier-la-sainte-vierge\\\/#breadcrumb\",\"itemListElement\":[{\"@type\":\"ListItem\",\"position\":1,\"name\":\"Accueil\",\"item\":\"https:\\\/\\\/editionsbussiere.com\\\/blog\\\/\"},{\"@type\":\"ListItem\",\"position\":2,\"name\":\"C\u00e9l\u00e9bration de Marie au mois d\u2019ao\u00fbt et prier la Sainte Vierge .\"}]},{\"@type\":\"WebSite\",\"@id\":\"https:\\\/\\\/editionsbussiere.com\\\/blog\\\/#website\",\"url\":\"https:\\\/\\\/editionsbussiere.com\\\/blog\\\/\",\"name\":\"EDITIONSBUSSIERE\",\"description\":\"Editions \u00e9sot\u00e9rique fond\u00e9e en 1927; site historique, A SAVOIR ET RETENIR.\",\"publisher\":{\"@id\":\"https:\\\/\\\/editionsbussiere.com\\\/blog\\\/#organization\"},\"potentialAction\":[{\"@type\":\"SearchAction\",\"target\":{\"@type\":\"EntryPoint\",\"urlTemplate\":\"https:\\\/\\\/editionsbussiere.com\\\/blog\\\/?s={search_term_string}\"},\"query-input\":{\"@type\":\"PropertyValueSpecification\",\"valueRequired\":true,\"valueName\":\"search_term_string\"}}],\"inLanguage\":\"fr-FR\"},{\"@type\":\"Organization\",\"@id\":\"https:\\\/\\\/editionsbussiere.com\\\/blog\\\/#organization\",\"name\":\"editionsbussiere\",\"url\":\"https:\\\/\\\/editionsbussiere.com\\\/blog\\\/\",\"logo\":{\"@type\":\"ImageObject\",\"inLanguage\":\"fr-FR\",\"@id\":\"https:\\\/\\\/editionsbussiere.com\\\/blog\\\/#\\\/schema\\\/logo\\\/image\\\/\",\"url\":\"https:\\\/\\\/editionsbussiere.com\\\/blog\\\/wp-content\\\/uploads\\\/2023\\\/09\\\/cropped-buss.gif\",\"contentUrl\":\"https:\\\/\\\/editionsbussiere.com\\\/blog\\\/wp-content\\\/uploads\\\/2023\\\/09\\\/cropped-buss.gif\",\"width\":298,\"height\":120,\"caption\":\"editionsbussiere\"},\"image\":{\"@id\":\"https:\\\/\\\/editionsbussiere.com\\\/blog\\\/#\\\/schema\\\/logo\\\/image\\\/\"}},{\"@type\":\"Person\",\"@id\":\"https:\\\/\\\/editionsbussiere.com\\\/blog\\\/#\\\/schema\\\/person\\\/ec90e102792148c97e46ab871010dd8f\",\"name\":\"Marie BATICLE\",\"image\":{\"@type\":\"ImageObject\",\"inLanguage\":\"fr-FR\",\"@id\":\"https:\\\/\\\/secure.gravatar.com\\\/avatar\\\/c923e52403b1b8137e2d929127211d21967e6aecaa053bd43b09da29f212e76e?s=96&d=mm&r=g\",\"url\":\"https:\\\/\\\/secure.gravatar.com\\\/avatar\\\/c923e52403b1b8137e2d929127211d21967e6aecaa053bd43b09da29f212e76e?s=96&d=mm&r=g\",\"contentUrl\":\"https:\\\/\\\/secure.gravatar.com\\\/avatar\\\/c923e52403b1b8137e2d929127211d21967e6aecaa053bd43b09da29f212e76e?s=96&d=mm&r=g\",\"caption\":\"Marie BATICLE\"},\"url\":\"https:\\\/\\\/editionsbussiere.com\\\/blog\\\/author\\\/eremarie\\\/\"}]}<\/script>\n<!-- \/ Yoast SEO plugin. -->","yoast_head_json":{"title":"C\u00e9l\u00e9bration de Marie au mois d\u2019ao\u00fbt et prier la Sainte Vierge . - EDITIONSBUSSIERE","robots":{"index":"index","follow":"follow","max-snippet":"max-snippet:-1","max-image-preview":"max-image-preview:large","max-video-preview":"max-video-preview:-1"},"canonical":"https:\/\/editionsbussiere.com\/blog\/celebration-de-marie-au-mois-daout-et-prier-la-sainte-vierge\/","og_locale":"fr_FR","og_type":"article","og_title":"C\u00e9l\u00e9bration de Marie au mois d\u2019ao\u00fbt et prier la Sainte Vierge . - EDITIONSBUSSIERE","og_description":"iStock\/Iurii Si on leur demandait d\u2019\u00e9num\u00e9rer les f\u00eates mariales du mois d\u2019ao\u00fbt, la plupart des catholiques r\u00e9pondraient simplement \u00ab l\u2019Assomption \u00bb. Si l\u2019on demandait aux catholiques quelles autres f\u00eates mariales sont c\u00e9l\u00e9br\u00e9es en ao\u00fbt, ils ne sauraient dire grand-chose. C\u2019est probablement parce que l\u2019Assomption de la Sainte Vierge Marie est un jour de f\u00eate obligatoire [&hellip;]","og_url":"https:\/\/editionsbussiere.com\/blog\/celebration-de-marie-au-mois-daout-et-prier-la-sainte-vierge\/","og_site_name":"EDITIONSBUSSIERE","article_published_time":"2024-07-31T22:04:17+00:00","og_image":[{"url":"https:\/\/editionsbussiere.com\/blog\/wp-content\/uploads\/2024\/08\/Celebration-de-Marie-au-mois-daout-et-prier-la-Sainte.jpg","type":"","width":"","height":""}],"author":"Marie BATICLE","twitter_card":"summary_large_image","twitter_misc":{"\u00c9crit par":"Marie BATICLE","Dur\u00e9e de lecture estim\u00e9e":"16 minutes"},"schema":{"@context":"https:\/\/schema.org","@graph":[{"@type":"Article","@id":"https:\/\/editionsbussiere.com\/blog\/celebration-de-marie-au-mois-daout-et-prier-la-sainte-vierge\/#article","isPartOf":{"@id":"https:\/\/editionsbussiere.com\/blog\/celebration-de-marie-au-mois-daout-et-prier-la-sainte-vierge\/"},"author":{"name":"Marie BATICLE","@id":"https:\/\/editionsbussiere.com\/blog\/#\/schema\/person\/ec90e102792148c97e46ab871010dd8f"},"headline":"C\u00e9l\u00e9bration de Marie au mois d\u2019ao\u00fbt et prier la Sainte Vierge .","datePublished":"2024-07-31T22:04:17+00:00","mainEntityOfPage":{"@id":"https:\/\/editionsbussiere.com\/blog\/celebration-de-marie-au-mois-daout-et-prier-la-sainte-vierge\/"},"wordCount":3266,"publisher":{"@id":"https:\/\/editionsbussiere.com\/blog\/#organization"},"image":{"@id":"https:\/\/editionsbussiere.com\/blog\/celebration-de-marie-au-mois-daout-et-prier-la-sainte-vierge\/#primaryimage"},"thumbnailUrl":"https:\/\/editionsbussiere.com\/blog\/wp-content\/uploads\/2024\/08\/Celebration-de-Marie-au-mois-daout-et-prier-la-Sainte.jpg","articleSection":["Editions \u00c9sot\u00e9rique Fond\u00e9e En 1927; D\u00e9p\u00e8ches:"],"inLanguage":"fr-FR"},{"@type":"WebPage","@id":"https:\/\/editionsbussiere.com\/blog\/celebration-de-marie-au-mois-daout-et-prier-la-sainte-vierge\/","url":"https:\/\/editionsbussiere.com\/blog\/celebration-de-marie-au-mois-daout-et-prier-la-sainte-vierge\/","name":"C\u00e9l\u00e9bration de Marie au mois d\u2019ao\u00fbt et prier la Sainte Vierge . - EDITIONSBUSSIERE","isPartOf":{"@id":"https:\/\/editionsbussiere.com\/blog\/#website"},"primaryImageOfPage":{"@id":"https:\/\/editionsbussiere.com\/blog\/celebration-de-marie-au-mois-daout-et-prier-la-sainte-vierge\/#primaryimage"},"image":{"@id":"https:\/\/editionsbussiere.com\/blog\/celebration-de-marie-au-mois-daout-et-prier-la-sainte-vierge\/#primaryimage"},"thumbnailUrl":"https:\/\/editionsbussiere.com\/blog\/wp-content\/uploads\/2024\/08\/Celebration-de-Marie-au-mois-daout-et-prier-la-Sainte.jpg","datePublished":"2024-07-31T22:04:17+00:00","breadcrumb":{"@id":"https:\/\/editionsbussiere.com\/blog\/celebration-de-marie-au-mois-daout-et-prier-la-sainte-vierge\/#breadcrumb"},"inLanguage":"fr-FR","potentialAction":[{"@type":"ReadAction","target":["https:\/\/editionsbussiere.com\/blog\/celebration-de-marie-au-mois-daout-et-prier-la-sainte-vierge\/"]}]},{"@type":"ImageObject","inLanguage":"fr-FR","@id":"https:\/\/editionsbussiere.com\/blog\/celebration-de-marie-au-mois-daout-et-prier-la-sainte-vierge\/#primaryimage","url":"https:\/\/editionsbussiere.com\/blog\/wp-content\/uploads\/2024\/08\/Celebration-de-Marie-au-mois-daout-et-prier-la-Sainte.jpg","contentUrl":"https:\/\/editionsbussiere.com\/blog\/wp-content\/uploads\/2024\/08\/Celebration-de-Marie-au-mois-daout-et-prier-la-Sainte.jpg","width":550,"height":361,"caption":"Celebration de Marie au mois daout et prier la Sainte"},{"@type":"BreadcrumbList","@id":"https:\/\/editionsbussiere.com\/blog\/celebration-de-marie-au-mois-daout-et-prier-la-sainte-vierge\/#breadcrumb","itemListElement":[{"@type":"ListItem","position":1,"name":"Accueil","item":"https:\/\/editionsbussiere.com\/blog\/"},{"@type":"ListItem","position":2,"name":"C\u00e9l\u00e9bration de Marie au mois d\u2019ao\u00fbt et prier la Sainte Vierge ."}]},{"@type":"WebSite","@id":"https:\/\/editionsbussiere.com\/blog\/#website","url":"https:\/\/editionsbussiere.com\/blog\/","name":"EDITIONSBUSSIERE","description":"Editions \u00e9sot\u00e9rique fond\u00e9e en 1927; site historique, A SAVOIR ET RETENIR.","publisher":{"@id":"https:\/\/editionsbussiere.com\/blog\/#organization"},"potentialAction":[{"@type":"SearchAction","target":{"@type":"EntryPoint","urlTemplate":"https:\/\/editionsbussiere.com\/blog\/?s={search_term_string}"},"query-input":{"@type":"PropertyValueSpecification","valueRequired":true,"valueName":"search_term_string"}}],"inLanguage":"fr-FR"},{"@type":"Organization","@id":"https:\/\/editionsbussiere.com\/blog\/#organization","name":"editionsbussiere","url":"https:\/\/editionsbussiere.com\/blog\/","logo":{"@type":"ImageObject","inLanguage":"fr-FR","@id":"https:\/\/editionsbussiere.com\/blog\/#\/schema\/logo\/image\/","url":"https:\/\/editionsbussiere.com\/blog\/wp-content\/uploads\/2023\/09\/cropped-buss.gif","contentUrl":"https:\/\/editionsbussiere.com\/blog\/wp-content\/uploads\/2023\/09\/cropped-buss.gif","width":298,"height":120,"caption":"editionsbussiere"},"image":{"@id":"https:\/\/editionsbussiere.com\/blog\/#\/schema\/logo\/image\/"}},{"@type":"Person","@id":"https:\/\/editionsbussiere.com\/blog\/#\/schema\/person\/ec90e102792148c97e46ab871010dd8f","name":"Marie BATICLE","image":{"@type":"ImageObject","inLanguage":"fr-FR","@id":"https:\/\/secure.gravatar.com\/avatar\/c923e52403b1b8137e2d929127211d21967e6aecaa053bd43b09da29f212e76e?s=96&d=mm&r=g","url":"https:\/\/secure.gravatar.com\/avatar\/c923e52403b1b8137e2d929127211d21967e6aecaa053bd43b09da29f212e76e?s=96&d=mm&r=g","contentUrl":"https:\/\/secure.gravatar.com\/avatar\/c923e52403b1b8137e2d929127211d21967e6aecaa053bd43b09da29f212e76e?s=96&d=mm&r=g","caption":"Marie BATICLE"},"url":"https:\/\/editionsbussiere.com\/blog\/author\/eremarie\/"}]}},"_links":{"self":[{"href":"https:\/\/editionsbussiere.com\/blog\/wp-json\/wp\/v2\/posts\/1057","targetHints":{"allow":["GET"]}}],"collection":[{"href":"https:\/\/editionsbussiere.com\/blog\/wp-json\/wp\/v2\/posts"}],"about":[{"href":"https:\/\/editionsbussiere.com\/blog\/wp-json\/wp\/v2\/types\/post"}],"author":[{"embeddable":true,"href":"https:\/\/editionsbussiere.com\/blog\/wp-json\/wp\/v2\/users\/3"}],"replies":[{"embeddable":true,"href":"https:\/\/editionsbussiere.com\/blog\/wp-json\/wp\/v2\/comments?post=1057"}],"version-history":[{"count":0,"href":"https:\/\/editionsbussiere.com\/blog\/wp-json\/wp\/v2\/posts\/1057\/revisions"}],"wp:featuredmedia":[{"embeddable":true,"href":"https:\/\/editionsbussiere.com\/blog\/wp-json\/wp\/v2\/media\/1058"}],"wp:attachment":[{"href":"https:\/\/editionsbussiere.com\/blog\/wp-json\/wp\/v2\/media?parent=1057"}],"wp:term":[{"taxonomy":"category","embeddable":true,"href":"https:\/\/editionsbussiere.com\/blog\/wp-json\/wp\/v2\/categories?post=1057"},{"taxonomy":"post_tag","embeddable":true,"href":"https:\/\/editionsbussiere.com\/blog\/wp-json\/wp\/v2\/tags?post=1057"}],"curies":[{"name":"wp","href":"https:\/\/api.w.org\/{rel}","templated":true}]}}