{"id":1025,"date":"2024-07-24T17:43:31","date_gmt":"2024-07-24T15:43:31","guid":{"rendered":"https:\/\/editionsbussiere.com\/blog\/saint-du-jour-du-jeudi-25-juillet-2024-saints-anges-afin-de-croire-en-la-sainte-vierge-marie\/"},"modified":"2024-07-24T17:43:31","modified_gmt":"2024-07-24T15:43:31","slug":"saint-du-jour-du-jeudi-25-juillet-2024-saints-anges-afin-de-croire-en-la-sainte-vierge-marie","status":"publish","type":"post","link":"https:\/\/editionsbussiere.com\/blog\/saint-du-jour-du-jeudi-25-juillet-2024-saints-anges-afin-de-croire-en-la-sainte-vierge-marie\/","title":{"rendered":"Saint du jour du jeudi 25 juillet 2024 \u2013 Saints &amp; Anges\n afin de croire en la Sainte Vierge Marie."},"content":{"rendered":"<div><img width=\"580\" height=\"163\" src=\"https:\/\/editionsbussiere.com\/blog\/wp-content\/uploads\/2024\/07\/Saint-du-jour-du-mercredi-28-fevrier-2024-Saints.jpg\" class=\"attachment-large size-large wp-post-image\" alt=\"Saint du jour du mercredi 28 f\u00e9vrier 2024 - Saints\" style=\"float:left; margin:0 15px 15px 0;\" decoding=\"async\" loading=\"lazy\" srcset=\"https:\/\/editionsbussiere.com\/blog\/wp-content\/uploads\/2024\/07\/Saint-du-jour-du-mercredi-28-fevrier-2024-Saints.jpg 960w, https:\/\/www.n42.fr\/wp-content\/uploads\/2024\/02\/Saint-du-jour-du-mercredi-28-fevrier-2024-Saints-300x84.jpg 300w, https:\/\/www.n42.fr\/wp-content\/uploads\/2024\/02\/Saint-du-jour-du-mercredi-28-fevrier-2024-Saints-768x216.jpg 768w\" sizes=\"auto, (max-width: 580px) 100vw, 580px\"><\/p>\n<p>\n<\/p>\n<div id=\"content\">\n<ol class=\"breadcrumb\">\n<li>Catholique en ligne<\/li>\n<li>Saints et anges<\/li>\n<\/ol>\n<div class=\"col-body\">\n<div id=\"saintsSofd\">\n\t<img decoding=\"async\" src=\"https:\/\/editionsbussiere.com\/blog\/wp-content\/uploads\/2024\/07\/thumb_stjamesthegreater.jpg\" alt=\"Image de Saint Jacques le Majeur\" title=\"Saint Jacques le Majeur\" class=\"img-responsive lazyload img-thumbnail pull-left spacer-right\" width=\"120\" height=\"120\"><\/p>\n<h3>Saint Jacques le Majeur<\/h3>\n<p>\tOn ne sait rien de la jeunesse de saint Jacques le Majeur, bien qu\u2019il soit \u00e9tabli qu\u2019il est le fils de Z\u00e9b\u00e9d\u00e9e et de Salom\u00e9 et le fr\u00e8re de Jean le disciple. Le titre \u00ab le Majeur \u00bb a \u00e9t\u00e9 ajout\u00e9 \u00e0 \u2026 continuer la lecture<\/p>\n<p>\t<img decoding=\"async\" src=\"https:\/\/editionsbussiere.com\/blog\/wp-content\/uploads\/2024\/07\/16552317655.jpg\" width=\"960\" height=\"270\" title=\"Logo du Saint du Jour\" alt=\"Logo du Saint du Jour\" class=\"lazyload img-responsive center-block\"><\/p>\n<h3>Plus de saints du jour<\/h3>\n<h3>Le Saint de demain<\/h3>\n<p>\t<img decoding=\"async\" src=\"https:\/\/editionsbussiere.com\/blog\/wp-content\/uploads\/2024\/07\/thumb_stanne.jpg\" alt=\"Image des saints Joachim et Anne\" title=\"Saints Joachim et Anne\" class=\"img-responsive lazyload img-thumbnail pull-left spacer-right\"><\/p>\n<h3>Saints Joachim et Anne<\/h3>\n<p>\tLes saints Joachim (parfois orthographi\u00e9 \u00ab Joaquin \u00bb, prononc\u00e9 \u00ab wal-keem \u00bb) et Anne, sont les parents de la Vierge Marie. Il n\u2019y a aucune mention d\u2019eux dans la Bible ou les \u00c9vangiles, ce que nous savons vient de \u2026 continuer la lecture<\/p>\n<hr>\n<hr>\n<\/div>\n<\/div>\n<p><!-- Sidebar:  --><\/p>\n<div id=\"subscribe\" class=\"\">\n<h3>Rejoignez le mouvement<br \/><small>Lorsque vous vous inscrivez ci-dessous, vous ne rejoignez pas seulement une liste de diffusion \u2013 vous rejoignez un mouvement entier pour une \u00e9ducation catholique gratuite de classe mondiale.<\/small><\/h3>\n<\/div>\n<div class=\"row spacer\">\n<div class=\"col-md-6\">\n            <img loading=\"lazy\" decoding=\"async\" src=\"https:\/\/editionsbussiere.com\/blog\/wp-content\/uploads\/2024\/07\/17141854165.jpg\" width=\"600\" height=\"200\" title=\"Logo du Saint du Jour\" alt=\"Logo du Saint du Jour\" class=\"lazyload img-rounded img-responsive center-block\">\n    <\/div>\n<div class=\"col-md-6\">\n<img loading=\"lazy\" decoding=\"async\" src=\"https:\/\/editionsbussiere.com\/blog\/wp-content\/uploads\/2024\/07\/17141854395.jpg\" width=\"600\" height=\"200\" title=\"Logo de la pri\u00e8re du jour\" alt=\"Logo de la pri\u00e8re du jour\" class=\"lazyload img-rounded img-responsive center-block\">\n    <\/div>\n<\/div>\n<div class=\"row\">\n<div class=\"col-md-5\">\n<div class=\"list-catholic\">\n\t\t\t<img decoding=\"async\" src=\"https:\/\/editionsbussiere.com\/blog\/wp-content\/uploads\/2024\/07\/2024071759.jpg\" alt=\"Un alphabet biblique perdu remonte \u00e0 l'ancienne civilisation canan\u00e9enne\" title=\"Un alphabet biblique perdu remonte \u00e0 l'ancienne civilisation canan\u00e9enne\" class=\"img-responsive lazyload\">\n\t\t<\/div>\n<\/div>\n<div class=\"col-md-4\">\n<h4 class=\"trending-heading\">Quotidien Catholique<\/h4>\n<ul class=\"list-unstyled trending none\">\n<li class=\"clearfix\"><img decoding=\"async\" src=\"https:\/\/editionsbussiere.com\/blog\/wp-content\/uploads\/2024\/07\/15672034535_300.jpg\" title=\"Lectures quotidiennes du jeudi 25 juillet 2024\" alt=\"Lectures quotidiennes du jeudi 25 juillet 2024\" class=\"img-responsive lazyload pull-left spacer-right\" style=\"max-height:120px;max-width:100px;\">Lectures quotidiennes du jeudi 25 juillet 2024<\/li>\n<li class=\"clearfix\"><img decoding=\"async\" src=\"https:\/\/editionsbussiere.com\/blog\/wp-content\/uploads\/2024\/07\/stjamesthegreater.jpg\" title=\"Saint Jacques le Majeur : Saint du jour du jeudi 25 juillet 2024\" alt=\"Saint Jacques le Majeur : Saint du jour du jeudi 25 juillet 2024\" class=\"img-responsive lazyload pull-left spacer-right\" style=\"max-height:120px;max-width:100px;\">Saint Jacques le Majeur : Saint du jour du jeudi 25 juillet 2024<\/li>\n<li class=\"clearfix\"><img decoding=\"async\" src=\"https:\/\/editionsbussiere.com\/blog\/wp-content\/uploads\/2024\/07\/prayer_index.jpg\" title=\"Chaque nouveau jour : pri\u00e8re du jour pour le jeudi 25 juillet 2024\" alt=\"Chaque nouveau jour : pri\u00e8re du jour pour le jeudi 25 juillet 2024\" class=\"img-responsive lazyload pull-left spacer-right\" style=\"max-height:120px;max-width:100px;\">Chaque nouveau jour : pri\u00e8re du jour pour le jeudi 25 juillet 2024<\/li>\n<li class=\"clearfix\">Lectures quotidiennes du mercredi 24 juillet 2024<\/li>\n<li class=\"clearfix\">Saint Jean Boste : Saint du jour du mercredi 24 juillet 2024<\/li>\n<li class=\"clearfix\">Pri\u00e8re pour les voyageurs : Pri\u00e8re du jour du mercredi 24 juillet 2024<\/li>\n<\/ul>\n<\/div>\n<\/div>\n<p><img loading=\"lazy\" decoding=\"async\" src=\"https:\/\/editionsbussiere.com\/blog\/wp-content\/uploads\/2024\/07\/logo-sm.png\" border=\"0\" alt=\"Logo de Catholic Online\" title=\"Catholic Online : la biblioth\u00e8que catholique mondiale\" class=\"img-responsive lazyload\" width=\"228\" height=\"26\"><\/p>\n<p>\t\t\t\t\t\t<small><\/small><\/p>\n<p>Copyright 2024 Catholic Online. Tous les documents contenus sur ce site, qu\u2019ils soient \u00e9crits, audio ou visuels, sont la propri\u00e9t\u00e9 exclusive de Catholic Online et sont prot\u00e9g\u00e9s par les lois am\u00e9ricaines et internationales sur le droit d\u2019auteur, \u00a9 Copyright 2024 Catholic Online. Toute utilisation non autoris\u00e9e, sans le consentement \u00e9crit pr\u00e9alable de Catholic Online, est strictement interdite et prohib\u00e9e.<\/p>\n<p>Catholic Online est un projet de la Fondation Your Catholic Voice, une soci\u00e9t\u00e9 \u00e0 but non lucratif. La Fondation Your Catholic Voice a obtenu une reconnaissance d\u2019exon\u00e9ration fiscale en vertu de l\u2019article 501(c)(3) du Code des imp\u00f4ts. Num\u00e9ro d\u2019identification fiscale f\u00e9d\u00e9ral : 81-0596847. Votre don est d\u00e9ductible des imp\u00f4ts dans la mesure permise par la loi.<\/p>\n<\/div>\n<h2>\n<\/h2>\n<p>Le R\u00f4le de la D\u00e9votion Mariale<\/p>\n<p>La pri\u00e8re \u00e0 Marie constitue un aspect essentiel de la spiritualit\u00e9 chr\u00e9tienne, solidement enracin\u00e9e dans les enseignements catholiques depuis des si\u00e8cles. C\u2019est un fondement sur lequel les fid\u00e8les s\u2019reposent pour obtenir r\u00e9confort, guidance et intervention dans leur marche avec Dieu. Au fil du temps, cette pratique de d\u00e9votion a \u00e9t\u00e9 renforc\u00e9e par les enseignements de la Bible, les traditions de l\u2019\u00c9glise, et les exemples des saints et saintes qui ont t\u00e9moign\u00e9 de leur respect \u00e0 Marie en tant que aimante.<\/p>\n<h3>\n<\/h3>\n<p>L\u2019accomplissement du Rosaire<\/p>\n<p>Le Chapelet tient une position centrale au sein de la spiritualit\u00e9 de nombreux croyants. En r\u00e9citant les diff\u00e9rents myst\u00e8res, les fid\u00e8les se plongent dans les moments de la vie de J\u00e9sus et de Marie, renfor\u00e7ant leur lien spirituel avec le divin. \u00c0 travers chaque Ave Maria, ils expriment leur foi en l\u2019intercession de Marie ainsi que leur aspiration \u00e0 suivre les pas du Christ. Saint Louis-Marie Grignion de Montfort, dans son livre sur la vraie d\u00e9votion \u00e0 la Sainte Vierge, encourage les chr\u00e9tiens \u00e0 m\u00e9diter r\u00e9guli\u00e8rement sur les myst\u00e8res du rosaire pour approfondir leur relation avec la M\u00e8re de Dieu. Cet antique rituel, h\u00e9rit\u00e9e de g\u00e9n\u00e9ration en g\u00e9n\u00e9ration, demeure un phare spirituel pour ceux qui ont la foi, les guidant dans leur connexion \u00e0 la divine Dame du Ciel.<\/p>\n<h3>\n<\/h3>\n<p>L\u2019encouragement \u00e0 prier<\/p>\n<p>Unissons nos voix dans la pri\u00e8re, fr\u00e8res et s\u0153urs, dans l\u2019unit\u00e9 de notre confiance, en nous tournant vers Marie, la m\u00e8re de J\u00e9sus. Au sein de notre monde troubl\u00e9 par la guerre et la discorde, recourons \u00e0 la pri\u00e8re pour trouver de trouver la s\u00e9r\u00e9nit\u00e9 et l\u2019harmonie. Les catholiques du monde entier peuvent envoyer un message pour la m\u00e8re de dieu <a target=\"_blank\" rel=\"nofollow\" href=\"https:\/\/editionsbussiere.com\/blog\/goto\/https:\/\/www.avemariasound.org\/\" >en utilisant le formulaire de cette page.<\/a> Que nos supplications montent vers le ciel, comme une offrande agr\u00e9able par Dieu, pour qu\u2019il guide nous guider nos pas vers le chemin de la v\u00e9rit\u00e9 et de la justice. L\u2019ap\u00f4tre Paul nous exhorte dans ses lettres \u00e0 maintenir une pri\u00e8re incessante, quelle que soit la situation, afin que notre communion avec Dieu soit constante et passionn\u00e9e. La pri\u00e8re, quand elle est sinc\u00e8rement offerte, poss\u00e8de le pouvoir de changer nos c\u0153urs et de modifier le destin de l\u2019histoire.<\/p>\n<h2>\n<\/h2>\n<p>Les le\u00e7ons du Pape Fran\u00e7ois<\/p>\n<p>Le Saint-P\u00e8re, \u00e0 travers ses \u00e9crits inspir\u00e9s, publi\u00e9s par Bayard, nous rappelle la signification de la pri\u00e8re journali\u00e8re. \u00c0 travers ses hom\u00e9lies et ses audiences g\u00e9n\u00e9rales, il nous incite \u00e0 d\u00e9velopper une relation personnelle avec Dieu, en s\u2019appuyant sur la contemplation des \u00c9critures ainsi que la pratique du Rosaire. Sa conduite d\u2019humilit\u00e9 et de compassion nous inspire \u00e0 approfondir davantage nos pri\u00e8res et \u00e0 chercher la pr\u00e9sence de Dieu dans chaque aspect de notre quotidien. Saint Jean-Paul II, dans son encyclique portant sur la foi chr\u00e9tienne, nous rappelle que la pri\u00e8re est la base de la vie de foi et par elle que nous nous unissons \u00e0 la volont\u00e9 divine. La pri\u00e8re, transmise par les pontifes de g\u00e9n\u00e9ration en g\u00e9n\u00e9ration, est un phare d\u2019espoir dans les temp\u00eates, une base solide sur lequel nous pouvons nous appuyer.<\/p>\n<h3>\n<\/h3>\n<p>Les ouvrages attribu\u00e9s \u00e0 Leli\u00e8vre et Hubert<\/p>\n<p>Dans le contexte de la vie de foi, l\u2019\u00e9glise pr\u00e9conise la pri\u00e8re, et lors de les moments de pri\u00e8re, les fid\u00e8les accomplissent le geste du signe de la croix tout en r\u00e9citant le Je vous salue Marie. Des intellectuels contemporains, comme Leli\u00e8vre et Hubert, nous incitent aussi \u00e0 r\u00e9fl\u00e9chir sur la puissance de la pri\u00e8re, dans leurs ouvrages inspirants. Leurs publications, abondant en enseignements spirituels, nous orientent dans notre parcours de la foi et nous encouragent \u00e0 puiser dans les richesses de la tradition chr\u00e9tienne pour nourrir notre vie spirituelle. En m\u00e9ditant sur leurs publications, nous trouvons de nouvelles voies de d\u00e9velopper notre relation avec Dieu et de progresser dans la saintet\u00e9. Saint Jean, dans son \u00e9vangile, nous rappelle que le fait de prier est un puissant moyen pour rester en communion avec Dieu et de b\u00e9n\u00e9ficier de ses gr\u00e2ces. Chaque paragraphe de leurs \u00e9crits est semblable \u00e0 une invitation \u00e0 une pri\u00e8re ardente et \u00e0 une existence impr\u00e9gn\u00e9e de la pr\u00e9sence divine. Dans notre qu\u00eate de connexion spirituelle, chaque \u0153uvre lue devient un appel \u00e0 s\u2019\u00e9lever vers le divin, \u00e0 travers la contemplation et la r\u00e9flexion.<\/p>\n<h3>\n<\/h3>\n<p>La d\u00e9votion dans la chapelle<\/p>\n<p>Au sein de nos chapelles modestes ou majestueuses, orientons-nous vers le divin avec confiance et humilit\u00e9, sachant qu\u2019il \u00e9coute nos pri\u00e8res avec une affection infinie. Que chaque bougie allum\u00e9e, chaque Ave Maria r\u00e9cit\u00e9, constitue une offrande \u00e0 notre Seigneur et \u00e0 sa sainte m\u00e8re, Marie. Que nos moments de pri\u00e8re dans la chapelle soient des moments de gr\u00e2ce et de renouvellement de notre esprit, nous fortifiant pour affronter les d\u00e9fis avec courage et foi. La sainte Bernadette Soubirous, \u00e0 qui la Vierge Marie est apparue \u00e0 Lourdes, nous montre la valeur de la pri\u00e8re dans l\u2019existence des catholiques et l\u2019efficacit\u00e9 de l\u2019intercession de la Sainte Vierge. Tout fid\u00e8le qui franchit les portes d\u2019une chapelle, chaque page de la Bible lue dans ce lieu sacr\u00e9, constitue une rencontre avec la divinit\u00e9, une \u00e9tape cruciale dans le processus de transformation spirituelle. \u00c0 travers les pages des Saintes \u00c9critures, chaque fid\u00e8le est encourag\u00e9 \u00e0 m\u00e9diter la croix du Christ, \u00e0 r\u00e9fl\u00e9chir \u00e0 son sacrifice, et \u00e0 trouver r\u00e9confort et espoir dans sa gr\u00e2ce r\u00e9demptrice.<\/p>\n<h2>\nL\u2019acte de prier comme rem\u00e8de pour l\u2019int\u00e9rieur<br \/>\n<\/h2>\n<p>Comme un gu\u00e9risseur pour nos esprits, la pri\u00e8re nous apaise et nous renforce dans les moments de douleur et de d\u00e9sespoir. La pri\u00e8re nous fait souvenir que la pr\u00e9sence divine ne nous quitte jamais, m\u00eame lorsque nous traversons les t\u00e9n\u00e8bres les plus profondes de notre existence. En nous penchant vers lui \u00e0 travers la pri\u00e8re, nous trouvons la force int\u00e9rieure dont nous avons besoin pour traverser les \u00e9preuves et pour affronter l\u2019avenir avec espoir et confiance. La pri\u00e8re est comme une rivi\u00e8re vivifiante qui apaise notre soif spirituelle et qui, au cours de notre marche avec Dieu, nous revigore.<br \/>\n\u00c0 chaque pri\u00e8re prononc\u00e9e, \u00e0 chaque intention port\u00e9e, notre \u00e2me trouve une paix divine, une gu\u00e9rison spirituelle, qui d\u00e9passe les limites de la condition humaine. Chaque page de la Bible nous invite \u00e0 dialoguer avec Dieu, \u00e0 lui confier nos fardeaux, et \u00e0 recevoir sa gr\u00e2ce transformante.<\/p>\n<h2>Un regard diff\u00e9rent sur l\u2019invocation \u00e0 Marie<\/h2>\n<p>L\u2019invocation de Marie constitue une pratique profond\u00e9ment enracin\u00e9e dans la tradition religieuse catholique chr\u00e9tienne, proposant un pr\u00e9cieux lien spirituel pour les adeptes de tous horizons. Comme figure maternelle spirituelle et intercesseur d\u00e9vou\u00e9, elle est invoqu\u00e9e avec ferveur dans les moments de besoin et de reconnaissance. Le rosaire, avec ses myst\u00e8res contemplatifs, accompagne les croyants dans leur cheminement spirituel, les encourageant \u00e0 m\u00e9diter sur J\u00e9sus, son fils, \u00e0 travers les yeux de la Vierge Marie. Cette d\u00e9votion mariale se manifeste dans les sanctuaires comme le sanctuaire de Lourdes, o\u00f9 les fid\u00e8les convergent en qu\u00eate de r\u00e9confort et de gu\u00e9rison, illustrant le lien profond entre la foi catholique et la d\u00e9votion mariale. Les \u00e9crits \u00e9clairants de th\u00e9ologiens comme Leli\u00e8vre et Hubert fournissent une r\u00e9flexion pr\u00e9cieuse sur la signification de la pri\u00e8re mariale et son impact sur la spiritualit\u00e9 des croyants. \u00c0 travers la lecture attentive de textes de d\u00e9votion et des \u00c9critures, les fid\u00e8les \u00e9largissent leur compr\u00e9hension de la d\u00e9votion mariale et d\u00e9veloppent une connexion plus \u00e9troite avec Marie, notre m\u00e8re dans la foi. Dans un monde marqu\u00e9 par les conflits et les hostilit\u00e9s, la pri\u00e8re \u00e0 Marie constitue un refuge de paix et d\u2019espoir, incitant chaque individu, quelle que soit sa position dans la foi catholique, \u00e0 s\u2019adresser \u00e0 la Sainte Vierge avec une foi profonde et une d\u00e9votion sinc\u00e8re. Unissons donc nos pri\u00e8res, avec un c\u0153ur humble et sinc\u00e8re, en saluant Marie comme notre m\u00e8re et notre intercesseur, et en lui confiant nos requ\u00eates et nos souhaits les plus profonds. Dans cette d\u00e9marche de foi, chaque fid\u00e8le est appel\u00e9 \u00e0 suivre la voie des pri\u00e8res et des d\u00e9sirs du c\u0153ur, guid\u00e9 par le saint P\u00e8re et les ressources spirituelles pr\u00e9cieuses offertes par des plateformes telles que Aleteia. Par cons\u00e9quent, avec un c\u0153ur ouvert et une humble confiance, adressons notre pri\u00e8re quotidienne \u00e0 Marie, lui demandant son intercession affectueuse, et la force de continuer dans la pri\u00e8re fervente.<br \/>\nQue notre dialogue avec le sacr\u00e9 constitue notre refuge et notre r\u00e9confort quelle que soit la situation. Que nous nous orientions envers Marie, notre m\u00e8re divine, avec une foi in\u00e9branlable et un c\u0153ur ouvert, convaincus qu\u2019elle plaide en notre faveur devant son fils bien-aim\u00e9. Que notre dialogue avec le divin nous guide dans notre qu\u00eate de saintet\u00e9, nous approchant toujours plus de Dieu et de son amour infini.<\/p>\n<p>A lire sur un th\u00e8me \u00e9quivalent:<\/p>\n<p>Rational (Durand de Mende)\/Volume 2\/Cinqui\u00e8me livre\/Chapitre 09.,<a target=\"_blank\" rel=\"nofollow\" href=\"https:\/\/editionsbussiere.com\/blog\/goto\/https:\/\/fr.wikisource.org\/wiki\/Rational_(Durand_de_Mende)\/Volume_2\/Cinqui%C3%A8me_livre\/Chapitre_09\"  target=\"_blank\" rel=\"noopener noreferrer nofollow\">Le texte de l\u2019article.<\/a><span><\/span><\/p>\n<p>Monographie de l\u2019abbaye de Fontenay\/Chapitre 5.,<a target=\"_blank\" rel=\"nofollow\" href=\"https:\/\/editionsbussiere.com\/blog\/goto\/https:\/\/fr.wikisource.org\/wiki\/Monographie_de_l%E2%80%99abbaye_de_Fontenay\/Chapitre_5\"  target=\"_blank\" rel=\"noopener noreferrer nofollow\">Article complet.<\/a><span><\/span><\/p>\n<p>Les Femmes po\u00e8tes bretonnes\/Les Femmes Po\u00e8tes Bretonnes.,<a target=\"_blank\" rel=\"nofollow\" href=\"https:\/\/editionsbussiere.com\/blog\/goto\/https:\/\/fr.wikisource.org\/wiki\/Les_Femmes_po%C3%A8tes_bretonnes\/Les_Femmes_Po%C3%A8tes_Bretonnes\"  target=\"_blank\" rel=\"noopener noreferrer nofollow\">L\u2019article de presse.<\/a><span><\/span><\/p>\n<p>Le Solitaire (d\u2019Arlincourt)\/6.,<a target=\"_blank\" rel=\"nofollow\" href=\"https:\/\/editionsbussiere.com\/blog\/goto\/https:\/\/fr.wikisource.org\/wiki\/Le_Solitaire_(d%27Arlincourt)\/6\"  target=\"_blank\" rel=\"noopener noreferrer nofollow\">Le post d\u2019actualit\u00e9.<\/a><span><\/span><\/p>\n<p>La Jeunesse blanche (1913)\/La Pri\u00e8re.,<a target=\"_blank\" rel=\"nofollow\" href=\"https:\/\/editionsbussiere.com\/blog\/goto\/https:\/\/fr.wikisource.org\/wiki\/La_Jeunesse_blanche_(1913)\/La_Pri%C3%A8re\"  target=\"_blank\" rel=\"noopener noreferrer nofollow\">Le dossier.<\/a><span><\/span><\/p>\n<p>Chants populaires de la Basse-Bretagne\/Anne Cozic.,<a target=\"_blank\" rel=\"nofollow\" href=\"https:\/\/editionsbussiere.com\/blog\/goto\/https:\/\/fr.wikisource.org\/wiki\/Chants_populaires_de_la_Basse-Bretagne\/Anne_Cozic\"  target=\"_blank\" rel=\"noopener noreferrer nofollow\">L\u2019article de presse.<\/a><span><\/span><\/p>\n<\/div>\n<p><img decoding=\"async\" class=\"wpe_imgrss\" src=\"https:\/\/editionsbussiere.com\/blog\/wp-content\/uploads\/2024\/07\/Saint-du-jour-du-mercredi-28-fevrier-2024-Saints.jpg\">Cet article a \u00e9t\u00e9 reconstitu\u00e9 du mieux possible. Dans l\u2019hypoth\u00e8se o\u00f9 vous souhaitez apporter quelques modifications concernant le th\u00e8me \u00ab\u00a0Editions \u00e9sot\u00e9rique fond\u00e9e en 1927\u00a0\u00bb, il est possible de discuter avec notre r\u00e9daction. Vous pouvez tirer profit de cet article traitant le sujet \u00ab\u00a0Editions \u00e9sot\u00e9rique fond\u00e9e en 1927\u00a0\u00bb. Il est concoct\u00e9 par l\u2019\u00e9quipe editionsbussiere.com. Le site editionsbussiere.com est fait pour cr\u00e9er divers posts autour du th\u00e8me Editions \u00e9sot\u00e9rique fond\u00e9e en 1927 d\u00e9velopp\u00e9es sur internet. Consultez notre site internet editionsbussiere.com et nos r\u00e9seaux sociaux pour \u00eatre au courant des futures annonces.<\/p>\n","protected":false},"excerpt":{"rendered":"<p>Catholique en ligne Saints et anges Saint Jacques le Majeur On ne sait rien de la jeunesse de saint Jacques le Majeur, bien qu\u2019il soit \u00e9tabli qu\u2019il est le fils de Z\u00e9b\u00e9d\u00e9e et de Salom\u00e9 et le fr\u00e8re de Jean le disciple. Le titre \u00ab le Majeur \u00bb a \u00e9t\u00e9 ajout\u00e9 \u00e0 \u2026 continuer la [&hellip;]<\/p>\n","protected":false},"author":3,"featured_media":1026,"comment_status":"closed","ping_status":"closed","sticky":false,"template":"","format":"standard","meta":{"footnotes":""},"categories":[3],"tags":[],"class_list":["post-1025","post","type-post","status-publish","format-standard","has-post-thumbnail","hentry","category-editions-esoterique-fondee-en-1927-depeches","entry","fw-tab-6 fw-tabr-4","has-featured-image"],"yoast_head":"<!-- This site is optimized with the Yoast SEO plugin v27.5 - https:\/\/yoast.com\/product\/yoast-seo-wordpress\/ -->\n<title>Saint du jour du jeudi 25 juillet 2024 \u2013 Saints &amp; Anges afin de croire en la Sainte Vierge Marie. - EDITIONSBUSSIERE<\/title>\n<meta name=\"robots\" content=\"index, follow, max-snippet:-1, max-image-preview:large, max-video-preview:-1\" \/>\n<link rel=\"canonical\" href=\"https:\/\/editionsbussiere.com\/blog\/saint-du-jour-du-jeudi-25-juillet-2024-saints-anges-afin-de-croire-en-la-sainte-vierge-marie\/\" \/>\n<meta property=\"og:locale\" content=\"fr_FR\" \/>\n<meta property=\"og:type\" content=\"article\" \/>\n<meta property=\"og:title\" content=\"Saint du jour du jeudi 25 juillet 2024 \u2013 Saints &amp; Anges afin de croire en la Sainte Vierge Marie. - EDITIONSBUSSIERE\" \/>\n<meta property=\"og:description\" content=\"Catholique en ligne Saints et anges Saint Jacques le Majeur On ne sait rien de la jeunesse de saint Jacques le Majeur, bien qu\u2019il soit \u00e9tabli qu\u2019il est le fils de Z\u00e9b\u00e9d\u00e9e et de Salom\u00e9 et le fr\u00e8re de Jean le disciple. Le titre \u00ab le Majeur \u00bb a \u00e9t\u00e9 ajout\u00e9 \u00e0 \u2026 continuer la [&hellip;]\" \/>\n<meta property=\"og:url\" content=\"https:\/\/editionsbussiere.com\/blog\/saint-du-jour-du-jeudi-25-juillet-2024-saints-anges-afin-de-croire-en-la-sainte-vierge-marie\/\" \/>\n<meta property=\"og:site_name\" content=\"EDITIONSBUSSIERE\" \/>\n<meta property=\"article:published_time\" content=\"2024-07-24T15:43:31+00:00\" \/>\n<meta property=\"og:image\" content=\"https:\/\/editionsbussiere.com\/blog\/wp-content\/uploads\/2024\/07\/Saint-du-jour-du-mercredi-28-fevrier-2024-Saints.jpg\" \/>\n<meta name=\"author\" content=\"Marie BATICLE\" \/>\n<meta name=\"twitter:card\" content=\"summary_large_image\" \/>\n<meta name=\"twitter:label1\" content=\"\u00c9crit par\" \/>\n\t<meta name=\"twitter:data1\" content=\"Marie BATICLE\" \/>\n\t<meta name=\"twitter:label2\" content=\"Dur\u00e9e de lecture estim\u00e9e\" \/>\n\t<meta name=\"twitter:data2\" content=\"10 minutes\" \/>\n<script type=\"application\/ld+json\" class=\"yoast-schema-graph\">{\"@context\":\"https:\\\/\\\/schema.org\",\"@graph\":[{\"@type\":\"Article\",\"@id\":\"https:\\\/\\\/editionsbussiere.com\\\/blog\\\/saint-du-jour-du-jeudi-25-juillet-2024-saints-anges-afin-de-croire-en-la-sainte-vierge-marie\\\/#article\",\"isPartOf\":{\"@id\":\"https:\\\/\\\/editionsbussiere.com\\\/blog\\\/saint-du-jour-du-jeudi-25-juillet-2024-saints-anges-afin-de-croire-en-la-sainte-vierge-marie\\\/\"},\"author\":{\"name\":\"Marie BATICLE\",\"@id\":\"https:\\\/\\\/editionsbussiere.com\\\/blog\\\/#\\\/schema\\\/person\\\/ec90e102792148c97e46ab871010dd8f\"},\"headline\":\"Saint du jour du jeudi 25 juillet 2024 \u2013 Saints &amp; Anges afin de croire en la Sainte Vierge Marie.\",\"datePublished\":\"2024-07-24T15:43:31+00:00\",\"mainEntityOfPage\":{\"@id\":\"https:\\\/\\\/editionsbussiere.com\\\/blog\\\/saint-du-jour-du-jeudi-25-juillet-2024-saints-anges-afin-de-croire-en-la-sainte-vierge-marie\\\/\"},\"wordCount\":2103,\"publisher\":{\"@id\":\"https:\\\/\\\/editionsbussiere.com\\\/blog\\\/#organization\"},\"image\":{\"@id\":\"https:\\\/\\\/editionsbussiere.com\\\/blog\\\/saint-du-jour-du-jeudi-25-juillet-2024-saints-anges-afin-de-croire-en-la-sainte-vierge-marie\\\/#primaryimage\"},\"thumbnailUrl\":\"https:\\\/\\\/editionsbussiere.com\\\/blog\\\/wp-content\\\/uploads\\\/2024\\\/07\\\/Saint-du-jour-du-mercredi-28-fevrier-2024-Saints.jpg\",\"articleSection\":[\"Editions \u00c9sot\u00e9rique Fond\u00e9e En 1927; D\u00e9p\u00e8ches:\"],\"inLanguage\":\"fr-FR\"},{\"@type\":\"WebPage\",\"@id\":\"https:\\\/\\\/editionsbussiere.com\\\/blog\\\/saint-du-jour-du-jeudi-25-juillet-2024-saints-anges-afin-de-croire-en-la-sainte-vierge-marie\\\/\",\"url\":\"https:\\\/\\\/editionsbussiere.com\\\/blog\\\/saint-du-jour-du-jeudi-25-juillet-2024-saints-anges-afin-de-croire-en-la-sainte-vierge-marie\\\/\",\"name\":\"Saint du jour du jeudi 25 juillet 2024 \u2013 Saints &amp; Anges afin de croire en la Sainte Vierge Marie. - EDITIONSBUSSIERE\",\"isPartOf\":{\"@id\":\"https:\\\/\\\/editionsbussiere.com\\\/blog\\\/#website\"},\"primaryImageOfPage\":{\"@id\":\"https:\\\/\\\/editionsbussiere.com\\\/blog\\\/saint-du-jour-du-jeudi-25-juillet-2024-saints-anges-afin-de-croire-en-la-sainte-vierge-marie\\\/#primaryimage\"},\"image\":{\"@id\":\"https:\\\/\\\/editionsbussiere.com\\\/blog\\\/saint-du-jour-du-jeudi-25-juillet-2024-saints-anges-afin-de-croire-en-la-sainte-vierge-marie\\\/#primaryimage\"},\"thumbnailUrl\":\"https:\\\/\\\/editionsbussiere.com\\\/blog\\\/wp-content\\\/uploads\\\/2024\\\/07\\\/Saint-du-jour-du-mercredi-28-fevrier-2024-Saints.jpg\",\"datePublished\":\"2024-07-24T15:43:31+00:00\",\"breadcrumb\":{\"@id\":\"https:\\\/\\\/editionsbussiere.com\\\/blog\\\/saint-du-jour-du-jeudi-25-juillet-2024-saints-anges-afin-de-croire-en-la-sainte-vierge-marie\\\/#breadcrumb\"},\"inLanguage\":\"fr-FR\",\"potentialAction\":[{\"@type\":\"ReadAction\",\"target\":[\"https:\\\/\\\/editionsbussiere.com\\\/blog\\\/saint-du-jour-du-jeudi-25-juillet-2024-saints-anges-afin-de-croire-en-la-sainte-vierge-marie\\\/\"]}]},{\"@type\":\"ImageObject\",\"inLanguage\":\"fr-FR\",\"@id\":\"https:\\\/\\\/editionsbussiere.com\\\/blog\\\/saint-du-jour-du-jeudi-25-juillet-2024-saints-anges-afin-de-croire-en-la-sainte-vierge-marie\\\/#primaryimage\",\"url\":\"https:\\\/\\\/editionsbussiere.com\\\/blog\\\/wp-content\\\/uploads\\\/2024\\\/07\\\/Saint-du-jour-du-mercredi-28-fevrier-2024-Saints.jpg\",\"contentUrl\":\"https:\\\/\\\/editionsbussiere.com\\\/blog\\\/wp-content\\\/uploads\\\/2024\\\/07\\\/Saint-du-jour-du-mercredi-28-fevrier-2024-Saints.jpg\",\"width\":960,\"height\":270,\"caption\":\"Saint du jour du mercredi 28 fevrier 2024 Saints\"},{\"@type\":\"BreadcrumbList\",\"@id\":\"https:\\\/\\\/editionsbussiere.com\\\/blog\\\/saint-du-jour-du-jeudi-25-juillet-2024-saints-anges-afin-de-croire-en-la-sainte-vierge-marie\\\/#breadcrumb\",\"itemListElement\":[{\"@type\":\"ListItem\",\"position\":1,\"name\":\"Accueil\",\"item\":\"https:\\\/\\\/editionsbussiere.com\\\/blog\\\/\"},{\"@type\":\"ListItem\",\"position\":2,\"name\":\"Saint du jour du jeudi 25 juillet 2024 \u2013 Saints &amp; Anges afin de croire en la Sainte Vierge Marie.\"}]},{\"@type\":\"WebSite\",\"@id\":\"https:\\\/\\\/editionsbussiere.com\\\/blog\\\/#website\",\"url\":\"https:\\\/\\\/editionsbussiere.com\\\/blog\\\/\",\"name\":\"EDITIONSBUSSIERE\",\"description\":\"Editions \u00e9sot\u00e9rique fond\u00e9e en 1927; site historique, A SAVOIR ET RETENIR.\",\"publisher\":{\"@id\":\"https:\\\/\\\/editionsbussiere.com\\\/blog\\\/#organization\"},\"potentialAction\":[{\"@type\":\"SearchAction\",\"target\":{\"@type\":\"EntryPoint\",\"urlTemplate\":\"https:\\\/\\\/editionsbussiere.com\\\/blog\\\/?s={search_term_string}\"},\"query-input\":{\"@type\":\"PropertyValueSpecification\",\"valueRequired\":true,\"valueName\":\"search_term_string\"}}],\"inLanguage\":\"fr-FR\"},{\"@type\":\"Organization\",\"@id\":\"https:\\\/\\\/editionsbussiere.com\\\/blog\\\/#organization\",\"name\":\"editionsbussiere\",\"url\":\"https:\\\/\\\/editionsbussiere.com\\\/blog\\\/\",\"logo\":{\"@type\":\"ImageObject\",\"inLanguage\":\"fr-FR\",\"@id\":\"https:\\\/\\\/editionsbussiere.com\\\/blog\\\/#\\\/schema\\\/logo\\\/image\\\/\",\"url\":\"https:\\\/\\\/editionsbussiere.com\\\/blog\\\/wp-content\\\/uploads\\\/2023\\\/09\\\/cropped-buss.gif\",\"contentUrl\":\"https:\\\/\\\/editionsbussiere.com\\\/blog\\\/wp-content\\\/uploads\\\/2023\\\/09\\\/cropped-buss.gif\",\"width\":298,\"height\":120,\"caption\":\"editionsbussiere\"},\"image\":{\"@id\":\"https:\\\/\\\/editionsbussiere.com\\\/blog\\\/#\\\/schema\\\/logo\\\/image\\\/\"}},{\"@type\":\"Person\",\"@id\":\"https:\\\/\\\/editionsbussiere.com\\\/blog\\\/#\\\/schema\\\/person\\\/ec90e102792148c97e46ab871010dd8f\",\"name\":\"Marie BATICLE\",\"image\":{\"@type\":\"ImageObject\",\"inLanguage\":\"fr-FR\",\"@id\":\"https:\\\/\\\/secure.gravatar.com\\\/avatar\\\/c923e52403b1b8137e2d929127211d21967e6aecaa053bd43b09da29f212e76e?s=96&d=mm&r=g\",\"url\":\"https:\\\/\\\/secure.gravatar.com\\\/avatar\\\/c923e52403b1b8137e2d929127211d21967e6aecaa053bd43b09da29f212e76e?s=96&d=mm&r=g\",\"contentUrl\":\"https:\\\/\\\/secure.gravatar.com\\\/avatar\\\/c923e52403b1b8137e2d929127211d21967e6aecaa053bd43b09da29f212e76e?s=96&d=mm&r=g\",\"caption\":\"Marie BATICLE\"},\"url\":\"https:\\\/\\\/editionsbussiere.com\\\/blog\\\/author\\\/eremarie\\\/\"}]}<\/script>\n<!-- \/ Yoast SEO plugin. -->","yoast_head_json":{"title":"Saint du jour du jeudi 25 juillet 2024 \u2013 Saints &amp; Anges afin de croire en la Sainte Vierge Marie. - EDITIONSBUSSIERE","robots":{"index":"index","follow":"follow","max-snippet":"max-snippet:-1","max-image-preview":"max-image-preview:large","max-video-preview":"max-video-preview:-1"},"canonical":"https:\/\/editionsbussiere.com\/blog\/saint-du-jour-du-jeudi-25-juillet-2024-saints-anges-afin-de-croire-en-la-sainte-vierge-marie\/","og_locale":"fr_FR","og_type":"article","og_title":"Saint du jour du jeudi 25 juillet 2024 \u2013 Saints &amp; Anges afin de croire en la Sainte Vierge Marie. - EDITIONSBUSSIERE","og_description":"Catholique en ligne Saints et anges Saint Jacques le Majeur On ne sait rien de la jeunesse de saint Jacques le Majeur, bien qu\u2019il soit \u00e9tabli qu\u2019il est le fils de Z\u00e9b\u00e9d\u00e9e et de Salom\u00e9 et le fr\u00e8re de Jean le disciple. Le titre \u00ab le Majeur \u00bb a \u00e9t\u00e9 ajout\u00e9 \u00e0 \u2026 continuer la [&hellip;]","og_url":"https:\/\/editionsbussiere.com\/blog\/saint-du-jour-du-jeudi-25-juillet-2024-saints-anges-afin-de-croire-en-la-sainte-vierge-marie\/","og_site_name":"EDITIONSBUSSIERE","article_published_time":"2024-07-24T15:43:31+00:00","og_image":[{"url":"https:\/\/editionsbussiere.com\/blog\/wp-content\/uploads\/2024\/07\/Saint-du-jour-du-mercredi-28-fevrier-2024-Saints.jpg","type":"","width":"","height":""}],"author":"Marie BATICLE","twitter_card":"summary_large_image","twitter_misc":{"\u00c9crit par":"Marie BATICLE","Dur\u00e9e de lecture estim\u00e9e":"10 minutes"},"schema":{"@context":"https:\/\/schema.org","@graph":[{"@type":"Article","@id":"https:\/\/editionsbussiere.com\/blog\/saint-du-jour-du-jeudi-25-juillet-2024-saints-anges-afin-de-croire-en-la-sainte-vierge-marie\/#article","isPartOf":{"@id":"https:\/\/editionsbussiere.com\/blog\/saint-du-jour-du-jeudi-25-juillet-2024-saints-anges-afin-de-croire-en-la-sainte-vierge-marie\/"},"author":{"name":"Marie BATICLE","@id":"https:\/\/editionsbussiere.com\/blog\/#\/schema\/person\/ec90e102792148c97e46ab871010dd8f"},"headline":"Saint du jour du jeudi 25 juillet 2024 \u2013 Saints &amp; Anges afin de croire en la Sainte Vierge Marie.","datePublished":"2024-07-24T15:43:31+00:00","mainEntityOfPage":{"@id":"https:\/\/editionsbussiere.com\/blog\/saint-du-jour-du-jeudi-25-juillet-2024-saints-anges-afin-de-croire-en-la-sainte-vierge-marie\/"},"wordCount":2103,"publisher":{"@id":"https:\/\/editionsbussiere.com\/blog\/#organization"},"image":{"@id":"https:\/\/editionsbussiere.com\/blog\/saint-du-jour-du-jeudi-25-juillet-2024-saints-anges-afin-de-croire-en-la-sainte-vierge-marie\/#primaryimage"},"thumbnailUrl":"https:\/\/editionsbussiere.com\/blog\/wp-content\/uploads\/2024\/07\/Saint-du-jour-du-mercredi-28-fevrier-2024-Saints.jpg","articleSection":["Editions \u00c9sot\u00e9rique Fond\u00e9e En 1927; D\u00e9p\u00e8ches:"],"inLanguage":"fr-FR"},{"@type":"WebPage","@id":"https:\/\/editionsbussiere.com\/blog\/saint-du-jour-du-jeudi-25-juillet-2024-saints-anges-afin-de-croire-en-la-sainte-vierge-marie\/","url":"https:\/\/editionsbussiere.com\/blog\/saint-du-jour-du-jeudi-25-juillet-2024-saints-anges-afin-de-croire-en-la-sainte-vierge-marie\/","name":"Saint du jour du jeudi 25 juillet 2024 \u2013 Saints &amp; Anges afin de croire en la Sainte Vierge Marie. - EDITIONSBUSSIERE","isPartOf":{"@id":"https:\/\/editionsbussiere.com\/blog\/#website"},"primaryImageOfPage":{"@id":"https:\/\/editionsbussiere.com\/blog\/saint-du-jour-du-jeudi-25-juillet-2024-saints-anges-afin-de-croire-en-la-sainte-vierge-marie\/#primaryimage"},"image":{"@id":"https:\/\/editionsbussiere.com\/blog\/saint-du-jour-du-jeudi-25-juillet-2024-saints-anges-afin-de-croire-en-la-sainte-vierge-marie\/#primaryimage"},"thumbnailUrl":"https:\/\/editionsbussiere.com\/blog\/wp-content\/uploads\/2024\/07\/Saint-du-jour-du-mercredi-28-fevrier-2024-Saints.jpg","datePublished":"2024-07-24T15:43:31+00:00","breadcrumb":{"@id":"https:\/\/editionsbussiere.com\/blog\/saint-du-jour-du-jeudi-25-juillet-2024-saints-anges-afin-de-croire-en-la-sainte-vierge-marie\/#breadcrumb"},"inLanguage":"fr-FR","potentialAction":[{"@type":"ReadAction","target":["https:\/\/editionsbussiere.com\/blog\/saint-du-jour-du-jeudi-25-juillet-2024-saints-anges-afin-de-croire-en-la-sainte-vierge-marie\/"]}]},{"@type":"ImageObject","inLanguage":"fr-FR","@id":"https:\/\/editionsbussiere.com\/blog\/saint-du-jour-du-jeudi-25-juillet-2024-saints-anges-afin-de-croire-en-la-sainte-vierge-marie\/#primaryimage","url":"https:\/\/editionsbussiere.com\/blog\/wp-content\/uploads\/2024\/07\/Saint-du-jour-du-mercredi-28-fevrier-2024-Saints.jpg","contentUrl":"https:\/\/editionsbussiere.com\/blog\/wp-content\/uploads\/2024\/07\/Saint-du-jour-du-mercredi-28-fevrier-2024-Saints.jpg","width":960,"height":270,"caption":"Saint du jour du mercredi 28 fevrier 2024 Saints"},{"@type":"BreadcrumbList","@id":"https:\/\/editionsbussiere.com\/blog\/saint-du-jour-du-jeudi-25-juillet-2024-saints-anges-afin-de-croire-en-la-sainte-vierge-marie\/#breadcrumb","itemListElement":[{"@type":"ListItem","position":1,"name":"Accueil","item":"https:\/\/editionsbussiere.com\/blog\/"},{"@type":"ListItem","position":2,"name":"Saint du jour du jeudi 25 juillet 2024 \u2013 Saints &amp; Anges afin de croire en la Sainte Vierge Marie."}]},{"@type":"WebSite","@id":"https:\/\/editionsbussiere.com\/blog\/#website","url":"https:\/\/editionsbussiere.com\/blog\/","name":"EDITIONSBUSSIERE","description":"Editions \u00e9sot\u00e9rique fond\u00e9e en 1927; site historique, A SAVOIR ET RETENIR.","publisher":{"@id":"https:\/\/editionsbussiere.com\/blog\/#organization"},"potentialAction":[{"@type":"SearchAction","target":{"@type":"EntryPoint","urlTemplate":"https:\/\/editionsbussiere.com\/blog\/?s={search_term_string}"},"query-input":{"@type":"PropertyValueSpecification","valueRequired":true,"valueName":"search_term_string"}}],"inLanguage":"fr-FR"},{"@type":"Organization","@id":"https:\/\/editionsbussiere.com\/blog\/#organization","name":"editionsbussiere","url":"https:\/\/editionsbussiere.com\/blog\/","logo":{"@type":"ImageObject","inLanguage":"fr-FR","@id":"https:\/\/editionsbussiere.com\/blog\/#\/schema\/logo\/image\/","url":"https:\/\/editionsbussiere.com\/blog\/wp-content\/uploads\/2023\/09\/cropped-buss.gif","contentUrl":"https:\/\/editionsbussiere.com\/blog\/wp-content\/uploads\/2023\/09\/cropped-buss.gif","width":298,"height":120,"caption":"editionsbussiere"},"image":{"@id":"https:\/\/editionsbussiere.com\/blog\/#\/schema\/logo\/image\/"}},{"@type":"Person","@id":"https:\/\/editionsbussiere.com\/blog\/#\/schema\/person\/ec90e102792148c97e46ab871010dd8f","name":"Marie BATICLE","image":{"@type":"ImageObject","inLanguage":"fr-FR","@id":"https:\/\/secure.gravatar.com\/avatar\/c923e52403b1b8137e2d929127211d21967e6aecaa053bd43b09da29f212e76e?s=96&d=mm&r=g","url":"https:\/\/secure.gravatar.com\/avatar\/c923e52403b1b8137e2d929127211d21967e6aecaa053bd43b09da29f212e76e?s=96&d=mm&r=g","contentUrl":"https:\/\/secure.gravatar.com\/avatar\/c923e52403b1b8137e2d929127211d21967e6aecaa053bd43b09da29f212e76e?s=96&d=mm&r=g","caption":"Marie BATICLE"},"url":"https:\/\/editionsbussiere.com\/blog\/author\/eremarie\/"}]}},"_links":{"self":[{"href":"https:\/\/editionsbussiere.com\/blog\/wp-json\/wp\/v2\/posts\/1025","targetHints":{"allow":["GET"]}}],"collection":[{"href":"https:\/\/editionsbussiere.com\/blog\/wp-json\/wp\/v2\/posts"}],"about":[{"href":"https:\/\/editionsbussiere.com\/blog\/wp-json\/wp\/v2\/types\/post"}],"author":[{"embeddable":true,"href":"https:\/\/editionsbussiere.com\/blog\/wp-json\/wp\/v2\/users\/3"}],"replies":[{"embeddable":true,"href":"https:\/\/editionsbussiere.com\/blog\/wp-json\/wp\/v2\/comments?post=1025"}],"version-history":[{"count":0,"href":"https:\/\/editionsbussiere.com\/blog\/wp-json\/wp\/v2\/posts\/1025\/revisions"}],"wp:featuredmedia":[{"embeddable":true,"href":"https:\/\/editionsbussiere.com\/blog\/wp-json\/wp\/v2\/media\/1026"}],"wp:attachment":[{"href":"https:\/\/editionsbussiere.com\/blog\/wp-json\/wp\/v2\/media?parent=1025"}],"wp:term":[{"taxonomy":"category","embeddable":true,"href":"https:\/\/editionsbussiere.com\/blog\/wp-json\/wp\/v2\/categories?post=1025"},{"taxonomy":"post_tag","embeddable":true,"href":"https:\/\/editionsbussiere.com\/blog\/wp-json\/wp\/v2\/tags?post=1025"}],"curies":[{"name":"wp","href":"https:\/\/api.w.org\/{rel}","templated":true}]}}