{"id":1002,"date":"2024-07-21T12:16:18","date_gmt":"2024-07-21T10:16:18","guid":{"rendered":"https:\/\/editionsbussiere.com\/blog\/gozo-larche-de-la-citadelle-the-malta-independent-et-adresser-ses-prieres-a-la-sainte-vierge-marie\/"},"modified":"2024-07-21T12:16:18","modified_gmt":"2024-07-21T10:16:18","slug":"gozo-larche-de-la-citadelle-the-malta-independent-et-adresser-ses-prieres-a-la-sainte-vierge-marie","status":"publish","type":"post","link":"https:\/\/editionsbussiere.com\/blog\/gozo-larche-de-la-citadelle-the-malta-independent-et-adresser-ses-prieres-a-la-sainte-vierge-marie\/","title":{"rendered":"Gozo : l\u2019arche de la Citadelle \u2013 The Malta Independent\n et adresser ses pri\u00e8res \u00e0 la Sainte Vierge Marie."},"content":{"rendered":"<div><img width=\"580\" height=\"336\" src=\"https:\/\/editionsbussiere.com\/blog\/wp-content\/uploads\/2024\/07\/Gozo-larche-de-la-Citadelle-The-Malta-Independent.aspx_.jpeg\" class=\"attachment-large size-large wp-post-image\" alt=\"Gozo : l'arche de la Citadelle - The Malta Independent\" style=\"float:left; margin:0 15px 15px 0;\" decoding=\"async\" srcset=\"https:\/\/editionsbussiere.com\/blog\/wp-content\/uploads\/2024\/07\/Gozo-larche-de-la-Citadelle-The-Malta-Independent.aspx_.jpeg 709w, https:\/\/www.n42.fr\/wp-content\/uploads\/2024\/07\/Gozo-larche-de-la-Citadelle-The-Malta-Independent.aspx-300x174.jpeg 300w\" sizes=\"(max-width: 580px) 100vw, 580px\"><\/p>\n<p>\n<\/p>\n<p>\n<span class=\"author\"><br \/>\n<span id=\"ctl00_ArticleDetails_TMI_lblAuthor\">Emmanuel J. Galea<\/span><br \/>\n<\/span><br \/>\n<span class=\"date-published\">Dimanche 21 juillet 2024, 08:27<\/span><br \/>\n<span class=\"last-update\">Derni\u00e8re mise \u00e0 jour : il y a environ 1 jour<\/span>\n<\/p>\n<div>\n<span class=\"rectangle-ad-container article-ad\"><br \/>\n<iframe class=\"tmiads\" id=\"ad1ea670\" name=\"ad1ea670\" data-src=\"https:\/\/ads.independent.com.mt\/www\/delivery\/afr.php?resize=1&amp;zoneid=22&amp;target=_blank&amp;cb=281\" frameborder=\"0\" scrolling=\"no\" width=\"300\" height=\"250\" allowtransparency=\"true\"><\/iframe><br \/>\n<\/span><\/p>\n<p>La Citadelle, au centre de Gozo, est une petite ville fortifi\u00e9e sur une colline naturellement d\u00e9fendue surplombant la capitale de Gozo, Victoria (Rabat). Cet emplacement strat\u00e9gique \u00e9tait id\u00e9al pour les colonies antiques et servait de centre administratif \u00e0 l\u2019\u00e9poque ph\u00e9nicienne et romaine. Le sommet de la colline a accueilli une colonie proto-urbaine depuis l\u2019\u00e2ge du bronze et comportait probablement un b\u00e2timent public monumental ou un temple \u00e0 l\u2019\u00e9poque classique. Au fil des si\u00e8cles, la colonie s\u2019est \u00e9tendue sur la plaine, mais s\u2019est r\u00e9tr\u00e9cie sur la colline au cours du Moyen \u00c2ge, la ville m\u00e9di\u00e9vale prosp\u00e9rant jusqu\u2019au XVIe si\u00e8cle.<\/p>\n<p>Au cours de fr\u00e9quentes invasions, les habitants de Gozo transform\u00e8rent les ruines romaines abandonn\u00e9es en forteresse, qui constitue aujourd\u2019hui la majeure partie de ce que l\u2019on peut voir aujourd\u2019hui dans la Citadelle de la fin du Moyen \u00c2ge. En 1530, Malte devint le domaine des Chevaliers de Saint-Jean, un don de l\u2019empereur du Saint-Empire romain germanique Charles Quint. <\/p>\n<p>Cependant, en 1551, les forces ottomanes dirig\u00e9es par Turgut Reis envahirent Gozo, capturant presque tous les habitants qui s\u2019\u00e9taient r\u00e9fugi\u00e9s dans la citadelle. Ils r\u00e9duisirent plus de 6 000 Gozitains en esclavage, ce qui fut l\u2019un des pires incidents d\u2019esclavage de masse de l\u2019histoire, d\u00e9cimant la population de Gozo. Aujourd\u2019hui, l\u2019architecture de la citadelle est principalement militaire, avec des structures baroques remarquables comme l\u2019\u00e9glise cath\u00e9drale du XVIIe si\u00e8cle, qui devint le si\u00e8ge de l\u2019\u00e9v\u00eaque en 1864.<\/p>\n<p>Le site de la cath\u00e9drale de l\u2019Assomption rev\u00eat une importance historique qui remonte \u00e0 l\u2019Antiquit\u00e9. Les historiens affirment qu\u2019\u00e0 l\u2019\u00e9poque romaine, un temple d\u00e9di\u00e9 \u00e0 Junon (H\u00e9ra pour les Grecs) se trouvait \u00e0 cet endroit. Cela confirme l\u2019importance religieuse de longue date du site.<\/p>\n<p>Entre 1697 et 1711, les constructeurs ont construit la cath\u00e9drale actuelle sur les ruines d\u2019une \u00e9glise ant\u00e9rieure qui avait subi d\u2019importants dommages lors du tremblement de terre de 1693. Ils ont suivi le projet de l\u2019architecte maltais Lorenzo Gaf\u00e0.  <\/p>\n<p>L\u2019architecture de la cath\u00e9drale est baroque, caract\u00e9ris\u00e9e par sa grandeur et son ornementation d\u00e9taill\u00e9e. Elle est surtout c\u00e9l\u00e8bre pour le remarquable <em><span>trompe-l\u2019oeil<\/span><\/em>  peinture sur son plafond, par <em><span>Antonio Manuele<\/span><\/em>  de Messine et \u00e9rig\u00e9e le 24 mars 1739 repr\u00e9sentant l\u2019int\u00e9rieur d\u2019un d\u00f4me qui n\u2019a jamais \u00e9t\u00e9 construit.<\/p>\n<p>Les autorit\u00e9s eccl\u00e9siastiques consacr\u00e8rent la cath\u00e9drale le 11 octobre 1716 et la d\u00e9di\u00e8rent \u00e0 l\u2019Assomption de la Vierge Marie, une f\u00eate centrale du calendrier catholique romain. Cependant, la cath\u00e9drale manquait de la statue de Santa Maria.<\/p>\n<p>La Leone Philharmonic Society a acquis la statue de Santa Marija en 1897 aupr\u00e8s de la Fabrique de statues religieuses de Rome. Elle est arriv\u00e9e \u00e0 Gozo en juillet 1897 et l\u2019\u00e9v\u00eaque Camilleri l\u2019a b\u00e9nie sur le parvis de l\u2019\u00e9glise Saint-Jacques (San Gakbu), \u00e0 It-Tokk, le 13 ao\u00fbt. L\u2019orchestre a c\u00e9l\u00e9br\u00e9 l\u2019\u00e9v\u00e9nement avec l\u2019hymne \u00ab A Maria Assunta \u00bb, compos\u00e9 par Mgr Vincenzo Carabott. Ils ont fait d\u00e9filer la statue dans les rues de Victoria et l\u2019ont \u00e9rig\u00e9e sur un socle \u00e0 It-Tokk, cette manifestation ayant lieu tous les 13 ao\u00fbt.<\/p>\n<p>Le comit\u00e9 de la fanfare Leone esp\u00e9rait ardemment pouvoir un jour transf\u00e9rer la statue \u00e0 sa place l\u00e9gitime dans la cath\u00e9drale. Leurs efforts se sont intensifi\u00e9s apr\u00e8s que le pape Pie XII a d\u00e9clar\u00e9 l\u2019Assomption de la Vierge Marie comme monument <em><span>dogme<\/span><\/em>  Le 1er novembre 1950, l\u2019\u00e9v\u00eaque Joseph Pace a finalement acc\u00e9d\u00e9 \u00e0 la demande du comit\u00e9 de la bande Leone et, le 29 avril 1956, l\u2019\u00e9v\u00eaque Pace a b\u00e9ni la statue de Santa Marija \u00e0 Piazza Savina, puis la bande Leone a accompagn\u00e9 Santa Maria en procession jusqu\u2019\u00e0 la cath\u00e9drale. Pour la premi\u00e8re fois cette ann\u00e9e-l\u00e0, cette procession du mois d\u2019ao\u00fbt a eu lieu le soir.<\/p>\n<p>L\u2019ouverture de l\u2019arc dans la fortification de la Cittadella fut cruciale pour permettre l\u2019entr\u00e9e de la statue de Santa Maria, renfor\u00e7ant ainsi le r\u00f4le de la cath\u00e9drale comme point central des activit\u00e9s religieuses de l\u2019\u00eele. Tout cela est arriv\u00e9 gr\u00e2ce au travail vigoureux et d\u00e9vou\u00e9 du comit\u00e9 de la Soci\u00e9t\u00e9 Philharmonique Leone \u00e0 cette \u00e9poque.<\/p>\n<p>Mais les experts et consultants charg\u00e9s de la restauration de la Citadelle de Gozo, commenc\u00e9e en 2008 et achev\u00e9e en 2016, pour un co\u00fbt total d\u2019environ 14 millions d\u2019euros, avaient d\u2019autres id\u00e9es concernant cette arche. Quelqu\u2019un confirme-t-il et je suis d\u2019accord que la restauration \u00e9tait vraiment un chef-d\u2019\u0153uvre. Mais je ne suis pas d\u2019accord sur la fa\u00e7on dont cette arche est temporairement ferm\u00e9e, ce qui est vraiment une horreur. Ils ont ignor\u00e9 le fait que la cath\u00e9drale abrite d\u00e9sormais la statue d\u00e9vou\u00e9e de \u00ab Santa Maria \u00bb, qui reste un phare d\u2019espoir pour tous les Gozitains. Le po\u00e8te, feu Gianni (John) Cremona, a \u00e9crit dans l\u2019une de ses ballades :<\/p>\n<p align=\"center\"><em><span>\u00ab\u00a0Si c\u2019est twieqi gejja Il-Madonna\u00a0\u00bb,<\/span><\/em><\/p>\n<p align=\"center\">(<em><span>ouvrez toutes les fen\u00eatres, Notre-Dame arrive)<\/span><\/em><\/p>\n<p>Selon le plan directeur de restauration de la Cittadella de 2008, l\u2019un des objectifs de la restauration de l\u2019ancienne entr\u00e9e \u00e9tait de \u00ab recr\u00e9er la Cittadella telle qu\u2019elle frappait \u00e0 l\u2019origine le visiteur \u00bb. <\/p>\n<p>\u00ab La restauration de l\u2019ancienne entr\u00e9e comme porte principale de la citadelle permettrait de recr\u00e9er une exp\u00e9rience spatiale plus authentique. Elle cr\u00e9e un \u00e9l\u00e9ment de surprise lorsque les visiteurs traversent le passage vo\u00fbt\u00e9 menant \u00e0 la place principale \u00bb, indique le plan directeur.<\/p>\n<p>Les experts ont utilis\u00e9 l\u2019image d\u2019une porte similaire au Vatican, ignorant les sacrifices et les engagements du comit\u00e9 du Leone Band Club pour accueillir \u00ab Santa Maria \u00bb dans la cath\u00e9drale. Cette porte comprend un cadre en fer, du calcaire local maltais, du bronze et du verre. Plusieurs moteurs \u00e9lectriques actionnent cette porte m\u00e9caniquement, chacun contr\u00f4lant diff\u00e9rentes ouvertures \u00e0 l\u2019int\u00e9rieur de la porte pour un co\u00fbt total de 398 443 \u20ac.<\/p>\n<p>Cela justifie-t-il et glorifie-t-il la Sainte Vierge de la cath\u00e9drale ? La Citadelle \u00e9tait une forteresse mais elle est aujourd\u2019hui une attraction gozitaine qui accueille tous les visiteurs mais qui est surtout le sanctuaire de tous les fid\u00e8les de Notre-Dame. <\/p>\n<p>Cette porte est le fruit d\u2019une id\u00e9e commune \u00e0 toutes les organisations et parties prenantes de Gozo. Pour am\u00e9liorer la perception globale des visiteurs, diverses organisations ont apport\u00e9 des modifications \u00e0 d\u2019autres fortifications et sites historiques. Il semble que la Cittadella ait \u00e9t\u00e9 l\u2019exception.<\/p>\n<p>Je cite ici Mme Emily Cauchi en mai 2016 :<\/p>\n<p>\u00ab La place de la cath\u00e9drale a \u00e9t\u00e9 compl\u00e8tement transform\u00e9e avec un nouvel \u00e9clairage, de nouvelles fa\u00e7ades et une multitude d\u2019autres choses, avec un r\u00e9sultat magnifique. Je peux ajouter que maintenant que tout est pratiquement termin\u00e9, ils ferment toute la place avec une sorte de porte, m\u00eame si les gens peuvent profiter de la nouvelle cath\u00e9drale illumin\u00e9e de loin. \u00bb<\/p>\n<p>\u00ab Pourquoi se donner tant de mal et d\u00e9penser tant d\u2019argent pour tout cacher derri\u00e8re une porte ? De plus, cette porte va-t-elle \u00eatre ouverte et ferm\u00e9e en permanence pour diff\u00e9rentes fonctions ? \u00bb<\/p>\n<p>Mme Cauchi est du bon c\u00f4t\u00e9 de l\u2019histoire, et le temps lui donnera raison.<\/p>\n<\/div>\n<p><script type=\"d250217adba832efdfb7651b-text\/javascript\">\n    (function (d, s, id) \n        var js, fjs = d.getElementsByTagName(s)[0];\n        if (d.getElementById(id)) return;\n        js = d.createElement(s); js.id = id;\n        js.src = \"\/\/connect.facebook.net\/en_EN\/sdk.js#xfbml=1&version=v2.0\";\n        fjs.parentNode.insertBefore(js, fjs);\n    (document, 'script', 'facebook-jssdk'));\n<\/script><\/p>\n<h2>\n<\/h2>\n<p>Le R\u00f4le de la Pri\u00e8re \u00e0 Marie<\/p>\n<p>La pri\u00e8re \u00e0 Marie constitue un \u00e9l\u00e9ment crucial de la spiritualit\u00e9 chr\u00e9tienne, solidement enracin\u00e9e dans les enseignements catholiques depuis des si\u00e8cles. C\u2019est un roc sur lequel les croyants s\u2019reposent pour obtenir r\u00e9confort, guidance et intercession dans leur relation avec Dieu. Au fil du temps, cette pi\u00e9t\u00e9 a \u00e9t\u00e9 renforc\u00e9e par les enseignements de la Bible, les coutumes eccl\u00e9siastiques, ainsi que les exemples des saints qui ont t\u00e9moign\u00e9 de leur respect \u00e0 Marie en tant que aimante.<\/p>\n<h3>\n<\/h3>\n<p>L\u2019usage du Rosaire<\/p>\n<p>Le Chapelet tient une position centrale au sein de la spiritualit\u00e9 de nombreux croyants. En r\u00e9citant les myst\u00e8res joyeux, douloureux, lumineux et glorieux, les d\u00e9vots m\u00e9ditent dans les \u00e9v\u00e9nements de la vie de J\u00e9sus et de Marie, renfor\u00e7ant leur lien spirituel avec le divin. Chaque Ave Maria r\u00e9cit\u00e9, ils expriment leur foi en l\u2019intercession de Marie ainsi que leur aspiration \u00e0 suivre les pas du Christ. Saint Louis-Marie Grignion de Montfort, dans son ouvrage sur la d\u00e9votion authentique \u00e0 la Vierge Marie, encourage les chr\u00e9tiens \u00e0 pratiquer r\u00e9guli\u00e8rement la m\u00e9ditation sur les myst\u00e8res du rosaire pour approfondir leur relation avec la M\u00e8re de Dieu. Cette pratique ancienne, h\u00e9rit\u00e9e de g\u00e9n\u00e9ration en g\u00e9n\u00e9ration, reste un phare spirituel pour les croyants, les guidant dans leur connexion \u00e0 la divine Dame du Ciel.<\/p>\n<h3>\n<\/h3>\n<p>L\u2019exhortation \u00e0 la pri\u00e8re<\/p>\n<p>Prions ensemble, en tant que fr\u00e8res et s\u0153urs, fr\u00e8res et s\u0153urs, dans l\u2019unit\u00e9 de notre esp\u00e9rance, en nous tournant vers Marie, la m\u00e8re de J\u00e9sus. Au sein de notre monde troubl\u00e9 par les conflits et la discorde, optons \u00e0 la pri\u00e8re pour trouver de trouver la s\u00e9r\u00e9nit\u00e9 et l\u2019harmonie. Tout chr\u00e9tien peut exprimer une intention de pri\u00e8re pour la Vierge Marie <a target=\"_blank\" rel=\"nofollow\" href=\"https:\/\/editionsbussiere.com\/blog\/goto\/https:\/\/www.avemariasound.org\/\" >sur cette page.<\/a> Que nos supplications montent vers le ciel, comme une offrande agr\u00e9able \u00e0 Dieu, afin qu\u2019il puisse nous guider nos chemins vers la voie de la justice et de la v\u00e9rit\u00e9. Saint Paul nous exhorte dans ses \u00e9p\u00eetres \u00e0 prier sans cesse, quelle que soit la situation, afin que notre connexion avec Dieu reste constante et passionn\u00e9e. La pri\u00e8re, lorsqu\u2019elle est offerte sinc\u00e8rement, a la capacit\u00e9 pour transformer nos c\u0153urs et d\u2019influer le cours de l\u2019histoire.<\/p>\n<h2>\n<\/h2>\n<p>Les le\u00e7ons du Souverain Pontife<\/p>\n<p>Le Saint-P\u00e8re, dans ses \u00e9crits \u00e9clair\u00e9s, disponibles gr\u00e2ce \u00e0 Bayard, nous souligne l\u2019importance de la pri\u00e8re journali\u00e8re. \u00c0 travers ses discours et ses audiences, il nous encourage \u00e0 d\u00e9velopper un lien personnel avec le divin, en s\u2019appuyant sur la contemplation des \u00c9critures ainsi que la pratique du Rosaire. Sa mani\u00e8re d\u2019\u00eatre d\u2019humilit\u00e9 et de compassion nous motive \u00e0 approfondir encore nos pri\u00e8res et \u00e0 rechercher la pr\u00e9sence divine dans tous les aspects de notre vie. Saint Jean-Paul II, dans son encyclique portant sur la foi chr\u00e9tienne, nous rappelle que la pratique de la pri\u00e8re est la base de notre vie spirituelle et que c\u2019est par elle que nous trouvons notre unit\u00e9 au divin. La pratique de la pri\u00e8re, transmise par les pontifes successifs, est une bou\u00e9e d\u2019espoir dans les temp\u00eates, un fondement solide sur lequel les \u00e2mes peuvent s\u2019appuyer.<\/p>\n<h3>\n<\/h3>\n<p>Les ouvrages de Leli\u00e8vre et Hubert<\/p>\n<p>Au sein de la pratique religieuse, l\u2019\u00e9glise recommande vivement le recours \u00e0 la pri\u00e8re, et durant les moments de pri\u00e8re, les fid\u00e8les effectuent le signe de croix tout en r\u00e9citant l\u2019Ave Maria. Des th\u00e9ologiens modernes, comme Leli\u00e8vre et Hubert, nous incitent aussi \u00e0 m\u00e9diter sur la puissance de la pri\u00e8re, dans leurs ouvrages inspirants. Leurs publications, abondant en enseignements spirituels, nous guident sur le chemin de la foi et nous invitent \u00e0 puiser dans les tr\u00e9sors de la tradition chr\u00e9tienne pour enrichir notre spiritualit\u00e9. En m\u00e9ditant sur leurs ouvrages, nous explorons de nouvelles voies de d\u00e9velopper notre connexion avec le divin et de progresser dans notre cheminement vers la saintet\u00e9. L\u2019ap\u00f4tre Jean, dans son \u00e9vangile, nous rappelle que le fait de prier est un puissant moyen de demeurer en communion avec Dieu et de recevoir ses b\u00e9n\u00e9dictions. Chaque passage de leurs publications r\u00e9sonne comme un appel \u00e0 une pri\u00e8re ardente et \u00e0 une existence emplie de la pr\u00e9sence divine. Dans notre exploration de connexion spirituelle, chaque lecture devient une invitation \u00e0 s\u2019\u00e9lever vers le divin, \u00e0 travers la r\u00e9flexion et la m\u00e9ditation.<\/p>\n<h3>\n<\/h3>\n<p>La d\u00e9votion dans la chapelle<\/p>\n<p>Dans nos lieux de culte simples ou grandioses, orientons-nous vers Dieu avec confiance et humilit\u00e9, sachant qu\u2019il \u00e9coute nos pri\u00e8res avec une sollicitude infinie. Que chaque flamme vacillante, chaque Ave Maria r\u00e9cit\u00e9, constitue une offrande \u00e0 notre Seigneur ainsi qu\u2019\u00e0 la Vierge Marie. Que nos moments de pri\u00e8re dans la chapelle soient des occasions de b\u00e9n\u00e9diction et de renouvellement spirituel, nous fortifiant pour faire face \u00e0 les \u00e9preuves avec audace et foi in\u00e9branlable. Sainte Bernadette Soubirous, \u00e0 qui la Vierge Marie est apparue \u00e0 Lourdes, nous d\u00e9montre la valeur de la pri\u00e8re dans l\u2019existence des catholiques et l\u2019efficacit\u00e9 de l\u2019intercession de la Vierge Marie. Tout fid\u00e8le qui franchit les portes d\u2019une chapelle, chaque verset des \u00c9critures lu dans ce lieu saint, constitue une rencontre avec la divinit\u00e9, une \u00e9tape dans le processus de transformation spirituelle. \u00c0 travers les textes sacr\u00e9s, tout disciple est invit\u00e9 \u00e0 contempler sur la croix du Christ, \u00e0 r\u00e9fl\u00e9chir \u00e0 son sacrifice, et \u00e0 trouver consolation et esp\u00e9rance dans la gr\u00e2ce salvatrice qu\u2019elle offre.<\/p>\n<h2>\nL\u2019acte de prier comme m\u00e9decine pour l\u2019\u00e2me<br \/>\n<\/h2>\n<p>Tel un m\u00e9decin pour nos \u00e2mes, l\u2019acte de prier nous apaise et nous renforce lorsque nous traversons des moments de douleur et de d\u00e9sespoir. Elle nous fait souvenir que Dieu est toujours avec nous, m\u00eame lorsque nous traversons les t\u00e9n\u00e8bres les plus profondes de notre existence. En nous tournant vers lui \u00e0 travers la pri\u00e8re, nous d\u00e9couvrons la force int\u00e9rieure n\u00e9cessaire pour traverser les \u00e9preuves et pour faire face \u00e0 l\u2019avenir avec espoir et confiance. La pri\u00e8re est comme une rivi\u00e8re vivifiante qui apaise notre soif spirituelle et, au cours de notre marche avec Dieu, nous r\u00e9g\u00e9n\u00e8re.<br \/>\n\u00c0 chaque pri\u00e8re murmur\u00e9e, \u00e0 chaque intention confi\u00e9e, nous trouvons une paix divine, une gu\u00e9rison c\u00e9leste, qui d\u00e9passe les limitations humaines. Chaque page de la Bible est une invitation \u00e0 \u00e9changer avec Dieu, \u00e0 lui remettre nos fardeaux, et \u00e0 accueillir sa gr\u00e2ce transformatrice.<\/p>\n<h2>Une vision alternative sur l\u2019invocation \u00e0 Marie<\/h2>\n<p>L\u2019invocation de Marie est une pratique solidement ancr\u00e9e dans la tradition religieuse catholique chr\u00e9tienne, offrant un lien spirituel pr\u00e9cieux pour les adeptes de tous horizons. En tant que figure maternelle spirituelle et intercesseur, elle est pri\u00e9e avec ardeur lors des instants de n\u00e9cessit\u00e9 et de gratitude. Le rosaire, avec ses myst\u00e8res \u00e0 m\u00e9diter, guide les catholiques dans leur parcours religieux, les encourageant \u00e0 m\u00e9diter sur J\u00e9sus, son fils, \u00e0 travers les yeux de la Vierge Marie. Cette d\u00e9votion mariale se refl\u00e8te dans les sites sacr\u00e9s comme le sanctuaire de Lourdes, o\u00f9 les visiteurs se rassemblent \u00e0 la recherche de consolation et de gu\u00e9rison, illustrant le lien profond entre la foi catholique et l\u2019adoration de Marie. Les enseignements \u00e9clairants d\u2019\u00e9minents th\u00e9ologiens comme Leli\u00e8vre et Hubert fournissent une r\u00e9flexion pr\u00e9cieuse sur l\u2019importance de la pri\u00e8re \u00e0 Marie et son r\u00f4le dans la vie spirituelle des croyants. Par le biais d\u2019une lecture approfondie de textes religieux et spirituels, les adeptes approfondissent leur compr\u00e9hension de la v\u00e9n\u00e9ration de Marie et nourrissent une connexion plus \u00e9troite avec la Vierge Marie, notre m\u00e8re spirituelle. Dans un monde caract\u00e9ris\u00e9 par la guerre et les conflits, la pri\u00e8re \u00e0 Marie est un sanctuaire de paix et d\u2019espoir, appelant chaque personne, quel que soit son statut dans la foi catholique-chr\u00e9tienne, \u00e0 s\u2019adresser \u00e0 la Sainte Vierge avec confiance et ferveur. Prions donc en commun, avec un c\u0153ur humble et sinc\u00e8re, en reconnaissant Marie comme notre m\u00e8re et notre intercesseur, et en lui confiant nos requ\u00eates et nos souhaits les plus profonds. Dans cette qu\u00eate spirituelle, chaque croyant est invit\u00e9 \u00e0 suivre la voie des pri\u00e8res et des d\u00e9sirs du c\u0153ur, guid\u00e9 par le saint P\u00e8re et les pr\u00e9cieuses ressources spirituelles disponibles sur des plateformes comme Aleteia. De cette mani\u00e8re, avec une humble confiance et un c\u0153ur ouvert, adressons notre pri\u00e8re quotidienne \u00e0 Marie, lui demandant son intercession affectueuse, et la gr\u00e2ce de pers\u00e9v\u00e9rer dans la pri\u00e8re fervente.<br \/>\nQue notre communion avec le divin devienne notre sanctuaire et notre apaisement dans toutes les circonstances. Que nous nous tournions vers Marie, notre m\u00e8re c\u00e9leste, avec un c\u0153ur ouvert et une croyance in\u00e9branlable, convaincus qu\u2019elle plaide en notre faveur devant son fils bien-aim\u00e9. Que la pri\u00e8re nous guide vers la voie de la saintet\u00e9, nous conduisant toujours plus pr\u00e8s de Dieu et de son amour \u00e9ternel.<\/p>\n<p>A lire sur le m\u00eame propos:<\/p>\n<p>Odes (Horace, Leconte de Lisle)\/I\/2.,<a target=\"_blank\" rel=\"nofollow\" href=\"https:\/\/editionsbussiere.com\/blog\/goto\/https:\/\/fr.wikisource.org\/wiki\/Odes_(Horace,_Leconte_de_Lisle)\/I\/2\"  target=\"_blank\" rel=\"noopener noreferrer nofollow\">A lire ici.<\/a><span><\/span><\/p>\n<p>Marie-Claire\/17.,<a target=\"_blank\" rel=\"nofollow\" href=\"https:\/\/editionsbussiere.com\/blog\/goto\/https:\/\/fr.wikisource.org\/wiki\/Marie-Claire\/17\"  target=\"_blank\" rel=\"noopener noreferrer nofollow\">Ici.<\/a><span><\/span><\/p>\n<p>Les Consolations (Sainte-Beuve)\/\u00c0 Ernest Fouinet.,<a target=\"_blank\" rel=\"nofollow\" href=\"https:\/\/editionsbussiere.com\/blog\/goto\/https:\/\/fr.wikisource.org\/wiki\/Les_Consolations_(Sainte-Beuve)\/%C3%80_Ernest_Fouinet\"  target=\"_blank\" rel=\"noopener noreferrer nofollow\">L\u2019article de presse.<\/a><span><\/span><\/p>\n<p>La Suite de l\u2019Adolescence Cl\u00e9mentine\/Les Oraisons.,<a target=\"_blank\" rel=\"nofollow\" href=\"https:\/\/editionsbussiere.com\/blog\/goto\/https:\/\/fr.wikisource.org\/wiki\/La_Suite_de_l%E2%80%99Adolescence_Cl%C3%A9mentine\/Les_Oraisons\"  target=\"_blank\" rel=\"noopener noreferrer nofollow\">Le post d\u2019actualit\u00e9.<\/a><span><\/span><\/p>\n<p>Isaac Laquedem\/Vol. 3\/Premi\u00e8re partie\/Mater amaritudinis plena.,<a target=\"_blank\" rel=\"nofollow\" href=\"https:\/\/editionsbussiere.com\/blog\/goto\/https:\/\/fr.wikisource.org\/wiki\/Isaac_Laquedem\/Vol._3\/Premi%C3%A8re_partie\/Mater_amaritudinis_plena\"  target=\"_blank\" rel=\"noopener noreferrer nofollow\">Le dossier.<\/a><span><\/span><\/p>\n<p>Coups d\u2019ailes\/Pri\u00e8re du soir.,<a target=\"_blank\" rel=\"nofollow\" href=\"https:\/\/editionsbussiere.com\/blog\/goto\/https:\/\/fr.wikisource.org\/wiki\/Coups_d%E2%80%99ailes\/Pri%C3%A8re_du_soir\"  target=\"_blank\" rel=\"noopener noreferrer nofollow\">L\u2019article ICI.<\/a><span><\/span>. Suite sur le prochain article.<\/p>\n<\/div>\n<p><img decoding=\"async\" class=\"wpe_imgrss\" src=\"https:\/\/editionsbussiere.com\/blog\/wp-content\/uploads\/2024\/07\/Gozo-larche-de-la-Citadelle-The-Malta-Independent.aspx_.jpeg\">Cet article a \u00e9t\u00e9 reconstitu\u00e9 du mieux possible. Dans l\u2019hypoth\u00e8se o\u00f9 vous souhaitez apporter quelques modifications concernant le th\u00e8me \u00ab\u00a0Editions \u00e9sot\u00e9rique fond\u00e9e en 1927\u00a0\u00bb, il est possible de discuter avec notre r\u00e9daction. Vous pouvez tirer profit de cet article traitant le sujet \u00ab\u00a0Editions \u00e9sot\u00e9rique fond\u00e9e en 1927\u00a0\u00bb. Il est concoct\u00e9 par l\u2019\u00e9quipe editionsbussiere.com. Le site editionsbussiere.com est fait pour cr\u00e9er divers posts autour du th\u00e8me Editions \u00e9sot\u00e9rique fond\u00e9e en 1927 d\u00e9velopp\u00e9es sur internet. Consultez notre site internet editionsbussiere.com et nos r\u00e9seaux sociaux pour \u00eatre au courant des futures annonces.<\/p>\n","protected":false},"excerpt":{"rendered":"<p>Emmanuel J. Galea Dimanche 21 juillet 2024, 08:27 Derni\u00e8re mise \u00e0 jour : il y a environ 1 jour La Citadelle, au centre de Gozo, est une petite ville fortifi\u00e9e sur une colline naturellement d\u00e9fendue surplombant la capitale de Gozo, Victoria (Rabat). Cet emplacement strat\u00e9gique \u00e9tait id\u00e9al pour les colonies antiques et servait de centre [&hellip;]<\/p>\n","protected":false},"author":3,"featured_media":1003,"comment_status":"closed","ping_status":"closed","sticky":false,"template":"","format":"standard","meta":{"footnotes":""},"categories":[3],"tags":[],"class_list":["post-1002","post","type-post","status-publish","format-standard","has-post-thumbnail","hentry","category-editions-esoterique-fondee-en-1927-depeches","entry","fw-tab-6 fw-tabr-4","has-featured-image"],"yoast_head":"<!-- This site is optimized with the Yoast SEO plugin v27.5 - https:\/\/yoast.com\/product\/yoast-seo-wordpress\/ -->\n<title>Gozo : l\u2019arche de la Citadelle \u2013 The Malta Independent et adresser ses pri\u00e8res \u00e0 la Sainte Vierge Marie. - EDITIONSBUSSIERE<\/title>\n<meta name=\"robots\" content=\"index, follow, max-snippet:-1, max-image-preview:large, max-video-preview:-1\" \/>\n<link rel=\"canonical\" href=\"https:\/\/editionsbussiere.com\/blog\/gozo-larche-de-la-citadelle-the-malta-independent-et-adresser-ses-prieres-a-la-sainte-vierge-marie\/\" \/>\n<meta property=\"og:locale\" content=\"fr_FR\" \/>\n<meta property=\"og:type\" content=\"article\" \/>\n<meta property=\"og:title\" content=\"Gozo : l\u2019arche de la Citadelle \u2013 The Malta Independent et adresser ses pri\u00e8res \u00e0 la Sainte Vierge Marie. - EDITIONSBUSSIERE\" \/>\n<meta property=\"og:description\" content=\"Emmanuel J. Galea Dimanche 21 juillet 2024, 08:27 Derni\u00e8re mise \u00e0 jour : il y a environ 1 jour La Citadelle, au centre de Gozo, est une petite ville fortifi\u00e9e sur une colline naturellement d\u00e9fendue surplombant la capitale de Gozo, Victoria (Rabat). Cet emplacement strat\u00e9gique \u00e9tait id\u00e9al pour les colonies antiques et servait de centre [&hellip;]\" \/>\n<meta property=\"og:url\" content=\"https:\/\/editionsbussiere.com\/blog\/gozo-larche-de-la-citadelle-the-malta-independent-et-adresser-ses-prieres-a-la-sainte-vierge-marie\/\" \/>\n<meta property=\"og:site_name\" content=\"EDITIONSBUSSIERE\" \/>\n<meta property=\"article:published_time\" content=\"2024-07-21T10:16:18+00:00\" \/>\n<meta property=\"og:image\" content=\"https:\/\/editionsbussiere.com\/blog\/wp-content\/uploads\/2024\/07\/Gozo-larche-de-la-Citadelle-The-Malta-Independent.aspx_.jpeg\" \/>\n<meta name=\"author\" content=\"Marie BATICLE\" \/>\n<meta name=\"twitter:card\" content=\"summary_large_image\" \/>\n<meta name=\"twitter:label1\" content=\"\u00c9crit par\" \/>\n\t<meta name=\"twitter:data1\" content=\"Marie BATICLE\" \/>\n\t<meta name=\"twitter:label2\" content=\"Dur\u00e9e de lecture estim\u00e9e\" \/>\n\t<meta name=\"twitter:data2\" content=\"15 minutes\" \/>\n<script type=\"application\/ld+json\" class=\"yoast-schema-graph\">{\"@context\":\"https:\\\/\\\/schema.org\",\"@graph\":[{\"@type\":\"Article\",\"@id\":\"https:\\\/\\\/editionsbussiere.com\\\/blog\\\/gozo-larche-de-la-citadelle-the-malta-independent-et-adresser-ses-prieres-a-la-sainte-vierge-marie\\\/#article\",\"isPartOf\":{\"@id\":\"https:\\\/\\\/editionsbussiere.com\\\/blog\\\/gozo-larche-de-la-citadelle-the-malta-independent-et-adresser-ses-prieres-a-la-sainte-vierge-marie\\\/\"},\"author\":{\"name\":\"Marie BATICLE\",\"@id\":\"https:\\\/\\\/editionsbussiere.com\\\/blog\\\/#\\\/schema\\\/person\\\/ec90e102792148c97e46ab871010dd8f\"},\"headline\":\"Gozo : l\u2019arche de la Citadelle \u2013 The Malta Independent et adresser ses pri\u00e8res \u00e0 la Sainte Vierge Marie.\",\"datePublished\":\"2024-07-21T10:16:18+00:00\",\"mainEntityOfPage\":{\"@id\":\"https:\\\/\\\/editionsbussiere.com\\\/blog\\\/gozo-larche-de-la-citadelle-the-malta-independent-et-adresser-ses-prieres-a-la-sainte-vierge-marie\\\/\"},\"wordCount\":3028,\"publisher\":{\"@id\":\"https:\\\/\\\/editionsbussiere.com\\\/blog\\\/#organization\"},\"image\":{\"@id\":\"https:\\\/\\\/editionsbussiere.com\\\/blog\\\/gozo-larche-de-la-citadelle-the-malta-independent-et-adresser-ses-prieres-a-la-sainte-vierge-marie\\\/#primaryimage\"},\"thumbnailUrl\":\"https:\\\/\\\/editionsbussiere.com\\\/blog\\\/wp-content\\\/uploads\\\/2024\\\/07\\\/Gozo-larche-de-la-Citadelle-The-Malta-Independent.aspx_.jpeg\",\"articleSection\":[\"Editions \u00c9sot\u00e9rique Fond\u00e9e En 1927; D\u00e9p\u00e8ches:\"],\"inLanguage\":\"fr-FR\"},{\"@type\":\"WebPage\",\"@id\":\"https:\\\/\\\/editionsbussiere.com\\\/blog\\\/gozo-larche-de-la-citadelle-the-malta-independent-et-adresser-ses-prieres-a-la-sainte-vierge-marie\\\/\",\"url\":\"https:\\\/\\\/editionsbussiere.com\\\/blog\\\/gozo-larche-de-la-citadelle-the-malta-independent-et-adresser-ses-prieres-a-la-sainte-vierge-marie\\\/\",\"name\":\"Gozo : l\u2019arche de la Citadelle \u2013 The Malta Independent et adresser ses pri\u00e8res \u00e0 la Sainte Vierge Marie. - EDITIONSBUSSIERE\",\"isPartOf\":{\"@id\":\"https:\\\/\\\/editionsbussiere.com\\\/blog\\\/#website\"},\"primaryImageOfPage\":{\"@id\":\"https:\\\/\\\/editionsbussiere.com\\\/blog\\\/gozo-larche-de-la-citadelle-the-malta-independent-et-adresser-ses-prieres-a-la-sainte-vierge-marie\\\/#primaryimage\"},\"image\":{\"@id\":\"https:\\\/\\\/editionsbussiere.com\\\/blog\\\/gozo-larche-de-la-citadelle-the-malta-independent-et-adresser-ses-prieres-a-la-sainte-vierge-marie\\\/#primaryimage\"},\"thumbnailUrl\":\"https:\\\/\\\/editionsbussiere.com\\\/blog\\\/wp-content\\\/uploads\\\/2024\\\/07\\\/Gozo-larche-de-la-Citadelle-The-Malta-Independent.aspx_.jpeg\",\"datePublished\":\"2024-07-21T10:16:18+00:00\",\"breadcrumb\":{\"@id\":\"https:\\\/\\\/editionsbussiere.com\\\/blog\\\/gozo-larche-de-la-citadelle-the-malta-independent-et-adresser-ses-prieres-a-la-sainte-vierge-marie\\\/#breadcrumb\"},\"inLanguage\":\"fr-FR\",\"potentialAction\":[{\"@type\":\"ReadAction\",\"target\":[\"https:\\\/\\\/editionsbussiere.com\\\/blog\\\/gozo-larche-de-la-citadelle-the-malta-independent-et-adresser-ses-prieres-a-la-sainte-vierge-marie\\\/\"]}]},{\"@type\":\"ImageObject\",\"inLanguage\":\"fr-FR\",\"@id\":\"https:\\\/\\\/editionsbussiere.com\\\/blog\\\/gozo-larche-de-la-citadelle-the-malta-independent-et-adresser-ses-prieres-a-la-sainte-vierge-marie\\\/#primaryimage\",\"url\":\"https:\\\/\\\/editionsbussiere.com\\\/blog\\\/wp-content\\\/uploads\\\/2024\\\/07\\\/Gozo-larche-de-la-Citadelle-The-Malta-Independent.aspx_.jpeg\",\"contentUrl\":\"https:\\\/\\\/editionsbussiere.com\\\/blog\\\/wp-content\\\/uploads\\\/2024\\\/07\\\/Gozo-larche-de-la-Citadelle-The-Malta-Independent.aspx_.jpeg\",\"width\":709,\"height\":411,\"caption\":\"Gozo larche de la Citadelle The Malta Independent.aspx\"},{\"@type\":\"BreadcrumbList\",\"@id\":\"https:\\\/\\\/editionsbussiere.com\\\/blog\\\/gozo-larche-de-la-citadelle-the-malta-independent-et-adresser-ses-prieres-a-la-sainte-vierge-marie\\\/#breadcrumb\",\"itemListElement\":[{\"@type\":\"ListItem\",\"position\":1,\"name\":\"Accueil\",\"item\":\"https:\\\/\\\/editionsbussiere.com\\\/blog\\\/\"},{\"@type\":\"ListItem\",\"position\":2,\"name\":\"Gozo : l\u2019arche de la Citadelle \u2013 The Malta Independent et adresser ses pri\u00e8res \u00e0 la Sainte Vierge Marie.\"}]},{\"@type\":\"WebSite\",\"@id\":\"https:\\\/\\\/editionsbussiere.com\\\/blog\\\/#website\",\"url\":\"https:\\\/\\\/editionsbussiere.com\\\/blog\\\/\",\"name\":\"EDITIONSBUSSIERE\",\"description\":\"Editions \u00e9sot\u00e9rique fond\u00e9e en 1927; site historique, A SAVOIR ET RETENIR.\",\"publisher\":{\"@id\":\"https:\\\/\\\/editionsbussiere.com\\\/blog\\\/#organization\"},\"potentialAction\":[{\"@type\":\"SearchAction\",\"target\":{\"@type\":\"EntryPoint\",\"urlTemplate\":\"https:\\\/\\\/editionsbussiere.com\\\/blog\\\/?s={search_term_string}\"},\"query-input\":{\"@type\":\"PropertyValueSpecification\",\"valueRequired\":true,\"valueName\":\"search_term_string\"}}],\"inLanguage\":\"fr-FR\"},{\"@type\":\"Organization\",\"@id\":\"https:\\\/\\\/editionsbussiere.com\\\/blog\\\/#organization\",\"name\":\"editionsbussiere\",\"url\":\"https:\\\/\\\/editionsbussiere.com\\\/blog\\\/\",\"logo\":{\"@type\":\"ImageObject\",\"inLanguage\":\"fr-FR\",\"@id\":\"https:\\\/\\\/editionsbussiere.com\\\/blog\\\/#\\\/schema\\\/logo\\\/image\\\/\",\"url\":\"https:\\\/\\\/editionsbussiere.com\\\/blog\\\/wp-content\\\/uploads\\\/2023\\\/09\\\/cropped-buss.gif\",\"contentUrl\":\"https:\\\/\\\/editionsbussiere.com\\\/blog\\\/wp-content\\\/uploads\\\/2023\\\/09\\\/cropped-buss.gif\",\"width\":298,\"height\":120,\"caption\":\"editionsbussiere\"},\"image\":{\"@id\":\"https:\\\/\\\/editionsbussiere.com\\\/blog\\\/#\\\/schema\\\/logo\\\/image\\\/\"}},{\"@type\":\"Person\",\"@id\":\"https:\\\/\\\/editionsbussiere.com\\\/blog\\\/#\\\/schema\\\/person\\\/ec90e102792148c97e46ab871010dd8f\",\"name\":\"Marie BATICLE\",\"image\":{\"@type\":\"ImageObject\",\"inLanguage\":\"fr-FR\",\"@id\":\"https:\\\/\\\/secure.gravatar.com\\\/avatar\\\/c923e52403b1b8137e2d929127211d21967e6aecaa053bd43b09da29f212e76e?s=96&d=mm&r=g\",\"url\":\"https:\\\/\\\/secure.gravatar.com\\\/avatar\\\/c923e52403b1b8137e2d929127211d21967e6aecaa053bd43b09da29f212e76e?s=96&d=mm&r=g\",\"contentUrl\":\"https:\\\/\\\/secure.gravatar.com\\\/avatar\\\/c923e52403b1b8137e2d929127211d21967e6aecaa053bd43b09da29f212e76e?s=96&d=mm&r=g\",\"caption\":\"Marie BATICLE\"},\"url\":\"https:\\\/\\\/editionsbussiere.com\\\/blog\\\/author\\\/eremarie\\\/\"}]}<\/script>\n<!-- \/ Yoast SEO plugin. -->","yoast_head_json":{"title":"Gozo : l\u2019arche de la Citadelle \u2013 The Malta Independent et adresser ses pri\u00e8res \u00e0 la Sainte Vierge Marie. - EDITIONSBUSSIERE","robots":{"index":"index","follow":"follow","max-snippet":"max-snippet:-1","max-image-preview":"max-image-preview:large","max-video-preview":"max-video-preview:-1"},"canonical":"https:\/\/editionsbussiere.com\/blog\/gozo-larche-de-la-citadelle-the-malta-independent-et-adresser-ses-prieres-a-la-sainte-vierge-marie\/","og_locale":"fr_FR","og_type":"article","og_title":"Gozo : l\u2019arche de la Citadelle \u2013 The Malta Independent et adresser ses pri\u00e8res \u00e0 la Sainte Vierge Marie. - EDITIONSBUSSIERE","og_description":"Emmanuel J. Galea Dimanche 21 juillet 2024, 08:27 Derni\u00e8re mise \u00e0 jour : il y a environ 1 jour La Citadelle, au centre de Gozo, est une petite ville fortifi\u00e9e sur une colline naturellement d\u00e9fendue surplombant la capitale de Gozo, Victoria (Rabat). Cet emplacement strat\u00e9gique \u00e9tait id\u00e9al pour les colonies antiques et servait de centre [&hellip;]","og_url":"https:\/\/editionsbussiere.com\/blog\/gozo-larche-de-la-citadelle-the-malta-independent-et-adresser-ses-prieres-a-la-sainte-vierge-marie\/","og_site_name":"EDITIONSBUSSIERE","article_published_time":"2024-07-21T10:16:18+00:00","og_image":[{"url":"https:\/\/editionsbussiere.com\/blog\/wp-content\/uploads\/2024\/07\/Gozo-larche-de-la-Citadelle-The-Malta-Independent.aspx_.jpeg","type":"","width":"","height":""}],"author":"Marie BATICLE","twitter_card":"summary_large_image","twitter_misc":{"\u00c9crit par":"Marie BATICLE","Dur\u00e9e de lecture estim\u00e9e":"15 minutes"},"schema":{"@context":"https:\/\/schema.org","@graph":[{"@type":"Article","@id":"https:\/\/editionsbussiere.com\/blog\/gozo-larche-de-la-citadelle-the-malta-independent-et-adresser-ses-prieres-a-la-sainte-vierge-marie\/#article","isPartOf":{"@id":"https:\/\/editionsbussiere.com\/blog\/gozo-larche-de-la-citadelle-the-malta-independent-et-adresser-ses-prieres-a-la-sainte-vierge-marie\/"},"author":{"name":"Marie BATICLE","@id":"https:\/\/editionsbussiere.com\/blog\/#\/schema\/person\/ec90e102792148c97e46ab871010dd8f"},"headline":"Gozo : l\u2019arche de la Citadelle \u2013 The Malta Independent et adresser ses pri\u00e8res \u00e0 la Sainte Vierge Marie.","datePublished":"2024-07-21T10:16:18+00:00","mainEntityOfPage":{"@id":"https:\/\/editionsbussiere.com\/blog\/gozo-larche-de-la-citadelle-the-malta-independent-et-adresser-ses-prieres-a-la-sainte-vierge-marie\/"},"wordCount":3028,"publisher":{"@id":"https:\/\/editionsbussiere.com\/blog\/#organization"},"image":{"@id":"https:\/\/editionsbussiere.com\/blog\/gozo-larche-de-la-citadelle-the-malta-independent-et-adresser-ses-prieres-a-la-sainte-vierge-marie\/#primaryimage"},"thumbnailUrl":"https:\/\/editionsbussiere.com\/blog\/wp-content\/uploads\/2024\/07\/Gozo-larche-de-la-Citadelle-The-Malta-Independent.aspx_.jpeg","articleSection":["Editions \u00c9sot\u00e9rique Fond\u00e9e En 1927; D\u00e9p\u00e8ches:"],"inLanguage":"fr-FR"},{"@type":"WebPage","@id":"https:\/\/editionsbussiere.com\/blog\/gozo-larche-de-la-citadelle-the-malta-independent-et-adresser-ses-prieres-a-la-sainte-vierge-marie\/","url":"https:\/\/editionsbussiere.com\/blog\/gozo-larche-de-la-citadelle-the-malta-independent-et-adresser-ses-prieres-a-la-sainte-vierge-marie\/","name":"Gozo : l\u2019arche de la Citadelle \u2013 The Malta Independent et adresser ses pri\u00e8res \u00e0 la Sainte Vierge Marie. - EDITIONSBUSSIERE","isPartOf":{"@id":"https:\/\/editionsbussiere.com\/blog\/#website"},"primaryImageOfPage":{"@id":"https:\/\/editionsbussiere.com\/blog\/gozo-larche-de-la-citadelle-the-malta-independent-et-adresser-ses-prieres-a-la-sainte-vierge-marie\/#primaryimage"},"image":{"@id":"https:\/\/editionsbussiere.com\/blog\/gozo-larche-de-la-citadelle-the-malta-independent-et-adresser-ses-prieres-a-la-sainte-vierge-marie\/#primaryimage"},"thumbnailUrl":"https:\/\/editionsbussiere.com\/blog\/wp-content\/uploads\/2024\/07\/Gozo-larche-de-la-Citadelle-The-Malta-Independent.aspx_.jpeg","datePublished":"2024-07-21T10:16:18+00:00","breadcrumb":{"@id":"https:\/\/editionsbussiere.com\/blog\/gozo-larche-de-la-citadelle-the-malta-independent-et-adresser-ses-prieres-a-la-sainte-vierge-marie\/#breadcrumb"},"inLanguage":"fr-FR","potentialAction":[{"@type":"ReadAction","target":["https:\/\/editionsbussiere.com\/blog\/gozo-larche-de-la-citadelle-the-malta-independent-et-adresser-ses-prieres-a-la-sainte-vierge-marie\/"]}]},{"@type":"ImageObject","inLanguage":"fr-FR","@id":"https:\/\/editionsbussiere.com\/blog\/gozo-larche-de-la-citadelle-the-malta-independent-et-adresser-ses-prieres-a-la-sainte-vierge-marie\/#primaryimage","url":"https:\/\/editionsbussiere.com\/blog\/wp-content\/uploads\/2024\/07\/Gozo-larche-de-la-Citadelle-The-Malta-Independent.aspx_.jpeg","contentUrl":"https:\/\/editionsbussiere.com\/blog\/wp-content\/uploads\/2024\/07\/Gozo-larche-de-la-Citadelle-The-Malta-Independent.aspx_.jpeg","width":709,"height":411,"caption":"Gozo larche de la Citadelle The Malta Independent.aspx"},{"@type":"BreadcrumbList","@id":"https:\/\/editionsbussiere.com\/blog\/gozo-larche-de-la-citadelle-the-malta-independent-et-adresser-ses-prieres-a-la-sainte-vierge-marie\/#breadcrumb","itemListElement":[{"@type":"ListItem","position":1,"name":"Accueil","item":"https:\/\/editionsbussiere.com\/blog\/"},{"@type":"ListItem","position":2,"name":"Gozo : l\u2019arche de la Citadelle \u2013 The Malta Independent et adresser ses pri\u00e8res \u00e0 la Sainte Vierge Marie."}]},{"@type":"WebSite","@id":"https:\/\/editionsbussiere.com\/blog\/#website","url":"https:\/\/editionsbussiere.com\/blog\/","name":"EDITIONSBUSSIERE","description":"Editions \u00e9sot\u00e9rique fond\u00e9e en 1927; site historique, A SAVOIR ET RETENIR.","publisher":{"@id":"https:\/\/editionsbussiere.com\/blog\/#organization"},"potentialAction":[{"@type":"SearchAction","target":{"@type":"EntryPoint","urlTemplate":"https:\/\/editionsbussiere.com\/blog\/?s={search_term_string}"},"query-input":{"@type":"PropertyValueSpecification","valueRequired":true,"valueName":"search_term_string"}}],"inLanguage":"fr-FR"},{"@type":"Organization","@id":"https:\/\/editionsbussiere.com\/blog\/#organization","name":"editionsbussiere","url":"https:\/\/editionsbussiere.com\/blog\/","logo":{"@type":"ImageObject","inLanguage":"fr-FR","@id":"https:\/\/editionsbussiere.com\/blog\/#\/schema\/logo\/image\/","url":"https:\/\/editionsbussiere.com\/blog\/wp-content\/uploads\/2023\/09\/cropped-buss.gif","contentUrl":"https:\/\/editionsbussiere.com\/blog\/wp-content\/uploads\/2023\/09\/cropped-buss.gif","width":298,"height":120,"caption":"editionsbussiere"},"image":{"@id":"https:\/\/editionsbussiere.com\/blog\/#\/schema\/logo\/image\/"}},{"@type":"Person","@id":"https:\/\/editionsbussiere.com\/blog\/#\/schema\/person\/ec90e102792148c97e46ab871010dd8f","name":"Marie BATICLE","image":{"@type":"ImageObject","inLanguage":"fr-FR","@id":"https:\/\/secure.gravatar.com\/avatar\/c923e52403b1b8137e2d929127211d21967e6aecaa053bd43b09da29f212e76e?s=96&d=mm&r=g","url":"https:\/\/secure.gravatar.com\/avatar\/c923e52403b1b8137e2d929127211d21967e6aecaa053bd43b09da29f212e76e?s=96&d=mm&r=g","contentUrl":"https:\/\/secure.gravatar.com\/avatar\/c923e52403b1b8137e2d929127211d21967e6aecaa053bd43b09da29f212e76e?s=96&d=mm&r=g","caption":"Marie BATICLE"},"url":"https:\/\/editionsbussiere.com\/blog\/author\/eremarie\/"}]}},"_links":{"self":[{"href":"https:\/\/editionsbussiere.com\/blog\/wp-json\/wp\/v2\/posts\/1002","targetHints":{"allow":["GET"]}}],"collection":[{"href":"https:\/\/editionsbussiere.com\/blog\/wp-json\/wp\/v2\/posts"}],"about":[{"href":"https:\/\/editionsbussiere.com\/blog\/wp-json\/wp\/v2\/types\/post"}],"author":[{"embeddable":true,"href":"https:\/\/editionsbussiere.com\/blog\/wp-json\/wp\/v2\/users\/3"}],"replies":[{"embeddable":true,"href":"https:\/\/editionsbussiere.com\/blog\/wp-json\/wp\/v2\/comments?post=1002"}],"version-history":[{"count":0,"href":"https:\/\/editionsbussiere.com\/blog\/wp-json\/wp\/v2\/posts\/1002\/revisions"}],"wp:featuredmedia":[{"embeddable":true,"href":"https:\/\/editionsbussiere.com\/blog\/wp-json\/wp\/v2\/media\/1003"}],"wp:attachment":[{"href":"https:\/\/editionsbussiere.com\/blog\/wp-json\/wp\/v2\/media?parent=1002"}],"wp:term":[{"taxonomy":"category","embeddable":true,"href":"https:\/\/editionsbussiere.com\/blog\/wp-json\/wp\/v2\/categories?post=1002"},{"taxonomy":"post_tag","embeddable":true,"href":"https:\/\/editionsbussiere.com\/blog\/wp-json\/wp\/v2\/tags?post=1002"}],"curies":[{"name":"wp","href":"https:\/\/api.w.org\/{rel}","templated":true}]}}